{"id":1216,"date":"2025-09-01T20:07:20","date_gmt":"2025-09-01T18:07:20","guid":{"rendered":"https:\/\/elfuerte.cl\/web\/?p=1216"},"modified":"2025-10-27T09:57:20","modified_gmt":"2025-10-27T08:57:20","slug":"pesca-para-los-que-pescan-el-anhelo-de-anos-parece-menos-lejano-2","status":"publish","type":"post","link":"https:\/\/elfuerte.cl\/web\/2025\/09\/01\/pesca-para-los-que-pescan-el-anhelo-de-anos-parece-menos-lejano-2\/","title":{"rendered":"Pesca para los que pescan: el anhelo de a\u00f1os parece menos lejano"},"content":{"rendered":"\t\t<div data-elementor-type=\"wp-post\" data-elementor-id=\"1216\" class=\"elementor elementor-1216\">\n\t\t\t\t\t\t<section class=\"elementor-section elementor-top-section elementor-element elementor-element-464cea7 elementor-section-boxed elementor-section-height-default elementor-section-height-default\" data-id=\"464cea7\" data-element_type=\"section\">\r\n\t\t\t\t\t\t<div class=\"elementor-container elementor-column-gap-thegem\"><div class=\"elementor-row\">\r\n\t\t\t\t\t<div class=\"elementor-column elementor-col-66 elementor-top-column elementor-element elementor-element-2f44c54\" data-id=\"2f44c54\" data-element_type=\"column\">\n\t\t\t<div class=\"elementor-widget-wrap elementor-element-populated\">\n\t\t\t\t\t\t<div class=\"elementor-element elementor-element-ab386a6 flex-horizontal-align-default flex-horizontal-align-tablet-default flex-horizontal-align-mobile-default flex-vertical-align-default flex-vertical-align-tablet-default flex-vertical-align-mobile-default elementor-widget elementor-widget-heading\" data-id=\"ab386a6\" data-element_type=\"widget\" data-widget_type=\"heading.default\">\n\t\t\t\t\t<div class=\"title-h1 elementor-heading-title elementor-size-default\">Pesca para los que pescan: el anhelo de a\u00f1os parece menos lejano<\/div>\t\t\t\t<\/div>\n\t\t\t\t<div class=\"elementor-element elementor-element-8427bf3 flex-horizontal-align-default flex-horizontal-align-tablet-default flex-horizontal-align-mobile-default flex-vertical-align-default flex-vertical-align-tablet-default flex-vertical-align-mobile-default elementor-widget elementor-widget-text-editor\" data-id=\"8427bf3\" data-element_type=\"widget\" data-widget_type=\"text-editor.default\">\n\t\t\t\t\t\t\t\t\t\t\t\t<div class=\"elementor-text-editor elementor-clearfix\">\r\n\t\t\t\t\t\t<p align=\"justify\"><span style=\"font-size: large;\">Francisco Silva repas\u00f3 una y otra vez el discurso que deb\u00eda ante el Presidente de la Rep\u00fablica, ministros, parlamentarios, subsecretarios y decenas de pescadores que se congregaron para la promulgaci\u00f3n de la nueva Ley de Fraccionamiento de las pesquer\u00edas de Chile. Por su mente pasaron las im\u00e1genes de su abuelo Zen\u00f3n y de su padre Gregorio, a quien persegu\u00eda desde los cinco a\u00f1os hacia el muelle de Lo Rojas, en Coronel, para verlo zarpar. A quien acompa\u00f1aba en las faenas pesqueras mientras escuchaba las historias de los \u00abviejos\u00bb de la caleta, vividas en m\u00faltiples puertos, desde Arica al extremo sur.<\/span><\/p><p align=\"justify\"><span style=\"font-size: large;\">Mientras le\u00eda, nervioso y expectante, su mensaje, record\u00f3 mil an\u00e9cdotas: que se arrancaba despu\u00e9s del colegio al muelle de Lo Rojas y que aprendi\u00f3 a maniobrar un buque a los 15 a\u00f1os y a los 16 ya ten\u00eda su permiso de pescador artesanal&#8230;<\/span><\/p><p align=\"justify\"><span style=\"font-size: large;\">Record\u00f3 tambi\u00e9n que desde ah\u00ed en adelante la sal que lleva en las venas fue lo que sell\u00f3 su futuro laboral y su forma de abordar la existencia y subsistencia.<\/span><\/p><p align=\"justify\"><span style=\"font-size: large;\">\u00abMi pap\u00e1 me retaba para que me fuera a la casa, pero yo volv\u00eda una y otra vez a la caleta y en las vacaciones volv\u00eda la jornada completa al muelle Lo Rojas\u00bb, rememora.<\/span><\/p><p align=\"justify\"><span style=\"font-size: large;\">Y cuando fue evidente que el mar era lo suyo quiso pedir un permiso de pesca, pero era menor de edad. No obstante, era tal su experiencia, a pesar de sus breves a\u00f1os, y su deseo de ser pescador que su viejo firm\u00f3 la autorizaci\u00f3n para que obtuviera su permiso de pescador y se embarcara a los 16 a\u00f1os.<\/span><\/p>\t\t\t\t\t\t\t<\/div>\r\n\t\t\t\t\t\t\t\t\t\t<\/div>\n\t\t\t\t<div class=\"elementor-element elementor-element-4c6357a flex-horizontal-align-default flex-horizontal-align-tablet-default flex-horizontal-align-mobile-default flex-vertical-align-default flex-vertical-align-tablet-default flex-vertical-align-mobile-default elementor-widget elementor-widget-image-gallery\" data-id=\"4c6357a\" data-element_type=\"widget\" data-widget_type=\"image-gallery.default\">\n\t\t\t\t\t\t\t<div class=\"elementor-image-gallery\">\n\t\t\t\n<a data-elementor-open-lightbox=\"yes\" data-elementor-lightbox-slideshow=\"4c6357a\" data-elementor-lightbox-title=\"actualidad1\" data-e-action-hash=\"#elementor-action%3Aaction%3Dlightbox%26settings%3DeyJpZCI6MTI0MCwidXJsIjoiaHR0cHM6XC9cL2VsZnVlcnRlLmNsXC93ZWJcL3dwLWNvbnRlbnRcL3VwbG9hZHNcLzIwMjVcLzA5XC9hY3R1YWxpZGFkMS5qcGciLCJzbGlkZXNob3ciOiI0YzYzNTdhIn0%3D\" href='https:\/\/elfuerte.cl\/web\/wp-content\/uploads\/2025\/09\/actualidad1.jpg'><img width=\"150\" height=\"150\" src=\"https:\/\/elfuerte.cl\/web\/wp-content\/uploads\/2025\/09\/actualidad1-150x150.jpg\" class=\"attachment-thumbnail size-thumbnail\" alt=\"\" srcset=\"https:\/\/elfuerte.cl\/web\/wp-content\/uploads\/2025\/09\/actualidad1-150x150.jpg 150w, https:\/\/elfuerte.cl\/web\/wp-content\/uploads\/2025\/09\/actualidad1-256x256.jpg 256w\" sizes=\"(max-width: 150px) 100vw, 150px\" \/><\/a>\n<a data-elementor-open-lightbox=\"yes\" data-elementor-lightbox-slideshow=\"4c6357a\" data-elementor-lightbox-title=\"caleta LO ROJAS 33\" data-e-action-hash=\"#elementor-action%3Aaction%3Dlightbox%26settings%3DeyJpZCI6MTI0NCwidXJsIjoiaHR0cHM6XC9cL2VsZnVlcnRlLmNsXC93ZWJcL3dwLWNvbnRlbnRcL3VwbG9hZHNcLzIwMjVcLzA5XC9jYWxldGEtTE8tUk9KQVMtMzMuanBlZyIsInNsaWRlc2hvdyI6IjRjNjM1N2EifQ%3D%3D\" href='https:\/\/elfuerte.cl\/web\/wp-content\/uploads\/2025\/09\/caleta-LO-ROJAS-33.jpeg'><img width=\"150\" height=\"150\" src=\"https:\/\/elfuerte.cl\/web\/wp-content\/uploads\/2025\/09\/caleta-LO-ROJAS-33-150x150.jpeg\" class=\"attachment-thumbnail size-thumbnail\" alt=\"\" srcset=\"https:\/\/elfuerte.cl\/web\/wp-content\/uploads\/2025\/09\/caleta-LO-ROJAS-33-150x150.jpeg 150w, https:\/\/elfuerte.cl\/web\/wp-content\/uploads\/2025\/09\/caleta-LO-ROJAS-33-256x256.jpeg 256w\" sizes=\"(max-width: 150px) 100vw, 150px\" \/><\/a>\n<a data-elementor-open-lightbox=\"yes\" data-elementor-lightbox-slideshow=\"4c6357a\" data-elementor-lightbox-title=\"caleta4\" data-e-action-hash=\"#elementor-action%3Aaction%3Dlightbox%26settings%3DeyJpZCI6MTI0NiwidXJsIjoiaHR0cHM6XC9cL2VsZnVlcnRlLmNsXC93ZWJcL3dwLWNvbnRlbnRcL3VwbG9hZHNcLzIwMjVcLzA5XC9jYWxldGE0LmpwZyIsInNsaWRlc2hvdyI6IjRjNjM1N2EifQ%3D%3D\" href='https:\/\/elfuerte.cl\/web\/wp-content\/uploads\/2025\/09\/caleta4.jpg'><img width=\"150\" height=\"150\" src=\"https:\/\/elfuerte.cl\/web\/wp-content\/uploads\/2025\/09\/caleta4-150x150.jpg\" class=\"attachment-thumbnail size-thumbnail\" alt=\"\" srcset=\"https:\/\/elfuerte.cl\/web\/wp-content\/uploads\/2025\/09\/caleta4-150x150.jpg 150w, https:\/\/elfuerte.cl\/web\/wp-content\/uploads\/2025\/09\/caleta4-256x256.jpg 256w\" sizes=\"(max-width: 150px) 100vw, 150px\" \/><\/a>\n<a data-elementor-open-lightbox=\"yes\" data-elementor-lightbox-slideshow=\"4c6357a\" data-elementor-lightbox-title=\"caleta77\" data-e-action-hash=\"#elementor-action%3Aaction%3Dlightbox%26settings%3DeyJpZCI6MTI0NywidXJsIjoiaHR0cHM6XC9cL2VsZnVlcnRlLmNsXC93ZWJcL3dwLWNvbnRlbnRcL3VwbG9hZHNcLzIwMjVcLzA5XC9jYWxldGE3Ny5qcGciLCJzbGlkZXNob3ciOiI0YzYzNTdhIn0%3D\" href='https:\/\/elfuerte.cl\/web\/wp-content\/uploads\/2025\/09\/caleta77.jpg'><img width=\"150\" height=\"150\" src=\"https:\/\/elfuerte.cl\/web\/wp-content\/uploads\/2025\/09\/caleta77-150x150.jpg\" class=\"attachment-thumbnail size-thumbnail\" alt=\"\" srcset=\"https:\/\/elfuerte.cl\/web\/wp-content\/uploads\/2025\/09\/caleta77-150x150.jpg 150w, https:\/\/elfuerte.cl\/web\/wp-content\/uploads\/2025\/09\/caleta77-300x298.jpg 300w, https:\/\/elfuerte.cl\/web\/wp-content\/uploads\/2025\/09\/caleta77-1024x1016.jpg 1024w, https:\/\/elfuerte.cl\/web\/wp-content\/uploads\/2025\/09\/caleta77-768x762.jpg 768w, https:\/\/elfuerte.cl\/web\/wp-content\/uploads\/2025\/09\/caleta77-256x256.jpg 256w, https:\/\/elfuerte.cl\/web\/wp-content\/uploads\/2025\/09\/caleta77.jpg 1080w\" sizes=\"(max-width: 150px) 100vw, 150px\" \/><\/a>\n<a data-elementor-open-lightbox=\"yes\" data-elementor-lightbox-slideshow=\"4c6357a\" data-elementor-lightbox-title=\"dISCURSO fRANCISCO33\" data-e-action-hash=\"#elementor-action%3Aaction%3Dlightbox%26settings%3DeyJpZCI6MTI0OCwidXJsIjoiaHR0cHM6XC9cL2VsZnVlcnRlLmNsXC93ZWJcL3dwLWNvbnRlbnRcL3VwbG9hZHNcLzIwMjVcLzA5XC9kSVNDVVJTTy1mUkFOQ0lTQ08zMy5qcGciLCJzbGlkZXNob3ciOiI0YzYzNTdhIn0%3D\" href='https:\/\/elfuerte.cl\/web\/wp-content\/uploads\/2025\/09\/dISCURSO-fRANCISCO33.jpg'><img width=\"150\" height=\"150\" src=\"https:\/\/elfuerte.cl\/web\/wp-content\/uploads\/2025\/09\/dISCURSO-fRANCISCO33-150x150.jpg\" class=\"attachment-thumbnail size-thumbnail\" alt=\"\" srcset=\"https:\/\/elfuerte.cl\/web\/wp-content\/uploads\/2025\/09\/dISCURSO-fRANCISCO33-150x150.jpg 150w, https:\/\/elfuerte.cl\/web\/wp-content\/uploads\/2025\/09\/dISCURSO-fRANCISCO33-256x256.jpg 256w\" sizes=\"(max-width: 150px) 100vw, 150px\" \/><\/a>\n<a data-elementor-open-lightbox=\"yes\" data-elementor-lightbox-slideshow=\"4c6357a\" data-elementor-lightbox-title=\"FranciscoSilva en su barco2\" data-e-action-hash=\"#elementor-action%3Aaction%3Dlightbox%26settings%3DeyJpZCI6MTI0OSwidXJsIjoiaHR0cHM6XC9cL2VsZnVlcnRlLmNsXC93ZWJcL3dwLWNvbnRlbnRcL3VwbG9hZHNcLzIwMjVcLzA5XC9GcmFuY2lzY29TaWx2YS1lbi1zdS1iYXJjbzIuanBnIiwic2xpZGVzaG93IjoiNGM2MzU3YSJ9\" href='https:\/\/elfuerte.cl\/web\/wp-content\/uploads\/2025\/09\/FranciscoSilva-en-su-barco2.jpg'><img width=\"150\" height=\"150\" src=\"https:\/\/elfuerte.cl\/web\/wp-content\/uploads\/2025\/09\/FranciscoSilva-en-su-barco2-150x150.jpg\" class=\"attachment-thumbnail size-thumbnail\" alt=\"\" srcset=\"https:\/\/elfuerte.cl\/web\/wp-content\/uploads\/2025\/09\/FranciscoSilva-en-su-barco2-150x150.jpg 150w, https:\/\/elfuerte.cl\/web\/wp-content\/uploads\/2025\/09\/FranciscoSilva-en-su-barco2-256x256.jpg 256w\" sizes=\"(max-width: 150px) 100vw, 150px\" \/><\/a>\n<a data-elementor-open-lightbox=\"yes\" data-elementor-lightbox-slideshow=\"4c6357a\" data-elementor-lightbox-title=\"Moneda1\" data-e-action-hash=\"#elementor-action%3Aaction%3Dlightbox%26settings%3DeyJpZCI6MTI1MCwidXJsIjoiaHR0cHM6XC9cL2VsZnVlcnRlLmNsXC93ZWJcL3dwLWNvbnRlbnRcL3VwbG9hZHNcLzIwMjVcLzA5XC9Nb25lZGExLmpwZyIsInNsaWRlc2hvdyI6IjRjNjM1N2EifQ%3D%3D\" href='https:\/\/elfuerte.cl\/web\/wp-content\/uploads\/2025\/09\/Moneda1.jpg'><img width=\"150\" height=\"150\" src=\"https:\/\/elfuerte.cl\/web\/wp-content\/uploads\/2025\/09\/Moneda1-150x150.jpg\" class=\"attachment-thumbnail size-thumbnail\" alt=\"\" srcset=\"https:\/\/elfuerte.cl\/web\/wp-content\/uploads\/2025\/09\/Moneda1-150x150.jpg 150w, https:\/\/elfuerte.cl\/web\/wp-content\/uploads\/2025\/09\/Moneda1-256x256.jpg 256w\" sizes=\"(max-width: 150px) 100vw, 150px\" \/><\/a>\n<a data-elementor-open-lightbox=\"yes\" data-elementor-lightbox-slideshow=\"4c6357a\" data-elementor-lightbox-title=\"pesca artesanal Caleta Lo Rojas\" data-e-action-hash=\"#elementor-action%3Aaction%3Dlightbox%26settings%3DeyJpZCI6MTI1MSwidXJsIjoiaHR0cHM6XC9cL2VsZnVlcnRlLmNsXC93ZWJcL3dwLWNvbnRlbnRcL3VwbG9hZHNcLzIwMjVcLzA5XC9wZXNjYS1hcnRlc2FuYWwtQ2FsZXRhLUxvLVJvamFzLmpwZWciLCJzbGlkZXNob3ciOiI0YzYzNTdhIn0%3D\" href='https:\/\/elfuerte.cl\/web\/wp-content\/uploads\/2025\/09\/pesca-artesanal-Caleta-Lo-Rojas.jpeg'><img width=\"150\" height=\"150\" src=\"https:\/\/elfuerte.cl\/web\/wp-content\/uploads\/2025\/09\/pesca-artesanal-Caleta-Lo-Rojas-150x150.jpeg\" class=\"attachment-thumbnail size-thumbnail\" alt=\"\" srcset=\"https:\/\/elfuerte.cl\/web\/wp-content\/uploads\/2025\/09\/pesca-artesanal-Caleta-Lo-Rojas-150x150.jpeg 150w, https:\/\/elfuerte.cl\/web\/wp-content\/uploads\/2025\/09\/pesca-artesanal-Caleta-Lo-Rojas-256x256.jpeg 256w\" sizes=\"(max-width: 150px) 100vw, 150px\" \/><\/a>\n\t\t<\/div>\n\t\t\t\t\t\t<\/div>\n\t\t\t\t<div class=\"elementor-element elementor-element-9d58250 flex-horizontal-align-default flex-horizontal-align-tablet-default flex-horizontal-align-mobile-default flex-vertical-align-default flex-vertical-align-tablet-default flex-vertical-align-mobile-default elementor-widget elementor-widget-text-editor\" data-id=\"9d58250\" data-element_type=\"widget\" data-widget_type=\"text-editor.default\">\n\t\t\t\t\t\t\t\t\t\t\t\t<div class=\"elementor-text-editor elementor-clearfix\">\r\n\t\t\t\t\t\t<p align=\"justify\"><span style=\"font-size: large;\">Qu\u00e9 orgullosos estar\u00edan hoy el \u201cpato Zen\u00f3n\u201d, su abuelo, y Gregorio, su padre, reflexiona. No porque sea el actual Presidente de la Asociaci\u00f3n Gremial de Pescadores Artesanales de Coronel, que agrupa a m\u00e1s de 260 pescadores, ni porque haya hablado, en su representaci\u00f3n, en La Moneda.<\/span><\/p><p align=\"justify\"><span style=\"font-size: large;\">Sino porque ha puesto en pr\u00e1ctica lo que aprendi\u00f3 de ellos y despu\u00e9s de 20 a\u00f1os de faenas pesqueras, sabe que cada tarea es necesaria para llegar a puerto, con una buena pesca para \u00e9l, su tripulaci\u00f3n y sus familias.<\/span><\/p><p align=\"justify\"><span style=\"font-size: large;\">Porque esta actividad es cruenta y ambivalente. Porque al zarpar no hay ninguna certeza. Ni siquiera de regresar bien al muelle. Y la tragedia ocurrida con los siete pescadores de Constituci\u00f3n, tripulantes del barco Bruma, fue un brutal recordatorio de la precariedad que acecha a los artesanales en cada zarpe.<\/span><\/p><p align=\"justify\"><span style=\"font-size: large;\">Porque, como casi todos los que llevan d\u00e9cadas en estas faenas, Francisco Silva ha sido panguero, tripulante, motorista, flota y tambi\u00e9n patr\u00f3n de pesca, pues cuando falleci\u00f3 su padre, pas\u00f3 a ser armador y se hizo cargo del \u201cFrancisco Javier\u201d, la embarcaci\u00f3n de su familia. <\/span><\/p><p align=\"justify\"><span style=\"font-size: large;\">Pero a diferencia de muchos pescadores, Francisco opt\u00f3 por la pesca. Fue su elecci\u00f3n. Tuvo otras oportunidades y a los 18 a\u00f1os se fue a estudiar ingenier\u00eda el\u00e9ctrica, pero el mar era inolvidable y volvi\u00f3, dejando, como aprendizaje, tres a\u00f1os de estudios superiores. Volvi\u00f3 a lo que es su pasi\u00f3n, su tradici\u00f3n familiar y su forma de vida.<\/span><\/p><p align=\"justify\"><span style=\"font-size: large;\">Porque no se trata solo de saber maniobrar un buque, no se trata solo de hacerse cargo de la tripulaci\u00f3n del barco de su padre ni de mantener las cuotas de las pesquer\u00edas que hered\u00f3. <\/span><\/p><p align=\"justify\"><span style=\"font-size: large;\">Se trata de hacer algo que le d\u00e9 sentido a la vida y los viejos lobos y lobas de mar saben eso. Saben de sacrificio y solidaridad ante las tragedias, los malos climas, la escasez de los recursos o malas leyes como la que sufrieron con la denominada \u201cLey Longueira\u201d, que entreg\u00f3 los recursos marinos a un grupo privilegiado de familias.<\/span><\/p><p align=\"justify\"><span style=\"font-size: large;\">Francisco y los pescadores de Caleta Lo Rojas saben que todos son necesarios para la operatividad y proyecci\u00f3n de la actividad artesanal. Que las recolectoras de orilla, las charqueadoras, los mariscadores, los fileteadores y envasadores suman, que cada persona que vive directa o indirectamente de la pesca tiene una funci\u00f3n en la faena diaria y tambi\u00e9n en el prop\u00f3sito de darle sostenibilidad y trascendencia a esta actividad que re\u00fane a m\u00e1s de cinco mil pescadores artesanales de Lo Rojas y m\u00e1s de 140.000 en todo el pa\u00eds. <\/span><\/p><p align=\"justify\"><span style=\"font-size: large;\">En ese contexto, la faceta gremial de Francisco no es sorpresa. Su padre Gregorio toda su vida fue dirigente de los pescadores de la Caleta y fue uno de los socios fundadores de la Asociaci\u00f3n Gremial que, 43 a\u00f1os m\u00e1s tarde, preside \u00e9l. <\/span><\/p><p align=\"justify\"><span style=\"font-size: large;\">Porque representar los intereses de la Caleta es continuar la herencia familiar, tratando de mejorar las condiciones de trabajo de las embarcaciones y demandando ante las autoridades sectoriales una legislaci\u00f3n m\u00e1s justa para las faenas artesanales. <\/span><\/p><p align=\"justify\">\u201c<span style=\"font-size: large;\">Me levantaba y acostaba escuchando a mi pap\u00e1, lo acompa\u00f1\u00e9 en las movilizaciones sociales que se dieron en la Caleta, en las reuniones y en las calles y as\u00ed se fue dando este camino que era casi inevitable\u201d, reflexiona.<\/span><\/p><p align=\"justify\"><span style=\"font-size: large;\">Y despu\u00e9s de a\u00f1os de reclamos, de protestas, en las calles y en el Parlamento, pudieron ver la promulgaci\u00f3n de una Ley que su abuelo Zen\u00f3n ni siquiera imagin\u00f3, porque muri\u00f3 sin que existiera una legislaci\u00f3n que regulara la actividad pesquera. <\/span><\/p><p align=\"justify\"><span style=\"font-size: large;\">Despu\u00e9s de a\u00f1os de tramitaci\u00f3n, de lobbys, de retrocesos y de acuerdos, hay una ley de Fraccionamiento que pone algo de equidad en la repartici\u00f3n de cuotas de las pesquer\u00edas y abord\u00f3 el coraz\u00f3n de la Ley General de Pesca, cuya modificaci\u00f3n a\u00fan se tramita en el Congreso.<\/span><\/p><p align=\"justify\"><span style=\"font-size: large;\">Un avance medido, sin dudas, que deja demandas pendientes, pero un avance al fin, fruto de horas en el Congreso, de conversaciones duras con algunos parlamentarios y mucha paciencia de los pescadores artesanales de todo el pa\u00eds.<\/span><\/p><p align=\"justify\"><span style=\"font-size: large;\">\u00bfQu\u00e9 pensar\u00eda mi abuelo si me viera hoy? \u00bfqu\u00e9 dir\u00eda mi padre? Se pregunt\u00f3 Francisco, al terminar su saludo a las autoridades nacionales convocadas en La Moneda. <\/span><\/p><p align=\"justify\"><span style=\"font-size: large;\">Sin dudas, estar\u00edan contentos los viejos, porque hoy las cuotas de captura son un poquito m\u00e1s equitativas y sus nietos no tendr\u00e1n que distribuir solo miseria. <\/span><\/p><p align=\"justify\"><span style=\"font-size: large;\">\u00abLos peces no saben de l\u00edmites, ni de regiones, ni de cuotas o sanciones\u00bb dec\u00edan los antiguos dirigentes de los pescadores y lo repet\u00edan, como un mantra, el padre y abuelo de Francisco. Pero, sin dudas, esos lobos de mar, con cientos de penurias y dolores a cuestas, estar\u00edan felices porque hoy d\u00eda, un poquito m\u00e1s, el mar es para los que pescan.<\/span><\/p>\t\t\t\t\t\t\t<\/div>\r\n\t\t\t\t\t\t\t\t\t\t<\/div>\n\t\t\t\t<div class=\"elementor-element elementor-element-5ac3e4a flex-horizontal-align-default flex-horizontal-align-tablet-default flex-horizontal-align-mobile-default flex-vertical-align-default flex-vertical-align-tablet-default flex-vertical-align-mobile-default elementor-widget elementor-widget-thegem-styledimage\" data-id=\"5ac3e4a\" data-element_type=\"widget\" data-settings=\"{&quot;thegem_elementor_preset&quot;:&quot;style-2&quot;,&quot;image&quot;:{&quot;url&quot;:&quot;https:\\\/\\\/elfuerte.cl\\\/web\\\/wp-content\\\/uploads\\\/2025\\\/09\\\/banneref1.jpg&quot;,&quot;id&quot;:1275,&quot;size&quot;:&quot;&quot;,&quot;alt&quot;:&quot;&quot;,&quot;source&quot;:&quot;library&quot;},&quot;image_position&quot;:&quot;left&quot;}\" data-widget_type=\"thegem-styledimage.default\">\n\t\t\t\t<div class=\"elementor-widget-container\">\n\t\t\t\t\t\n<div class=\"styled-image-wrapper\">\n\t\t\t<div class=\"gem-image gem-wrapbox gem-wrapbox-style-2 gem-wrapbox-position-left lazy-loading \">\n\t\t\t<div class=\"gem-wrapbox-inner  lazy-loading-item\"  data-ll-effect=\"move-up\">\n\t\t\t\t\t\t\t\t<a href=\"#\">\n\t\t\t\t\t\t\t\t\t\t<img class=\"gem-wrapbox-element img-responsive \"\n\t\t\t\t\t\t src=\"https:\/\/elfuerte.cl\/web\/wp-content\/uploads\/2025\/09\/banneref1.jpg\"\n\t\t\t\t\t\t alt=\"banneref1\">\n\t\t\t\t\t\t\t\t\t\t\t\t\t\t<\/a>\n\t\t\t\t\t\t<\/div>\n\t\t<\/div>\n\t\t<\/div>\n\n\n\t\n\t\t\t\t\t\t<\/div>\n\t\t\t\t<\/div>\n\t\t\t\t\t<\/div>\n\t\t<\/div>\n\t\t\t\t<div class=\"elementor-column elementor-col-33 elementor-top-column elementor-element elementor-element-dfac7b7\" data-id=\"dfac7b7\" data-element_type=\"column\">\n\t\t\t<div class=\"elementor-widget-wrap elementor-element-populated\">\n\t\t\t\t\t\t<div class=\"elementor-element elementor-element-af7077d flex-horizontal-align-default flex-horizontal-align-tablet-default flex-horizontal-align-mobile-default flex-vertical-align-default flex-vertical-align-tablet-default flex-vertical-align-mobile-default elementor-widget elementor-widget-sidebar\" data-id=\"af7077d\" data-element_type=\"widget\" data-settings=\"{&quot;thegem_custom_css&quot;:&quot;.gem-pp-posts-image {\\r\\n    width: 72px;\\r\\n}\\r\\n.gem-pp-posts-image img {\\r\\n    border-radius: 50%;\\r\\n}\\r\\nselector h4 {\\r\\n    padding-top: 40px;\\r\\n}&quot;}\" data-widget_type=\"sidebar.default\">\n\t\t\t\t\t<aside id=\"media_image-3\" class=\"widget widget_media_image\"><img width=\"750\" height=\"750\" src=\"https:\/\/elfuerte.cl\/web\/wp-content\/uploads\/2025\/10\/bannerrojook.jpg\" class=\"image wp-image-1681  attachment-full size-full\" alt=\"\" style=\"max-width: 100%; height: auto;\" title=\"Banner\" srcset=\"https:\/\/elfuerte.cl\/web\/wp-content\/uploads\/2025\/10\/bannerrojook.jpg 750w, https:\/\/elfuerte.cl\/web\/wp-content\/uploads\/2025\/10\/bannerrojook-300x300.jpg 300w, https:\/\/elfuerte.cl\/web\/wp-content\/uploads\/2025\/10\/bannerrojook-150x150.jpg 150w, https:\/\/elfuerte.cl\/web\/wp-content\/uploads\/2025\/10\/bannerrojook-256x256.jpg 256w\" sizes=\"(max-width: 750px) 100vw, 750px\" \/><\/aside><aside id=\"categories-2\" class=\"widget widget_categories\"><h4 class=\"widget-title\">Secciones<\/h4>\n\t\t\t<ul>\n\t\t\t\t\t<li class=\"cat-item cat-item-21\"><a href=\"https:\/\/elfuerte.cl\/web\/category\/actualidad\/\" title=\"View all posts filed under Actualidad\">Actualidad<\/a>\n<\/li>\n\t<li class=\"cat-item cat-item-100\"><a href=\"https:\/\/elfuerte.cl\/web\/category\/destacados\/\" title=\"View all posts filed under Destacados\">Destacados<\/a>\n<\/li>\n\t<li class=\"cat-item cat-item-101\"><a href=\"https:\/\/elfuerte.cl\/web\/category\/region-ludica\/\" title=\"View all posts filed under Regi\u00f3n L\u00fadica\">Regi\u00f3n L\u00fadica<\/a>\n<\/li>\n\t<li class=\"cat-item cat-item-157\"><a href=\"https:\/\/elfuerte.cl\/web\/category\/sala-de-redaccion\/\" title=\"View all posts filed under Sala de Redacci\u00f3n\">Sala de Redacci\u00f3n<\/a>\n<\/li>\n\t\t\t<\/ul>\n\n\t\t\t<\/aside><aside id=\"custom_popular_posts-2\" class=\"widget Custom_Popular_Posts\"><h4 class=\"widget-title\">Populares<\/h4><ul class=\"posts  styled\"><li class=\"clearfix gem-pp-posts\"><div class=\"gem-pp-posts-image\"><a href=\"https:\/\/elfuerte.cl\/web\/2026\/04\/27\/intercambio-de-semillas-y-experiencias-conecta-comunidades-del-pais-en-torno-a-la-restauracion-del-bosque-nativo-en-los-rios\/\"><img src=\"https:\/\/elfuerte.cl\/web\/wp-content\/uploads\/2026\/04\/portada-2026-04-27T102238.493-thegem-post-thumb-large.jpg\" srcset=\"https:\/\/elfuerte.cl\/web\/wp-content\/uploads\/2026\/04\/portada-2026-04-27T102238.493-thegem-post-thumb-small.jpg 1x, https:\/\/elfuerte.cl\/web\/wp-content\/uploads\/2026\/04\/portada-2026-04-27T102238.493-thegem-post-thumb-large.jpg 2x\" alt=\"\"\/><\/a><\/div><div class=\"gem-pp-posts-text\"> <div class=\"gem-pp-posts-item\"><a href=\"https:\/\/elfuerte.cl\/web\/2026\/04\/27\/intercambio-de-semillas-y-experiencias-conecta-comunidades-del-pais-en-torno-a-la-restauracion-del-bosque-nativo-en-los-rios\/\">Intercambio de semillas y experiencias conecta comunidades del pa\u00eds en torno a la restauraci\u00f3n del bosque nativo en Los R\u00edos<\/a><\/div><div class=\"gem-pp-posts-date\">27\/04\/2026<\/div><\/div><\/li><li class=\"clearfix gem-pp-posts\"><div class=\"gem-pp-posts-image\"><a href=\"https:\/\/elfuerte.cl\/web\/2025\/10\/11\/recuperar-una-casa-y-un-icono-de-la-historia-lotina\/\"><img src=\"https:\/\/elfuerte.cl\/web\/wp-content\/uploads\/2025\/10\/actualidad003-copia-thegem-post-thumb-large.jpg\" srcset=\"https:\/\/elfuerte.cl\/web\/wp-content\/uploads\/2025\/10\/actualidad003-copia-thegem-post-thumb-small.jpg 1x, https:\/\/elfuerte.cl\/web\/wp-content\/uploads\/2025\/10\/actualidad003-copia-thegem-post-thumb-large.jpg 2x\" alt=\"\"\/><\/a><\/div><div class=\"gem-pp-posts-text\"> <div class=\"gem-pp-posts-item\"><a href=\"https:\/\/elfuerte.cl\/web\/2025\/10\/11\/recuperar-una-casa-y-un-icono-de-la-historia-lotina\/\">Recuperar una casa y un \u00edcono de la historia lotina<\/a><\/div><div class=\"gem-pp-posts-date\">11\/10\/2025<\/div><\/div><\/li><li class=\"clearfix gem-pp-posts\"><div class=\"gem-pp-posts-image\"><a href=\"https:\/\/elfuerte.cl\/web\/2025\/10\/08\/indap-impulsa-acceso-a-tierras-y-emprendimiento-para-juventudes-rurales-con-nuevo-programa-tierra-joven\/\"><img src=\"https:\/\/elfuerte.cl\/web\/wp-content\/uploads\/2025\/10\/actualidad001-copia-thegem-post-thumb-large.jpg\" srcset=\"https:\/\/elfuerte.cl\/web\/wp-content\/uploads\/2025\/10\/actualidad001-copia-thegem-post-thumb-small.jpg 1x, https:\/\/elfuerte.cl\/web\/wp-content\/uploads\/2025\/10\/actualidad001-copia-thegem-post-thumb-large.jpg 2x\" alt=\"\"\/><\/a><\/div><div class=\"gem-pp-posts-text\"> <div class=\"gem-pp-posts-item\"><a href=\"https:\/\/elfuerte.cl\/web\/2025\/10\/08\/indap-impulsa-acceso-a-tierras-y-emprendimiento-para-juventudes-rurales-con-nuevo-programa-tierra-joven\/\">INDAP impulsa acceso a tierras y emprendimiento para juventudes rurales con nuevo programa \u201cTierra Joven\u201d<\/a><\/div><div class=\"gem-pp-posts-date\">08\/10\/2025<\/div><\/div><\/li><li class=\"clearfix gem-pp-posts\"><div class=\"gem-pp-posts-image\"><a href=\"https:\/\/elfuerte.cl\/web\/2025\/09\/05\/la-derrota-que-dejo-al-gobierno-sin-brujula\/\"><img src=\"https:\/\/elfuerte.cl\/web\/wp-content\/uploads\/2025\/09\/actualidad004-thegem-post-thumb-large.jpg\" srcset=\"https:\/\/elfuerte.cl\/web\/wp-content\/uploads\/2025\/09\/actualidad004-thegem-post-thumb-small.jpg 1x, https:\/\/elfuerte.cl\/web\/wp-content\/uploads\/2025\/09\/actualidad004-thegem-post-thumb-large.jpg 2x\" alt=\"\"\/><\/a><\/div><div class=\"gem-pp-posts-text\"> <div class=\"gem-pp-posts-item\"><a href=\"https:\/\/elfuerte.cl\/web\/2025\/09\/05\/la-derrota-que-dejo-al-gobierno-sin-brujula\/\">La derrota que dej\u00f3 al gobierno sin br\u00fajula<\/a><\/div><div class=\"gem-pp-posts-date\">05\/09\/2025<\/div><\/div><\/li><\/ul><\/aside>\t\t\t\t<\/div>\n\t\t\t\t\t<\/div>\n\t\t<\/div>\n\t\t\t\t\t<\/div><\/div>\r\n\t\t<\/section>\r\n\t\t\t\t<\/div>\n\t\t","protected":false},"excerpt":{"rendered":"<p>Francisco Silva repas\u00f3 una y otra vez el discurso que deb\u00eda ante el Presidente de la Rep\u00fablica, ministros, parlamentarios<\/p>\n","protected":false},"author":1,"featured_media":1449,"comment_status":"open","ping_status":"open","sticky":false,"template":"single-fullwidth.php","format":"standard","meta":{"footnotes":""},"categories":[21,100],"tags":[65,64,60,62,61,63],"class_list":{"0":"post-1216","1":"post","2":"type-post","3":"status-publish","4":"format-standard","5":"has-post-thumbnail","7":"category-actualidad","8":"category-destacados","9":"tag-actualidad","10":"tag-caleta-lo-rojas-coronel","11":"tag-francisco-silva-pescador-artesanal","12":"tag-historia-de-pescadores-chilenos","13":"tag-ley-de-fraccionamiento-pesquera-chile","14":"tag-pesca-artesanal-en-chile"},"menu_order":0,"_links":{"self":[{"href":"https:\/\/elfuerte.cl\/web\/wp-json\/wp\/v2\/posts\/1216","targetHints":{"allow":["GET"]}}],"collection":[{"href":"https:\/\/elfuerte.cl\/web\/wp-json\/wp\/v2\/posts"}],"about":[{"href":"https:\/\/elfuerte.cl\/web\/wp-json\/wp\/v2\/types\/post"}],"author":[{"embeddable":true,"href":"https:\/\/elfuerte.cl\/web\/wp-json\/wp\/v2\/users\/1"}],"replies":[{"embeddable":true,"href":"https:\/\/elfuerte.cl\/web\/wp-json\/wp\/v2\/comments?post=1216"}],"version-history":[{"count":45,"href":"https:\/\/elfuerte.cl\/web\/wp-json\/wp\/v2\/posts\/1216\/revisions"}],"predecessor-version":[{"id":1452,"href":"https:\/\/elfuerte.cl\/web\/wp-json\/wp\/v2\/posts\/1216\/revisions\/1452"}],"wp:featuredmedia":[{"embeddable":true,"href":"https:\/\/elfuerte.cl\/web\/wp-json\/wp\/v2\/media\/1449"}],"wp:attachment":[{"href":"https:\/\/elfuerte.cl\/web\/wp-json\/wp\/v2\/media?parent=1216"}],"wp:term":[{"taxonomy":"category","embeddable":true,"href":"https:\/\/elfuerte.cl\/web\/wp-json\/wp\/v2\/categories?post=1216"},{"taxonomy":"post_tag","embeddable":true,"href":"https:\/\/elfuerte.cl\/web\/wp-json\/wp\/v2\/tags?post=1216"}],"curies":[{"name":"wp","href":"https:\/\/api.w.org\/{rel}","templated":true}]}}