{"id":2128,"date":"2025-11-12T16:05:10","date_gmt":"2025-11-12T15:05:10","guid":{"rendered":"https:\/\/elfuerte.cl\/web\/?p=2128"},"modified":"2025-11-13T11:03:37","modified_gmt":"2025-11-13T10:03:37","slug":"elecciones-2025-macrozona-se-alista-para-jornada-decisiva-este-domingo","status":"publish","type":"post","link":"https:\/\/elfuerte.cl\/web\/2025\/11\/12\/elecciones-2025-macrozona-se-alista-para-jornada-decisiva-este-domingo\/","title":{"rendered":"Elecciones 2025: macrozona se alista  para jornada decisiva este domingo"},"content":{"rendered":"\t\t<div data-elementor-type=\"wp-post\" data-elementor-id=\"2128\" class=\"elementor elementor-2128\">\n\t\t\t\t\t\t<section class=\"elementor-section elementor-top-section elementor-element elementor-element-464cea7 elementor-section-boxed elementor-section-height-default elementor-section-height-default\" data-id=\"464cea7\" data-element_type=\"section\">\r\n\t\t\t\t\t\t<div class=\"elementor-container elementor-column-gap-thegem\"><div class=\"elementor-row\">\r\n\t\t\t\t\t<div class=\"elementor-column elementor-col-66 elementor-top-column elementor-element elementor-element-2f44c54\" data-id=\"2f44c54\" data-element_type=\"column\">\n\t\t\t<div class=\"elementor-widget-wrap elementor-element-populated\">\n\t\t\t\t\t\t<div class=\"elementor-element elementor-element-ab386a6 flex-horizontal-align-default flex-horizontal-align-tablet-default flex-horizontal-align-mobile-default flex-vertical-align-default flex-vertical-align-tablet-default flex-vertical-align-mobile-default elementor-widget elementor-widget-heading\" data-id=\"ab386a6\" data-element_type=\"widget\" data-widget_type=\"heading.default\">\n\t\t\t\t\t<div class=\"title-h1 elementor-heading-title elementor-size-default\">Elecciones 2025: macrozona se alista para jornada decisiva este domingo<\/div>\t\t\t\t<\/div>\n\t\t\t\t<div class=\"elementor-element elementor-element-8427bf3 flex-horizontal-align-default flex-horizontal-align-tablet-default flex-horizontal-align-mobile-default flex-vertical-align-default flex-vertical-align-tablet-default flex-vertical-align-mobile-default elementor-widget elementor-widget-text-editor\" data-id=\"8427bf3\" data-element_type=\"widget\" data-widget_type=\"text-editor.default\">\n\t\t\t\t\t\t\t\t\t\t\t\t<div class=\"elementor-text-editor elementor-clearfix\">\r\n\t\t\t\t\t\t<p><strong>Todo est\u00e1 preparado para que este domingo los ciudadanos concurran a las urnas para votar en las elecciones presidenciales y parlamentarias 2025. En la macrozona, son m\u00e1s de 3 millones los electores que concurrir\u00e1n a los diferentes locales para ejercer su derecho a voto.<\/strong><\/p><p>Quedan solo cuatro d\u00edas para que, este domingo 16, los chilenos participen nuevamente en una jornada de elecciones presidenciales y parlamentarias, reafirmando as\u00ed el ejercicio de la democracia y el compromiso ciudadano que caracteriza a nuestro pa\u00eds.<\/p><p>En este momento, los ocho candidatos presidenciales \u2014y todos los aspirantes a cargos parlamentarios\u2014 intensifican sus recorridos, mensajes y activaciones territoriales en las postrimer\u00edas de una contienda electoral que ha sido dura y altamente polarizada. Ma\u00f1ana jueves concluye el plazo legal para realizar campa\u00f1a y propaganda, lo que marca el cierre de una etapa y da paso a la jornada de reflexi\u00f3n que antecede a las urnas.<\/p><p>M\u00e1s de tres millones 400 mil personas de la macrozona sur \u2014conformada por las regiones del Biob\u00edo, La Araucan\u00eda, Los R\u00edos y Los Lagos (\u00e1rea de cobertura de El Fuerte)\u2014 se preparan para acudir a los locales de votaci\u00f3n y expresar su voluntad soberana.<\/p><p>El proceso se desarrollar\u00e1 bajo voto obligatorio, con un amplio despliegue log\u00edstico y de seguridad coordinado por el Servicio Electoral (SERVEL), las Fuerzas Armadas y las delegaciones presidenciales regionales.<\/p><p>Ante este evento, el llamado de las autoridades es claro: acudir a las urnas con responsabilidad y convicci\u00f3n, conscientes de que cada voto contribuye a definir el rumbo pol\u00edtico y social de Chile.<\/p><h5><strong>El padr\u00f3n y los locales de votaci\u00f3n<\/strong><\/h5><p>Seg\u00fan datos oficiales del SERVEL, la Regi\u00f3n del Biob\u00edo encabeza el padr\u00f3n con 1.379.927 electores (711.360 mujeres y 668.567 hombres), distribuidos en m\u00e1s de 400 locales y 4.331 mesas receptoras de sufragio. La regi\u00f3n registra 96 candidaturas aprobadas a diputadas y diputados, distribuidas entre los distritos 20 (62 postulantes) y 21 (34).<\/p><p>Le sigue La Araucan\u00eda, con 925.402 electores, 282 locales de votaci\u00f3n y 85 candidaturas a la C\u00e1mara Baja: 30 en el distrito 22 (13 mujeres y 17 hombres) y 55 en el distrito 23 (21 mujeres y 34 hombres). La regi\u00f3n tambi\u00e9n renovar\u00e1 su representaci\u00f3n en el Senado con 24 aspirantes a los cinco cupos correspondientes a la circunscripci\u00f3n 11.<br \/>En Los Lagos, el padr\u00f3n alcanza 777.613 votantes, con 205 locales y 2.070 mesas receptoras. La regi\u00f3n suma 51 candidaturas a diputadas y diputados aprobadas de un total de 55 inscritas, correspodientes a los distritos 25 y 26.<br \/>Por su parte, la Regi\u00f3n de Los R\u00edos dispone de 370.100 electores habilitados, 124 locales, 987 mesas y 27 candidaturas a la C\u00e1mara de Diputadas y Diputados en el distrito 24.<\/p><h5><strong>Despliegue de seguridad y coordinaci\u00f3n regional<\/strong><\/h5><p>El Ej\u00e9rcito, la Armada, Carabineros, PDI y Gendarmer\u00eda estar\u00e1n a cargo del resguardo interno y perimetral de los recintos. En Los R\u00edos, el Delegado Presidencial Jorge Alvial encabez\u00f3 un Comit\u00e9 Policial Extraordinario que dispuso m\u00e1s de 800 efectivos en recintos y 460 en seguridad exterior, bajo el mando del General de Brigada Claudio Mardones Petermann, quien asumir\u00e1 el control de los locales de votaci\u00f3n a partir de las 24:00 horas del viernes. El operativo busca garantizar el orden p\u00fablico y la seguridad del proceso desde la madrugada previa a la jornada electoral.<br \/>En Los Lagos, la Delegada Paulina Mu\u00f1oz y el General Ra\u00fal Mera confirmaron la presencia de 1.600 efectivos militares y policiales, con operativos terrestres, mar\u00edtimos y a\u00e9reos para garantizar el acceso a sectores aislados como Paso del Le\u00f3n, Peulla y Segundo Corral. Adem\u00e1s, desde la Seremi de Transporte, se inform\u00f3 que habr\u00e1 movilizaci\u00f3n gratuita en 361 recorridos terrestres y 24 mar\u00edtimos, incluyendo barcazas para veh\u00edculos livianos y buses p\u00fablicos.<\/p><h5><strong>Educaci\u00f3n, trabajo y servicios<\/strong><\/h5><p>Desde el Ministerio de Educaci\u00f3n se anunci\u00f3 que no se suspender\u00e1n las clases el viernes ni el lunes posterior a la elecci\u00f3n, para garantizar el normal retorno acad\u00e9mico. Sin embargo, la medida alert\u00f3 a los directivos de los establecimientos educacionales, ya que habr\u00e1 muy poco tiempo entre la entrega de los recintos y la llegada de los alumnos el lunes por la ma\u00f1ana. En tanto, fuentes del Ministerio del Trabajo recordaron que el d\u00eda de la elecci\u00f3n es feriado para los centros comerciales, pero que los trabajadores que deban laborar dispondr\u00e1n de tres horas libres para votar, sin descuento salarial.<\/p><p>El SERVEL reiter\u00f3 que quienes no puedan asistir deben justificarse ante Carabineros o el Juzgado de Polic\u00eda Local si est\u00e1n a m\u00e1s de 200 km de su local de votaci\u00f3n. Las multas por no sufragar pueden alcanzar las tres UTM.<br \/>Llamado al voto informado y seguro<\/p><p>Las autoridades confirmaron que todo el material electoral ya fue distribuido y que los locales se encuentran bajo custodia militar.<\/p><p>Con este panorama, la macrozona sur se apresta a vivir una jornada que pondr\u00e1 a prueba su capacidad c\u00edvica y log\u00edstica, en un proceso donde m\u00e1s de tres millones de votantes tendr\u00e1n la responsabilidad de decidir el futuro pol\u00edtico del pa\u00eds, en una jornada que se espera tranquila para que la gente pueda ejercer su voto de forma segura.<br \/>De acuerdo a lo ocurrido en a\u00f1os anteriores, se espera que cerca de las 20 horas el SERVEL entregue los resultados de la mayor\u00eda de las mesas y ya se sepa qui\u00e9nes de los candidatos presidenciales pasar\u00e1n a la segunda vuelta, programada para el domingo 14 de diciembre, y que alrededor de las 22 horas se deber\u00edan tener los resultados de las elecciones parlamentarias.<\/p><p><strong>Marcelo Patroni, director de El Fuerte<\/strong><\/p>\t\t\t\t\t\t\t<\/div>\r\n\t\t\t\t\t\t\t\t\t\t<\/div>\n\t\t\t\t<div class=\"elementor-element elementor-element-5ac3e4a flex-horizontal-align-default flex-horizontal-align-tablet-default flex-horizontal-align-mobile-default flex-vertical-align-default flex-vertical-align-tablet-default flex-vertical-align-mobile-default elementor-widget elementor-widget-thegem-styledimage\" data-id=\"5ac3e4a\" data-element_type=\"widget\" data-settings=\"{&quot;thegem_elementor_preset&quot;:&quot;style-2&quot;,&quot;image&quot;:{&quot;url&quot;:&quot;https:\\\/\\\/elfuerte.cl\\\/web\\\/wp-content\\\/uploads\\\/2025\\\/10\\\/bannerefdelsur.jpg&quot;,&quot;id&quot;:1540,&quot;size&quot;:&quot;&quot;,&quot;alt&quot;:&quot;&quot;,&quot;source&quot;:&quot;library&quot;},&quot;image_position&quot;:&quot;left&quot;}\" data-widget_type=\"thegem-styledimage.default\">\n\t\t\t\t<div class=\"elementor-widget-container\">\n\t\t\t\t\t\n<div class=\"styled-image-wrapper\">\n\t\t\t<div class=\"gem-image gem-wrapbox gem-wrapbox-style-2 gem-wrapbox-position-left lazy-loading \">\n\t\t\t<div class=\"gem-wrapbox-inner  lazy-loading-item\"  data-ll-effect=\"move-up\">\n\t\t\t\t\t\t\t\t<a href=\"#\">\n\t\t\t\t\t\t\t\t\t\t<img class=\"gem-wrapbox-element img-responsive \"\n\t\t\t\t\t\t src=\"https:\/\/elfuerte.cl\/web\/wp-content\/uploads\/2025\/10\/bannerefdelsur.jpg\"\n\t\t\t\t\t\t alt=\"bannerefdelsur\">\n\t\t\t\t\t\t\t\t\t\t\t\t\t\t<\/a>\n\t\t\t\t\t\t<\/div>\n\t\t<\/div>\n\t\t<\/div>\n\n\n\t\n\t\t\t\t\t\t<\/div>\n\t\t\t\t<\/div>\n\t\t\t\t\t<\/div>\n\t\t<\/div>\n\t\t\t\t<div class=\"elementor-column elementor-col-33 elementor-top-column elementor-element elementor-element-dfac7b7\" data-id=\"dfac7b7\" data-element_type=\"column\">\n\t\t\t<div class=\"elementor-widget-wrap elementor-element-populated\">\n\t\t\t\t\t\t<div class=\"elementor-element elementor-element-af7077d flex-horizontal-align-default flex-horizontal-align-tablet-default flex-horizontal-align-mobile-default flex-vertical-align-default flex-vertical-align-tablet-default flex-vertical-align-mobile-default elementor-widget elementor-widget-sidebar\" data-id=\"af7077d\" data-element_type=\"widget\" data-settings=\"{&quot;thegem_custom_css&quot;:&quot;.gem-pp-posts-image {\\r\\n    width: 72px;\\r\\n}\\r\\n.gem-pp-posts-image img {\\r\\n    border-radius: 50%;\\r\\n}\\r\\nselector h4 {\\r\\n    padding-top: 40px;\\r\\n}&quot;}\" data-widget_type=\"sidebar.default\">\n\t\t\t\t\t<aside id=\"media_image-3\" class=\"widget widget_media_image\"><img width=\"750\" height=\"750\" src=\"https:\/\/elfuerte.cl\/web\/wp-content\/uploads\/2025\/10\/bannerrojook.jpg\" class=\"image wp-image-1681  attachment-full size-full\" alt=\"\" style=\"max-width: 100%; height: auto;\" title=\"Banner\" srcset=\"https:\/\/elfuerte.cl\/web\/wp-content\/uploads\/2025\/10\/bannerrojook.jpg 750w, https:\/\/elfuerte.cl\/web\/wp-content\/uploads\/2025\/10\/bannerrojook-300x300.jpg 300w, https:\/\/elfuerte.cl\/web\/wp-content\/uploads\/2025\/10\/bannerrojook-150x150.jpg 150w, https:\/\/elfuerte.cl\/web\/wp-content\/uploads\/2025\/10\/bannerrojook-256x256.jpg 256w\" sizes=\"(max-width: 750px) 100vw, 750px\" \/><\/aside><aside id=\"categories-2\" class=\"widget widget_categories\"><h4 class=\"widget-title\">Secciones<\/h4>\n\t\t\t<ul>\n\t\t\t\t\t<li class=\"cat-item cat-item-21\"><a href=\"https:\/\/elfuerte.cl\/web\/category\/actualidad\/\" title=\"View all posts filed under Actualidad\">Actualidad<\/a>\n<\/li>\n\t<li class=\"cat-item cat-item-100\"><a href=\"https:\/\/elfuerte.cl\/web\/category\/destacados\/\" title=\"View all posts filed under Destacados\">Destacados<\/a>\n<\/li>\n\t<li class=\"cat-item cat-item-101\"><a href=\"https:\/\/elfuerte.cl\/web\/category\/region-ludica\/\" title=\"View all posts filed under Regi\u00f3n L\u00fadica\">Regi\u00f3n L\u00fadica<\/a>\n<\/li>\n\t<li class=\"cat-item cat-item-157\"><a href=\"https:\/\/elfuerte.cl\/web\/category\/sala-de-redaccion\/\" title=\"View all posts filed under Sala de Redacci\u00f3n\">Sala de Redacci\u00f3n<\/a>\n<\/li>\n\t\t\t<\/ul>\n\n\t\t\t<\/aside><aside id=\"custom_popular_posts-2\" class=\"widget Custom_Popular_Posts\"><h4 class=\"widget-title\">Populares<\/h4><ul class=\"posts  styled\"><li class=\"clearfix gem-pp-posts\"><div class=\"gem-pp-posts-image\"><a href=\"https:\/\/elfuerte.cl\/web\/2026\/04\/27\/intercambio-de-semillas-y-experiencias-conecta-comunidades-del-pais-en-torno-a-la-restauracion-del-bosque-nativo-en-los-rios\/\"><img src=\"https:\/\/elfuerte.cl\/web\/wp-content\/uploads\/2026\/04\/portada-2026-04-27T102238.493-thegem-post-thumb-large.jpg\" srcset=\"https:\/\/elfuerte.cl\/web\/wp-content\/uploads\/2026\/04\/portada-2026-04-27T102238.493-thegem-post-thumb-small.jpg 1x, https:\/\/elfuerte.cl\/web\/wp-content\/uploads\/2026\/04\/portada-2026-04-27T102238.493-thegem-post-thumb-large.jpg 2x\" alt=\"\"\/><\/a><\/div><div class=\"gem-pp-posts-text\"> <div class=\"gem-pp-posts-item\"><a href=\"https:\/\/elfuerte.cl\/web\/2026\/04\/27\/intercambio-de-semillas-y-experiencias-conecta-comunidades-del-pais-en-torno-a-la-restauracion-del-bosque-nativo-en-los-rios\/\">Intercambio de semillas y experiencias conecta comunidades del pa\u00eds en torno a la restauraci\u00f3n del bosque nativo en Los R\u00edos<\/a><\/div><div class=\"gem-pp-posts-date\">27\/04\/2026<\/div><\/div><\/li><li class=\"clearfix gem-pp-posts\"><div class=\"gem-pp-posts-image\"><a href=\"https:\/\/elfuerte.cl\/web\/2025\/10\/11\/recuperar-una-casa-y-un-icono-de-la-historia-lotina\/\"><img src=\"https:\/\/elfuerte.cl\/web\/wp-content\/uploads\/2025\/10\/actualidad003-copia-thegem-post-thumb-large.jpg\" srcset=\"https:\/\/elfuerte.cl\/web\/wp-content\/uploads\/2025\/10\/actualidad003-copia-thegem-post-thumb-small.jpg 1x, https:\/\/elfuerte.cl\/web\/wp-content\/uploads\/2025\/10\/actualidad003-copia-thegem-post-thumb-large.jpg 2x\" alt=\"\"\/><\/a><\/div><div class=\"gem-pp-posts-text\"> <div class=\"gem-pp-posts-item\"><a href=\"https:\/\/elfuerte.cl\/web\/2025\/10\/11\/recuperar-una-casa-y-un-icono-de-la-historia-lotina\/\">Recuperar una casa y un \u00edcono de la historia lotina<\/a><\/div><div class=\"gem-pp-posts-date\">11\/10\/2025<\/div><\/div><\/li><li class=\"clearfix gem-pp-posts\"><div class=\"gem-pp-posts-image\"><a href=\"https:\/\/elfuerte.cl\/web\/2025\/10\/08\/indap-impulsa-acceso-a-tierras-y-emprendimiento-para-juventudes-rurales-con-nuevo-programa-tierra-joven\/\"><img src=\"https:\/\/elfuerte.cl\/web\/wp-content\/uploads\/2025\/10\/actualidad001-copia-thegem-post-thumb-large.jpg\" srcset=\"https:\/\/elfuerte.cl\/web\/wp-content\/uploads\/2025\/10\/actualidad001-copia-thegem-post-thumb-small.jpg 1x, https:\/\/elfuerte.cl\/web\/wp-content\/uploads\/2025\/10\/actualidad001-copia-thegem-post-thumb-large.jpg 2x\" alt=\"\"\/><\/a><\/div><div class=\"gem-pp-posts-text\"> <div class=\"gem-pp-posts-item\"><a href=\"https:\/\/elfuerte.cl\/web\/2025\/10\/08\/indap-impulsa-acceso-a-tierras-y-emprendimiento-para-juventudes-rurales-con-nuevo-programa-tierra-joven\/\">INDAP impulsa acceso a tierras y emprendimiento para juventudes rurales con nuevo programa \u201cTierra Joven\u201d<\/a><\/div><div class=\"gem-pp-posts-date\">08\/10\/2025<\/div><\/div><\/li><li class=\"clearfix gem-pp-posts\"><div class=\"gem-pp-posts-image\"><a href=\"https:\/\/elfuerte.cl\/web\/2025\/09\/05\/la-derrota-que-dejo-al-gobierno-sin-brujula\/\"><img src=\"https:\/\/elfuerte.cl\/web\/wp-content\/uploads\/2025\/09\/actualidad004-thegem-post-thumb-large.jpg\" srcset=\"https:\/\/elfuerte.cl\/web\/wp-content\/uploads\/2025\/09\/actualidad004-thegem-post-thumb-small.jpg 1x, https:\/\/elfuerte.cl\/web\/wp-content\/uploads\/2025\/09\/actualidad004-thegem-post-thumb-large.jpg 2x\" alt=\"\"\/><\/a><\/div><div class=\"gem-pp-posts-text\"> <div class=\"gem-pp-posts-item\"><a href=\"https:\/\/elfuerte.cl\/web\/2025\/09\/05\/la-derrota-que-dejo-al-gobierno-sin-brujula\/\">La derrota que dej\u00f3 al gobierno sin br\u00fajula<\/a><\/div><div class=\"gem-pp-posts-date\">05\/09\/2025<\/div><\/div><\/li><\/ul><\/aside>\t\t\t\t<\/div>\n\t\t\t\t\t<\/div>\n\t\t<\/div>\n\t\t\t\t\t<\/div><\/div>\r\n\t\t<\/section>\r\n\t\t\t\t<\/div>\n\t\t","protected":false},"excerpt":{"rendered":"<p>Todo est\u00e1 preparado para que este domingo los ciudadanos concurran a las urnas para votar en las elecciones presidenciales y parlamentarias 2025. En la macrozona, son m\u00e1s de 3 millones los electores que concurrir\u00e1n a los diferentes locales para ejercer su derecho a voto.<\/p>\n","protected":false},"author":1,"featured_media":2130,"comment_status":"closed","ping_status":"closed","sticky":false,"template":"single-fullwidth.php","format":"standard","meta":{"footnotes":""},"categories":[21,100],"tags":[65,253,255,125,254],"class_list":{"0":"post-2128","1":"post","2":"type-post","3":"status-publish","4":"format-standard","5":"has-post-thumbnail","7":"category-actualidad","8":"category-destacados","9":"tag-actualidad","10":"tag-elecciones-2025","11":"tag-macrozona-sur","12":"tag-participacion-ciudadana","13":"tag-servel"},"menu_order":0,"_links":{"self":[{"href":"https:\/\/elfuerte.cl\/web\/wp-json\/wp\/v2\/posts\/2128","targetHints":{"allow":["GET"]}}],"collection":[{"href":"https:\/\/elfuerte.cl\/web\/wp-json\/wp\/v2\/posts"}],"about":[{"href":"https:\/\/elfuerte.cl\/web\/wp-json\/wp\/v2\/types\/post"}],"author":[{"embeddable":true,"href":"https:\/\/elfuerte.cl\/web\/wp-json\/wp\/v2\/users\/1"}],"replies":[{"embeddable":true,"href":"https:\/\/elfuerte.cl\/web\/wp-json\/wp\/v2\/comments?post=2128"}],"version-history":[{"count":16,"href":"https:\/\/elfuerte.cl\/web\/wp-json\/wp\/v2\/posts\/2128\/revisions"}],"predecessor-version":[{"id":2145,"href":"https:\/\/elfuerte.cl\/web\/wp-json\/wp\/v2\/posts\/2128\/revisions\/2145"}],"wp:featuredmedia":[{"embeddable":true,"href":"https:\/\/elfuerte.cl\/web\/wp-json\/wp\/v2\/media\/2130"}],"wp:attachment":[{"href":"https:\/\/elfuerte.cl\/web\/wp-json\/wp\/v2\/media?parent=2128"}],"wp:term":[{"taxonomy":"category","embeddable":true,"href":"https:\/\/elfuerte.cl\/web\/wp-json\/wp\/v2\/categories?post=2128"},{"taxonomy":"post_tag","embeddable":true,"href":"https:\/\/elfuerte.cl\/web\/wp-json\/wp\/v2\/tags?post=2128"}],"curies":[{"name":"wp","href":"https:\/\/api.w.org\/{rel}","templated":true}]}}