{"id":2157,"date":"2025-11-12T17:04:36","date_gmt":"2025-11-12T16:04:36","guid":{"rendered":"https:\/\/elfuerte.cl\/web\/?p=2157"},"modified":"2025-11-13T11:19:37","modified_gmt":"2025-11-13T10:19:37","slug":"ciudadania-elige-el-diseno-del-nuevo-hito-cerode-la-carretera-austral","status":"publish","type":"post","link":"https:\/\/elfuerte.cl\/web\/2025\/11\/12\/ciudadania-elige-el-diseno-del-nuevo-hito-cerode-la-carretera-austral\/","title":{"rendered":"Ciudadan\u00eda elige el dise\u00f1o del nuevo \u201cHito Cero\u201dde la Carretera Austral"},"content":{"rendered":"\t\t<div data-elementor-type=\"wp-post\" data-elementor-id=\"2157\" class=\"elementor elementor-2157\">\n\t\t\t\t\t\t<section class=\"elementor-section elementor-top-section elementor-element elementor-element-464cea7 elementor-section-boxed elementor-section-height-default elementor-section-height-default\" data-id=\"464cea7\" data-element_type=\"section\">\r\n\t\t\t\t\t\t<div class=\"elementor-container elementor-column-gap-thegem\"><div class=\"elementor-row\">\r\n\t\t\t\t\t<div class=\"elementor-column elementor-col-66 elementor-top-column elementor-element elementor-element-2f44c54\" data-id=\"2f44c54\" data-element_type=\"column\">\n\t\t\t<div class=\"elementor-widget-wrap elementor-element-populated\">\n\t\t\t\t\t\t<div class=\"elementor-element elementor-element-ab386a6 flex-horizontal-align-default flex-horizontal-align-tablet-default flex-horizontal-align-mobile-default flex-vertical-align-default flex-vertical-align-tablet-default flex-vertical-align-mobile-default elementor-widget elementor-widget-heading\" data-id=\"ab386a6\" data-element_type=\"widget\" data-widget_type=\"heading.default\">\n\t\t\t\t\t<div class=\"title-h1 elementor-heading-title elementor-size-default\">Ciudadan\u00eda elige el dise\u00f1o del nuevo \u201cHito Cero\u201dde la Carretera Austral<\/div>\t\t\t\t<\/div>\n\t\t\t\t<div class=\"elementor-element elementor-element-8427bf3 flex-horizontal-align-default flex-horizontal-align-tablet-default flex-horizontal-align-mobile-default flex-vertical-align-default flex-vertical-align-tablet-default flex-vertical-align-mobile-default elementor-widget elementor-widget-text-editor\" data-id=\"8427bf3\" data-element_type=\"widget\" data-widget_type=\"text-editor.default\">\n\t\t\t\t\t\t\t\t\t\t\t\t<div class=\"elementor-text-editor elementor-clearfix\">\r\n\t\t\t\t\t\t<p><strong>El dise\u00f1o \u201cKil\u00f3metro Cero\u201d, creado por Paulina Schaffer, Angello Igor y Nicol\u00e1s Duarte, fue elegido por m\u00e1s de 10 mil votantes en el concurso del MOP y Sernatur. La obra se instalar\u00e1 en el parque Costanera y responde a la necesidad de modernizar el punto donde comienza la Carretera Austral, una iniciativa inspirada tambi\u00e9n en el llamado del periodista Claudio Iturra a relevar este emblem\u00e1tico lugar.<\/strong><\/p><p>Tras una votaci\u00f3n ciudadana realizada entre el 15 de septiembre y el 10 de noviembre, el proyecto \u201cKil\u00f3metro Cero\u201d, del equipo compuesto por Paulina Schaffer, Angello Igor y Nicol\u00e1s Duarte, fue elegido como el dise\u00f1o oficial que dar\u00e1 forma al nuevo \u201cHito Cero\u201d de la Carretera Austral en Puerto Montt. M\u00e1s de 10 mil personas participaron en el proceso impulsado por el Ministerio de Obras P\u00fablicas, que buscaba seleccionar un s\u00edmbolo capaz de representar el inicio de una de las rutas esc\u00e9nicas m\u00e1s relevantes del pa\u00eds.<\/p><p><br \/>La iniciativa forma parte del Concurso de Ideas de Dise\u00f1o del Hito Kil\u00f3metro 0 de la Ruta 7, organizado por la Direcci\u00f3n de Vialidad del MOP en conjunto con Sernatur, cuyo objetivo es dotar a la ciudad de un punto emblem\u00e1tico que refleje la historia, geograf\u00eda e identidad de la Patagonia chilena. El proyecto ganador se instalar\u00e1 en el parque Costanera, frente al muelle de Puerto Montt, consolidando el lugar como punto de encuentro y atractivo tur\u00edstico. El concurso abri\u00f3 sus bases el 29 de octubre, con inscripciones hasta el 30 de noviembre y entrega de propuestas en enero de 2025, para luego dar paso a la evaluaci\u00f3n t\u00e9cnica y votaci\u00f3n ciudadana final.<br \/>Desde la Municipalidad de Puerto Montt, se destac\u00f3 que el nuevo \u201cHito Cero\u201d se sumar\u00e1 a la estrategia de renovaci\u00f3n urbana que impulsa el municipio. El alcalde Rodrigo Wainraihgt valor\u00f3 que el dise\u00f1o est\u00e9 liderado por profesionales locales y subray\u00f3 que este tipo de obras \u201caportan a posicionar a la ciudad como capital tur\u00edstica de la Regi\u00f3n de Los Lagos\u201d, adem\u00e1s de integrarse a otros proyectos emblem\u00e1ticos que buscan modernizar la imagen de la comuna.<\/p><p><br \/>El municipio inform\u00f3 que la Secplan trabajar\u00e1 coordinadamente con el MOP para definir el cronograma de ejecuci\u00f3n y garantizar que la obra avance con certeza para la comunidad, en l\u00ednea con el fortalecimiento de los espacios p\u00fablicos costeros y la mejora de la infraestructura tur\u00edstica.<\/p><p><br \/>El origen del concurso tiene un componente especial. La idea de renovar el punto que marca el inicio de la Carretera Austral naci\u00f3 luego de que el periodista y documentalista Claudio Iturra, poco antes de fallecer, llamara p\u00fablicamente a mejorar la se\u00f1alizaci\u00f3n y el valor simb\u00f3lico del kil\u00f3metro 0. Su comentario \u2014que invitaba a Puerto Montt a contar con un hito m\u00e1s atractivo para recibir a visitantes nacionales y extranjeros\u2014 impuls\u00f3 al MOP a recoger la propuesta y avanzar en este proyecto hoy materializado con un dise\u00f1o elegido por la ciudadan\u00eda.<\/p><p><strong>Prensa El Fuerte, en colaboraci\u00f3n Prensa Municipalidad de Puerto Montt<\/strong><\/p>\t\t\t\t\t\t\t<\/div>\r\n\t\t\t\t\t\t\t\t\t\t<\/div>\n\t\t\t\t<div class=\"elementor-element elementor-element-0923a11 flex-horizontal-align-default flex-horizontal-align-tablet-default flex-horizontal-align-mobile-default flex-vertical-align-default flex-vertical-align-tablet-default flex-vertical-align-mobile-default elementor-widget elementor-widget-image-gallery\" data-id=\"0923a11\" data-element_type=\"widget\" data-widget_type=\"image-gallery.default\">\n\t\t\t\t\t\t\t<div class=\"elementor-image-gallery\">\n\t\t\t<div id='gallery-1' class='gallery galleryid-2157 gallery-columns-4 gallery-size-thumbnail'><figure class='gallery-item'>\n\t\t\t<div class='gallery-icon landscape'>\n\t\t\t\t<a data-elementor-open-lightbox=\"yes\" data-elementor-lightbox-slideshow=\"0923a11\" data-elementor-lightbox-title=\"Hito 1\" data-e-action-hash=\"#elementor-action%3Aaction%3Dlightbox%26settings%3DeyJpZCI6MjE3NywidXJsIjoiaHR0cHM6XC9cL2VsZnVlcnRlLmNsXC93ZWJcL3dwLWNvbnRlbnRcL3VwbG9hZHNcLzIwMjVcLzExXC9IaXRvLTEuanBlZyIsInNsaWRlc2hvdyI6IjA5MjNhMTEifQ%3D%3D\" href='https:\/\/elfuerte.cl\/web\/wp-content\/uploads\/2025\/11\/Hito-1.jpeg'><img width=\"150\" height=\"150\" src=\"https:\/\/elfuerte.cl\/web\/wp-content\/uploads\/2025\/11\/Hito-1-150x150.jpeg\" class=\"attachment-thumbnail size-thumbnail\" alt=\"\" srcset=\"https:\/\/elfuerte.cl\/web\/wp-content\/uploads\/2025\/11\/Hito-1-150x150.jpeg 150w, https:\/\/elfuerte.cl\/web\/wp-content\/uploads\/2025\/11\/Hito-1-256x256.jpeg 256w\" sizes=\"(max-width: 150px) 100vw, 150px\" \/><\/a>\n\t\t\t<\/div><\/figure><figure class='gallery-item'>\n\t\t\t<div class='gallery-icon landscape'>\n\t\t\t\t<a data-elementor-open-lightbox=\"yes\" data-elementor-lightbox-slideshow=\"0923a11\" data-elementor-lightbox-title=\"Hito 2\" data-e-action-hash=\"#elementor-action%3Aaction%3Dlightbox%26settings%3DeyJpZCI6MjE3OCwidXJsIjoiaHR0cHM6XC9cL2VsZnVlcnRlLmNsXC93ZWJcL3dwLWNvbnRlbnRcL3VwbG9hZHNcLzIwMjVcLzExXC9IaXRvLTIuanBlZyIsInNsaWRlc2hvdyI6IjA5MjNhMTEifQ%3D%3D\" href='https:\/\/elfuerte.cl\/web\/wp-content\/uploads\/2025\/11\/Hito-2.jpeg'><img width=\"150\" height=\"150\" src=\"https:\/\/elfuerte.cl\/web\/wp-content\/uploads\/2025\/11\/Hito-2-150x150.jpeg\" class=\"attachment-thumbnail size-thumbnail\" alt=\"\" srcset=\"https:\/\/elfuerte.cl\/web\/wp-content\/uploads\/2025\/11\/Hito-2-150x150.jpeg 150w, https:\/\/elfuerte.cl\/web\/wp-content\/uploads\/2025\/11\/Hito-2-256x256.jpeg 256w\" sizes=\"(max-width: 150px) 100vw, 150px\" \/><\/a>\n\t\t\t<\/div><\/figure><figure class='gallery-item'>\n\t\t\t<div class='gallery-icon landscape'>\n\t\t\t\t<a data-elementor-open-lightbox=\"yes\" data-elementor-lightbox-slideshow=\"0923a11\" data-elementor-lightbox-title=\"Hito 3\" data-e-action-hash=\"#elementor-action%3Aaction%3Dlightbox%26settings%3DeyJpZCI6MjE3OSwidXJsIjoiaHR0cHM6XC9cL2VsZnVlcnRlLmNsXC93ZWJcL3dwLWNvbnRlbnRcL3VwbG9hZHNcLzIwMjVcLzExXC9IaXRvLTMuanBlZyIsInNsaWRlc2hvdyI6IjA5MjNhMTEifQ%3D%3D\" href='https:\/\/elfuerte.cl\/web\/wp-content\/uploads\/2025\/11\/Hito-3.jpeg'><img width=\"150\" height=\"150\" src=\"https:\/\/elfuerte.cl\/web\/wp-content\/uploads\/2025\/11\/Hito-3-150x150.jpeg\" class=\"attachment-thumbnail size-thumbnail\" alt=\"\" srcset=\"https:\/\/elfuerte.cl\/web\/wp-content\/uploads\/2025\/11\/Hito-3-150x150.jpeg 150w, https:\/\/elfuerte.cl\/web\/wp-content\/uploads\/2025\/11\/Hito-3-256x256.jpeg 256w\" sizes=\"(max-width: 150px) 100vw, 150px\" \/><\/a>\n\t\t\t<\/div><\/figure><figure class='gallery-item'>\n\t\t\t<div class='gallery-icon portrait'>\n\t\t\t\t<a data-elementor-open-lightbox=\"yes\" data-elementor-lightbox-slideshow=\"0923a11\" data-elementor-lightbox-title=\"Hito 4\" data-e-action-hash=\"#elementor-action%3Aaction%3Dlightbox%26settings%3DeyJpZCI6MjE4MCwidXJsIjoiaHR0cHM6XC9cL2VsZnVlcnRlLmNsXC93ZWJcL3dwLWNvbnRlbnRcL3VwbG9hZHNcLzIwMjVcLzExXC9IaXRvLTQuanBlZyIsInNsaWRlc2hvdyI6IjA5MjNhMTEifQ%3D%3D\" href='https:\/\/elfuerte.cl\/web\/wp-content\/uploads\/2025\/11\/Hito-4.jpeg'><img width=\"150\" height=\"150\" src=\"https:\/\/elfuerte.cl\/web\/wp-content\/uploads\/2025\/11\/Hito-4-150x150.jpeg\" class=\"attachment-thumbnail size-thumbnail\" alt=\"\" srcset=\"https:\/\/elfuerte.cl\/web\/wp-content\/uploads\/2025\/11\/Hito-4-150x150.jpeg 150w, https:\/\/elfuerte.cl\/web\/wp-content\/uploads\/2025\/11\/Hito-4-256x256.jpeg 256w\" sizes=\"(max-width: 150px) 100vw, 150px\" \/><\/a>\n\t\t\t<\/div><\/figure><figure class='gallery-item'>\n\t\t\t<div class='gallery-icon portrait'>\n\t\t\t\t<a data-elementor-open-lightbox=\"yes\" data-elementor-lightbox-slideshow=\"0923a11\" data-elementor-lightbox-title=\"Hito 5\" data-e-action-hash=\"#elementor-action%3Aaction%3Dlightbox%26settings%3DeyJpZCI6MjE4MSwidXJsIjoiaHR0cHM6XC9cL2VsZnVlcnRlLmNsXC93ZWJcL3dwLWNvbnRlbnRcL3VwbG9hZHNcLzIwMjVcLzExXC9IaXRvLTUuanBlZyIsInNsaWRlc2hvdyI6IjA5MjNhMTEifQ%3D%3D\" href='https:\/\/elfuerte.cl\/web\/wp-content\/uploads\/2025\/11\/Hito-5.jpeg'><img width=\"150\" height=\"150\" src=\"https:\/\/elfuerte.cl\/web\/wp-content\/uploads\/2025\/11\/Hito-5-150x150.jpeg\" class=\"attachment-thumbnail size-thumbnail\" alt=\"\" srcset=\"https:\/\/elfuerte.cl\/web\/wp-content\/uploads\/2025\/11\/Hito-5-150x150.jpeg 150w, https:\/\/elfuerte.cl\/web\/wp-content\/uploads\/2025\/11\/Hito-5-256x256.jpeg 256w\" sizes=\"(max-width: 150px) 100vw, 150px\" \/><\/a>\n\t\t\t<\/div><\/figure><figure class='gallery-item'>\n\t\t\t<div class='gallery-icon landscape'>\n\t\t\t\t<a data-elementor-open-lightbox=\"yes\" data-elementor-lightbox-slideshow=\"0923a11\" data-elementor-lightbox-title=\"Hito 6\" data-e-action-hash=\"#elementor-action%3Aaction%3Dlightbox%26settings%3DeyJpZCI6MjE4MiwidXJsIjoiaHR0cHM6XC9cL2VsZnVlcnRlLmNsXC93ZWJcL3dwLWNvbnRlbnRcL3VwbG9hZHNcLzIwMjVcLzExXC9IaXRvLTYuanBnIiwic2xpZGVzaG93IjoiMDkyM2ExMSJ9\" href='https:\/\/elfuerte.cl\/web\/wp-content\/uploads\/2025\/11\/Hito-6.jpg'><img width=\"150\" height=\"150\" src=\"https:\/\/elfuerte.cl\/web\/wp-content\/uploads\/2025\/11\/Hito-6-150x150.jpg\" class=\"attachment-thumbnail size-thumbnail\" alt=\"\" srcset=\"https:\/\/elfuerte.cl\/web\/wp-content\/uploads\/2025\/11\/Hito-6-150x150.jpg 150w, https:\/\/elfuerte.cl\/web\/wp-content\/uploads\/2025\/11\/Hito-6-256x256.jpg 256w\" sizes=\"(max-width: 150px) 100vw, 150px\" \/><\/a>\n\t\t\t<\/div><\/figure>\n\t\t<\/div>\n\t\t<\/div>\n\t\t\t\t\t\t<\/div>\n\t\t\t\t<div class=\"elementor-element elementor-element-5ac3e4a flex-horizontal-align-default flex-horizontal-align-tablet-default flex-horizontal-align-mobile-default flex-vertical-align-default flex-vertical-align-tablet-default flex-vertical-align-mobile-default elementor-widget elementor-widget-thegem-styledimage\" data-id=\"5ac3e4a\" data-element_type=\"widget\" data-settings=\"{&quot;thegem_elementor_preset&quot;:&quot;style-2&quot;,&quot;image&quot;:{&quot;url&quot;:&quot;https:\\\/\\\/elfuerte.cl\\\/web\\\/wp-content\\\/uploads\\\/2025\\\/10\\\/bannerefdelsur.jpg&quot;,&quot;id&quot;:1540,&quot;size&quot;:&quot;&quot;,&quot;alt&quot;:&quot;&quot;,&quot;source&quot;:&quot;library&quot;},&quot;image_position&quot;:&quot;left&quot;}\" data-widget_type=\"thegem-styledimage.default\">\n\t\t\t\t<div class=\"elementor-widget-container\">\n\t\t\t\t\t\n<div class=\"styled-image-wrapper\">\n\t\t\t<div class=\"gem-image gem-wrapbox gem-wrapbox-style-2 gem-wrapbox-position-left lazy-loading \">\n\t\t\t<div class=\"gem-wrapbox-inner  lazy-loading-item\"  data-ll-effect=\"move-up\">\n\t\t\t\t\t\t\t\t<a href=\"#\">\n\t\t\t\t\t\t\t\t\t\t<img class=\"gem-wrapbox-element img-responsive \"\n\t\t\t\t\t\t src=\"https:\/\/elfuerte.cl\/web\/wp-content\/uploads\/2025\/10\/bannerefdelsur.jpg\"\n\t\t\t\t\t\t alt=\"bannerefdelsur\">\n\t\t\t\t\t\t\t\t\t\t\t\t\t\t<\/a>\n\t\t\t\t\t\t<\/div>\n\t\t<\/div>\n\t\t<\/div>\n\n\n\t\n\t\t\t\t\t\t<\/div>\n\t\t\t\t<\/div>\n\t\t\t\t\t<\/div>\n\t\t<\/div>\n\t\t\t\t<div class=\"elementor-column elementor-col-33 elementor-top-column elementor-element elementor-element-dfac7b7\" data-id=\"dfac7b7\" data-element_type=\"column\">\n\t\t\t<div class=\"elementor-widget-wrap elementor-element-populated\">\n\t\t\t\t\t\t<div class=\"elementor-element elementor-element-af7077d flex-horizontal-align-default flex-horizontal-align-tablet-default flex-horizontal-align-mobile-default flex-vertical-align-default flex-vertical-align-tablet-default flex-vertical-align-mobile-default elementor-widget elementor-widget-sidebar\" data-id=\"af7077d\" data-element_type=\"widget\" data-settings=\"{&quot;thegem_custom_css&quot;:&quot;.gem-pp-posts-image {\\r\\n    width: 72px;\\r\\n}\\r\\n.gem-pp-posts-image img {\\r\\n    border-radius: 50%;\\r\\n}\\r\\nselector h4 {\\r\\n    padding-top: 40px;\\r\\n}&quot;}\" data-widget_type=\"sidebar.default\">\n\t\t\t\t\t<aside id=\"media_image-3\" class=\"widget widget_media_image\"><img width=\"750\" height=\"750\" src=\"https:\/\/elfuerte.cl\/web\/wp-content\/uploads\/2025\/10\/bannerrojook.jpg\" class=\"image wp-image-1681  attachment-full size-full\" alt=\"\" style=\"max-width: 100%; height: auto;\" title=\"Banner\" srcset=\"https:\/\/elfuerte.cl\/web\/wp-content\/uploads\/2025\/10\/bannerrojook.jpg 750w, https:\/\/elfuerte.cl\/web\/wp-content\/uploads\/2025\/10\/bannerrojook-300x300.jpg 300w, https:\/\/elfuerte.cl\/web\/wp-content\/uploads\/2025\/10\/bannerrojook-150x150.jpg 150w, https:\/\/elfuerte.cl\/web\/wp-content\/uploads\/2025\/10\/bannerrojook-256x256.jpg 256w\" sizes=\"(max-width: 750px) 100vw, 750px\" \/><\/aside><aside id=\"categories-2\" class=\"widget widget_categories\"><h4 class=\"widget-title\">Secciones<\/h4>\n\t\t\t<ul>\n\t\t\t\t\t<li class=\"cat-item cat-item-21\"><a href=\"https:\/\/elfuerte.cl\/web\/category\/actualidad\/\" title=\"View all posts filed under Actualidad\">Actualidad<\/a>\n<\/li>\n\t<li class=\"cat-item cat-item-100\"><a href=\"https:\/\/elfuerte.cl\/web\/category\/destacados\/\" title=\"View all posts filed under Destacados\">Destacados<\/a>\n<\/li>\n\t<li class=\"cat-item cat-item-101\"><a href=\"https:\/\/elfuerte.cl\/web\/category\/region-ludica\/\" title=\"View all posts filed under Regi\u00f3n L\u00fadica\">Regi\u00f3n L\u00fadica<\/a>\n<\/li>\n\t<li class=\"cat-item cat-item-157\"><a href=\"https:\/\/elfuerte.cl\/web\/category\/sala-de-redaccion\/\" title=\"View all posts filed under Sala de Redacci\u00f3n\">Sala de Redacci\u00f3n<\/a>\n<\/li>\n\t\t\t<\/ul>\n\n\t\t\t<\/aside><aside id=\"custom_popular_posts-2\" class=\"widget Custom_Popular_Posts\"><h4 class=\"widget-title\">Populares<\/h4><ul class=\"posts  styled\"><li class=\"clearfix gem-pp-posts\"><div class=\"gem-pp-posts-image\"><a href=\"https:\/\/elfuerte.cl\/web\/2026\/04\/27\/intercambio-de-semillas-y-experiencias-conecta-comunidades-del-pais-en-torno-a-la-restauracion-del-bosque-nativo-en-los-rios\/\"><img src=\"https:\/\/elfuerte.cl\/web\/wp-content\/uploads\/2026\/04\/portada-2026-04-27T102238.493-thegem-post-thumb-large.jpg\" srcset=\"https:\/\/elfuerte.cl\/web\/wp-content\/uploads\/2026\/04\/portada-2026-04-27T102238.493-thegem-post-thumb-small.jpg 1x, https:\/\/elfuerte.cl\/web\/wp-content\/uploads\/2026\/04\/portada-2026-04-27T102238.493-thegem-post-thumb-large.jpg 2x\" alt=\"\"\/><\/a><\/div><div class=\"gem-pp-posts-text\"> <div class=\"gem-pp-posts-item\"><a href=\"https:\/\/elfuerte.cl\/web\/2026\/04\/27\/intercambio-de-semillas-y-experiencias-conecta-comunidades-del-pais-en-torno-a-la-restauracion-del-bosque-nativo-en-los-rios\/\">Intercambio de semillas y experiencias conecta comunidades del pa\u00eds en torno a la restauraci\u00f3n del bosque nativo en Los R\u00edos<\/a><\/div><div class=\"gem-pp-posts-date\">27\/04\/2026<\/div><\/div><\/li><li class=\"clearfix gem-pp-posts\"><div class=\"gem-pp-posts-image\"><a href=\"https:\/\/elfuerte.cl\/web\/2025\/10\/11\/recuperar-una-casa-y-un-icono-de-la-historia-lotina\/\"><img src=\"https:\/\/elfuerte.cl\/web\/wp-content\/uploads\/2025\/10\/actualidad003-copia-thegem-post-thumb-large.jpg\" srcset=\"https:\/\/elfuerte.cl\/web\/wp-content\/uploads\/2025\/10\/actualidad003-copia-thegem-post-thumb-small.jpg 1x, https:\/\/elfuerte.cl\/web\/wp-content\/uploads\/2025\/10\/actualidad003-copia-thegem-post-thumb-large.jpg 2x\" alt=\"\"\/><\/a><\/div><div class=\"gem-pp-posts-text\"> <div class=\"gem-pp-posts-item\"><a href=\"https:\/\/elfuerte.cl\/web\/2025\/10\/11\/recuperar-una-casa-y-un-icono-de-la-historia-lotina\/\">Recuperar una casa y un \u00edcono de la historia lotina<\/a><\/div><div class=\"gem-pp-posts-date\">11\/10\/2025<\/div><\/div><\/li><li class=\"clearfix gem-pp-posts\"><div class=\"gem-pp-posts-image\"><a href=\"https:\/\/elfuerte.cl\/web\/2025\/10\/08\/indap-impulsa-acceso-a-tierras-y-emprendimiento-para-juventudes-rurales-con-nuevo-programa-tierra-joven\/\"><img src=\"https:\/\/elfuerte.cl\/web\/wp-content\/uploads\/2025\/10\/actualidad001-copia-thegem-post-thumb-large.jpg\" srcset=\"https:\/\/elfuerte.cl\/web\/wp-content\/uploads\/2025\/10\/actualidad001-copia-thegem-post-thumb-small.jpg 1x, https:\/\/elfuerte.cl\/web\/wp-content\/uploads\/2025\/10\/actualidad001-copia-thegem-post-thumb-large.jpg 2x\" alt=\"\"\/><\/a><\/div><div class=\"gem-pp-posts-text\"> <div class=\"gem-pp-posts-item\"><a href=\"https:\/\/elfuerte.cl\/web\/2025\/10\/08\/indap-impulsa-acceso-a-tierras-y-emprendimiento-para-juventudes-rurales-con-nuevo-programa-tierra-joven\/\">INDAP impulsa acceso a tierras y emprendimiento para juventudes rurales con nuevo programa \u201cTierra Joven\u201d<\/a><\/div><div class=\"gem-pp-posts-date\">08\/10\/2025<\/div><\/div><\/li><li class=\"clearfix gem-pp-posts\"><div class=\"gem-pp-posts-image\"><a href=\"https:\/\/elfuerte.cl\/web\/2025\/09\/05\/la-derrota-que-dejo-al-gobierno-sin-brujula\/\"><img src=\"https:\/\/elfuerte.cl\/web\/wp-content\/uploads\/2025\/09\/actualidad004-thegem-post-thumb-large.jpg\" srcset=\"https:\/\/elfuerte.cl\/web\/wp-content\/uploads\/2025\/09\/actualidad004-thegem-post-thumb-small.jpg 1x, https:\/\/elfuerte.cl\/web\/wp-content\/uploads\/2025\/09\/actualidad004-thegem-post-thumb-large.jpg 2x\" alt=\"\"\/><\/a><\/div><div class=\"gem-pp-posts-text\"> <div class=\"gem-pp-posts-item\"><a href=\"https:\/\/elfuerte.cl\/web\/2025\/09\/05\/la-derrota-que-dejo-al-gobierno-sin-brujula\/\">La derrota que dej\u00f3 al gobierno sin br\u00fajula<\/a><\/div><div class=\"gem-pp-posts-date\">05\/09\/2025<\/div><\/div><\/li><\/ul><\/aside>\t\t\t\t<\/div>\n\t\t\t\t\t<\/div>\n\t\t<\/div>\n\t\t\t\t\t<\/div><\/div>\r\n\t\t<\/section>\r\n\t\t\t\t<\/div>\n\t\t","protected":false},"excerpt":{"rendered":"<p>El dise\u00f1o \u201cKil\u00f3metro Cero\u201d, creado por Paulina Schaffer, Angello Igor y Nicol\u00e1s Duarte, fue elegido por m\u00e1s de 10 mil votantes en el concurso del MOP y Sernatur. La obra se instalar\u00e1 en el parque Costanera y responde a la necesidad de modernizar el punto donde comienza la Carretera Austral, una iniciativa inspirada tambi\u00e9n en el llamado del periodista Claudio Iturra a relevar este emblem\u00e1tico lugar.<\/p>\n","protected":false},"author":1,"featured_media":2159,"comment_status":"closed","ping_status":"closed","sticky":false,"template":"single-fullwidth.php","format":"standard","meta":{"footnotes":""},"categories":[21,100],"tags":[65,260,262,261,199],"class_list":{"0":"post-2157","1":"post","2":"type-post","3":"status-publish","4":"format-standard","5":"has-post-thumbnail","7":"category-actualidad","8":"category-destacados","9":"tag-actualidad","10":"tag-carretera-austral","11":"tag-claudio-iturra","12":"tag-ministerio-de-obras-publicas","13":"tag-puerto-montt"},"menu_order":0,"_links":{"self":[{"href":"https:\/\/elfuerte.cl\/web\/wp-json\/wp\/v2\/posts\/2157","targetHints":{"allow":["GET"]}}],"collection":[{"href":"https:\/\/elfuerte.cl\/web\/wp-json\/wp\/v2\/posts"}],"about":[{"href":"https:\/\/elfuerte.cl\/web\/wp-json\/wp\/v2\/types\/post"}],"author":[{"embeddable":true,"href":"https:\/\/elfuerte.cl\/web\/wp-json\/wp\/v2\/users\/1"}],"replies":[{"embeddable":true,"href":"https:\/\/elfuerte.cl\/web\/wp-json\/wp\/v2\/comments?post=2157"}],"version-history":[{"count":10,"href":"https:\/\/elfuerte.cl\/web\/wp-json\/wp\/v2\/posts\/2157\/revisions"}],"predecessor-version":[{"id":2185,"href":"https:\/\/elfuerte.cl\/web\/wp-json\/wp\/v2\/posts\/2157\/revisions\/2185"}],"wp:featuredmedia":[{"embeddable":true,"href":"https:\/\/elfuerte.cl\/web\/wp-json\/wp\/v2\/media\/2159"}],"wp:attachment":[{"href":"https:\/\/elfuerte.cl\/web\/wp-json\/wp\/v2\/media?parent=2157"}],"wp:term":[{"taxonomy":"category","embeddable":true,"href":"https:\/\/elfuerte.cl\/web\/wp-json\/wp\/v2\/categories?post=2157"},{"taxonomy":"post_tag","embeddable":true,"href":"https:\/\/elfuerte.cl\/web\/wp-json\/wp\/v2\/tags?post=2157"}],"curies":[{"name":"wp","href":"https:\/\/api.w.org\/{rel}","templated":true}]}}