{"id":2288,"date":"2025-11-17T18:56:15","date_gmt":"2025-11-17T17:56:15","guid":{"rendered":"https:\/\/elfuerte.cl\/web\/?p=2288"},"modified":"2025-11-24T17:18:38","modified_gmt":"2025-11-24T16:18:38","slug":"el-sur-eligio-a-sus-representantes-al-parlamento-en-una-civica-jornada-electoral","status":"publish","type":"post","link":"https:\/\/elfuerte.cl\/web\/2025\/11\/17\/el-sur-eligio-a-sus-representantes-al-parlamento-en-una-civica-jornada-electoral\/","title":{"rendered":"El sur eligi\u00f3 a sus representantes al  parlamento en una c\u00edvica jornada electoral"},"content":{"rendered":"\t\t<div data-elementor-type=\"wp-post\" data-elementor-id=\"2288\" class=\"elementor elementor-2288\">\n\t\t\t\t\t\t<section class=\"elementor-section elementor-top-section elementor-element elementor-element-464cea7 elementor-section-boxed elementor-section-height-default elementor-section-height-default\" data-id=\"464cea7\" data-element_type=\"section\">\r\n\t\t\t\t\t\t<div class=\"elementor-container elementor-column-gap-thegem\"><div class=\"elementor-row\">\r\n\t\t\t\t\t<div class=\"elementor-column elementor-col-66 elementor-top-column elementor-element elementor-element-2f44c54\" data-id=\"2f44c54\" data-element_type=\"column\">\n\t\t\t<div class=\"elementor-widget-wrap elementor-element-populated\">\n\t\t\t\t\t\t<div class=\"elementor-element elementor-element-ab386a6 flex-horizontal-align-default flex-horizontal-align-tablet-default flex-horizontal-align-mobile-default flex-vertical-align-default flex-vertical-align-tablet-default flex-vertical-align-mobile-default elementor-widget elementor-widget-heading\" data-id=\"ab386a6\" data-element_type=\"widget\" data-widget_type=\"heading.default\">\n\t\t\t\t\t<div class=\"title-h1 elementor-heading-title elementor-size-default\">El sur eligi\u00f3 a sus representantes al  parlamento en una c\u00edvica jornada electoral<\/div>\t\t\t\t<\/div>\n\t\t\t\t<div class=\"elementor-element elementor-element-8427bf3 flex-horizontal-align-default flex-horizontal-align-tablet-default flex-horizontal-align-mobile-default flex-vertical-align-default flex-vertical-align-tablet-default flex-vertical-align-mobile-default elementor-widget elementor-widget-text-editor\" data-id=\"8427bf3\" data-element_type=\"widget\" data-widget_type=\"text-editor.default\">\n\t\t\t\t\t\t\t\t\t\t\t\t<div class=\"elementor-text-editor elementor-clearfix\">\r\n\t\t\t\t\t\t<p><strong>En las regiones de Biob\u00edo, Araucan\u00eda, Los R\u00edos y Los Lagos hubo un total de 286 candidatos, de los cuales resultado electos 38 en la C\u00e1mara de Diputados y 5 en el Senado.<\/strong><\/p><p>En completa normalidad se desarroll\u00f3 el proceso electoral presidencial y parlamentario en la Macrozona Sur, que abarca las regiones del Biob\u00edo, La Araucan\u00eda, Los R\u00edos y Los Lagos. El proceso se realiz\u00f3 sin incidentes, gracias a la colaboraci\u00f3n ciudadana y al despliegue coordinado de las Fuerzas Armadas, Carabineros, Gendarmer\u00eda, Polic\u00eda de Investigaciones y los servicios p\u00fablicos.<\/p><p>En esta macrozona, cerca de 3.400.000 personas estaban habilitadas para votar. En total participaron 286 candidatos parlamentarios (261 a la C\u00e1mara y 25 al Senado), resultando electos 43 parlamentarios: 38 diputados y 5 senadores, de los cuales 30 son hombres (69,7%) y 13 son mujeres (30,3%), reflejando una composici\u00f3n mayoritariamente masculina en los siete distritos electorales y en la circunscripci\u00f3n senatorial de La Araucan\u00eda.<\/p><p><br \/><strong>Regi\u00f3n del Biob\u00edo \u2013 Distrito 20 (62 candidatos \/ 8 electos)<\/strong><br \/>\u2022 &#8211; Antonio Rivas (PS) \u2013 4,63%<br \/>\u2022 &#8211; \u00c1lvaro Ortiz Vera (DC) \u2013 7,13%<br \/>\u2022 &#8211; Patricio Briones (PDG) \u2013 3,09%<br \/>\u2022 &#8211; Sergio Bobadilla (UDI) \u2013 3,27%<br \/>\u2022 &#8211; Marlene P\u00e9rez (Ind\u2013UDI) \u2013 4,53%<br \/>\u2022 &#8211; Francesca Mu\u00f1oz (PS) \u2013 9,20%<br \/>\u2022 &#8211; Alberto Arroyo (PS) \u2013 1,34%<br \/>\u2022 &#8211; Paz Charpentier (Republicanos) \u2013 7,66%<\/p><p><br \/><strong>Regi\u00f3n del Biob\u00edo \u2013 Distrito 21 (34 candidatos \/ 5 electos)<\/strong><br \/>\u2022 &#8211; Patricio Pinilla (DC) \u2013 5,13%<br \/>\u2022 &#8211; Ninian Betancourt (PDG) \u2013 3,71%<br \/>\u2022 &#8211; Johanna P\u00e9rez (Dem\u00f3cratas) \u2013 8,41%<br \/>\u2022 &#8211; Flor Weisse (UDI) \u2013 9,25%<br \/>\u2022 &#8211; Crist\u00f3bal Urruticoechea (PNL) \u2013 7,16%<\/p><p><br \/><strong>Regi\u00f3n de La Araucan\u00eda \u2013 Distrito 22 (30 candidatos \/ 4 electos)<\/strong><br \/>\u2022 &#8211; Andrea Parra (PPD) \u2013 7,42%<br \/>\u2022 &#8211; Juan Carlos Beltr\u00e1n (RN) \u2013 13,25%<br \/>\u2022 &#8211; Eduardo Cret\u00f3n (UDI) \u2013 15,25%<br \/>\u2022 &#8211; Gloria Naveill\u00e1n (PNL) \u2013 8,43%<\/p><p><br \/><strong>Regi\u00f3n de La Araucan\u00eda \u2013 Distrito 23 (55 candidatos \/ 7 electos)<\/strong><br \/>\u2022 &#8211; Jos\u00e9 Montalva (Ind\u2013PPD) \u2013 7,91%<br \/>\u2022 &#8211; Coca \u00d1anco (Frente Amplio) \u2013 6,63%<br \/>\u2022 &#8211; Flor Contreras (PDG) \u2013 2,51%<br \/>\u2022 &#8211; Tom\u00e1s Kast (Ev\u00f3poli) \u2013 8,14%<br \/>\u2022 &#8211; Ren\u00e9 Manuel Garc\u00eda (RN) \u2013 4,23%<br \/>\u2022 &#8211; Stefan Schubert (Republicanos) \u2013 9,50%<br \/>\u2022 &#8211; Cristian Neira (Republicanos) \u2013 3,27%<\/p><p><br \/><strong>Regi\u00f3n de Los R\u00edos \u2013 Distrito 24 (27 candidatos \/ 5 electos)<\/strong><br \/>\u2022 &#8211; Marcos Ilavaca (PS) \u2013 13%<br \/>\u2022 &#8211; Mat\u00edas Fern\u00e1ndez (Frente Amplio) \u2013 10,12%<br \/>\u2022 &#8211; Omar Sabat (Ind\u2013UDI) \u2013 10,25%<br \/>\u2022 &#8211; Daniel Valenzuela (Ind\u2013RN) \u2013 5,81%<br \/>\u2022 &#8211; Leandro Kuntzmann (Republicanos) \u2013 9,03%<\/p><p><br \/><strong>Regi\u00f3n de Los Lagos \u2013 Distrito 25 (24 candidatos \/ 4 electos)<\/strong><br \/>\u2022 &#8211; H\u00e9ctor Barr\u00eda (DC) \u2013 13,74%<br \/>\u2022 &#8211; Emilia Nuyado (PS) \u2013 13,04%<br \/>\u2022 &#8211; Daniel Lilay\u00fa (UDI) \u2013 15,58%<br \/>\u2022 &#8211; Paulina Mu\u00f1oz (PNL) \u2013 8,63%<\/p><p><br \/><strong>Regi\u00f3n de Los Lagos \u2013 Distrito 26 (29 candidatos \/ 5 electos)<\/strong><br \/>\u2022 &#8211; Sergio Ulloa (Ind\u2013PPD) \u2013 6,88%<br \/>\u2022 &#8211; Alejandro Bernales (PL) \u2013 11,93%<br \/>\u2022 &#8211; Alex Nahuelqu\u00edn (PDG) \u2013 10,21%<br \/>\u2022 &#8211; Mauro Gonz\u00e1lez (RN) \u2013 11,85%<br \/>\u2022 &#8211; Claudia Reyes (Republicanos) \u2013 10,39%<\/p><p><br \/><strong>Circunscripci\u00f3n Senatorial 11 \u2013 La Araucan\u00eda (25 candidatos \/ 5 electos)<\/strong><br \/>\u2022 &#8211; Francisco Huenchumilla (DC) \u2013 8,59%<br \/>\u2022 &#8211; Ricardo Celis (Ind\u2013PPD) \u2013 6,15%<br \/>\u2022 &#8211; Miguel Becker (RN) \u2013 7,41%<br \/>\u2022 &#8211; Vanessa Kaiser (PNL) \u2013 8,90%<br \/>\u2022 &#8211; Rodolfo Carter (Ind\u2013Republicanos) \u2013 14,47%<\/p><h4><br \/>Segunda vuelta presidencial<\/h4><p>Finalizado el proceso electoral, el pa\u00eds se prepara para la segunda vuelta presidencial del 14 de diciembre, en la que competir\u00e1n Jeanette Jara, candidata del gobierno (28,85%), y Jos\u00e9 Antonio Kast, del Partido Republicano (23,92%). Las nuevas autoridades parlamentarias y presidenciales asumir\u00e1n sus funciones en marzo del pr\u00f3ximo a\u00f1o, con la ceremonia oficial de traspaso de mando en el Congreso Nacional.<\/p><p><br \/><strong>Prensa El Fuerte<\/strong><\/p>\t\t\t\t\t\t\t<\/div>\r\n\t\t\t\t\t\t\t\t\t\t<\/div>\n\t\t\t\t<div class=\"elementor-element elementor-element-5ac3e4a flex-horizontal-align-default flex-horizontal-align-tablet-default flex-horizontal-align-mobile-default flex-vertical-align-default flex-vertical-align-tablet-default flex-vertical-align-mobile-default elementor-widget elementor-widget-thegem-styledimage\" data-id=\"5ac3e4a\" data-element_type=\"widget\" data-settings=\"{&quot;thegem_elementor_preset&quot;:&quot;style-2&quot;,&quot;image&quot;:{&quot;url&quot;:&quot;https:\\\/\\\/elfuerte.cl\\\/web\\\/wp-content\\\/uploads\\\/2025\\\/10\\\/bannerefdelsur.jpg&quot;,&quot;id&quot;:1540,&quot;size&quot;:&quot;&quot;,&quot;alt&quot;:&quot;&quot;,&quot;source&quot;:&quot;library&quot;},&quot;image_position&quot;:&quot;left&quot;}\" data-widget_type=\"thegem-styledimage.default\">\n\t\t\t\t<div class=\"elementor-widget-container\">\n\t\t\t\t\t\n<div class=\"styled-image-wrapper\">\n\t\t\t<div class=\"gem-image gem-wrapbox gem-wrapbox-style-2 gem-wrapbox-position-left lazy-loading \">\n\t\t\t<div class=\"gem-wrapbox-inner  lazy-loading-item\"  data-ll-effect=\"move-up\">\n\t\t\t\t\t\t\t\t<a href=\"#\">\n\t\t\t\t\t\t\t\t\t\t<img class=\"gem-wrapbox-element img-responsive \"\n\t\t\t\t\t\t src=\"https:\/\/elfuerte.cl\/web\/wp-content\/uploads\/2025\/10\/bannerefdelsur.jpg\"\n\t\t\t\t\t\t alt=\"bannerefdelsur\">\n\t\t\t\t\t\t\t\t\t\t\t\t\t\t<\/a>\n\t\t\t\t\t\t<\/div>\n\t\t<\/div>\n\t\t<\/div>\n\n\n\t\n\t\t\t\t\t\t<\/div>\n\t\t\t\t<\/div>\n\t\t\t\t\t<\/div>\n\t\t<\/div>\n\t\t\t\t<div class=\"elementor-column elementor-col-33 elementor-top-column elementor-element elementor-element-dfac7b7\" data-id=\"dfac7b7\" data-element_type=\"column\">\n\t\t\t<div class=\"elementor-widget-wrap elementor-element-populated\">\n\t\t\t\t\t\t<div class=\"elementor-element elementor-element-af7077d flex-horizontal-align-default flex-horizontal-align-tablet-default flex-horizontal-align-mobile-default flex-vertical-align-default flex-vertical-align-tablet-default flex-vertical-align-mobile-default elementor-widget elementor-widget-sidebar\" data-id=\"af7077d\" data-element_type=\"widget\" data-settings=\"{&quot;thegem_custom_css&quot;:&quot;.gem-pp-posts-image {\\r\\n    width: 72px;\\r\\n}\\r\\n.gem-pp-posts-image img {\\r\\n    border-radius: 50%;\\r\\n}\\r\\nselector h4 {\\r\\n    padding-top: 40px;\\r\\n}&quot;}\" data-widget_type=\"sidebar.default\">\n\t\t\t\t\t<aside id=\"media_image-3\" class=\"widget widget_media_image\"><img width=\"750\" height=\"750\" src=\"https:\/\/elfuerte.cl\/web\/wp-content\/uploads\/2025\/10\/bannerrojook.jpg\" class=\"image wp-image-1681  attachment-full size-full\" alt=\"\" style=\"max-width: 100%; height: auto;\" title=\"Banner\" srcset=\"https:\/\/elfuerte.cl\/web\/wp-content\/uploads\/2025\/10\/bannerrojook.jpg 750w, https:\/\/elfuerte.cl\/web\/wp-content\/uploads\/2025\/10\/bannerrojook-300x300.jpg 300w, https:\/\/elfuerte.cl\/web\/wp-content\/uploads\/2025\/10\/bannerrojook-150x150.jpg 150w, https:\/\/elfuerte.cl\/web\/wp-content\/uploads\/2025\/10\/bannerrojook-256x256.jpg 256w\" sizes=\"(max-width: 750px) 100vw, 750px\" \/><\/aside><aside id=\"categories-2\" class=\"widget widget_categories\"><h4 class=\"widget-title\">Secciones<\/h4>\n\t\t\t<ul>\n\t\t\t\t\t<li class=\"cat-item cat-item-21\"><a href=\"https:\/\/elfuerte.cl\/web\/category\/actualidad\/\" title=\"View all posts filed under Actualidad\">Actualidad<\/a>\n<\/li>\n\t<li class=\"cat-item cat-item-100\"><a href=\"https:\/\/elfuerte.cl\/web\/category\/destacados\/\" title=\"View all posts filed under Destacados\">Destacados<\/a>\n<\/li>\n\t<li class=\"cat-item cat-item-101\"><a href=\"https:\/\/elfuerte.cl\/web\/category\/region-ludica\/\" title=\"View all posts filed under Regi\u00f3n L\u00fadica\">Regi\u00f3n L\u00fadica<\/a>\n<\/li>\n\t<li class=\"cat-item cat-item-157\"><a href=\"https:\/\/elfuerte.cl\/web\/category\/sala-de-redaccion\/\" title=\"View all posts filed under Sala de Redacci\u00f3n\">Sala de Redacci\u00f3n<\/a>\n<\/li>\n\t\t\t<\/ul>\n\n\t\t\t<\/aside><aside id=\"custom_popular_posts-2\" class=\"widget Custom_Popular_Posts\"><h4 class=\"widget-title\">Populares<\/h4><ul class=\"posts  styled\"><li class=\"clearfix gem-pp-posts\"><div class=\"gem-pp-posts-image\"><a href=\"https:\/\/elfuerte.cl\/web\/2026\/04\/27\/intercambio-de-semillas-y-experiencias-conecta-comunidades-del-pais-en-torno-a-la-restauracion-del-bosque-nativo-en-los-rios\/\"><img src=\"https:\/\/elfuerte.cl\/web\/wp-content\/uploads\/2026\/04\/portada-2026-04-27T102238.493-thegem-post-thumb-large.jpg\" srcset=\"https:\/\/elfuerte.cl\/web\/wp-content\/uploads\/2026\/04\/portada-2026-04-27T102238.493-thegem-post-thumb-small.jpg 1x, https:\/\/elfuerte.cl\/web\/wp-content\/uploads\/2026\/04\/portada-2026-04-27T102238.493-thegem-post-thumb-large.jpg 2x\" alt=\"\"\/><\/a><\/div><div class=\"gem-pp-posts-text\"> <div class=\"gem-pp-posts-item\"><a href=\"https:\/\/elfuerte.cl\/web\/2026\/04\/27\/intercambio-de-semillas-y-experiencias-conecta-comunidades-del-pais-en-torno-a-la-restauracion-del-bosque-nativo-en-los-rios\/\">Intercambio de semillas y experiencias conecta comunidades del pa\u00eds en torno a la restauraci\u00f3n del bosque nativo en Los R\u00edos<\/a><\/div><div class=\"gem-pp-posts-date\">27\/04\/2026<\/div><\/div><\/li><li class=\"clearfix gem-pp-posts\"><div class=\"gem-pp-posts-image\"><a href=\"https:\/\/elfuerte.cl\/web\/2025\/10\/11\/recuperar-una-casa-y-un-icono-de-la-historia-lotina\/\"><img src=\"https:\/\/elfuerte.cl\/web\/wp-content\/uploads\/2025\/10\/actualidad003-copia-thegem-post-thumb-large.jpg\" srcset=\"https:\/\/elfuerte.cl\/web\/wp-content\/uploads\/2025\/10\/actualidad003-copia-thegem-post-thumb-small.jpg 1x, https:\/\/elfuerte.cl\/web\/wp-content\/uploads\/2025\/10\/actualidad003-copia-thegem-post-thumb-large.jpg 2x\" alt=\"\"\/><\/a><\/div><div class=\"gem-pp-posts-text\"> <div class=\"gem-pp-posts-item\"><a href=\"https:\/\/elfuerte.cl\/web\/2025\/10\/11\/recuperar-una-casa-y-un-icono-de-la-historia-lotina\/\">Recuperar una casa y un \u00edcono de la historia lotina<\/a><\/div><div class=\"gem-pp-posts-date\">11\/10\/2025<\/div><\/div><\/li><li class=\"clearfix gem-pp-posts\"><div class=\"gem-pp-posts-image\"><a href=\"https:\/\/elfuerte.cl\/web\/2025\/10\/08\/indap-impulsa-acceso-a-tierras-y-emprendimiento-para-juventudes-rurales-con-nuevo-programa-tierra-joven\/\"><img src=\"https:\/\/elfuerte.cl\/web\/wp-content\/uploads\/2025\/10\/actualidad001-copia-thegem-post-thumb-large.jpg\" srcset=\"https:\/\/elfuerte.cl\/web\/wp-content\/uploads\/2025\/10\/actualidad001-copia-thegem-post-thumb-small.jpg 1x, https:\/\/elfuerte.cl\/web\/wp-content\/uploads\/2025\/10\/actualidad001-copia-thegem-post-thumb-large.jpg 2x\" alt=\"\"\/><\/a><\/div><div class=\"gem-pp-posts-text\"> <div class=\"gem-pp-posts-item\"><a href=\"https:\/\/elfuerte.cl\/web\/2025\/10\/08\/indap-impulsa-acceso-a-tierras-y-emprendimiento-para-juventudes-rurales-con-nuevo-programa-tierra-joven\/\">INDAP impulsa acceso a tierras y emprendimiento para juventudes rurales con nuevo programa \u201cTierra Joven\u201d<\/a><\/div><div class=\"gem-pp-posts-date\">08\/10\/2025<\/div><\/div><\/li><li class=\"clearfix gem-pp-posts\"><div class=\"gem-pp-posts-image\"><a href=\"https:\/\/elfuerte.cl\/web\/2025\/09\/05\/la-derrota-que-dejo-al-gobierno-sin-brujula\/\"><img src=\"https:\/\/elfuerte.cl\/web\/wp-content\/uploads\/2025\/09\/actualidad004-thegem-post-thumb-large.jpg\" srcset=\"https:\/\/elfuerte.cl\/web\/wp-content\/uploads\/2025\/09\/actualidad004-thegem-post-thumb-small.jpg 1x, https:\/\/elfuerte.cl\/web\/wp-content\/uploads\/2025\/09\/actualidad004-thegem-post-thumb-large.jpg 2x\" alt=\"\"\/><\/a><\/div><div class=\"gem-pp-posts-text\"> <div class=\"gem-pp-posts-item\"><a href=\"https:\/\/elfuerte.cl\/web\/2025\/09\/05\/la-derrota-que-dejo-al-gobierno-sin-brujula\/\">La derrota que dej\u00f3 al gobierno sin br\u00fajula<\/a><\/div><div class=\"gem-pp-posts-date\">05\/09\/2025<\/div><\/div><\/li><\/ul><\/aside>\t\t\t\t<\/div>\n\t\t\t\t\t<\/div>\n\t\t<\/div>\n\t\t\t\t\t<\/div><\/div>\r\n\t\t<\/section>\r\n\t\t\t\t<\/div>\n\t\t","protected":false},"excerpt":{"rendered":"<p>En las regiones de Biob\u00edo, Araucan\u00eda, Los R\u00edos y Los Lagos hubo un total de 286 candidatos, de los cuales resultado electos 38 en la C\u00e1mara de Diputados y 5 en el Senado.<\/p>\n","protected":false},"author":1,"featured_media":2290,"comment_status":"closed","ping_status":"closed","sticky":false,"template":"single-fullwidth.php","format":"standard","meta":{"footnotes":""},"categories":[21],"tags":[65,253,281,254],"class_list":{"0":"post-2288","1":"post","2":"type-post","3":"status-publish","4":"format-standard","5":"has-post-thumbnail","7":"category-actualidad","8":"tag-actualidad","9":"tag-elecciones-2025","10":"tag-parlamentarias","11":"tag-servel"},"menu_order":0,"_links":{"self":[{"href":"https:\/\/elfuerte.cl\/web\/wp-json\/wp\/v2\/posts\/2288","targetHints":{"allow":["GET"]}}],"collection":[{"href":"https:\/\/elfuerte.cl\/web\/wp-json\/wp\/v2\/posts"}],"about":[{"href":"https:\/\/elfuerte.cl\/web\/wp-json\/wp\/v2\/types\/post"}],"author":[{"embeddable":true,"href":"https:\/\/elfuerte.cl\/web\/wp-json\/wp\/v2\/users\/1"}],"replies":[{"embeddable":true,"href":"https:\/\/elfuerte.cl\/web\/wp-json\/wp\/v2\/comments?post=2288"}],"version-history":[{"count":7,"href":"https:\/\/elfuerte.cl\/web\/wp-json\/wp\/v2\/posts\/2288\/revisions"}],"predecessor-version":[{"id":2296,"href":"https:\/\/elfuerte.cl\/web\/wp-json\/wp\/v2\/posts\/2288\/revisions\/2296"}],"wp:featuredmedia":[{"embeddable":true,"href":"https:\/\/elfuerte.cl\/web\/wp-json\/wp\/v2\/media\/2290"}],"wp:attachment":[{"href":"https:\/\/elfuerte.cl\/web\/wp-json\/wp\/v2\/media?parent=2288"}],"wp:term":[{"taxonomy":"category","embeddable":true,"href":"https:\/\/elfuerte.cl\/web\/wp-json\/wp\/v2\/categories?post=2288"},{"taxonomy":"post_tag","embeddable":true,"href":"https:\/\/elfuerte.cl\/web\/wp-json\/wp\/v2\/tags?post=2288"}],"curies":[{"name":"wp","href":"https:\/\/api.w.org\/{rel}","templated":true}]}}