{"id":2521,"date":"2025-12-03T14:18:34","date_gmt":"2025-12-03T13:18:34","guid":{"rendered":"https:\/\/elfuerte.cl\/web\/?p=2521"},"modified":"2025-12-04T14:22:57","modified_gmt":"2025-12-04T13:22:57","slug":"ironman-2026-un-desafio-mayor-que-implica-4-mil-atletas-y-mas-de-20-mil-espectadores","status":"publish","type":"post","link":"https:\/\/elfuerte.cl\/web\/2025\/12\/03\/ironman-2026-un-desafio-mayor-que-implica-4-mil-atletas-y-mas-de-20-mil-espectadores\/","title":{"rendered":"Ironman 2026: un desaf\u00edo mayor que implica 4 mil atletas y m\u00e1s de 20 mil espectadores"},"content":{"rendered":"\t\t<div data-elementor-type=\"wp-post\" data-elementor-id=\"2521\" class=\"elementor elementor-2521\">\n\t\t\t\t\t\t<section class=\"elementor-section elementor-top-section elementor-element elementor-element-464cea7 elementor-section-boxed elementor-section-height-default elementor-section-height-default\" data-id=\"464cea7\" data-element_type=\"section\">\r\n\t\t\t\t\t\t<div class=\"elementor-container elementor-column-gap-thegem\"><div class=\"elementor-row\">\r\n\t\t\t\t\t<div class=\"elementor-column elementor-col-66 elementor-top-column elementor-element elementor-element-2f44c54\" data-id=\"2f44c54\" data-element_type=\"column\">\n\t\t\t<div class=\"elementor-widget-wrap elementor-element-populated\">\n\t\t\t\t\t\t<div class=\"elementor-element elementor-element-ab386a6 flex-horizontal-align-default flex-horizontal-align-tablet-default flex-horizontal-align-mobile-default flex-vertical-align-default flex-vertical-align-tablet-default flex-vertical-align-mobile-default elementor-widget elementor-widget-heading\" data-id=\"ab386a6\" data-element_type=\"widget\" data-widget_type=\"heading.default\">\n\t\t\t\t\t<div class=\"title-h1 elementor-heading-title elementor-size-default\">Ironman 2026: un desaf\u00edo mayor que implica 4 mil atletas y m\u00e1s de 20 mil espectadores<\/div>\t\t\t\t<\/div>\n\t\t\t\t<div class=\"elementor-element elementor-element-8427bf3 flex-horizontal-align-default flex-horizontal-align-tablet-default flex-horizontal-align-mobile-default flex-vertical-align-default flex-vertical-align-tablet-default flex-vertical-align-mobile-default elementor-widget elementor-widget-text-editor\" data-id=\"8427bf3\" data-element_type=\"widget\" data-widget_type=\"text-editor.default\">\n\t\t\t\t\t\t\t\t\t\t\t\t<div class=\"elementor-text-editor elementor-clearfix\">\r\n\t\t\t\t\t\t<p><strong>De acuerdo al balance informado ayer por las autoridades locales, m\u00e1s de diez mil personas llegaron a Valdivia, lo que deriv\u00f3 en un 100% de ocupaci\u00f3n hotelera, y un reporte de gran actividad econ\u00f3mica en los casi cien comercios adheridos al Ironman 70.3. Para el pr\u00f3ximo a\u00f1o, se espera duplicar las cifras al organizar un Ironman Full.<\/strong><\/p><p>A\u00fan no se apagan los gritos de apoyo de los miles de personas que siguieron en detalle la realizaci\u00f3n del Ironman 70.3, realizado en Valdivia el pasado domingo 30 de noviembre, cuando organizadores y autoridades ya trabajan en lo que ser\u00e1 el pr\u00f3ximo a\u00f1o el desaf\u00edo de realizar el Ironman Full, que implica el doble de distancias, el doble de deportistas y el doble de visitantes. Un desaf\u00edo gigante pero la ciudad est\u00e1 preparada para enfrentarlo, tal como lo demostr\u00f3 durante el fin de semana.<\/p><p><br \/>De acuerdo al balance informado ayer por las autoridades locales, m\u00e1s de diez mil personas llegaron a Valdivia, lo que deriv\u00f3 en un 100% de ocupaci\u00f3n hotelera, y un reporte de gran actividad econ\u00f3mica en los casi cien comercios adheridos al Ironman 70.3.<\/p><p><br \/>Los empresarios locales tuvieron que adaptarse a las exigencias de los competidores e incorporar una oferta especial para esos d\u00edas, con mucha pasta y prote\u00ednas en el caso de los restaurantes, adem\u00e1s de la extensi\u00f3n horaria, ya que el comercio local funcion\u00f3 casi con normalidad durante todo el domingo.<\/p><p><br \/><strong>Desaf\u00edo 2026<\/strong><br \/>Como ya lo dio a conocer \u201cEl Fuerte Noticias\u201d en su edici\u00f3n del domingo, el pr\u00f3ximo a\u00f1o Valdivia ser\u00e1 escenario de un Ironman completo, convirti\u00e9ndose en una de las pocas ciudades del continente americano que registra este tipo de eventos, poni\u00e9ndose a la altura de las competencias como Hawai, Nueva York y Texas, en Estados Unidos; Mont Trembland, en Canad\u00e1; Florian\u00f3polis en Brasil y Mar del Plata, en Argentina, de acuerdo a lo que informa la programaci\u00f3n publicada en la p\u00e1gina oficial del Ironman en Internet.<\/p><p><br \/>El pr\u00f3ximo a\u00f1o, la competencia de nado sera de cuatro kil\u00f3metros, seguido de 180 kil\u00f3metros de ciclismo para finalizar con una marat\u00f3n completa por la avenida Costanera, 42 kil\u00f3metros, en una prueba que pretende reunir a m\u00e1s de cuatro mil corredores y el doble de asistentes de los registrados en esta oportunidad. Por tanto, el pr\u00f3ximo a\u00f1o la carrera deber\u00eda registrar una convocatoria de unas 25 mil personas, entre p\u00fablico y competidores.<\/p><p><br \/>La log\u00edstica en dicha oportunidad implicar\u00e1 duplicar todo el dispositivo de seguridad, tanto en tierra como en el agua. Si este a\u00f1o Carabineros dispuso 235 efectivos, provenientes de diferentes reparticiones de la ciudad y de regiones aleda\u00f1as, y la Armada cont\u00f3 con la participaci\u00f3n de 50 funcionarios, para el 2026 esa cantidad deber\u00e1 superar las 500 personas desplegadas para el evento.<\/p><p><br \/>Ello, significa un trabajo de coordinaci\u00f3n, log\u00edstica y despliegue de recursos humanos y t\u00e9cnicos que implicar\u00e1 un compromiso mayor de autoridades pol\u00edticas, municipales, de la organizaci\u00f3n y la sociedad entera para que Valdivia est\u00e9 a la altura y se consolide como una ciudad para la realizaci\u00f3n de este tipo de competencias al aire libre con proyecci\u00f3n internacional. Hay que considerar, que en marzo habr\u00e1 cambio de autoridades pol\u00edticas, independiente de quien gane las elecciones, por lo que al poco andar, tendr\u00e1n que responder ante un un operativo de marca mayor que no debe dejar espacios para la improvisaci\u00f3n.<\/p><p><br \/><strong>El back stage del Ironman<\/strong><br \/>Una vez finalizada la prueba del domingo, en la gran carpa ubicada en el sector del Helipuerto en la avenida Costanera, los dos mil 200 atletas recibieron atenci\u00f3n m\u00e9dica y kinesiol\u00f3gica, muy necesarias para distender m\u00fasculos despu\u00e9s de tanta exigencia f\u00edsica. Para ello, los organizadores contaron con la colaboraci\u00f3n de empresas locales como es el caso de la Cl\u00ednica Costanera.<\/p><p><br \/>Tambi\u00e9n hubo alimentaci\u00f3n y l\u00edquidos para recuperar fuerzas, donde empresas como Carozzi, Jumbo, Kustmann, Entre Lagos, entre otras, tambi\u00e9n colaboraron para que los deportistas tuvieran una variada oferta de productos para disfrutar la \u00faltima fase de la prueba. En esos momentos, ya m\u00e1s relajados, se vivieron momentos de mucha alegr\u00eda y camarader\u00eda, lo que demuestra el esp\u00edritu solidario que caracteriza a estos competidores, hijos del rigor, pero que son capaces de reconocer el esfuerzo de sus oponentes.<\/p><p><br \/><strong>Nota humana<\/strong><br \/>Un caso de grandeza humana que pas\u00f3 muy inadvertido por los medios, fue el que protagoniz\u00f3 el paratleta ciego, Luis Guti\u00e9rrez, quien realiz\u00f3 la prueba completa acompa\u00f1ado de su gu\u00eda, Sebasti\u00e1n Saldivia, funcionario del Ej\u00e9rcito, quienes recibieron el aplauso del p\u00fablico al momento de cruzar la meta.<\/p><p><br \/>En conversaci\u00f3n con \u201cEl Fuerte Noticias\u201d, Luis Guti\u00e9rrez se mostr\u00f3 muy satisfecho del logro alcanzado al haber terminado el Ironman. \u201cEl pueblo valdiviano es tremendo. Agradezco a los organizadores por la invitaci\u00f3n; fue una verdadera locura competir con lluvia y viento, pero sali\u00f3 todo incre\u00edble. Tambi\u00e9n quiero destacar la labor de Sebasti\u00e1n Saldivia, quien me gui\u00f3 en las tres disciplinas y cumpli\u00f3 un rol fundamental. Estoy feliz con lo realizado\u201d, coment\u00f3.<\/p><p><br \/>El momento m\u00e1s duro de la prueba fue la bicicleta, a lo que el deportista explic\u00f3 que \u201cel viento y la lluvia la hicieron muy exigente, y adem\u00e1s nuestra bicicleta mide dos metros y medio, por lo que el trabajo del gu\u00eda para manejar el volante es realmente impresionante. Pero lo logramos, aqu\u00ed estamos\u201d<\/p><p><br \/>Luis Guti\u00e9rrez era funcionario de Carabineros, y en un procedimiento policial recibi\u00f3 un impacto de bala en la cabeza, que lo dej\u00f3 ciego. Consultado al respecto, dej\u00f3 un sentido mensaje. \u201cNo esperen a que les pase algo. Yo era empleado p\u00fablico, recib\u00ed un balazo en la cabeza, qued\u00e9 ciego y no hac\u00eda deporte. No esperen a vivir algo as\u00ed para descubrir lo hermoso que es el deporte.\u201d<\/p><p><br \/>El gu\u00eda que lo acompa\u00f1\u00f3 en el Ironman fue Sebasti\u00e1n Saldivia, quien coment\u00f3 respecto de la experiencia que \u201cfue \u00fanica, una versi\u00f3n completamente distinta del triatl\u00f3n. Luis es una persona extraordinaria, con un car\u00e1cter impresionante y una resiliencia incre\u00edble\u201d, y agreg\u00f3 que \u201cm\u00e1s all\u00e1 del resultado, esto tambi\u00e9n es una oportunidad para mostrar que el deporte no es solo exigencia, sino salud: para los ni\u00f1os, para los adultos y, especialmente, para quienes sufren las consecuencias del sedentarismo. Cualquier nivel de actividad f\u00edsica, incluso el m\u00ednimo, hace una diferencia enorme\u201d.<\/p><p><br \/>Finalmente, agreg\u00f3 que \u201cestoy muy contento de haber acompa\u00f1ado a Luis. Su ejemplo es una inspiraci\u00f3n para muchas personas.\u201d<\/p><p><br \/><strong>Marcelo Patroni, director de El Fuerte<\/strong><\/p>\t\t\t\t\t\t\t<\/div>\r\n\t\t\t\t\t\t\t\t\t\t<\/div>\n\t\t\t\t<div class=\"elementor-element elementor-element-f75efa7 flex-horizontal-align-default flex-horizontal-align-tablet-default flex-horizontal-align-mobile-default flex-vertical-align-default flex-vertical-align-tablet-default flex-vertical-align-mobile-default elementor-widget elementor-widget-image-gallery\" data-id=\"f75efa7\" data-element_type=\"widget\" data-widget_type=\"image-gallery.default\">\n\t\t\t\t\t\t\t<div class=\"elementor-image-gallery\">\n\t\t\t<div id='gallery-1' class='gallery galleryid-2521 gallery-columns-4 gallery-size-thumbnail'><figure class='gallery-item'>\n\t\t\t<div class='gallery-icon portrait'>\n\t\t\t\t<a data-elementor-open-lightbox=\"yes\" data-elementor-lightbox-slideshow=\"f75efa7\" data-elementor-lightbox-title=\"Back stage 1\" data-e-action-hash=\"#elementor-action%3Aaction%3Dlightbox%26settings%3DeyJpZCI6MjUyNCwidXJsIjoiaHR0cHM6XC9cL2VsZnVlcnRlLmNsXC93ZWJcL3dwLWNvbnRlbnRcL3VwbG9hZHNcLzIwMjVcLzEyXC9CYWNrLXN0YWdlLTEuanBlZyIsInNsaWRlc2hvdyI6ImY3NWVmYTcifQ%3D%3D\" href='https:\/\/elfuerte.cl\/web\/wp-content\/uploads\/2025\/12\/Back-stage-1.jpeg'><img width=\"150\" height=\"150\" src=\"https:\/\/elfuerte.cl\/web\/wp-content\/uploads\/2025\/12\/Back-stage-1-150x150.jpeg\" class=\"attachment-thumbnail size-thumbnail\" alt=\"\" srcset=\"https:\/\/elfuerte.cl\/web\/wp-content\/uploads\/2025\/12\/Back-stage-1-150x150.jpeg 150w, https:\/\/elfuerte.cl\/web\/wp-content\/uploads\/2025\/12\/Back-stage-1-256x256.jpeg 256w\" sizes=\"(max-width: 150px) 100vw, 150px\" \/><\/a>\n\t\t\t<\/div><\/figure><figure class='gallery-item'>\n\t\t\t<div class='gallery-icon portrait'>\n\t\t\t\t<a data-elementor-open-lightbox=\"yes\" data-elementor-lightbox-slideshow=\"f75efa7\" data-elementor-lightbox-title=\"Back stage 2\" data-e-action-hash=\"#elementor-action%3Aaction%3Dlightbox%26settings%3DeyJpZCI6MjUyNSwidXJsIjoiaHR0cHM6XC9cL2VsZnVlcnRlLmNsXC93ZWJcL3dwLWNvbnRlbnRcL3VwbG9hZHNcLzIwMjVcLzEyXC9CYWNrLXN0YWdlLTIuanBlZyIsInNsaWRlc2hvdyI6ImY3NWVmYTcifQ%3D%3D\" href='https:\/\/elfuerte.cl\/web\/wp-content\/uploads\/2025\/12\/Back-stage-2.jpeg'><img width=\"150\" height=\"150\" src=\"https:\/\/elfuerte.cl\/web\/wp-content\/uploads\/2025\/12\/Back-stage-2-150x150.jpeg\" class=\"attachment-thumbnail size-thumbnail\" alt=\"\" srcset=\"https:\/\/elfuerte.cl\/web\/wp-content\/uploads\/2025\/12\/Back-stage-2-150x150.jpeg 150w, https:\/\/elfuerte.cl\/web\/wp-content\/uploads\/2025\/12\/Back-stage-2-256x256.jpeg 256w\" sizes=\"(max-width: 150px) 100vw, 150px\" \/><\/a>\n\t\t\t<\/div><\/figure><figure class='gallery-item'>\n\t\t\t<div class='gallery-icon portrait'>\n\t\t\t\t<a data-elementor-open-lightbox=\"yes\" data-elementor-lightbox-slideshow=\"f75efa7\" data-elementor-lightbox-title=\"back stage 3\" data-e-action-hash=\"#elementor-action%3Aaction%3Dlightbox%26settings%3DeyJpZCI6MjUyNiwidXJsIjoiaHR0cHM6XC9cL2VsZnVlcnRlLmNsXC93ZWJcL3dwLWNvbnRlbnRcL3VwbG9hZHNcLzIwMjVcLzEyXC9iYWNrLXN0YWdlLTMuanBlZyIsInNsaWRlc2hvdyI6ImY3NWVmYTcifQ%3D%3D\" href='https:\/\/elfuerte.cl\/web\/wp-content\/uploads\/2025\/12\/back-stage-3.jpeg'><img width=\"150\" height=\"150\" src=\"https:\/\/elfuerte.cl\/web\/wp-content\/uploads\/2025\/12\/back-stage-3-150x150.jpeg\" class=\"attachment-thumbnail size-thumbnail\" alt=\"\" srcset=\"https:\/\/elfuerte.cl\/web\/wp-content\/uploads\/2025\/12\/back-stage-3-150x150.jpeg 150w, https:\/\/elfuerte.cl\/web\/wp-content\/uploads\/2025\/12\/back-stage-3-256x256.jpeg 256w\" sizes=\"(max-width: 150px) 100vw, 150px\" \/><\/a>\n\t\t\t<\/div><\/figure><figure class='gallery-item'>\n\t\t\t<div class='gallery-icon portrait'>\n\t\t\t\t<a data-elementor-open-lightbox=\"yes\" data-elementor-lightbox-slideshow=\"f75efa7\" data-elementor-lightbox-title=\"Back stage 4\" data-e-action-hash=\"#elementor-action%3Aaction%3Dlightbox%26settings%3DeyJpZCI6MjUyNywidXJsIjoiaHR0cHM6XC9cL2VsZnVlcnRlLmNsXC93ZWJcL3dwLWNvbnRlbnRcL3VwbG9hZHNcLzIwMjVcLzEyXC9CYWNrLXN0YWdlLTQuanBlZyIsInNsaWRlc2hvdyI6ImY3NWVmYTcifQ%3D%3D\" href='https:\/\/elfuerte.cl\/web\/wp-content\/uploads\/2025\/12\/Back-stage-4.jpeg'><img width=\"150\" height=\"150\" src=\"https:\/\/elfuerte.cl\/web\/wp-content\/uploads\/2025\/12\/Back-stage-4-150x150.jpeg\" class=\"attachment-thumbnail size-thumbnail\" alt=\"\" srcset=\"https:\/\/elfuerte.cl\/web\/wp-content\/uploads\/2025\/12\/Back-stage-4-150x150.jpeg 150w, https:\/\/elfuerte.cl\/web\/wp-content\/uploads\/2025\/12\/Back-stage-4-256x256.jpeg 256w\" sizes=\"(max-width: 150px) 100vw, 150px\" \/><\/a>\n\t\t\t<\/div><\/figure><figure class='gallery-item'>\n\t\t\t<div class='gallery-icon portrait'>\n\t\t\t\t<a data-elementor-open-lightbox=\"yes\" data-elementor-lightbox-slideshow=\"f75efa7\" data-elementor-lightbox-title=\"Back stage 5\" data-e-action-hash=\"#elementor-action%3Aaction%3Dlightbox%26settings%3DeyJpZCI6MjUyOCwidXJsIjoiaHR0cHM6XC9cL2VsZnVlcnRlLmNsXC93ZWJcL3dwLWNvbnRlbnRcL3VwbG9hZHNcLzIwMjVcLzEyXC9CYWNrLXN0YWdlLTUuanBlZyIsInNsaWRlc2hvdyI6ImY3NWVmYTcifQ%3D%3D\" href='https:\/\/elfuerte.cl\/web\/wp-content\/uploads\/2025\/12\/Back-stage-5.jpeg'><img width=\"150\" height=\"150\" src=\"https:\/\/elfuerte.cl\/web\/wp-content\/uploads\/2025\/12\/Back-stage-5-150x150.jpeg\" class=\"attachment-thumbnail size-thumbnail\" alt=\"\" srcset=\"https:\/\/elfuerte.cl\/web\/wp-content\/uploads\/2025\/12\/Back-stage-5-150x150.jpeg 150w, https:\/\/elfuerte.cl\/web\/wp-content\/uploads\/2025\/12\/Back-stage-5-256x256.jpeg 256w\" sizes=\"(max-width: 150px) 100vw, 150px\" \/><\/a>\n\t\t\t<\/div><\/figure>\n\t\t<\/div>\n\t\t<\/div>\n\t\t\t\t\t\t<\/div>\n\t\t\t\t<div class=\"elementor-element elementor-element-5ac3e4a flex-horizontal-align-default flex-horizontal-align-tablet-default flex-horizontal-align-mobile-default flex-vertical-align-default flex-vertical-align-tablet-default flex-vertical-align-mobile-default elementor-widget elementor-widget-thegem-styledimage\" data-id=\"5ac3e4a\" data-element_type=\"widget\" data-settings=\"{&quot;thegem_elementor_preset&quot;:&quot;style-2&quot;,&quot;image&quot;:{&quot;url&quot;:&quot;https:\\\/\\\/elfuerte.cl\\\/web\\\/wp-content\\\/uploads\\\/2025\\\/10\\\/bannerefdelsur.jpg&quot;,&quot;id&quot;:1540,&quot;size&quot;:&quot;&quot;,&quot;alt&quot;:&quot;&quot;,&quot;source&quot;:&quot;library&quot;},&quot;image_position&quot;:&quot;left&quot;}\" data-widget_type=\"thegem-styledimage.default\">\n\t\t\t\t<div class=\"elementor-widget-container\">\n\t\t\t\t\t\n<div class=\"styled-image-wrapper\">\n\t\t\t<div class=\"gem-image gem-wrapbox gem-wrapbox-style-2 gem-wrapbox-position-left lazy-loading \">\n\t\t\t<div class=\"gem-wrapbox-inner  lazy-loading-item\"  data-ll-effect=\"move-up\">\n\t\t\t\t\t\t\t\t<a href=\"#\">\n\t\t\t\t\t\t\t\t\t\t<img class=\"gem-wrapbox-element img-responsive \"\n\t\t\t\t\t\t src=\"https:\/\/elfuerte.cl\/web\/wp-content\/uploads\/2025\/10\/bannerefdelsur.jpg\"\n\t\t\t\t\t\t alt=\"bannerefdelsur\">\n\t\t\t\t\t\t\t\t\t\t\t\t\t\t<\/a>\n\t\t\t\t\t\t<\/div>\n\t\t<\/div>\n\t\t<\/div>\n\n\n\t\n\t\t\t\t\t\t<\/div>\n\t\t\t\t<\/div>\n\t\t\t\t\t<\/div>\n\t\t<\/div>\n\t\t\t\t<div class=\"elementor-column elementor-col-33 elementor-top-column elementor-element elementor-element-dfac7b7\" data-id=\"dfac7b7\" data-element_type=\"column\">\n\t\t\t<div class=\"elementor-widget-wrap elementor-element-populated\">\n\t\t\t\t\t\t<div class=\"elementor-element elementor-element-af7077d flex-horizontal-align-default flex-horizontal-align-tablet-default flex-horizontal-align-mobile-default flex-vertical-align-default flex-vertical-align-tablet-default flex-vertical-align-mobile-default elementor-widget elementor-widget-sidebar\" data-id=\"af7077d\" data-element_type=\"widget\" data-settings=\"{&quot;thegem_custom_css&quot;:&quot;.gem-pp-posts-image {\\r\\n    width: 72px;\\r\\n}\\r\\n.gem-pp-posts-image img {\\r\\n    border-radius: 50%;\\r\\n}\\r\\nselector h4 {\\r\\n    padding-top: 40px;\\r\\n}&quot;}\" data-widget_type=\"sidebar.default\">\n\t\t\t\t\t<aside id=\"media_image-3\" class=\"widget widget_media_image\"><img width=\"750\" height=\"750\" src=\"https:\/\/elfuerte.cl\/web\/wp-content\/uploads\/2025\/10\/bannerrojook.jpg\" class=\"image wp-image-1681  attachment-full size-full\" alt=\"\" style=\"max-width: 100%; height: auto;\" title=\"Banner\" srcset=\"https:\/\/elfuerte.cl\/web\/wp-content\/uploads\/2025\/10\/bannerrojook.jpg 750w, https:\/\/elfuerte.cl\/web\/wp-content\/uploads\/2025\/10\/bannerrojook-300x300.jpg 300w, https:\/\/elfuerte.cl\/web\/wp-content\/uploads\/2025\/10\/bannerrojook-150x150.jpg 150w, https:\/\/elfuerte.cl\/web\/wp-content\/uploads\/2025\/10\/bannerrojook-256x256.jpg 256w\" sizes=\"(max-width: 750px) 100vw, 750px\" \/><\/aside><aside id=\"categories-2\" class=\"widget widget_categories\"><h4 class=\"widget-title\">Secciones<\/h4>\n\t\t\t<ul>\n\t\t\t\t\t<li class=\"cat-item cat-item-21\"><a href=\"https:\/\/elfuerte.cl\/web\/category\/actualidad\/\" title=\"View all posts filed under Actualidad\">Actualidad<\/a>\n<\/li>\n\t<li class=\"cat-item cat-item-100\"><a href=\"https:\/\/elfuerte.cl\/web\/category\/destacados\/\" title=\"View all posts filed under Destacados\">Destacados<\/a>\n<\/li>\n\t<li class=\"cat-item cat-item-101\"><a href=\"https:\/\/elfuerte.cl\/web\/category\/region-ludica\/\" title=\"View all posts filed under Regi\u00f3n L\u00fadica\">Regi\u00f3n L\u00fadica<\/a>\n<\/li>\n\t<li class=\"cat-item cat-item-157\"><a href=\"https:\/\/elfuerte.cl\/web\/category\/sala-de-redaccion\/\" title=\"View all posts filed under Sala de Redacci\u00f3n\">Sala de Redacci\u00f3n<\/a>\n<\/li>\n\t\t\t<\/ul>\n\n\t\t\t<\/aside><aside id=\"custom_popular_posts-2\" class=\"widget Custom_Popular_Posts\"><h4 class=\"widget-title\">Populares<\/h4><ul class=\"posts  styled\"><li class=\"clearfix gem-pp-posts\"><div class=\"gem-pp-posts-image\"><a href=\"https:\/\/elfuerte.cl\/web\/2026\/04\/27\/intercambio-de-semillas-y-experiencias-conecta-comunidades-del-pais-en-torno-a-la-restauracion-del-bosque-nativo-en-los-rios\/\"><img src=\"https:\/\/elfuerte.cl\/web\/wp-content\/uploads\/2026\/04\/portada-2026-04-27T102238.493-thegem-post-thumb-large.jpg\" srcset=\"https:\/\/elfuerte.cl\/web\/wp-content\/uploads\/2026\/04\/portada-2026-04-27T102238.493-thegem-post-thumb-small.jpg 1x, https:\/\/elfuerte.cl\/web\/wp-content\/uploads\/2026\/04\/portada-2026-04-27T102238.493-thegem-post-thumb-large.jpg 2x\" alt=\"\"\/><\/a><\/div><div class=\"gem-pp-posts-text\"> <div class=\"gem-pp-posts-item\"><a href=\"https:\/\/elfuerte.cl\/web\/2026\/04\/27\/intercambio-de-semillas-y-experiencias-conecta-comunidades-del-pais-en-torno-a-la-restauracion-del-bosque-nativo-en-los-rios\/\">Intercambio de semillas y experiencias conecta comunidades del pa\u00eds en torno a la restauraci\u00f3n del bosque nativo en Los R\u00edos<\/a><\/div><div class=\"gem-pp-posts-date\">27\/04\/2026<\/div><\/div><\/li><li class=\"clearfix gem-pp-posts\"><div class=\"gem-pp-posts-image\"><a href=\"https:\/\/elfuerte.cl\/web\/2025\/10\/11\/recuperar-una-casa-y-un-icono-de-la-historia-lotina\/\"><img src=\"https:\/\/elfuerte.cl\/web\/wp-content\/uploads\/2025\/10\/actualidad003-copia-thegem-post-thumb-large.jpg\" srcset=\"https:\/\/elfuerte.cl\/web\/wp-content\/uploads\/2025\/10\/actualidad003-copia-thegem-post-thumb-small.jpg 1x, https:\/\/elfuerte.cl\/web\/wp-content\/uploads\/2025\/10\/actualidad003-copia-thegem-post-thumb-large.jpg 2x\" alt=\"\"\/><\/a><\/div><div class=\"gem-pp-posts-text\"> <div class=\"gem-pp-posts-item\"><a href=\"https:\/\/elfuerte.cl\/web\/2025\/10\/11\/recuperar-una-casa-y-un-icono-de-la-historia-lotina\/\">Recuperar una casa y un \u00edcono de la historia lotina<\/a><\/div><div class=\"gem-pp-posts-date\">11\/10\/2025<\/div><\/div><\/li><li class=\"clearfix gem-pp-posts\"><div class=\"gem-pp-posts-image\"><a href=\"https:\/\/elfuerte.cl\/web\/2025\/10\/08\/indap-impulsa-acceso-a-tierras-y-emprendimiento-para-juventudes-rurales-con-nuevo-programa-tierra-joven\/\"><img src=\"https:\/\/elfuerte.cl\/web\/wp-content\/uploads\/2025\/10\/actualidad001-copia-thegem-post-thumb-large.jpg\" srcset=\"https:\/\/elfuerte.cl\/web\/wp-content\/uploads\/2025\/10\/actualidad001-copia-thegem-post-thumb-small.jpg 1x, https:\/\/elfuerte.cl\/web\/wp-content\/uploads\/2025\/10\/actualidad001-copia-thegem-post-thumb-large.jpg 2x\" alt=\"\"\/><\/a><\/div><div class=\"gem-pp-posts-text\"> <div class=\"gem-pp-posts-item\"><a href=\"https:\/\/elfuerte.cl\/web\/2025\/10\/08\/indap-impulsa-acceso-a-tierras-y-emprendimiento-para-juventudes-rurales-con-nuevo-programa-tierra-joven\/\">INDAP impulsa acceso a tierras y emprendimiento para juventudes rurales con nuevo programa \u201cTierra Joven\u201d<\/a><\/div><div class=\"gem-pp-posts-date\">08\/10\/2025<\/div><\/div><\/li><li class=\"clearfix gem-pp-posts\"><div class=\"gem-pp-posts-image\"><a href=\"https:\/\/elfuerte.cl\/web\/2025\/09\/05\/la-derrota-que-dejo-al-gobierno-sin-brujula\/\"><img src=\"https:\/\/elfuerte.cl\/web\/wp-content\/uploads\/2025\/09\/actualidad004-thegem-post-thumb-large.jpg\" srcset=\"https:\/\/elfuerte.cl\/web\/wp-content\/uploads\/2025\/09\/actualidad004-thegem-post-thumb-small.jpg 1x, https:\/\/elfuerte.cl\/web\/wp-content\/uploads\/2025\/09\/actualidad004-thegem-post-thumb-large.jpg 2x\" alt=\"\"\/><\/a><\/div><div class=\"gem-pp-posts-text\"> <div class=\"gem-pp-posts-item\"><a href=\"https:\/\/elfuerte.cl\/web\/2025\/09\/05\/la-derrota-que-dejo-al-gobierno-sin-brujula\/\">La derrota que dej\u00f3 al gobierno sin br\u00fajula<\/a><\/div><div class=\"gem-pp-posts-date\">05\/09\/2025<\/div><\/div><\/li><\/ul><\/aside>\t\t\t\t<\/div>\n\t\t\t\t\t<\/div>\n\t\t<\/div>\n\t\t\t\t\t<\/div><\/div>\r\n\t\t<\/section>\r\n\t\t\t\t<\/div>\n\t\t","protected":false},"excerpt":{"rendered":"<p>De acuerdo al balance informado ayer por las autoridades locales, m\u00e1s de diez mil personas llegaron a Valdivia, lo que deriv\u00f3 en un 100% de ocupaci\u00f3n hotelera, y un reporte de gran actividad econ\u00f3mica en los casi cien comercios adheridos al Ironman 70.3. Para el pr\u00f3ximo a\u00f1o, se espera duplicar las cifras al organizar un Ironman Full.<\/p>\n","protected":false},"author":1,"featured_media":2523,"comment_status":"closed","ping_status":"closed","sticky":false,"template":"single-fullwidth.php","format":"standard","meta":{"footnotes":""},"categories":[21,100],"tags":[331],"class_list":{"0":"post-2521","1":"post","2":"type-post","3":"status-publish","4":"format-standard","5":"has-post-thumbnail","7":"category-actualidad","8":"category-destacados","9":"tag-ironman"},"menu_order":0,"_links":{"self":[{"href":"https:\/\/elfuerte.cl\/web\/wp-json\/wp\/v2\/posts\/2521","targetHints":{"allow":["GET"]}}],"collection":[{"href":"https:\/\/elfuerte.cl\/web\/wp-json\/wp\/v2\/posts"}],"about":[{"href":"https:\/\/elfuerte.cl\/web\/wp-json\/wp\/v2\/types\/post"}],"author":[{"embeddable":true,"href":"https:\/\/elfuerte.cl\/web\/wp-json\/wp\/v2\/users\/1"}],"replies":[{"embeddable":true,"href":"https:\/\/elfuerte.cl\/web\/wp-json\/wp\/v2\/comments?post=2521"}],"version-history":[{"count":4,"href":"https:\/\/elfuerte.cl\/web\/wp-json\/wp\/v2\/posts\/2521\/revisions"}],"predecessor-version":[{"id":2531,"href":"https:\/\/elfuerte.cl\/web\/wp-json\/wp\/v2\/posts\/2521\/revisions\/2531"}],"wp:featuredmedia":[{"embeddable":true,"href":"https:\/\/elfuerte.cl\/web\/wp-json\/wp\/v2\/media\/2523"}],"wp:attachment":[{"href":"https:\/\/elfuerte.cl\/web\/wp-json\/wp\/v2\/media?parent=2521"}],"wp:term":[{"taxonomy":"category","embeddable":true,"href":"https:\/\/elfuerte.cl\/web\/wp-json\/wp\/v2\/categories?post=2521"},{"taxonomy":"post_tag","embeddable":true,"href":"https:\/\/elfuerte.cl\/web\/wp-json\/wp\/v2\/tags?post=2521"}],"curies":[{"name":"wp","href":"https:\/\/api.w.org\/{rel}","templated":true}]}}