{"id":2651,"date":"2025-12-09T18:41:43","date_gmt":"2025-12-09T17:41:43","guid":{"rendered":"https:\/\/elfuerte.cl\/web\/?p=2651"},"modified":"2025-12-10T18:58:30","modified_gmt":"2025-12-10T17:58:30","slug":"plan-bicentenario-de-chiloe-identidad-historia-y-proyecciones-hacia-el-futuro","status":"publish","type":"post","link":"https:\/\/elfuerte.cl\/web\/2025\/12\/09\/plan-bicentenario-de-chiloe-identidad-historia-y-proyecciones-hacia-el-futuro\/","title":{"rendered":"Plan Bicentenario de Chilo\u00e9: identidad,  historia y proyecciones hacia el futuro"},"content":{"rendered":"\t\t<div data-elementor-type=\"wp-post\" data-elementor-id=\"2651\" class=\"elementor elementor-2651\">\n\t\t\t\t\t\t<section class=\"elementor-section elementor-top-section elementor-element elementor-element-464cea7 elementor-section-boxed elementor-section-height-default elementor-section-height-default\" data-id=\"464cea7\" data-element_type=\"section\">\r\n\t\t\t\t\t\t<div class=\"elementor-container elementor-column-gap-thegem\"><div class=\"elementor-row\">\r\n\t\t\t\t\t<div class=\"elementor-column elementor-col-66 elementor-top-column elementor-element elementor-element-2f44c54\" data-id=\"2f44c54\" data-element_type=\"column\">\n\t\t\t<div class=\"elementor-widget-wrap elementor-element-populated\">\n\t\t\t\t\t\t<div class=\"elementor-element elementor-element-ab386a6 flex-horizontal-align-default flex-horizontal-align-tablet-default flex-horizontal-align-mobile-default flex-vertical-align-default flex-vertical-align-tablet-default flex-vertical-align-mobile-default elementor-widget elementor-widget-heading\" data-id=\"ab386a6\" data-element_type=\"widget\" data-widget_type=\"heading.default\">\n\t\t\t\t\t<div class=\"title-h1 elementor-heading-title elementor-size-default\">Plan Bicentenario de Chilo\u00e9: identidad,  historia y proyecciones hacia el futuro<\/div>\t\t\t\t<\/div>\n\t\t\t\t<div class=\"elementor-element elementor-element-8427bf3 flex-horizontal-align-default flex-horizontal-align-tablet-default flex-horizontal-align-mobile-default flex-vertical-align-default flex-vertical-align-tablet-default flex-vertical-align-mobile-default elementor-widget elementor-widget-text-editor\" data-id=\"8427bf3\" data-element_type=\"widget\" data-widget_type=\"text-editor.default\">\n\t\t\t\t\t\t\t\t\t\t\t\t<div class=\"elementor-text-editor elementor-clearfix\">\r\n\t\t\t\t\t\t<p><strong>A dos a\u00f1os de cumplirse el bicentenario de su incorporaci\u00f3n a la Rep\u00fablica de Chile, Chilo\u00e9 trabaja en la implementaci\u00f3n de un plan que busca honrar su rica historia, como \u00faltimo basti\u00f3n espa\u00f1ol, y proyectar un desarrollo basado en su identidad cultural. Con 158 mil habitantes y una fuerte presencia ind\u00edgena, el archipi\u00e9lago enfrenta el desaf\u00edo de equilibrar conservaci\u00f3n y modernidad.\u00a0<\/strong><\/p>\n<p>El archipi\u00e9lago de Chilo\u00e9 se apresta para conmemorar el bicentenario de su incorporaci\u00f3n al territorio nacional, tras ser el \u00faltimo basti\u00f3n de la corona espa\u00f1ola en la Rep\u00fablica de Chile. Sin dudas, es un territorio m\u00e1gico, que le atribuyen a ese pu\u00f1ado de islas, desperdigadas en el entre el Pac\u00edfico y los golfos interiores, una forma de vida particular: navegante, comunitaria y cargada de relatos.\u00a0<\/p>\n<p>La geograf\u00eda, el aislamiento relativo, y la falta de conectividad favorecieron el surgimiento de una cosmovisi\u00f3n m\u00edtica poblada por seres sobrenaturales \u2014como el Caleuche, la Pincoya, el Trauco o el Invunche\u2014, junto a una gastronom\u00eda propia basada en el mar, la papa nativa, los curantos y la cocina en fog\u00f3n, y una m\u00edstica social caracterizada por la solidaridad, el trabajo colectivo,y los oficios tradicionales.<\/p>\n<p>Gracias a esta mezcla singular de territorio, historia y espiritualidad, Chilo\u00e9 se proyecta como uno de los espacios culturales m\u00e1s distintivos de Chile, donde la geograf\u00eda no solo delimita el mapa: define una forma de ser y de entender el mundo.\u00a0<\/p>\n<p>Hoy la comunidad chilota junto a autoridades, mundo acad\u00e9mico y sector privado, trabajan para hacer del bicentenario un hito hist\u00f3rico que refuerce la identidad del territorio y lo proyecte hacia el futuro.\u00a0<\/p>\n<p>\u00a0<\/p>\n<p><strong>\u00daLTIMO REDUCTO ESPA\u00d1OL\u00a0<\/strong><\/p>\n<figure id=\"attachment_2668\" aria-describedby=\"caption-attachment-2668\" style=\"width: 1170px\" class=\"wp-caption aligncenter\"><img class=\"size-full wp-image-2668\" src=\"https:\/\/elfuerte.cl\/web\/wp-content\/uploads\/2025\/12\/iglesianota.jpg\" alt=\"\" width=\"1170\" height=\"674\" srcset=\"https:\/\/elfuerte.cl\/web\/wp-content\/uploads\/2025\/12\/iglesianota.jpg 1170w, https:\/\/elfuerte.cl\/web\/wp-content\/uploads\/2025\/12\/iglesianota-300x173.jpg 300w, https:\/\/elfuerte.cl\/web\/wp-content\/uploads\/2025\/12\/iglesianota-1024x590.jpg 1024w, https:\/\/elfuerte.cl\/web\/wp-content\/uploads\/2025\/12\/iglesianota-768x442.jpg 768w\" sizes=\"(max-width: 1170px) 100vw, 1170px\" \/><figcaption id=\"caption-attachment-2668\" class=\"wp-caption-text\">Las iglesias son parte fundamental del patrimonio arquitect\u00f3nico y cultural del archipi\u00e9lago, como es el caso de la iglesia de Castro, ubicada frente a la Plaza de Armas de la ciudad.<\/figcaption><\/figure>\n<p>\u00a0<\/p>\n<p>El archipi\u00e9lago de Chilo\u00e9, colonizado por los espa\u00f1oles en el siglo XVI, fue uno de los principales enclaves estrat\u00e9gicos del sur del continente americano y, al mismo tiempo, el \u00faltimo basti\u00f3n de la corona espa\u00f1ola en el pa\u00eds, tras la independencia de Chile. Mientras la Rep\u00fablica se consolidaba en el continente, el archipi\u00e9lago permaneci\u00f3 bajo dominio espa\u00f1ol hasta 1826, cuando fue incorporado definitivamente al pa\u00eds despu\u00e9s de la Campa\u00f1a de Chilo\u00e9. Sus fortificaciones en Ancud, Castro y otros puntos recuerdan este pasado hisp\u00e1nico-militar.<\/p>\n<p>Hoy, con 158.442 habitantes seg\u00fan el Censo 2024, enfrenta un marcado envejecimiento demogr\u00e1fico y cuenta con una fuerte presencia ind\u00edgena (26,9%), condiciones que obligan a proyectar un futuro basado en infraestructura, conectividad, crecimiento econ\u00f3mico y preservaci\u00f3n del patrimonio cultural, ya que Chilo\u00e9 sostiene una identidad \u00fanica fundada en la mitolog\u00eda, la religiosidad popular, la gastronom\u00eda, la arquitectura en madera y los oficios tradicionales.<\/p>\n<p>Para enfrentar los desaf\u00edos de esta conmemoraci\u00f3n, autoridades regionales y nacionales definieron el Plan Bicentenario, una estrategia que contempla l\u00edneas de trabajo en turismo sostenible, patrimonio cultural y arquitect\u00f3nico, educaci\u00f3n, ciencia e investigaci\u00f3n, biodiversidad, gobernanza del \u201cmaritorio\u201d e infraestructura con pertinencia territorial.<\/p>\n<p>\u00a0<\/p>\n<p><strong>AUTORIDADES ANUNCIAN MEDIDAS <\/strong><\/p>\n<p>En febrero, el Ministro de Econom\u00eda, Fomento y Turismo, Nicol\u00e1s Grau, present\u00f3 ante la Asociaci\u00f3n de Municipios de Chilo\u00e9 un conjunto de iniciativas sectoriales que forman parte del proceso Bicentenario. Su cartera defini\u00f3 36 programas de fomento orientados a pesca, turismo y desarrollo productivo, con una inversi\u00f3n estimada de 8.000 millones de pesos, a ejecutarse entre 2025 y 2027. La puesta en marcha comienza con un ingreso inicial de 2.000 millones de pesos, de los cuales 1.700 millones se destinar\u00e1n a fortalecer la pesca artesanal a trav\u00e9s de Indespa, mientras que Corfo articular\u00e1 las l\u00edneas vinculadas al turismo y la diversificaci\u00f3n productiva.<\/p>\n<p>La reuni\u00f3n \u2014que cont\u00f3 con la participaci\u00f3n del gobernador regional Alejandro Santana, la delegada presidencial Paulina Mu\u00f1oz y los alcaldes de las 10 comunas del archipi\u00e9lago\u2014 destac\u00f3 la necesidad de establecer una gobernanza p\u00fablico-privada que permita sostener la coordinaci\u00f3n entre municipios, gobierno central, servicios regionales, sociedad civil y sector empresarial. \u201cLa regi\u00f3n de Los Lagos, y en particular Chilo\u00e9, tiene una gran oportunidad para fortalecer su econom\u00eda a prop\u00f3sito de las obras de infraestructura que aqu\u00ed se van a realizar\u201d, se\u00f1al\u00f3 el ministro en la oportunidad, enfatizando que el gran desaf\u00edo que implica la ejecuci\u00f3n coordinada del plan.<\/p>\n<p>Estas medidas sectoriales entregan por primera vez una dimensi\u00f3n concreta al Plan Bicentenario desde el \u00e1mbito econ\u00f3mico, y permiten vincular los desaf\u00edos identitarios del archipi\u00e9lago con acciones program\u00e1ticas espec\u00edficas orientadas a fortalecer su matriz productiva de manera sostenible.<\/p>\n<p>\u00a0<\/p>\n<p><strong>UN TERRITORIO EN TRANSFORMACI\u00d3N<\/strong><\/p>\n<figure id=\"attachment_2666\" aria-describedby=\"caption-attachment-2666\" style=\"width: 1170px\" class=\"wp-caption aligncenter\"><img class=\"size-full wp-image-2666\" src=\"https:\/\/elfuerte.cl\/web\/wp-content\/uploads\/2025\/12\/puentenota.jpg\" alt=\"\" width=\"1170\" height=\"674\" srcset=\"https:\/\/elfuerte.cl\/web\/wp-content\/uploads\/2025\/12\/puentenota.jpg 1170w, https:\/\/elfuerte.cl\/web\/wp-content\/uploads\/2025\/12\/puentenota-300x173.jpg 300w, https:\/\/elfuerte.cl\/web\/wp-content\/uploads\/2025\/12\/puentenota-1024x590.jpg 1024w, https:\/\/elfuerte.cl\/web\/wp-content\/uploads\/2025\/12\/puentenota-768x442.jpg 768w\" sizes=\"(max-width: 1170px) 100vw, 1170px\" \/><figcaption id=\"caption-attachment-2666\" class=\"wp-caption-text\">El puente sobre el canal del Chacao es una obra emblem\u00e1tica para el futuro del archipi\u00e9lago. Con una extensi\u00f3n cercana a los 2,7 kil\u00f3metros, ser\u00e1 el puente colgante m\u00e1s largo de Latinoam\u00e9rica y representa una inversi\u00f3n superior a los 761 mil millones de pesos.<\/figcaption><\/figure>\n<p>\u00a0<\/p>\n<p>Recientemente, el seminario \u201cChilo\u00e9 200 a\u00f1os: ConCiencia y Desaf\u00edos\u201d reuni\u00f3 a acad\u00e9micos, cient\u00edficos, pueblos originarios y organizaciones locales para reflexionar sobre la historia geol\u00f3gica, arqueol\u00f3gica y cultural del archipi\u00e9lago. La actividad abord\u00f3 temas como la geolog\u00eda y arqueolog\u00eda de Chilo\u00e9, su biodiversidad y ecosistemas, el patrimonio religioso y arquitect\u00f3nico en madera, la cosmovisi\u00f3n huilliche y los desaf\u00edos de gobernanza del maritorio, articulando una mirada integral que combina ciencia, identidad y territorio.<\/p>\n<p>M\u00e1s que un encuentro acad\u00e9mico, el seminario se consolid\u00f3 como un espacio estrat\u00e9gico dentro del proceso del Bicentenario, al abrir discusiones sobre turismo sostenible, preservaci\u00f3n del patrimonio cultural e innovaci\u00f3n para el desarrollo local. Las autoridades destacaron la necesidad de incorporar el conocimiento ancestral y la participaci\u00f3n comunitaria en la toma de decisiones, fortaleciendo un enfoque de desarrollo que reconozca a Chilo\u00e9 como un ecosistema social, cultural y natural \u00fanico, donde el futuro debe construirse a partir de su identidad profunda y su historia de larga duraci\u00f3n.<\/p>\n<p>Asimismo, el futuro de Chilo\u00e9 estar\u00e1 marcado por obras estrat\u00e9gicas como el Puente Chacao. La construcci\u00f3n de la infraestructura, a cargo del Consorcio Puente Chacao liderado por Hyundai Engineering &amp; Construction, se ha convertido en la obra m\u00e1s emblem\u00e1tica del sur de Chile y en un s\u00edmbolo del futuro del archipi\u00e9lago. Con una extensi\u00f3n cercana a los 2,7 kil\u00f3metros, ser\u00e1 el puente colgante m\u00e1s largo de Latinoam\u00e9rica y representa una inversi\u00f3n superior a los 761 mil millones de pesos, luego de ajustes derivados del acuerdo por sobrecostos firmado entre el MOP y la empresa constructora. Durante su ejecuci\u00f3n, la obra ha movilizado a m\u00e1s de un millar de trabajadores entre operarios, t\u00e9cnicos e ingenieros, y mantiene un avance que en 2025 ya supera el 58%, con los pilares norte, sur y central en diversas etapas de obra gruesa.<\/p>\n<p>M\u00e1s all\u00e1 de su magnitud t\u00e9cnica, el puente define un cambio hist\u00f3rico para Chilo\u00e9. Reducir\u00e1 a minutos un cruce que por m\u00e1s de un siglo dependi\u00f3 de las mareas, los transbordadores y los vientos del golfo de Ancud, integrando al archipi\u00e9lago de manera permanente al territorio continental. Su entrada en operaci\u00f3n, prevista para octubre de 2028, no solo transformar\u00e1 la conectividad, sino tambi\u00e9n la econom\u00eda, el turismo y el acceso a servicios, reforzando el debate sobre c\u00f3mo equilibrar desarrollo e identidad en un territorio cuya singularidad cultural y ambiental es parte esencial del proyecto Bicentenario.<\/p>\n<p>\u00a0<\/p>\n<p><strong>OPORTUNIDAD HIST\u00d3RICA <\/strong><\/p>\n<p>Chilo\u00e9 enfrenta un momento decisivo. Su Bicentenario no debe limitarse a actos simb\u00f3licos, sino convertirse en una oportunidad real para consolidar un modelo de desarrollo basado en su identidad, su patrimonio natural y su fortaleza comunitaria. Para ello ser\u00e1 indispensable el Plan Bicentenario, definir proyectos priorizados, asegurar financiamiento y establecer plazos verificables, que reduzcan la incertidumbre que por momentos pueda surgir respecto a la efectividad de lo anunciado, en especial, cuando en marzo pr\u00f3ximo asumir\u00e1 un nuevo gobierno, independiente del sello pol\u00edtico que \u00e9ste tenga. Solo as\u00ed se podr\u00e1 responder a la estatura hist\u00f3rica y cultural de uno de los territorios m\u00e1s singulares del pa\u00eds.<\/p>\n<p><strong>Marcelo Patroni, director de El Fuerte Noticias<\/strong><\/p>\t\t\t\t\t\t\t<\/div>\r\n\t\t\t\t\t\t\t\t\t\t<\/div>\n\t\t\t\t<div class=\"elementor-element elementor-element-f75efa7 flex-horizontal-align-default flex-horizontal-align-tablet-default flex-horizontal-align-mobile-default flex-vertical-align-default flex-vertical-align-tablet-default flex-vertical-align-mobile-default elementor-widget elementor-widget-image-gallery\" data-id=\"f75efa7\" data-element_type=\"widget\" data-widget_type=\"image-gallery.default\">\n\t\t\t\t\t\t\t<div class=\"elementor-image-gallery\">\n\t\t\t<div id='gallery-1' class='gallery galleryid-2651 gallery-columns-4 gallery-size-thumbnail'><figure class='gallery-item'>\n\t\t\t<div class='gallery-icon landscape'>\n\t\t\t\t<a data-elementor-open-lightbox=\"yes\" data-elementor-lightbox-slideshow=\"f75efa7\" data-elementor-lightbox-title=\"Chilo\u00e9 1\" data-e-action-hash=\"#elementor-action%3Aaction%3Dlightbox%26settings%3DeyJpZCI6MjY2MiwidXJsIjoiaHR0cHM6XC9cL2VsZnVlcnRlLmNsXC93ZWJcL3dwLWNvbnRlbnRcL3VwbG9hZHNcLzIwMjVcLzEyXC9DaGlsb2UtMS5qcGciLCJzbGlkZXNob3ciOiJmNzVlZmE3In0%3D\" href='https:\/\/elfuerte.cl\/web\/wp-content\/uploads\/2025\/12\/Chiloe-1.jpg'><img width=\"150\" height=\"150\" src=\"https:\/\/elfuerte.cl\/web\/wp-content\/uploads\/2025\/12\/Chiloe-1-150x150.jpg\" class=\"attachment-thumbnail size-thumbnail\" alt=\"\" srcset=\"https:\/\/elfuerte.cl\/web\/wp-content\/uploads\/2025\/12\/Chiloe-1-150x150.jpg 150w, https:\/\/elfuerte.cl\/web\/wp-content\/uploads\/2025\/12\/Chiloe-1-256x256.jpg 256w\" sizes=\"(max-width: 150px) 100vw, 150px\" \/><\/a>\n\t\t\t<\/div><\/figure><figure class='gallery-item'>\n\t\t\t<div class='gallery-icon landscape'>\n\t\t\t\t<a data-elementor-open-lightbox=\"yes\" data-elementor-lightbox-slideshow=\"f75efa7\" data-elementor-lightbox-title=\"Chiloe 3\" data-e-action-hash=\"#elementor-action%3Aaction%3Dlightbox%26settings%3DeyJpZCI6MjY2MywidXJsIjoiaHR0cHM6XC9cL2VsZnVlcnRlLmNsXC93ZWJcL3dwLWNvbnRlbnRcL3VwbG9hZHNcLzIwMjVcLzEyXC9DaGlsb2UtMy5qcGciLCJzbGlkZXNob3ciOiJmNzVlZmE3In0%3D\" href='https:\/\/elfuerte.cl\/web\/wp-content\/uploads\/2025\/12\/Chiloe-3.jpg'><img width=\"150\" height=\"150\" src=\"https:\/\/elfuerte.cl\/web\/wp-content\/uploads\/2025\/12\/Chiloe-3-150x150.jpg\" class=\"attachment-thumbnail size-thumbnail\" alt=\"\" srcset=\"https:\/\/elfuerte.cl\/web\/wp-content\/uploads\/2025\/12\/Chiloe-3-150x150.jpg 150w, https:\/\/elfuerte.cl\/web\/wp-content\/uploads\/2025\/12\/Chiloe-3-256x256.jpg 256w\" sizes=\"(max-width: 150px) 100vw, 150px\" \/><\/a>\n\t\t\t<\/div><\/figure><figure class='gallery-item'>\n\t\t\t<div class='gallery-icon landscape'>\n\t\t\t\t<a data-elementor-open-lightbox=\"yes\" data-elementor-lightbox-slideshow=\"f75efa7\" data-elementor-lightbox-title=\"Chilo\u00e9 4\" data-e-action-hash=\"#elementor-action%3Aaction%3Dlightbox%26settings%3DeyJpZCI6MjY2NCwidXJsIjoiaHR0cHM6XC9cL2VsZnVlcnRlLmNsXC93ZWJcL3dwLWNvbnRlbnRcL3VwbG9hZHNcLzIwMjVcLzEyXC9DaGlsb2UtNC53ZWJwIiwic2xpZGVzaG93IjoiZjc1ZWZhNyJ9\" href='https:\/\/elfuerte.cl\/web\/wp-content\/uploads\/2025\/12\/Chiloe-4.webp'><img width=\"150\" height=\"150\" src=\"https:\/\/elfuerte.cl\/web\/wp-content\/uploads\/2025\/12\/Chiloe-4-150x150.webp\" class=\"attachment-thumbnail size-thumbnail\" alt=\"\" srcset=\"https:\/\/elfuerte.cl\/web\/wp-content\/uploads\/2025\/12\/Chiloe-4-150x150.webp 150w, https:\/\/elfuerte.cl\/web\/wp-content\/uploads\/2025\/12\/Chiloe-4-256x256.webp 256w\" sizes=\"(max-width: 150px) 100vw, 150px\" \/><\/a>\n\t\t\t<\/div><\/figure><figure class='gallery-item'>\n\t\t\t<div class='gallery-icon landscape'>\n\t\t\t\t<a data-elementor-open-lightbox=\"yes\" data-elementor-lightbox-slideshow=\"f75efa7\" data-elementor-lightbox-title=\"Chiloe 5\" data-e-action-hash=\"#elementor-action%3Aaction%3Dlightbox%26settings%3DeyJpZCI6MjY2NSwidXJsIjoiaHR0cHM6XC9cL2VsZnVlcnRlLmNsXC93ZWJcL3dwLWNvbnRlbnRcL3VwbG9hZHNcLzIwMjVcLzEyXC9DaGlsb2UtNS5qcGVnIiwic2xpZGVzaG93IjoiZjc1ZWZhNyJ9\" href='https:\/\/elfuerte.cl\/web\/wp-content\/uploads\/2025\/12\/Chiloe-5.jpeg'><img width=\"150\" height=\"150\" src=\"https:\/\/elfuerte.cl\/web\/wp-content\/uploads\/2025\/12\/Chiloe-5-150x150.jpeg\" class=\"attachment-thumbnail size-thumbnail\" alt=\"\" srcset=\"https:\/\/elfuerte.cl\/web\/wp-content\/uploads\/2025\/12\/Chiloe-5-150x150.jpeg 150w, https:\/\/elfuerte.cl\/web\/wp-content\/uploads\/2025\/12\/Chiloe-5-256x256.jpeg 256w\" sizes=\"(max-width: 150px) 100vw, 150px\" \/><\/a>\n\t\t\t<\/div><\/figure>\n\t\t<\/div>\n\t\t<\/div>\n\t\t\t\t\t\t<\/div>\n\t\t\t\t<div class=\"elementor-element elementor-element-5ac3e4a flex-horizontal-align-default flex-horizontal-align-tablet-default flex-horizontal-align-mobile-default flex-vertical-align-default flex-vertical-align-tablet-default flex-vertical-align-mobile-default elementor-widget elementor-widget-thegem-styledimage\" data-id=\"5ac3e4a\" data-element_type=\"widget\" data-settings=\"{&quot;thegem_elementor_preset&quot;:&quot;style-2&quot;,&quot;image&quot;:{&quot;url&quot;:&quot;https:\\\/\\\/elfuerte.cl\\\/web\\\/wp-content\\\/uploads\\\/2025\\\/10\\\/bannerefdelsur.jpg&quot;,&quot;id&quot;:1540,&quot;size&quot;:&quot;&quot;,&quot;alt&quot;:&quot;&quot;,&quot;source&quot;:&quot;library&quot;},&quot;image_position&quot;:&quot;left&quot;}\" data-widget_type=\"thegem-styledimage.default\">\n\t\t\t\t<div class=\"elementor-widget-container\">\n\t\t\t\t\t\n<div class=\"styled-image-wrapper\">\n\t\t\t<div class=\"gem-image gem-wrapbox gem-wrapbox-style-2 gem-wrapbox-position-left lazy-loading \">\n\t\t\t<div class=\"gem-wrapbox-inner  lazy-loading-item\"  data-ll-effect=\"move-up\">\n\t\t\t\t\t\t\t\t<a href=\"#\">\n\t\t\t\t\t\t\t\t\t\t<img class=\"gem-wrapbox-element img-responsive \"\n\t\t\t\t\t\t src=\"https:\/\/elfuerte.cl\/web\/wp-content\/uploads\/2025\/10\/bannerefdelsur.jpg\"\n\t\t\t\t\t\t alt=\"bannerefdelsur\">\n\t\t\t\t\t\t\t\t\t\t\t\t\t\t<\/a>\n\t\t\t\t\t\t<\/div>\n\t\t<\/div>\n\t\t<\/div>\n\n\n\t\n\t\t\t\t\t\t<\/div>\n\t\t\t\t<\/div>\n\t\t\t\t\t<\/div>\n\t\t<\/div>\n\t\t\t\t<div class=\"elementor-column elementor-col-33 elementor-top-column elementor-element elementor-element-dfac7b7\" data-id=\"dfac7b7\" data-element_type=\"column\">\n\t\t\t<div class=\"elementor-widget-wrap elementor-element-populated\">\n\t\t\t\t\t\t<div class=\"elementor-element elementor-element-af7077d flex-horizontal-align-default flex-horizontal-align-tablet-default flex-horizontal-align-mobile-default flex-vertical-align-default flex-vertical-align-tablet-default flex-vertical-align-mobile-default elementor-widget elementor-widget-sidebar\" data-id=\"af7077d\" data-element_type=\"widget\" data-settings=\"{&quot;thegem_custom_css&quot;:&quot;.gem-pp-posts-image {\\r\\n    width: 72px;\\r\\n}\\r\\n.gem-pp-posts-image img {\\r\\n    border-radius: 50%;\\r\\n}\\r\\nselector h4 {\\r\\n    padding-top: 40px;\\r\\n}&quot;}\" data-widget_type=\"sidebar.default\">\n\t\t\t\t\t<aside id=\"media_image-3\" class=\"widget widget_media_image\"><img width=\"750\" height=\"750\" src=\"https:\/\/elfuerte.cl\/web\/wp-content\/uploads\/2025\/10\/bannerrojook.jpg\" class=\"image wp-image-1681  attachment-full size-full\" alt=\"\" style=\"max-width: 100%; height: auto;\" title=\"Banner\" srcset=\"https:\/\/elfuerte.cl\/web\/wp-content\/uploads\/2025\/10\/bannerrojook.jpg 750w, https:\/\/elfuerte.cl\/web\/wp-content\/uploads\/2025\/10\/bannerrojook-300x300.jpg 300w, https:\/\/elfuerte.cl\/web\/wp-content\/uploads\/2025\/10\/bannerrojook-150x150.jpg 150w, https:\/\/elfuerte.cl\/web\/wp-content\/uploads\/2025\/10\/bannerrojook-256x256.jpg 256w\" sizes=\"(max-width: 750px) 100vw, 750px\" \/><\/aside><aside id=\"categories-2\" class=\"widget widget_categories\"><h4 class=\"widget-title\">Secciones<\/h4>\n\t\t\t<ul>\n\t\t\t\t\t<li class=\"cat-item cat-item-21\"><a href=\"https:\/\/elfuerte.cl\/web\/category\/actualidad\/\" title=\"View all posts filed under Actualidad\">Actualidad<\/a>\n<\/li>\n\t<li class=\"cat-item cat-item-100\"><a href=\"https:\/\/elfuerte.cl\/web\/category\/destacados\/\" title=\"View all posts filed under Destacados\">Destacados<\/a>\n<\/li>\n\t<li class=\"cat-item cat-item-101\"><a href=\"https:\/\/elfuerte.cl\/web\/category\/region-ludica\/\" title=\"View all posts filed under Regi\u00f3n L\u00fadica\">Regi\u00f3n L\u00fadica<\/a>\n<\/li>\n\t<li class=\"cat-item cat-item-157\"><a href=\"https:\/\/elfuerte.cl\/web\/category\/sala-de-redaccion\/\" title=\"View all posts filed under Sala de Redacci\u00f3n\">Sala de Redacci\u00f3n<\/a>\n<\/li>\n\t\t\t<\/ul>\n\n\t\t\t<\/aside><aside id=\"custom_popular_posts-2\" class=\"widget Custom_Popular_Posts\"><h4 class=\"widget-title\">Populares<\/h4><ul class=\"posts  styled\"><li class=\"clearfix gem-pp-posts\"><div class=\"gem-pp-posts-image\"><a href=\"https:\/\/elfuerte.cl\/web\/2026\/04\/27\/intercambio-de-semillas-y-experiencias-conecta-comunidades-del-pais-en-torno-a-la-restauracion-del-bosque-nativo-en-los-rios\/\"><img src=\"https:\/\/elfuerte.cl\/web\/wp-content\/uploads\/2026\/04\/portada-2026-04-27T102238.493-thegem-post-thumb-large.jpg\" srcset=\"https:\/\/elfuerte.cl\/web\/wp-content\/uploads\/2026\/04\/portada-2026-04-27T102238.493-thegem-post-thumb-small.jpg 1x, https:\/\/elfuerte.cl\/web\/wp-content\/uploads\/2026\/04\/portada-2026-04-27T102238.493-thegem-post-thumb-large.jpg 2x\" alt=\"\"\/><\/a><\/div><div class=\"gem-pp-posts-text\"> <div class=\"gem-pp-posts-item\"><a href=\"https:\/\/elfuerte.cl\/web\/2026\/04\/27\/intercambio-de-semillas-y-experiencias-conecta-comunidades-del-pais-en-torno-a-la-restauracion-del-bosque-nativo-en-los-rios\/\">Intercambio de semillas y experiencias conecta comunidades del pa\u00eds en torno a la restauraci\u00f3n del bosque nativo en Los R\u00edos<\/a><\/div><div class=\"gem-pp-posts-date\">27\/04\/2026<\/div><\/div><\/li><li class=\"clearfix gem-pp-posts\"><div class=\"gem-pp-posts-image\"><a href=\"https:\/\/elfuerte.cl\/web\/2025\/10\/11\/recuperar-una-casa-y-un-icono-de-la-historia-lotina\/\"><img src=\"https:\/\/elfuerte.cl\/web\/wp-content\/uploads\/2025\/10\/actualidad003-copia-thegem-post-thumb-large.jpg\" srcset=\"https:\/\/elfuerte.cl\/web\/wp-content\/uploads\/2025\/10\/actualidad003-copia-thegem-post-thumb-small.jpg 1x, https:\/\/elfuerte.cl\/web\/wp-content\/uploads\/2025\/10\/actualidad003-copia-thegem-post-thumb-large.jpg 2x\" alt=\"\"\/><\/a><\/div><div class=\"gem-pp-posts-text\"> <div class=\"gem-pp-posts-item\"><a href=\"https:\/\/elfuerte.cl\/web\/2025\/10\/11\/recuperar-una-casa-y-un-icono-de-la-historia-lotina\/\">Recuperar una casa y un \u00edcono de la historia lotina<\/a><\/div><div class=\"gem-pp-posts-date\">11\/10\/2025<\/div><\/div><\/li><li class=\"clearfix gem-pp-posts\"><div class=\"gem-pp-posts-image\"><a href=\"https:\/\/elfuerte.cl\/web\/2025\/10\/08\/indap-impulsa-acceso-a-tierras-y-emprendimiento-para-juventudes-rurales-con-nuevo-programa-tierra-joven\/\"><img src=\"https:\/\/elfuerte.cl\/web\/wp-content\/uploads\/2025\/10\/actualidad001-copia-thegem-post-thumb-large.jpg\" srcset=\"https:\/\/elfuerte.cl\/web\/wp-content\/uploads\/2025\/10\/actualidad001-copia-thegem-post-thumb-small.jpg 1x, https:\/\/elfuerte.cl\/web\/wp-content\/uploads\/2025\/10\/actualidad001-copia-thegem-post-thumb-large.jpg 2x\" alt=\"\"\/><\/a><\/div><div class=\"gem-pp-posts-text\"> <div class=\"gem-pp-posts-item\"><a href=\"https:\/\/elfuerte.cl\/web\/2025\/10\/08\/indap-impulsa-acceso-a-tierras-y-emprendimiento-para-juventudes-rurales-con-nuevo-programa-tierra-joven\/\">INDAP impulsa acceso a tierras y emprendimiento para juventudes rurales con nuevo programa \u201cTierra Joven\u201d<\/a><\/div><div class=\"gem-pp-posts-date\">08\/10\/2025<\/div><\/div><\/li><li class=\"clearfix gem-pp-posts\"><div class=\"gem-pp-posts-image\"><a href=\"https:\/\/elfuerte.cl\/web\/2025\/09\/05\/la-derrota-que-dejo-al-gobierno-sin-brujula\/\"><img src=\"https:\/\/elfuerte.cl\/web\/wp-content\/uploads\/2025\/09\/actualidad004-thegem-post-thumb-large.jpg\" srcset=\"https:\/\/elfuerte.cl\/web\/wp-content\/uploads\/2025\/09\/actualidad004-thegem-post-thumb-small.jpg 1x, https:\/\/elfuerte.cl\/web\/wp-content\/uploads\/2025\/09\/actualidad004-thegem-post-thumb-large.jpg 2x\" alt=\"\"\/><\/a><\/div><div class=\"gem-pp-posts-text\"> <div class=\"gem-pp-posts-item\"><a href=\"https:\/\/elfuerte.cl\/web\/2025\/09\/05\/la-derrota-que-dejo-al-gobierno-sin-brujula\/\">La derrota que dej\u00f3 al gobierno sin br\u00fajula<\/a><\/div><div class=\"gem-pp-posts-date\">05\/09\/2025<\/div><\/div><\/li><\/ul><\/aside>\t\t\t\t<\/div>\n\t\t\t\t\t<\/div>\n\t\t<\/div>\n\t\t\t\t\t<\/div><\/div>\r\n\t\t<\/section>\r\n\t\t\t\t<\/div>\n\t\t","protected":false},"excerpt":{"rendered":"<p>A dos a\u00f1os de cumplirse el bicentenario de su incorporaci\u00f3n a la Rep\u00fablica de Chile, Chilo\u00e9 trabaja en la implementaci\u00f3n de un plan que busca honrar su rica historia, como \u00faltimo basti\u00f3n espa\u00f1ol, y proyectar un desarrollo basado en su identidad cultural. Con 158 mil habitantes y una fuerte presencia ind\u00edgena, el archipi\u00e9lago enfrenta el desaf\u00edo de equilibrar conservaci\u00f3n y modernidad.\u00a0<\/p>\n","protected":false},"author":1,"featured_media":2653,"comment_status":"closed","ping_status":"closed","sticky":false,"template":"single-fullwidth.php","format":"standard","meta":{"footnotes":""},"categories":[21,100],"tags":[65,110,345],"class_list":{"0":"post-2651","1":"post","2":"type-post","3":"status-publish","4":"format-standard","5":"has-post-thumbnail","7":"category-actualidad","8":"category-destacados","9":"tag-actualidad","10":"tag-chiloe","11":"tag-identidad"},"menu_order":0,"_links":{"self":[{"href":"https:\/\/elfuerte.cl\/web\/wp-json\/wp\/v2\/posts\/2651","targetHints":{"allow":["GET"]}}],"collection":[{"href":"https:\/\/elfuerte.cl\/web\/wp-json\/wp\/v2\/posts"}],"about":[{"href":"https:\/\/elfuerte.cl\/web\/wp-json\/wp\/v2\/types\/post"}],"author":[{"embeddable":true,"href":"https:\/\/elfuerte.cl\/web\/wp-json\/wp\/v2\/users\/1"}],"replies":[{"embeddable":true,"href":"https:\/\/elfuerte.cl\/web\/wp-json\/wp\/v2\/comments?post=2651"}],"version-history":[{"count":11,"href":"https:\/\/elfuerte.cl\/web\/wp-json\/wp\/v2\/posts\/2651\/revisions"}],"predecessor-version":[{"id":2671,"href":"https:\/\/elfuerte.cl\/web\/wp-json\/wp\/v2\/posts\/2651\/revisions\/2671"}],"wp:featuredmedia":[{"embeddable":true,"href":"https:\/\/elfuerte.cl\/web\/wp-json\/wp\/v2\/media\/2653"}],"wp:attachment":[{"href":"https:\/\/elfuerte.cl\/web\/wp-json\/wp\/v2\/media?parent=2651"}],"wp:term":[{"taxonomy":"category","embeddable":true,"href":"https:\/\/elfuerte.cl\/web\/wp-json\/wp\/v2\/categories?post=2651"},{"taxonomy":"post_tag","embeddable":true,"href":"https:\/\/elfuerte.cl\/web\/wp-json\/wp\/v2\/tags?post=2651"}],"curies":[{"name":"wp","href":"https:\/\/api.w.org\/{rel}","templated":true}]}}