{"id":2672,"date":"2025-12-11T16:17:36","date_gmt":"2025-12-11T15:17:36","guid":{"rendered":"https:\/\/elfuerte.cl\/web\/?p=2672"},"modified":"2025-12-11T16:22:57","modified_gmt":"2025-12-11T15:22:57","slug":"valdivia-se-proyecta-como-capital-de-la-innovacion-del-sur-con-el-summit-smart-city","status":"publish","type":"post","link":"https:\/\/elfuerte.cl\/web\/2025\/12\/11\/valdivia-se-proyecta-como-capital-de-la-innovacion-del-sur-con-el-summit-smart-city\/","title":{"rendered":"Valdivia se proyecta como capital de la  innovaci\u00f3n del sur con el Summit Smart City"},"content":{"rendered":"\t\t<div data-elementor-type=\"wp-post\" data-elementor-id=\"2672\" class=\"elementor elementor-2672\">\n\t\t\t\t\t\t<section class=\"elementor-section elementor-top-section elementor-element elementor-element-464cea7 elementor-section-boxed elementor-section-height-default elementor-section-height-default\" data-id=\"464cea7\" data-element_type=\"section\">\r\n\t\t\t\t\t\t<div class=\"elementor-container elementor-column-gap-thegem\"><div class=\"elementor-row\">\r\n\t\t\t\t\t<div class=\"elementor-column elementor-col-66 elementor-top-column elementor-element elementor-element-2f44c54\" data-id=\"2f44c54\" data-element_type=\"column\">\n\t\t\t<div class=\"elementor-widget-wrap elementor-element-populated\">\n\t\t\t\t\t\t<div class=\"elementor-element elementor-element-ab386a6 flex-horizontal-align-default flex-horizontal-align-tablet-default flex-horizontal-align-mobile-default flex-vertical-align-default flex-vertical-align-tablet-default flex-vertical-align-mobile-default elementor-widget elementor-widget-heading\" data-id=\"ab386a6\" data-element_type=\"widget\" data-widget_type=\"heading.default\">\n\t\t\t\t\t<div class=\"title-h1 elementor-heading-title elementor-size-default\">Valdivia se proyecta como capital de la  innovaci\u00f3n del sur con el Summit Smart City<\/div>\t\t\t\t<\/div>\n\t\t\t\t<div class=\"elementor-element elementor-element-8427bf3 flex-horizontal-align-default flex-horizontal-align-tablet-default flex-horizontal-align-mobile-default flex-vertical-align-default flex-vertical-align-tablet-default flex-vertical-align-mobile-default elementor-widget elementor-widget-text-editor\" data-id=\"8427bf3\" data-element_type=\"widget\" data-widget_type=\"text-editor.default\">\n\t\t\t\t\t\t\t\t\t\t\t\t<div class=\"elementor-text-editor elementor-clearfix\">\r\n\t\t\t\t\t\t<p><strong>Su objetivo es reunir a los actores relevantes del territorio vinculados con la innovaci\u00f3n, el desarrollo de tecnolog\u00edas, el turismo y el medioambiente, para analizar el futuro de las ciudades y destinos inteligentes, a trav\u00e9s de la aplicaci\u00f3n del modelo Smart City.<\/strong><\/p><p>Valdivia avanza a pasos firmes para consolidarse como un polo de innovaci\u00f3n y sustentabilidad en el sur de Chile con la realizaci\u00f3n del Summit Smart City, que desde ayer se desarrolla en el hotel Dreams, con la participaci\u00f3n de autoridades regionales, expertos internacionales, emprendedores, universidades y representantes del ecosistema de innovaci\u00f3n de la Regi\u00f3n de Los R\u00edos.<\/p><p>El evento es organizado por Smart City Chile, instituto de investigaci\u00f3n y difusi\u00f3n orientado a la transferencia de soluciones y proyectos sustentables e inteligentes en Chile y Latinoam\u00e9rica, y es apoyado por el programa \u201cViraliza\u201d, del Comit\u00e9 Fomento los R\u00edos de Corfo.<\/p><p>Su objetivo es reunir a los actores relevantes del territorio vinculados con la innovaci\u00f3n, el desarrollo de tecnolog\u00edas, el turismo y el medioambiente, para analizar el futuro de las ciudades y destinos inteligentes, a trav\u00e9s de la aplicaci\u00f3n del modelo Smart City.<\/p><p>La iniciativa se inici\u00f3 ayer mi\u00e9rcoles con la inauguraci\u00f3n encabezada por el gobernador Luis Cuvertino, el director regional de Corfo, Pablo D\u00edaz, y la alcaldesa de Valdivia, Carla Amtmann. Tras ello, Pablo Dur\u00e1n, director de Smart City Chile, present\u00f3 la visi\u00f3n que sustenta el encuentro. \u201cSmart City no es tecnolog\u00eda por tecnolog\u00eda: es ponerla al servicio de las personas. Cuando una c\u00e1mara, un sensor o un sistema de datos permite que un turista decida venir, que un emprendedor encuentre una oportunidad o que un municipio tome mejores decisiones, ah\u00ed estamos construyendo inteligencia territorial\u201d, afirm\u00f3. El director agreg\u00f3 que \u201cLos R\u00edos tiene todos los elementos para liderar este modelo: identidad, naturaleza, universidades y un ecosistema que quiere innovar\u201d.<\/p><p>Dur\u00e1n tambi\u00e9n profundiz\u00f3 en los desaf\u00edos del territorio. \u201cLos R\u00edos tiene un ecosistema que otros territorios quisieran: capital humano, universidades, identidad cultural, naturaleza privilegiada y un turismo que demanda innovaci\u00f3n. El desaf\u00edo es articular estos elementos en una estrategia com\u00fan\u201d, expres\u00f3.<\/p><p>Durante la ma\u00f1ana del mi\u00e9rcoles se desarroll\u00f3 el primer bloque, con expertos de M\u00e9xico, Uruguay y Chile que abordaron turismo regenerativo, monitoreo ambiental, modelos internacionales de destinos inteligentes, conectividad y dise\u00f1o urbano sostenible. Luego vino el panel centrado en la Movilidad Azul Inteligente, donde se presentaron experiencias sobre navegaci\u00f3n el\u00e9ctrica, sensores ac\u00fasticos y desaf\u00edos portuarios, especialmente relevantes para un territorio marcado por r\u00edos y lagos.<\/p><p>Por la tarde, el evento recibi\u00f3 a la Embajada de Finlandia, pa\u00eds reconocido mundialmente por su liderazgo en sostenibilidad, planificaci\u00f3n urbana y econom\u00eda circular. La embajadora Johanna Kotkaj\u00e4rvi y el consejero Antti Kauttonen expusieron modelos de gesti\u00f3n de residuos y soluciones aplicables a ciudades medianas como Valdivia. El panel posterior vincul\u00f3 esas experiencias con prioridades locales, especialmente en \u00e1mbitos de econom\u00eda circular, innovaci\u00f3n y gobernanza urbana.<\/p><p>Posteriormente, se desarroll\u00f3 un Foro de Alcaldes y Autoridades, donde particip\u00f3 el senador Alfonso de Urresti, junto con personeros de gobierno y alcaldes de las regiones de Los R\u00edos y Los Lagos. Uno de los momentos m\u00e1s comentados fue la intervenci\u00f3n del alcalde de Puerto Montt, Rodrigo Wainwright, quien comparti\u00f3 la estrategia de transformaci\u00f3n que impulsa en su comuna. \u201cPuerto Montt no lleg\u00f3 a la innovaci\u00f3n por casualidad: llegamos por convicci\u00f3n. Hoy estamos incorporando inteligencia artificial, ciencia aplicada y tecnolog\u00edas emergentes porque creemos que la ciudad debe prepararse para los pr\u00f3ximos 30 a\u00f1os, no para los pr\u00f3ximos cuatro\u201d, se\u00f1al\u00f3. A\u00f1adi\u00f3 que \u201ccuando el sector p\u00fablico, el privado, la academia y la sociedad civil trabajan juntos, la innovaci\u00f3n deja de ser un discurso y se convierte en una realidad\u201d. Su reflexi\u00f3n permiti\u00f3 contrastar modelos y reforzar que Los R\u00edos posee condiciones \u00fanicas para avanzar en estrategias similares, vinculadas a turismo, ciencia y sostenibilidad.<\/p><figure id=\"attachment_2678\" aria-describedby=\"caption-attachment-2678\" style=\"width: 1170px\" class=\"wp-caption aligncenter\"><img class=\"wp-image-2678 size-full\" src=\"https:\/\/elfuerte.cl\/web\/wp-content\/uploads\/2025\/12\/smartnota.jpg\" alt=\"\" width=\"1170\" height=\"674\" srcset=\"https:\/\/elfuerte.cl\/web\/wp-content\/uploads\/2025\/12\/smartnota.jpg 1170w, https:\/\/elfuerte.cl\/web\/wp-content\/uploads\/2025\/12\/smartnota-300x173.jpg 300w, https:\/\/elfuerte.cl\/web\/wp-content\/uploads\/2025\/12\/smartnota-1024x590.jpg 1024w, https:\/\/elfuerte.cl\/web\/wp-content\/uploads\/2025\/12\/smartnota-768x442.jpg 768w\" sizes=\"(max-width: 1170px) 100vw, 1170px\" \/><figcaption id=\"caption-attachment-2678\" class=\"wp-caption-text\">En el evento tambi\u00e9n se mont\u00f3 una feria de emprendedores y empresas locales vinculadas con la tecnolog\u00eda y la innovaci\u00f3n, con una serie de soluciones locales para el manejo de residuos, el uso de datos, el dise\u00f1o de iluminaci\u00f3n inteligente, productoras y oferta tur\u00edstica.<\/figcaption><\/figure><p>\u00a0<\/p><p><strong>PROGRAMA DE HOY<\/strong><br \/>Hoy jueves, la programaci\u00f3n contin\u00faa con una intensa agenda marcada por innovaci\u00f3n, gobernanza y sostenibilidad. Durante la ma\u00f1ana se realizar\u00e1 el bloque dedicado a la creaci\u00f3n de una red regional de apoyo para destinos inteligentes, con exposiciones sobre se\u00f1alizaci\u00f3n tur\u00edstica digital, an\u00e1lisis territorial basado en datos, exportaci\u00f3n de servicios, emprendimiento STEM y modelos de cowork vinculados al ecosistema local. M\u00e1s tarde continuar\u00e1 con un panel de Gobernanza Urbana, donde autoridades y especialistas abordar\u00e1n desaf\u00edos de planificaci\u00f3n, experiencias latinoamericanas y aportes al desarrollo sostenible de ciudades. Al mediod\u00eda se llevar\u00e1 a cabo el bloque de Sustentabilidad, centrado en tecnolog\u00edas avanzadas, conservaci\u00f3n ambiental y modelos de gesti\u00f3n para destinos inteligentes.<\/p><p>El programa culminar\u00e1 ma\u00f1ana viernes en Panguipulli, donde se realizar\u00e1 una jornada pr\u00e1ctica sobre turismo inteligente junto a la municipalidad local. La actividad incluir\u00e1 una charla y un taller orientados a fortalecer capacidades en una de las comunas m\u00e1s din\u00e1micas de la regi\u00f3n y puerta de entrada a Huilo Huilo.<\/p><p>La presencia de comunidades, emprendedores, autoridades y expertos ha consolidado a Valdivia y a la Regi\u00f3n de Los R\u00edos como un laboratorio natural para el desarrollo de ciudades inteligentes con identidad local, sostenibilidad y visi\u00f3n de futuro.<\/p><p><strong>Marcelo Patroni, director de El Fuerte Noticias<\/strong><\/p>\t\t\t\t\t\t\t<\/div>\r\n\t\t\t\t\t\t\t\t\t\t<\/div>\n\t\t\t\t<div class=\"elementor-element elementor-element-f75efa7 flex-horizontal-align-default flex-horizontal-align-tablet-default flex-horizontal-align-mobile-default flex-vertical-align-default flex-vertical-align-tablet-default flex-vertical-align-mobile-default elementor-widget elementor-widget-image-gallery\" data-id=\"f75efa7\" data-element_type=\"widget\" data-widget_type=\"image-gallery.default\">\n\t\t\t\t\t\t\t<div class=\"elementor-image-gallery\">\n\t\t\t<div id='gallery-1' class='gallery galleryid-2672 gallery-columns-4 gallery-size-thumbnail'><figure class='gallery-item'>\n\t\t\t<div class='gallery-icon portrait'>\n\t\t\t\t<a data-elementor-open-lightbox=\"yes\" data-elementor-lightbox-slideshow=\"f75efa7\" data-elementor-lightbox-title=\"Smart 1\" data-e-action-hash=\"#elementor-action%3Aaction%3Dlightbox%26settings%3DeyJpZCI6MjY3NSwidXJsIjoiaHR0cHM6XC9cL2VsZnVlcnRlLmNsXC93ZWJcL3dwLWNvbnRlbnRcL3VwbG9hZHNcLzIwMjVcLzEyXC9TbWFydC0xLmpwZWciLCJzbGlkZXNob3ciOiJmNzVlZmE3In0%3D\" href='https:\/\/elfuerte.cl\/web\/wp-content\/uploads\/2025\/12\/Smart-1.jpeg'><img width=\"150\" height=\"150\" src=\"https:\/\/elfuerte.cl\/web\/wp-content\/uploads\/2025\/12\/Smart-1-150x150.jpeg\" class=\"attachment-thumbnail size-thumbnail\" alt=\"\" srcset=\"https:\/\/elfuerte.cl\/web\/wp-content\/uploads\/2025\/12\/Smart-1-150x150.jpeg 150w, https:\/\/elfuerte.cl\/web\/wp-content\/uploads\/2025\/12\/Smart-1-256x256.jpeg 256w\" sizes=\"(max-width: 150px) 100vw, 150px\" \/><\/a>\n\t\t\t<\/div><\/figure><figure class='gallery-item'>\n\t\t\t<div class='gallery-icon portrait'>\n\t\t\t\t<a data-elementor-open-lightbox=\"yes\" data-elementor-lightbox-slideshow=\"f75efa7\" data-elementor-lightbox-title=\"Smart 2\" data-e-action-hash=\"#elementor-action%3Aaction%3Dlightbox%26settings%3DeyJpZCI6MjY3NiwidXJsIjoiaHR0cHM6XC9cL2VsZnVlcnRlLmNsXC93ZWJcL3dwLWNvbnRlbnRcL3VwbG9hZHNcLzIwMjVcLzEyXC9TbWFydC0yLmpwZWciLCJzbGlkZXNob3ciOiJmNzVlZmE3In0%3D\" href='https:\/\/elfuerte.cl\/web\/wp-content\/uploads\/2025\/12\/Smart-2.jpeg'><img width=\"150\" height=\"150\" src=\"https:\/\/elfuerte.cl\/web\/wp-content\/uploads\/2025\/12\/Smart-2-150x150.jpeg\" class=\"attachment-thumbnail size-thumbnail\" alt=\"\" srcset=\"https:\/\/elfuerte.cl\/web\/wp-content\/uploads\/2025\/12\/Smart-2-150x150.jpeg 150w, https:\/\/elfuerte.cl\/web\/wp-content\/uploads\/2025\/12\/Smart-2-256x256.jpeg 256w\" sizes=\"(max-width: 150px) 100vw, 150px\" \/><\/a>\n\t\t\t<\/div><\/figure><figure class='gallery-item'>\n\t\t\t<div class='gallery-icon portrait'>\n\t\t\t\t<a data-elementor-open-lightbox=\"yes\" data-elementor-lightbox-slideshow=\"f75efa7\" data-elementor-lightbox-title=\"Smart 3\" data-e-action-hash=\"#elementor-action%3Aaction%3Dlightbox%26settings%3DeyJpZCI6MjY3NywidXJsIjoiaHR0cHM6XC9cL2VsZnVlcnRlLmNsXC93ZWJcL3dwLWNvbnRlbnRcL3VwbG9hZHNcLzIwMjVcLzEyXC9TbWFydC0zLmpwZWciLCJzbGlkZXNob3ciOiJmNzVlZmE3In0%3D\" href='https:\/\/elfuerte.cl\/web\/wp-content\/uploads\/2025\/12\/Smart-3.jpeg'><img width=\"150\" height=\"150\" src=\"https:\/\/elfuerte.cl\/web\/wp-content\/uploads\/2025\/12\/Smart-3-150x150.jpeg\" class=\"attachment-thumbnail size-thumbnail\" alt=\"\" srcset=\"https:\/\/elfuerte.cl\/web\/wp-content\/uploads\/2025\/12\/Smart-3-150x150.jpeg 150w, https:\/\/elfuerte.cl\/web\/wp-content\/uploads\/2025\/12\/Smart-3-256x256.jpeg 256w\" sizes=\"(max-width: 150px) 100vw, 150px\" \/><\/a>\n\t\t\t<\/div><\/figure>\n\t\t<\/div>\n\t\t<\/div>\n\t\t\t\t\t\t<\/div>\n\t\t\t\t<div class=\"elementor-element elementor-element-5ac3e4a flex-horizontal-align-default flex-horizontal-align-tablet-default flex-horizontal-align-mobile-default flex-vertical-align-default flex-vertical-align-tablet-default flex-vertical-align-mobile-default elementor-widget elementor-widget-thegem-styledimage\" data-id=\"5ac3e4a\" data-element_type=\"widget\" data-settings=\"{&quot;thegem_elementor_preset&quot;:&quot;style-2&quot;,&quot;image&quot;:{&quot;url&quot;:&quot;https:\\\/\\\/elfuerte.cl\\\/web\\\/wp-content\\\/uploads\\\/2025\\\/10\\\/bannerefdelsur.jpg&quot;,&quot;id&quot;:1540,&quot;size&quot;:&quot;&quot;,&quot;alt&quot;:&quot;&quot;,&quot;source&quot;:&quot;library&quot;},&quot;image_position&quot;:&quot;left&quot;}\" data-widget_type=\"thegem-styledimage.default\">\n\t\t\t\t<div class=\"elementor-widget-container\">\n\t\t\t\t\t\n<div class=\"styled-image-wrapper\">\n\t\t\t<div class=\"gem-image gem-wrapbox gem-wrapbox-style-2 gem-wrapbox-position-left lazy-loading \">\n\t\t\t<div class=\"gem-wrapbox-inner  lazy-loading-item\"  data-ll-effect=\"move-up\">\n\t\t\t\t\t\t\t\t<a href=\"#\">\n\t\t\t\t\t\t\t\t\t\t<img class=\"gem-wrapbox-element img-responsive \"\n\t\t\t\t\t\t src=\"https:\/\/elfuerte.cl\/web\/wp-content\/uploads\/2025\/10\/bannerefdelsur.jpg\"\n\t\t\t\t\t\t alt=\"bannerefdelsur\">\n\t\t\t\t\t\t\t\t\t\t\t\t\t\t<\/a>\n\t\t\t\t\t\t<\/div>\n\t\t<\/div>\n\t\t<\/div>\n\n\n\t\n\t\t\t\t\t\t<\/div>\n\t\t\t\t<\/div>\n\t\t\t\t\t<\/div>\n\t\t<\/div>\n\t\t\t\t<div class=\"elementor-column elementor-col-33 elementor-top-column elementor-element elementor-element-dfac7b7\" data-id=\"dfac7b7\" data-element_type=\"column\">\n\t\t\t<div class=\"elementor-widget-wrap elementor-element-populated\">\n\t\t\t\t\t\t<div class=\"elementor-element elementor-element-af7077d flex-horizontal-align-default flex-horizontal-align-tablet-default flex-horizontal-align-mobile-default flex-vertical-align-default flex-vertical-align-tablet-default flex-vertical-align-mobile-default elementor-widget elementor-widget-sidebar\" data-id=\"af7077d\" data-element_type=\"widget\" data-settings=\"{&quot;thegem_custom_css&quot;:&quot;.gem-pp-posts-image {\\r\\n    width: 72px;\\r\\n}\\r\\n.gem-pp-posts-image img {\\r\\n    border-radius: 50%;\\r\\n}\\r\\nselector h4 {\\r\\n    padding-top: 40px;\\r\\n}&quot;}\" data-widget_type=\"sidebar.default\">\n\t\t\t\t\t<aside id=\"media_image-3\" class=\"widget widget_media_image\"><img width=\"750\" height=\"750\" src=\"https:\/\/elfuerte.cl\/web\/wp-content\/uploads\/2025\/10\/bannerrojook.jpg\" class=\"image wp-image-1681  attachment-full size-full\" alt=\"\" style=\"max-width: 100%; height: auto;\" title=\"Banner\" srcset=\"https:\/\/elfuerte.cl\/web\/wp-content\/uploads\/2025\/10\/bannerrojook.jpg 750w, https:\/\/elfuerte.cl\/web\/wp-content\/uploads\/2025\/10\/bannerrojook-300x300.jpg 300w, https:\/\/elfuerte.cl\/web\/wp-content\/uploads\/2025\/10\/bannerrojook-150x150.jpg 150w, https:\/\/elfuerte.cl\/web\/wp-content\/uploads\/2025\/10\/bannerrojook-256x256.jpg 256w\" sizes=\"(max-width: 750px) 100vw, 750px\" \/><\/aside><aside id=\"categories-2\" class=\"widget widget_categories\"><h4 class=\"widget-title\">Secciones<\/h4>\n\t\t\t<ul>\n\t\t\t\t\t<li class=\"cat-item cat-item-21\"><a href=\"https:\/\/elfuerte.cl\/web\/category\/actualidad\/\" title=\"View all posts filed under Actualidad\">Actualidad<\/a>\n<\/li>\n\t<li class=\"cat-item cat-item-100\"><a href=\"https:\/\/elfuerte.cl\/web\/category\/destacados\/\" title=\"View all posts filed under Destacados\">Destacados<\/a>\n<\/li>\n\t<li class=\"cat-item cat-item-101\"><a href=\"https:\/\/elfuerte.cl\/web\/category\/region-ludica\/\" title=\"View all posts filed under Regi\u00f3n L\u00fadica\">Regi\u00f3n L\u00fadica<\/a>\n<\/li>\n\t<li class=\"cat-item cat-item-157\"><a href=\"https:\/\/elfuerte.cl\/web\/category\/sala-de-redaccion\/\" title=\"View all posts filed under Sala de Redacci\u00f3n\">Sala de Redacci\u00f3n<\/a>\n<\/li>\n\t\t\t<\/ul>\n\n\t\t\t<\/aside><aside id=\"custom_popular_posts-2\" class=\"widget Custom_Popular_Posts\"><h4 class=\"widget-title\">Populares<\/h4><ul class=\"posts  styled\"><li class=\"clearfix gem-pp-posts\"><div class=\"gem-pp-posts-image\"><a href=\"https:\/\/elfuerte.cl\/web\/2026\/04\/27\/intercambio-de-semillas-y-experiencias-conecta-comunidades-del-pais-en-torno-a-la-restauracion-del-bosque-nativo-en-los-rios\/\"><img src=\"https:\/\/elfuerte.cl\/web\/wp-content\/uploads\/2026\/04\/portada-2026-04-27T102238.493-thegem-post-thumb-large.jpg\" srcset=\"https:\/\/elfuerte.cl\/web\/wp-content\/uploads\/2026\/04\/portada-2026-04-27T102238.493-thegem-post-thumb-small.jpg 1x, https:\/\/elfuerte.cl\/web\/wp-content\/uploads\/2026\/04\/portada-2026-04-27T102238.493-thegem-post-thumb-large.jpg 2x\" alt=\"\"\/><\/a><\/div><div class=\"gem-pp-posts-text\"> <div class=\"gem-pp-posts-item\"><a href=\"https:\/\/elfuerte.cl\/web\/2026\/04\/27\/intercambio-de-semillas-y-experiencias-conecta-comunidades-del-pais-en-torno-a-la-restauracion-del-bosque-nativo-en-los-rios\/\">Intercambio de semillas y experiencias conecta comunidades del pa\u00eds en torno a la restauraci\u00f3n del bosque nativo en Los R\u00edos<\/a><\/div><div class=\"gem-pp-posts-date\">27\/04\/2026<\/div><\/div><\/li><li class=\"clearfix gem-pp-posts\"><div class=\"gem-pp-posts-image\"><a href=\"https:\/\/elfuerte.cl\/web\/2025\/10\/11\/recuperar-una-casa-y-un-icono-de-la-historia-lotina\/\"><img src=\"https:\/\/elfuerte.cl\/web\/wp-content\/uploads\/2025\/10\/actualidad003-copia-thegem-post-thumb-large.jpg\" srcset=\"https:\/\/elfuerte.cl\/web\/wp-content\/uploads\/2025\/10\/actualidad003-copia-thegem-post-thumb-small.jpg 1x, https:\/\/elfuerte.cl\/web\/wp-content\/uploads\/2025\/10\/actualidad003-copia-thegem-post-thumb-large.jpg 2x\" alt=\"\"\/><\/a><\/div><div class=\"gem-pp-posts-text\"> <div class=\"gem-pp-posts-item\"><a href=\"https:\/\/elfuerte.cl\/web\/2025\/10\/11\/recuperar-una-casa-y-un-icono-de-la-historia-lotina\/\">Recuperar una casa y un \u00edcono de la historia lotina<\/a><\/div><div class=\"gem-pp-posts-date\">11\/10\/2025<\/div><\/div><\/li><li class=\"clearfix gem-pp-posts\"><div class=\"gem-pp-posts-image\"><a href=\"https:\/\/elfuerte.cl\/web\/2025\/10\/08\/indap-impulsa-acceso-a-tierras-y-emprendimiento-para-juventudes-rurales-con-nuevo-programa-tierra-joven\/\"><img src=\"https:\/\/elfuerte.cl\/web\/wp-content\/uploads\/2025\/10\/actualidad001-copia-thegem-post-thumb-large.jpg\" srcset=\"https:\/\/elfuerte.cl\/web\/wp-content\/uploads\/2025\/10\/actualidad001-copia-thegem-post-thumb-small.jpg 1x, https:\/\/elfuerte.cl\/web\/wp-content\/uploads\/2025\/10\/actualidad001-copia-thegem-post-thumb-large.jpg 2x\" alt=\"\"\/><\/a><\/div><div class=\"gem-pp-posts-text\"> <div class=\"gem-pp-posts-item\"><a href=\"https:\/\/elfuerte.cl\/web\/2025\/10\/08\/indap-impulsa-acceso-a-tierras-y-emprendimiento-para-juventudes-rurales-con-nuevo-programa-tierra-joven\/\">INDAP impulsa acceso a tierras y emprendimiento para juventudes rurales con nuevo programa \u201cTierra Joven\u201d<\/a><\/div><div class=\"gem-pp-posts-date\">08\/10\/2025<\/div><\/div><\/li><li class=\"clearfix gem-pp-posts\"><div class=\"gem-pp-posts-image\"><a href=\"https:\/\/elfuerte.cl\/web\/2025\/09\/05\/la-derrota-que-dejo-al-gobierno-sin-brujula\/\"><img src=\"https:\/\/elfuerte.cl\/web\/wp-content\/uploads\/2025\/09\/actualidad004-thegem-post-thumb-large.jpg\" srcset=\"https:\/\/elfuerte.cl\/web\/wp-content\/uploads\/2025\/09\/actualidad004-thegem-post-thumb-small.jpg 1x, https:\/\/elfuerte.cl\/web\/wp-content\/uploads\/2025\/09\/actualidad004-thegem-post-thumb-large.jpg 2x\" alt=\"\"\/><\/a><\/div><div class=\"gem-pp-posts-text\"> <div class=\"gem-pp-posts-item\"><a href=\"https:\/\/elfuerte.cl\/web\/2025\/09\/05\/la-derrota-que-dejo-al-gobierno-sin-brujula\/\">La derrota que dej\u00f3 al gobierno sin br\u00fajula<\/a><\/div><div class=\"gem-pp-posts-date\">05\/09\/2025<\/div><\/div><\/li><\/ul><\/aside>\t\t\t\t<\/div>\n\t\t\t\t\t<\/div>\n\t\t<\/div>\n\t\t\t\t\t<\/div><\/div>\r\n\t\t<\/section>\r\n\t\t\t\t<\/div>\n\t\t","protected":false},"excerpt":{"rendered":"<p>Su objetivo es reunir a los actores relevantes del territorio vinculados con la innovaci\u00f3n, el desarrollo de tecnolog\u00edas, el turismo y el medioambiente, para analizar el futuro de las ciudades y destinos inteligentes, a trav\u00e9s de la aplicaci\u00f3n del modelo Smart City.<\/p>\n","protected":false},"author":1,"featured_media":2674,"comment_status":"closed","ping_status":"closed","sticky":false,"template":"single-fullwidth.php","format":"standard","meta":{"footnotes":""},"categories":[21,100],"tags":[65,185],"class_list":{"0":"post-2672","1":"post","2":"type-post","3":"status-publish","4":"format-standard","5":"has-post-thumbnail","7":"category-actualidad","8":"category-destacados","9":"tag-actualidad","10":"tag-tecnologia"},"menu_order":0,"_links":{"self":[{"href":"https:\/\/elfuerte.cl\/web\/wp-json\/wp\/v2\/posts\/2672","targetHints":{"allow":["GET"]}}],"collection":[{"href":"https:\/\/elfuerte.cl\/web\/wp-json\/wp\/v2\/posts"}],"about":[{"href":"https:\/\/elfuerte.cl\/web\/wp-json\/wp\/v2\/types\/post"}],"author":[{"embeddable":true,"href":"https:\/\/elfuerte.cl\/web\/wp-json\/wp\/v2\/users\/1"}],"replies":[{"embeddable":true,"href":"https:\/\/elfuerte.cl\/web\/wp-json\/wp\/v2\/comments?post=2672"}],"version-history":[{"count":4,"href":"https:\/\/elfuerte.cl\/web\/wp-json\/wp\/v2\/posts\/2672\/revisions"}],"predecessor-version":[{"id":2681,"href":"https:\/\/elfuerte.cl\/web\/wp-json\/wp\/v2\/posts\/2672\/revisions\/2681"}],"wp:featuredmedia":[{"embeddable":true,"href":"https:\/\/elfuerte.cl\/web\/wp-json\/wp\/v2\/media\/2674"}],"wp:attachment":[{"href":"https:\/\/elfuerte.cl\/web\/wp-json\/wp\/v2\/media?parent=2672"}],"wp:term":[{"taxonomy":"category","embeddable":true,"href":"https:\/\/elfuerte.cl\/web\/wp-json\/wp\/v2\/categories?post=2672"},{"taxonomy":"post_tag","embeddable":true,"href":"https:\/\/elfuerte.cl\/web\/wp-json\/wp\/v2\/tags?post=2672"}],"curies":[{"name":"wp","href":"https:\/\/api.w.org\/{rel}","templated":true}]}}