{"id":2682,"date":"2025-12-11T10:39:22","date_gmt":"2025-12-11T09:39:22","guid":{"rendered":"https:\/\/elfuerte.cl\/web\/?p=2682"},"modified":"2025-12-11T18:44:31","modified_gmt":"2025-12-11T17:44:31","slug":"parque-saval-sera-el-epicentro-del-emprendimiento-local-con-inspira-2025","status":"publish","type":"post","link":"https:\/\/elfuerte.cl\/web\/2025\/12\/11\/parque-saval-sera-el-epicentro-del-emprendimiento-local-con-inspira-2025\/","title":{"rendered":"Parque Saval ser\u00e1 el epicentro del  emprendimiento local con \u201cInspira 2025\u201d"},"content":{"rendered":"\t\t<div data-elementor-type=\"wp-post\" data-elementor-id=\"2682\" class=\"elementor elementor-2682\">\n\t\t\t\t\t\t<section class=\"elementor-section elementor-top-section elementor-element elementor-element-464cea7 elementor-section-boxed elementor-section-height-default elementor-section-height-default\" data-id=\"464cea7\" data-element_type=\"section\">\r\n\t\t\t\t\t\t<div class=\"elementor-container elementor-column-gap-thegem\"><div class=\"elementor-row\">\r\n\t\t\t\t\t<div class=\"elementor-column elementor-col-66 elementor-top-column elementor-element elementor-element-2f44c54\" data-id=\"2f44c54\" data-element_type=\"column\">\n\t\t\t<div class=\"elementor-widget-wrap elementor-element-populated\">\n\t\t\t\t\t\t<div class=\"elementor-element elementor-element-ab386a6 flex-horizontal-align-default flex-horizontal-align-tablet-default flex-horizontal-align-mobile-default flex-vertical-align-default flex-vertical-align-tablet-default flex-vertical-align-mobile-default elementor-widget elementor-widget-heading\" data-id=\"ab386a6\" data-element_type=\"widget\" data-widget_type=\"heading.default\">\n\t\t\t\t\t<div class=\"title-h1 elementor-heading-title elementor-size-default\">Parque Saval ser\u00e1 el epicentro del  emprendimiento local con \u201cInspira 2025\u201d<\/div>\t\t\t\t<\/div>\n\t\t\t\t<div class=\"elementor-element elementor-element-8427bf3 flex-horizontal-align-default flex-horizontal-align-tablet-default flex-horizontal-align-mobile-default flex-vertical-align-default flex-vertical-align-tablet-default flex-vertical-align-mobile-default elementor-widget elementor-widget-text-editor\" data-id=\"8427bf3\" data-element_type=\"widget\" data-widget_type=\"text-editor.default\">\n\t\t\t\t\t\t\t\t\t\t\t\t<div class=\"elementor-text-editor elementor-clearfix\">\r\n\t\t\t\t\t\t<p><strong>En tres d\u00edas de programaci\u00f3n, el festival ofrecer\u00e1 charlas motivacionales, espacios formativos, m\u00fasica en vivo, talleres previos y una feria abierta al p\u00fablico donde los visitantes podr\u00e1n conocer proyectos locales que nacen desde los barrios, las cocinas, los talleres y las peque\u00f1as empresas de Valdivia y la regi\u00f3n.<\/strong><\/p><p>Nuevamente, Valdivia ser\u00e1 sede de uno de los encuentros m\u00e1s importantes del ecosistema emprendedor del sur del pa\u00eds. Este fin de semana, el Parque Saval reunir\u00e1 a m\u00e1s de 80 emprendedores y 15 expositores en la cuarta versi\u00f3n del \u201cFestival de Emprendimiento Inspira 2025\u201d, un espacio pensado para compartir experiencias, mostrar productos con identidad territorial y abrir caminos a quienes est\u00e1n dando sus primeros pasos en el mundo del emprendimiento.<\/p><p>En tres d\u00edas de programaci\u00f3n, el festival ofrecer\u00e1 charlas motivacionales, espacios formativos, m\u00fasica en vivo, talleres previos y una feria abierta al p\u00fablico donde los visitantes podr\u00e1n conocer proyectos locales que nacen desde los barrios, las cocinas, los talleres y las peque\u00f1as empresas de Valdivia y la regi\u00f3n. La idea \u2014se\u00f1alan desde la organizaci\u00f3n\u2014 es que cada historia, cada producto y cada charla sirvan de impulso para quienes buscan emprender o consolidar sus ideas.<\/p><p>La muestra reunir\u00e1 desde marcas de alimentos y bebidas con sello local, hasta proyectos creativos, tecnol\u00f3gicos y propuestas de econom\u00eda circular, junto a un programa de charlas donde destacan nombres como el actor Felipe Braun y la deportista Natalia Duco, adem\u00e1s de emprendedores regionales que compartir\u00e1n aprendizajes reales, con aciertos y tropiezos, sobre c\u00f3mo construir un negocio sostenible desde Valdivia.<\/p><p>Entre los objetivos del festival se encuentra fortalecer el desarrollo econ\u00f3mico local y darle mayor visibilidad a los emprendimientos que est\u00e1n moviendo la econom\u00eda creativa y productiva de la ciudad.<\/p><p>La programaci\u00f3n se extender\u00e1 entre el 12 y el 14 de diciembre, con apertura diaria a las 12:00 horas y cierre a las 21:00. El s\u00e1bado a las 18:00 se realizar\u00e1 la ceremonia oficial de inauguraci\u00f3n, que contar\u00e1 con autoridades locales y regionales, pero cuyo enfoque estar\u00e1 puesto en el rol del emprendimiento como motor de innovaci\u00f3n y desarrollo para Valdivia.<\/p><p>Tras cuatro a\u00f1os de realizaci\u00f3n, Inspira se ha consolidado como una plataforma que no solo visibiliza productos locales, sino que conecta a emprendedores entre s\u00ed, abre oportunidades de negocio y permite que el p\u00fablico conozca la diversidad de ideas que est\u00e1n naciendo en la regi\u00f3n.<\/p><p>\u00a0<\/p><p><strong>PROGRAMACI\u00d3N OFICIAL INSPIRA 2025<\/strong><\/p><p>El Festival de Emprendimiento Inspira 2025 comienza el viernes 12 de diciembre, d\u00eda en que el Parque Saval abrir\u00e1 sus puertas a las 12:00 horas con la feria de emprendimiento que reunir\u00e1 a 80 expositores locales y regionales. Durante la tarde se desarrollar\u00e1 un bloque de charlas que iniciar\u00e1 a las 16:00 con la presentaci\u00f3n de Andr\u00e9s Y\u00e1\u00f1ez, fundador de EWU Ginger Beer. A las 17:00 ser\u00e1 el turno de \u00c1ngel \u00c1lvarez y Manuel Hern\u00e1ndez, creadores del gin Duende; luego, a las 18:00, expondr\u00e1 Consuelo Zeren\u00e9, para dar paso a las 19:00 a la charla del actor Felipe Braun. El d\u00eda culminar\u00e1 con la intervenci\u00f3n de Emilio Hern\u00e1ndez a las 20:00 y un DJ set de Dj Blazter, extendi\u00e9ndose la jornada hasta las 22:00 horas.<\/p><p>El s\u00e1bado 13 de diciembre la feria abrir\u00e1 nuevamente a mediod\u00eda, y el programa de charlas comenzar\u00e1 a las 15:00 con Hans Ulloa, conocido por su proyecto Aprendiz Panader\u00eda. A las 16:00 ser\u00e1 el turno de Kika Escobar, de The Kickass Company, seguida a las 17:00 por Basti\u00e1n Araya, fundador de Nothus. A las 18:00 est\u00e1 programada la exposici\u00f3n de la alcaldesa Carla Amtmann, quien compartir\u00e1 su visi\u00f3n sobre el emprendimiento local. Posteriormente, a las 19:00, se presentar\u00e1 la deportista nacional Natalia Duco, cerrando la jornada nuevamente con un DJ set de Dj Blazter y feria abierta hasta las 22:00.<\/p><p>El festival finalizar\u00e1 el domingo 14 de diciembre, tambi\u00e9n con apertura a las 12:00 horas. Este \u00faltimo d\u00eda contar\u00e1 con una parrilla de charlas que comenzar\u00e1 a las 15:00 con Richard Toro de Viralata, seguida a las 16:00 por Rodrigo C\u00e1rcamo de Tucango. Luego, a las 17:00, presentar\u00e1 Alex Donoso, creador de Fermentados con Alma. A las 18:00 expondr\u00e1 Bruno Villalobos, representante de Sube IA Tech, para cerrar el ciclo de conferencias a las 19:00 con Paola D\u00edaz, fundadora de The Body Lab. Al igual que en los d\u00edas anteriores, Dj Blazter estar\u00e1 a cargo del cierre musical hasta las 21:00 horas.<\/p><p>Previo al festival, se realizaron dos talleres de entrenamiento dirigidos a emprendedores. El primero se llev\u00f3 a cabo el martes 9 de diciembre en La Bota Cervecera, donde Consuelo Zeren\u00e9 dict\u00f3 el taller \u201cDe tu historia al pitch\u201d, entre las 17:30 y las 20:00 horas. El segundo se realizar\u00e1 hoy mi\u00e9rcoles 10 en el CDN Valdivia, donde Fabi\u00e1n Acu\u00f1a impartir\u00e1 la capacitaci\u00f3n \u201cLas 3V: Vende, Vende, Vende\u201d, desde las 15:30 hasta las 19:00.<\/p><p><br \/><strong>Prensa El Fuerte Noticias<\/strong><\/p>\t\t\t\t\t\t\t<\/div>\r\n\t\t\t\t\t\t\t\t\t\t<\/div>\n\t\t\t\t<div class=\"elementor-element elementor-element-5ac3e4a flex-horizontal-align-default flex-horizontal-align-tablet-default flex-horizontal-align-mobile-default flex-vertical-align-default flex-vertical-align-tablet-default flex-vertical-align-mobile-default elementor-widget elementor-widget-thegem-styledimage\" data-id=\"5ac3e4a\" data-element_type=\"widget\" data-settings=\"{&quot;thegem_elementor_preset&quot;:&quot;style-2&quot;,&quot;image&quot;:{&quot;url&quot;:&quot;https:\\\/\\\/elfuerte.cl\\\/web\\\/wp-content\\\/uploads\\\/2025\\\/10\\\/bannerefdelsur.jpg&quot;,&quot;id&quot;:1540,&quot;size&quot;:&quot;&quot;,&quot;alt&quot;:&quot;&quot;,&quot;source&quot;:&quot;library&quot;},&quot;image_position&quot;:&quot;left&quot;}\" data-widget_type=\"thegem-styledimage.default\">\n\t\t\t\t<div class=\"elementor-widget-container\">\n\t\t\t\t\t\n<div class=\"styled-image-wrapper\">\n\t\t\t<div class=\"gem-image gem-wrapbox gem-wrapbox-style-2 gem-wrapbox-position-left lazy-loading \">\n\t\t\t<div class=\"gem-wrapbox-inner  lazy-loading-item\"  data-ll-effect=\"move-up\">\n\t\t\t\t\t\t\t\t<a href=\"#\">\n\t\t\t\t\t\t\t\t\t\t<img class=\"gem-wrapbox-element img-responsive \"\n\t\t\t\t\t\t src=\"https:\/\/elfuerte.cl\/web\/wp-content\/uploads\/2025\/10\/bannerefdelsur.jpg\"\n\t\t\t\t\t\t alt=\"bannerefdelsur\">\n\t\t\t\t\t\t\t\t\t\t\t\t\t\t<\/a>\n\t\t\t\t\t\t<\/div>\n\t\t<\/div>\n\t\t<\/div>\n\n\n\t\n\t\t\t\t\t\t<\/div>\n\t\t\t\t<\/div>\n\t\t\t\t\t<\/div>\n\t\t<\/div>\n\t\t\t\t<div class=\"elementor-column elementor-col-33 elementor-top-column elementor-element elementor-element-dfac7b7\" data-id=\"dfac7b7\" data-element_type=\"column\">\n\t\t\t<div class=\"elementor-widget-wrap elementor-element-populated\">\n\t\t\t\t\t\t<div class=\"elementor-element elementor-element-af7077d flex-horizontal-align-default flex-horizontal-align-tablet-default flex-horizontal-align-mobile-default flex-vertical-align-default flex-vertical-align-tablet-default flex-vertical-align-mobile-default elementor-widget elementor-widget-sidebar\" data-id=\"af7077d\" data-element_type=\"widget\" data-settings=\"{&quot;thegem_custom_css&quot;:&quot;.gem-pp-posts-image {\\r\\n    width: 72px;\\r\\n}\\r\\n.gem-pp-posts-image img {\\r\\n    border-radius: 50%;\\r\\n}\\r\\nselector h4 {\\r\\n    padding-top: 40px;\\r\\n}&quot;}\" data-widget_type=\"sidebar.default\">\n\t\t\t\t\t<aside id=\"media_image-3\" class=\"widget widget_media_image\"><img width=\"750\" height=\"750\" src=\"https:\/\/elfuerte.cl\/web\/wp-content\/uploads\/2025\/10\/bannerrojook.jpg\" class=\"image wp-image-1681  attachment-full size-full\" alt=\"\" style=\"max-width: 100%; height: auto;\" title=\"Banner\" srcset=\"https:\/\/elfuerte.cl\/web\/wp-content\/uploads\/2025\/10\/bannerrojook.jpg 750w, https:\/\/elfuerte.cl\/web\/wp-content\/uploads\/2025\/10\/bannerrojook-300x300.jpg 300w, https:\/\/elfuerte.cl\/web\/wp-content\/uploads\/2025\/10\/bannerrojook-150x150.jpg 150w, https:\/\/elfuerte.cl\/web\/wp-content\/uploads\/2025\/10\/bannerrojook-256x256.jpg 256w\" sizes=\"(max-width: 750px) 100vw, 750px\" \/><\/aside><aside id=\"categories-2\" class=\"widget widget_categories\"><h4 class=\"widget-title\">Secciones<\/h4>\n\t\t\t<ul>\n\t\t\t\t\t<li class=\"cat-item cat-item-21\"><a href=\"https:\/\/elfuerte.cl\/web\/category\/actualidad\/\" title=\"View all posts filed under Actualidad\">Actualidad<\/a>\n<\/li>\n\t<li class=\"cat-item cat-item-100\"><a href=\"https:\/\/elfuerte.cl\/web\/category\/destacados\/\" title=\"View all posts filed under Destacados\">Destacados<\/a>\n<\/li>\n\t<li class=\"cat-item cat-item-101\"><a href=\"https:\/\/elfuerte.cl\/web\/category\/region-ludica\/\" title=\"View all posts filed under Regi\u00f3n L\u00fadica\">Regi\u00f3n L\u00fadica<\/a>\n<\/li>\n\t<li class=\"cat-item cat-item-157\"><a href=\"https:\/\/elfuerte.cl\/web\/category\/sala-de-redaccion\/\" title=\"View all posts filed under Sala de Redacci\u00f3n\">Sala de Redacci\u00f3n<\/a>\n<\/li>\n\t\t\t<\/ul>\n\n\t\t\t<\/aside><aside id=\"custom_popular_posts-2\" class=\"widget Custom_Popular_Posts\"><h4 class=\"widget-title\">Populares<\/h4><ul class=\"posts  styled\"><li class=\"clearfix gem-pp-posts\"><div class=\"gem-pp-posts-image\"><a href=\"https:\/\/elfuerte.cl\/web\/2026\/04\/27\/intercambio-de-semillas-y-experiencias-conecta-comunidades-del-pais-en-torno-a-la-restauracion-del-bosque-nativo-en-los-rios\/\"><img src=\"https:\/\/elfuerte.cl\/web\/wp-content\/uploads\/2026\/04\/portada-2026-04-27T102238.493-thegem-post-thumb-large.jpg\" srcset=\"https:\/\/elfuerte.cl\/web\/wp-content\/uploads\/2026\/04\/portada-2026-04-27T102238.493-thegem-post-thumb-small.jpg 1x, https:\/\/elfuerte.cl\/web\/wp-content\/uploads\/2026\/04\/portada-2026-04-27T102238.493-thegem-post-thumb-large.jpg 2x\" alt=\"\"\/><\/a><\/div><div class=\"gem-pp-posts-text\"> <div class=\"gem-pp-posts-item\"><a href=\"https:\/\/elfuerte.cl\/web\/2026\/04\/27\/intercambio-de-semillas-y-experiencias-conecta-comunidades-del-pais-en-torno-a-la-restauracion-del-bosque-nativo-en-los-rios\/\">Intercambio de semillas y experiencias conecta comunidades del pa\u00eds en torno a la restauraci\u00f3n del bosque nativo en Los R\u00edos<\/a><\/div><div class=\"gem-pp-posts-date\">27\/04\/2026<\/div><\/div><\/li><li class=\"clearfix gem-pp-posts\"><div class=\"gem-pp-posts-image\"><a href=\"https:\/\/elfuerte.cl\/web\/2025\/10\/11\/recuperar-una-casa-y-un-icono-de-la-historia-lotina\/\"><img src=\"https:\/\/elfuerte.cl\/web\/wp-content\/uploads\/2025\/10\/actualidad003-copia-thegem-post-thumb-large.jpg\" srcset=\"https:\/\/elfuerte.cl\/web\/wp-content\/uploads\/2025\/10\/actualidad003-copia-thegem-post-thumb-small.jpg 1x, https:\/\/elfuerte.cl\/web\/wp-content\/uploads\/2025\/10\/actualidad003-copia-thegem-post-thumb-large.jpg 2x\" alt=\"\"\/><\/a><\/div><div class=\"gem-pp-posts-text\"> <div class=\"gem-pp-posts-item\"><a href=\"https:\/\/elfuerte.cl\/web\/2025\/10\/11\/recuperar-una-casa-y-un-icono-de-la-historia-lotina\/\">Recuperar una casa y un \u00edcono de la historia lotina<\/a><\/div><div class=\"gem-pp-posts-date\">11\/10\/2025<\/div><\/div><\/li><li class=\"clearfix gem-pp-posts\"><div class=\"gem-pp-posts-image\"><a href=\"https:\/\/elfuerte.cl\/web\/2025\/10\/08\/indap-impulsa-acceso-a-tierras-y-emprendimiento-para-juventudes-rurales-con-nuevo-programa-tierra-joven\/\"><img src=\"https:\/\/elfuerte.cl\/web\/wp-content\/uploads\/2025\/10\/actualidad001-copia-thegem-post-thumb-large.jpg\" srcset=\"https:\/\/elfuerte.cl\/web\/wp-content\/uploads\/2025\/10\/actualidad001-copia-thegem-post-thumb-small.jpg 1x, https:\/\/elfuerte.cl\/web\/wp-content\/uploads\/2025\/10\/actualidad001-copia-thegem-post-thumb-large.jpg 2x\" alt=\"\"\/><\/a><\/div><div class=\"gem-pp-posts-text\"> <div class=\"gem-pp-posts-item\"><a href=\"https:\/\/elfuerte.cl\/web\/2025\/10\/08\/indap-impulsa-acceso-a-tierras-y-emprendimiento-para-juventudes-rurales-con-nuevo-programa-tierra-joven\/\">INDAP impulsa acceso a tierras y emprendimiento para juventudes rurales con nuevo programa \u201cTierra Joven\u201d<\/a><\/div><div class=\"gem-pp-posts-date\">08\/10\/2025<\/div><\/div><\/li><li class=\"clearfix gem-pp-posts\"><div class=\"gem-pp-posts-image\"><a href=\"https:\/\/elfuerte.cl\/web\/2025\/09\/05\/la-derrota-que-dejo-al-gobierno-sin-brujula\/\"><img src=\"https:\/\/elfuerte.cl\/web\/wp-content\/uploads\/2025\/09\/actualidad004-thegem-post-thumb-large.jpg\" srcset=\"https:\/\/elfuerte.cl\/web\/wp-content\/uploads\/2025\/09\/actualidad004-thegem-post-thumb-small.jpg 1x, https:\/\/elfuerte.cl\/web\/wp-content\/uploads\/2025\/09\/actualidad004-thegem-post-thumb-large.jpg 2x\" alt=\"\"\/><\/a><\/div><div class=\"gem-pp-posts-text\"> <div class=\"gem-pp-posts-item\"><a href=\"https:\/\/elfuerte.cl\/web\/2025\/09\/05\/la-derrota-que-dejo-al-gobierno-sin-brujula\/\">La derrota que dej\u00f3 al gobierno sin br\u00fajula<\/a><\/div><div class=\"gem-pp-posts-date\">05\/09\/2025<\/div><\/div><\/li><\/ul><\/aside>\t\t\t\t<\/div>\n\t\t\t\t\t<\/div>\n\t\t<\/div>\n\t\t\t\t\t<\/div><\/div>\r\n\t\t<\/section>\r\n\t\t\t\t<\/div>\n\t\t","protected":false},"excerpt":{"rendered":"<p>En tres d\u00edas de programaci\u00f3n, el festival ofrecer\u00e1 charlas motivacionales, espacios formativos, m\u00fasica en vivo, talleres previos y una feria abierta al p\u00fablico donde los visitantes podr\u00e1n conocer proyectos locales que nacen desde los barrios, las cocinas, los talleres y las peque\u00f1as empresas de Valdivia y la regi\u00f3n.<\/p>\n","protected":false},"author":1,"featured_media":2684,"comment_status":"closed","ping_status":"closed","sticky":false,"template":"single-fullwidth.php","format":"standard","meta":{"footnotes":""},"categories":[21,100],"tags":[65,330,285],"class_list":{"0":"post-2682","1":"post","2":"type-post","3":"status-publish","4":"format-standard","5":"has-post-thumbnail","7":"category-actualidad","8":"category-destacados","9":"tag-actualidad","10":"tag-emprendimiento","11":"tag-parque-saval"},"menu_order":0,"_links":{"self":[{"href":"https:\/\/elfuerte.cl\/web\/wp-json\/wp\/v2\/posts\/2682","targetHints":{"allow":["GET"]}}],"collection":[{"href":"https:\/\/elfuerte.cl\/web\/wp-json\/wp\/v2\/posts"}],"about":[{"href":"https:\/\/elfuerte.cl\/web\/wp-json\/wp\/v2\/types\/post"}],"author":[{"embeddable":true,"href":"https:\/\/elfuerte.cl\/web\/wp-json\/wp\/v2\/users\/1"}],"replies":[{"embeddable":true,"href":"https:\/\/elfuerte.cl\/web\/wp-json\/wp\/v2\/comments?post=2682"}],"version-history":[{"count":4,"href":"https:\/\/elfuerte.cl\/web\/wp-json\/wp\/v2\/posts\/2682\/revisions"}],"predecessor-version":[{"id":2687,"href":"https:\/\/elfuerte.cl\/web\/wp-json\/wp\/v2\/posts\/2682\/revisions\/2687"}],"wp:featuredmedia":[{"embeddable":true,"href":"https:\/\/elfuerte.cl\/web\/wp-json\/wp\/v2\/media\/2684"}],"wp:attachment":[{"href":"https:\/\/elfuerte.cl\/web\/wp-json\/wp\/v2\/media?parent=2682"}],"wp:term":[{"taxonomy":"category","embeddable":true,"href":"https:\/\/elfuerte.cl\/web\/wp-json\/wp\/v2\/categories?post=2682"},{"taxonomy":"post_tag","embeddable":true,"href":"https:\/\/elfuerte.cl\/web\/wp-json\/wp\/v2\/tags?post=2682"}],"curies":[{"name":"wp","href":"https:\/\/api.w.org\/{rel}","templated":true}]}}