{"id":2721,"date":"2025-12-13T01:17:53","date_gmt":"2025-12-13T00:17:53","guid":{"rendered":"https:\/\/elfuerte.cl\/web\/?p=2721"},"modified":"2025-12-13T01:23:51","modified_gmt":"2025-12-13T00:23:51","slug":"talcahuano-avanza-en-implementacion-de-tecnologia-para-la-gestion-portuaria","status":"publish","type":"post","link":"https:\/\/elfuerte.cl\/web\/2025\/12\/13\/talcahuano-avanza-en-implementacion-de-tecnologia-para-la-gestion-portuaria\/","title":{"rendered":"Talcahuano avanza en implementaci\u00f3n de tecnolog\u00eda para la gesti\u00f3n portuaria"},"content":{"rendered":"\t\t<div data-elementor-type=\"wp-post\" data-elementor-id=\"2721\" class=\"elementor elementor-2721\">\n\t\t\t\t\t\t<section class=\"elementor-section elementor-top-section elementor-element elementor-element-464cea7 elementor-section-boxed elementor-section-height-default elementor-section-height-default\" data-id=\"464cea7\" data-element_type=\"section\">\r\n\t\t\t\t\t\t<div class=\"elementor-container elementor-column-gap-thegem\"><div class=\"elementor-row\">\r\n\t\t\t\t\t<div class=\"elementor-column elementor-col-66 elementor-top-column elementor-element elementor-element-2f44c54\" data-id=\"2f44c54\" data-element_type=\"column\">\n\t\t\t<div class=\"elementor-widget-wrap elementor-element-populated\">\n\t\t\t\t\t\t<div class=\"elementor-element elementor-element-ab386a6 flex-horizontal-align-default flex-horizontal-align-tablet-default flex-horizontal-align-mobile-default flex-vertical-align-default flex-vertical-align-tablet-default flex-vertical-align-mobile-default elementor-widget elementor-widget-heading\" data-id=\"ab386a6\" data-element_type=\"widget\" data-widget_type=\"heading.default\">\n\t\t\t\t\t<div class=\"title-h1 elementor-heading-title elementor-size-default\">Talcahuano avanza en implementaci\u00f3n de tecnolog\u00eda para la gesti\u00f3n portuaria<\/div>\t\t\t\t<\/div>\n\t\t\t\t<div class=\"elementor-element elementor-element-8427bf3 flex-horizontal-align-default flex-horizontal-align-tablet-default flex-horizontal-align-mobile-default flex-vertical-align-default flex-vertical-align-tablet-default flex-vertical-align-mobile-default elementor-widget elementor-widget-text-editor\" data-id=\"8427bf3\" data-element_type=\"widget\" data-widget_type=\"text-editor.default\">\n\t\t\t\t\t\t\t\t\t\t\t\t<div class=\"elementor-text-editor elementor-clearfix\">\r\n\t\t\t\t\t\t<p><strong>Sin embargo, el panorama estrat\u00e9gico de Chile en el Pac\u00edfico Sur exige una mirada m\u00e1s amplia. La reciente puesta en marcha del megapuerto de Chancay en Per\u00fa \u2014impulsado con fuerte inversi\u00f3n china\u2014 ha modificado el equilibrio log\u00edstico regional.<\/strong><\/p><p>El Tour de la Innovaci\u00f3n del Biob\u00edo evidenci\u00f3 nuevamente el papel esencial que cumplen las ciudades portuarias en el desarrollo productivo de la macrozona centro-sur. Talcahuano \u2014con el complejo Talcahuano\u2013San Vicente\u2014 se ha consolidado como un laboratorio territorial donde se articula infraestructura portuaria, innovaci\u00f3n tecnol\u00f3gica, investigaci\u00f3n universitaria y gesti\u00f3n urbana basada en datos. La presentaci\u00f3n de la plataforma \u201cCiudad Portuaria\u201d, desarrollada por City Lab Biob\u00edo junto a Puertos de Talcahuano, permiti\u00f3 observar con claridad c\u00f3mo la tecnolog\u00eda est\u00e1 ingresando al \u00e1mbito portuario no solo para mejorar la eficiencia operativa, sino tambi\u00e9n para anticipar impactos urbanos y mejorar la calidad de vida en un territorio donde la relaci\u00f3n puerto\u2013ciudad es permanente.<\/p><p>Esta virtuosa alianza permiti\u00f3 desarrollar la tem\u00e1tica \u201cTerritorios Inteligentes: Ciudades en Movimiento\u201d, con el objetivo de mostrar las capacidades tecnol\u00f3gicas de diferentes actores p\u00fablicos, privados y de la academia para el desarrollo e innovaci\u00f3n del entorno urbano.<\/p><p>Marcela Angulo, directora de CPC Biob\u00edo y presidenta del Comit\u00e9 de Innovaci\u00f3n y Pymes, destac\u00f3 en esta \u00faltima actividad gremial del a\u00f1o, que la regi\u00f3n \u201ctiene una potencialidad enorme. Uno de los objetivos de este Tour es que se conozcan las capacidades instaladas, que se conecten personas que est\u00e1n trabajando en estos temas y eso d\u00e9 origen a iniciativas de alto impacto, que permitan entregar m\u00e1s beneficios para el entorno urbano y mejor calidad de vida para los habitantes de la regi\u00f3n\u201d.<\/p><p>Durante la actividad, Dhayana Albornoz, encargada de Vinculaci\u00f3n con el Medio de City ab Biob\u00edo, explic\u00f3 que \u201cesta herramienta entrega informaci\u00f3n predictiva clave para anticipar c\u00f3mo un cambio en infraestructura afecta la movilidad, el borde costero y el funcionamiento general de una ciudad portuaria. Nuestro objetivo es poner tecnolog\u00eda al servicio de la planificaci\u00f3n y del desarrollo sostenible\u201d.<\/p><figure id=\"attachment_2725\" aria-describedby=\"caption-attachment-2725\" style=\"width: 1170px\" class=\"wp-caption aligncenter\"><img class=\"size-full wp-image-2725\" src=\"https:\/\/elfuerte.cl\/web\/wp-content\/uploads\/2025\/12\/thnonota.jpg\" alt=\"\" width=\"1170\" height=\"674\" srcset=\"https:\/\/elfuerte.cl\/web\/wp-content\/uploads\/2025\/12\/thnonota.jpg 1170w, https:\/\/elfuerte.cl\/web\/wp-content\/uploads\/2025\/12\/thnonota-300x173.jpg 300w, https:\/\/elfuerte.cl\/web\/wp-content\/uploads\/2025\/12\/thnonota-1024x590.jpg 1024w, https:\/\/elfuerte.cl\/web\/wp-content\/uploads\/2025\/12\/thnonota-768x442.jpg 768w\" sizes=\"(max-width: 1170px) 100vw, 1170px\" \/><figcaption id=\"caption-attachment-2725\" class=\"wp-caption-text\">La presentaci\u00f3n de la plataforma \u201cCiudad Portuaria\u201d, desarrollada por City Lab Biob\u00edo junto a Puertos de Talcahuano, permiti\u00f3 observar con claridad c\u00f3mo la tecnolog\u00eda est\u00e1 ingresando al \u00e1mbito portuario<\/figcaption><\/figure><p>\u00a0<\/p><p>La presentaci\u00f3n continu\u00f3 con soluciones aplicadas por universidades y centros de investigaci\u00f3n. La Facultad de Arquitectura, Urbanismo y Geograf\u00eda de la Universidad de Concepci\u00f3n mostr\u00f3 el sistema SISTER, una herramienta de monitoreo urbano con enfoque de g\u00e9nero, que orienta la inversi\u00f3n p\u00fablica hacia espacios m\u00e1s seguros para mujeres. Tambi\u00e9n se present\u00f3 SMERTEC, plataforma de informaci\u00f3n inmediata para siniestros que permite reducir los tiempos de respuesta ante emergencias. El Centro de Innovaci\u00f3n en Ciudades de la Universidad del Desarrollo, en tanto, expuso modelos de planificaci\u00f3n urbana basados en datos, movilidad sostenible y an\u00e1lisis territorial comparado. En conjunto, estas soluciones reflejan un ecosistema que est\u00e1 migrando desde la observaci\u00f3n tradicional a un modelo de gesti\u00f3n basado en evidencia.<\/p><p><strong>IMPORTANCIA ESTRAT\u00c9GICA<\/strong><br \/>La relevancia de Talcahuano en el mapa log\u00edstico nacional es innegable. El complejo Talcahuano\u2013San Vicente moviliza varios millones de toneladas al a\u00f1o, con una participaci\u00f3n significativa en graneles s\u00f3lidos, carga general y contenedores, que equivale al 5% de la carga nacional. Su rol no se limita a la operaci\u00f3n portuaria: es una plataforma que sostiene industrias, exportaciones, empleo y conectividad estrat\u00e9gica para toda la regi\u00f3n. La incorporaci\u00f3n de tecnolog\u00eda avanzada, simulaci\u00f3n, planificaci\u00f3n espacial y an\u00e1lisis predictivo demuestra que el Biob\u00edo est\u00e1 desarrollando capacidades reales para modernizar su infraestructura log\u00edstica y urbana.<\/p><p>Sin embargo, el panorama estrat\u00e9gico de Chile en el Pac\u00edfico Sur exige una mirada m\u00e1s amplia. La reciente puesta en marcha del megapuerto de Chancay en Per\u00fa \u2014impulsado con fuerte inversi\u00f3n china\u2014 ha modificado el equilibrio log\u00edstico regional. Con capacidad para recibir megabuques, infraestructura de \u00faltima generaci\u00f3n y conexiones directas con Asia, Chancay est\u00e1 reposicionando a Per\u00fa como un hub de comercio exterior capaz de captar rutas que hist\u00f3ricamente utilizaban puertos chilenos. Expertos del sector advierten que \u201cel nivel de infraestructura y la velocidad de inversi\u00f3n que muestra Chancay puede desplazar a Chile si no se acelera la modernizaci\u00f3n portuaria\u201d.<\/p><p>En ese contexto, las demoras en la materializaci\u00f3n del Puerto Exterior de San Antonio \u2014proyecto estrat\u00e9gico de m\u00e1s de US$ 4.000 millones\u2014 generan inquietud en la industria. El pa\u00eds necesita ampliar capacidad, mejorar calados, integrar tecnolog\u00eda, robustecer accesos ferroviarios y carreteros, y dise\u00f1ar infraestructuras capaces de recibir naves de gran escala. Si Chile no acelera, la competitividad que mantuvo durante d\u00e9cadas puede erosionarse r\u00e1pidamente.<\/p><p>Lo observado en Talcahuano \u2014sus capacidades t\u00e9cnicas, el rol de sus puertos, la plataforma \u201cCiudad Portuaria\u201d y la articulaci\u00f3n entre empresas, universidades y centros de investigaci\u00f3n\u2014 demuestra que existen avances concretos y un ecosistema dispuesto a innovar, pero los desaf\u00edos del comercio exterior requieren decisiones de mayor envergadura.<\/p><p><strong>Prensa El Fuerte Noticias<\/strong><\/p>\t\t\t\t\t\t\t<\/div>\r\n\t\t\t\t\t\t\t\t\t\t<\/div>\n\t\t\t\t<div class=\"elementor-element elementor-element-f75efa7 flex-horizontal-align-default flex-horizontal-align-tablet-default flex-horizontal-align-mobile-default flex-vertical-align-default flex-vertical-align-tablet-default flex-vertical-align-mobile-default elementor-widget elementor-widget-image-gallery\" data-id=\"f75efa7\" data-element_type=\"widget\" data-widget_type=\"image-gallery.default\">\n\t\t\t\t\t\t\t<div class=\"elementor-image-gallery\">\n\t\t\t<div id='gallery-1' class='gallery galleryid-2721 gallery-columns-4 gallery-size-thumbnail'><figure class='gallery-item'>\n\t\t\t<div class='gallery-icon landscape'>\n\t\t\t\t<a data-elementor-open-lightbox=\"yes\" data-elementor-lightbox-slideshow=\"f75efa7\" data-elementor-lightbox-title=\"Puerto 1\" data-e-action-hash=\"#elementor-action%3Aaction%3Dlightbox%26settings%3DeyJpZCI6MjcyNiwidXJsIjoiaHR0cHM6XC9cL2VsZnVlcnRlLmNsXC93ZWJcL3dwLWNvbnRlbnRcL3VwbG9hZHNcLzIwMjVcLzEyXC9QdWVydG8tMS5qcGVnIiwic2xpZGVzaG93IjoiZjc1ZWZhNyJ9\" href='https:\/\/elfuerte.cl\/web\/wp-content\/uploads\/2025\/12\/Puerto-1.jpeg'><img width=\"150\" height=\"150\" src=\"https:\/\/elfuerte.cl\/web\/wp-content\/uploads\/2025\/12\/Puerto-1-150x150.jpeg\" class=\"attachment-thumbnail size-thumbnail\" alt=\"\" srcset=\"https:\/\/elfuerte.cl\/web\/wp-content\/uploads\/2025\/12\/Puerto-1-150x150.jpeg 150w, https:\/\/elfuerte.cl\/web\/wp-content\/uploads\/2025\/12\/Puerto-1-256x256.jpeg 256w\" sizes=\"(max-width: 150px) 100vw, 150px\" \/><\/a>\n\t\t\t<\/div><\/figure><figure class='gallery-item'>\n\t\t\t<div class='gallery-icon landscape'>\n\t\t\t\t<a data-elementor-open-lightbox=\"yes\" data-elementor-lightbox-slideshow=\"f75efa7\" data-elementor-lightbox-title=\"Puerto 2\" data-e-action-hash=\"#elementor-action%3Aaction%3Dlightbox%26settings%3DeyJpZCI6MjcyNywidXJsIjoiaHR0cHM6XC9cL2VsZnVlcnRlLmNsXC93ZWJcL3dwLWNvbnRlbnRcL3VwbG9hZHNcLzIwMjVcLzEyXC9QdWVydG8tMi5qcGVnIiwic2xpZGVzaG93IjoiZjc1ZWZhNyJ9\" href='https:\/\/elfuerte.cl\/web\/wp-content\/uploads\/2025\/12\/Puerto-2.jpeg'><img width=\"150\" height=\"150\" src=\"https:\/\/elfuerte.cl\/web\/wp-content\/uploads\/2025\/12\/Puerto-2-150x150.jpeg\" class=\"attachment-thumbnail size-thumbnail\" alt=\"\" srcset=\"https:\/\/elfuerte.cl\/web\/wp-content\/uploads\/2025\/12\/Puerto-2-150x150.jpeg 150w, https:\/\/elfuerte.cl\/web\/wp-content\/uploads\/2025\/12\/Puerto-2-256x256.jpeg 256w\" sizes=\"(max-width: 150px) 100vw, 150px\" \/><\/a>\n\t\t\t<\/div><\/figure><figure class='gallery-item'>\n\t\t\t<div class='gallery-icon landscape'>\n\t\t\t\t<a data-elementor-open-lightbox=\"yes\" data-elementor-lightbox-slideshow=\"f75efa7\" data-elementor-lightbox-title=\"Puerto 3\" data-e-action-hash=\"#elementor-action%3Aaction%3Dlightbox%26settings%3DeyJpZCI6MjcyOCwidXJsIjoiaHR0cHM6XC9cL2VsZnVlcnRlLmNsXC93ZWJcL3dwLWNvbnRlbnRcL3VwbG9hZHNcLzIwMjVcLzEyXC9QdWVydG8tMy5qcGVnIiwic2xpZGVzaG93IjoiZjc1ZWZhNyJ9\" href='https:\/\/elfuerte.cl\/web\/wp-content\/uploads\/2025\/12\/Puerto-3.jpeg'><img width=\"150\" height=\"150\" src=\"https:\/\/elfuerte.cl\/web\/wp-content\/uploads\/2025\/12\/Puerto-3-150x150.jpeg\" class=\"attachment-thumbnail size-thumbnail\" alt=\"\" srcset=\"https:\/\/elfuerte.cl\/web\/wp-content\/uploads\/2025\/12\/Puerto-3-150x150.jpeg 150w, https:\/\/elfuerte.cl\/web\/wp-content\/uploads\/2025\/12\/Puerto-3-256x256.jpeg 256w\" sizes=\"(max-width: 150px) 100vw, 150px\" \/><\/a>\n\t\t\t<\/div><\/figure>\n\t\t<\/div>\n\t\t<\/div>\n\t\t\t\t\t\t<\/div>\n\t\t\t\t<div class=\"elementor-element elementor-element-5ac3e4a flex-horizontal-align-default flex-horizontal-align-tablet-default flex-horizontal-align-mobile-default flex-vertical-align-default flex-vertical-align-tablet-default flex-vertical-align-mobile-default elementor-widget elementor-widget-thegem-styledimage\" data-id=\"5ac3e4a\" data-element_type=\"widget\" data-settings=\"{&quot;thegem_elementor_preset&quot;:&quot;style-2&quot;,&quot;image&quot;:{&quot;url&quot;:&quot;https:\\\/\\\/elfuerte.cl\\\/web\\\/wp-content\\\/uploads\\\/2025\\\/10\\\/bannerefdelsur.jpg&quot;,&quot;id&quot;:1540,&quot;size&quot;:&quot;&quot;,&quot;alt&quot;:&quot;&quot;,&quot;source&quot;:&quot;library&quot;},&quot;image_position&quot;:&quot;left&quot;}\" data-widget_type=\"thegem-styledimage.default\">\n\t\t\t\t<div class=\"elementor-widget-container\">\n\t\t\t\t\t\n<div class=\"styled-image-wrapper\">\n\t\t\t<div class=\"gem-image gem-wrapbox gem-wrapbox-style-2 gem-wrapbox-position-left lazy-loading \">\n\t\t\t<div class=\"gem-wrapbox-inner  lazy-loading-item\"  data-ll-effect=\"move-up\">\n\t\t\t\t\t\t\t\t<a href=\"#\">\n\t\t\t\t\t\t\t\t\t\t<img class=\"gem-wrapbox-element img-responsive \"\n\t\t\t\t\t\t src=\"https:\/\/elfuerte.cl\/web\/wp-content\/uploads\/2025\/10\/bannerefdelsur.jpg\"\n\t\t\t\t\t\t alt=\"bannerefdelsur\">\n\t\t\t\t\t\t\t\t\t\t\t\t\t\t<\/a>\n\t\t\t\t\t\t<\/div>\n\t\t<\/div>\n\t\t<\/div>\n\n\n\t\n\t\t\t\t\t\t<\/div>\n\t\t\t\t<\/div>\n\t\t\t\t\t<\/div>\n\t\t<\/div>\n\t\t\t\t<div class=\"elementor-column elementor-col-33 elementor-top-column elementor-element elementor-element-dfac7b7\" data-id=\"dfac7b7\" data-element_type=\"column\">\n\t\t\t<div class=\"elementor-widget-wrap elementor-element-populated\">\n\t\t\t\t\t\t<div class=\"elementor-element elementor-element-af7077d flex-horizontal-align-default flex-horizontal-align-tablet-default flex-horizontal-align-mobile-default flex-vertical-align-default flex-vertical-align-tablet-default flex-vertical-align-mobile-default elementor-widget elementor-widget-sidebar\" data-id=\"af7077d\" data-element_type=\"widget\" data-settings=\"{&quot;thegem_custom_css&quot;:&quot;.gem-pp-posts-image {\\r\\n    width: 72px;\\r\\n}\\r\\n.gem-pp-posts-image img {\\r\\n    border-radius: 50%;\\r\\n}\\r\\nselector h4 {\\r\\n    padding-top: 40px;\\r\\n}&quot;}\" data-widget_type=\"sidebar.default\">\n\t\t\t\t\t<aside id=\"media_image-3\" class=\"widget widget_media_image\"><img width=\"750\" height=\"750\" src=\"https:\/\/elfuerte.cl\/web\/wp-content\/uploads\/2025\/10\/bannerrojook.jpg\" class=\"image wp-image-1681  attachment-full size-full\" alt=\"\" style=\"max-width: 100%; height: auto;\" title=\"Banner\" srcset=\"https:\/\/elfuerte.cl\/web\/wp-content\/uploads\/2025\/10\/bannerrojook.jpg 750w, https:\/\/elfuerte.cl\/web\/wp-content\/uploads\/2025\/10\/bannerrojook-300x300.jpg 300w, https:\/\/elfuerte.cl\/web\/wp-content\/uploads\/2025\/10\/bannerrojook-150x150.jpg 150w, https:\/\/elfuerte.cl\/web\/wp-content\/uploads\/2025\/10\/bannerrojook-256x256.jpg 256w\" sizes=\"(max-width: 750px) 100vw, 750px\" \/><\/aside><aside id=\"categories-2\" class=\"widget widget_categories\"><h4 class=\"widget-title\">Secciones<\/h4>\n\t\t\t<ul>\n\t\t\t\t\t<li class=\"cat-item cat-item-21\"><a href=\"https:\/\/elfuerte.cl\/web\/category\/actualidad\/\" title=\"View all posts filed under Actualidad\">Actualidad<\/a>\n<\/li>\n\t<li class=\"cat-item cat-item-100\"><a href=\"https:\/\/elfuerte.cl\/web\/category\/destacados\/\" title=\"View all posts filed under Destacados\">Destacados<\/a>\n<\/li>\n\t<li class=\"cat-item cat-item-101\"><a href=\"https:\/\/elfuerte.cl\/web\/category\/region-ludica\/\" title=\"View all posts filed under Regi\u00f3n L\u00fadica\">Regi\u00f3n L\u00fadica<\/a>\n<\/li>\n\t<li class=\"cat-item cat-item-157\"><a href=\"https:\/\/elfuerte.cl\/web\/category\/sala-de-redaccion\/\" title=\"View all posts filed under Sala de Redacci\u00f3n\">Sala de Redacci\u00f3n<\/a>\n<\/li>\n\t\t\t<\/ul>\n\n\t\t\t<\/aside><aside id=\"custom_popular_posts-2\" class=\"widget Custom_Popular_Posts\"><h4 class=\"widget-title\">Populares<\/h4><ul class=\"posts  styled\"><li class=\"clearfix gem-pp-posts\"><div class=\"gem-pp-posts-image\"><a href=\"https:\/\/elfuerte.cl\/web\/2026\/04\/27\/intercambio-de-semillas-y-experiencias-conecta-comunidades-del-pais-en-torno-a-la-restauracion-del-bosque-nativo-en-los-rios\/\"><img src=\"https:\/\/elfuerte.cl\/web\/wp-content\/uploads\/2026\/04\/portada-2026-04-27T102238.493-thegem-post-thumb-large.jpg\" srcset=\"https:\/\/elfuerte.cl\/web\/wp-content\/uploads\/2026\/04\/portada-2026-04-27T102238.493-thegem-post-thumb-small.jpg 1x, https:\/\/elfuerte.cl\/web\/wp-content\/uploads\/2026\/04\/portada-2026-04-27T102238.493-thegem-post-thumb-large.jpg 2x\" alt=\"\"\/><\/a><\/div><div class=\"gem-pp-posts-text\"> <div class=\"gem-pp-posts-item\"><a href=\"https:\/\/elfuerte.cl\/web\/2026\/04\/27\/intercambio-de-semillas-y-experiencias-conecta-comunidades-del-pais-en-torno-a-la-restauracion-del-bosque-nativo-en-los-rios\/\">Intercambio de semillas y experiencias conecta comunidades del pa\u00eds en torno a la restauraci\u00f3n del bosque nativo en Los R\u00edos<\/a><\/div><div class=\"gem-pp-posts-date\">27\/04\/2026<\/div><\/div><\/li><li class=\"clearfix gem-pp-posts\"><div class=\"gem-pp-posts-image\"><a href=\"https:\/\/elfuerte.cl\/web\/2025\/10\/11\/recuperar-una-casa-y-un-icono-de-la-historia-lotina\/\"><img src=\"https:\/\/elfuerte.cl\/web\/wp-content\/uploads\/2025\/10\/actualidad003-copia-thegem-post-thumb-large.jpg\" srcset=\"https:\/\/elfuerte.cl\/web\/wp-content\/uploads\/2025\/10\/actualidad003-copia-thegem-post-thumb-small.jpg 1x, https:\/\/elfuerte.cl\/web\/wp-content\/uploads\/2025\/10\/actualidad003-copia-thegem-post-thumb-large.jpg 2x\" alt=\"\"\/><\/a><\/div><div class=\"gem-pp-posts-text\"> <div class=\"gem-pp-posts-item\"><a href=\"https:\/\/elfuerte.cl\/web\/2025\/10\/11\/recuperar-una-casa-y-un-icono-de-la-historia-lotina\/\">Recuperar una casa y un \u00edcono de la historia lotina<\/a><\/div><div class=\"gem-pp-posts-date\">11\/10\/2025<\/div><\/div><\/li><li class=\"clearfix gem-pp-posts\"><div class=\"gem-pp-posts-image\"><a href=\"https:\/\/elfuerte.cl\/web\/2025\/10\/08\/indap-impulsa-acceso-a-tierras-y-emprendimiento-para-juventudes-rurales-con-nuevo-programa-tierra-joven\/\"><img src=\"https:\/\/elfuerte.cl\/web\/wp-content\/uploads\/2025\/10\/actualidad001-copia-thegem-post-thumb-large.jpg\" srcset=\"https:\/\/elfuerte.cl\/web\/wp-content\/uploads\/2025\/10\/actualidad001-copia-thegem-post-thumb-small.jpg 1x, https:\/\/elfuerte.cl\/web\/wp-content\/uploads\/2025\/10\/actualidad001-copia-thegem-post-thumb-large.jpg 2x\" alt=\"\"\/><\/a><\/div><div class=\"gem-pp-posts-text\"> <div class=\"gem-pp-posts-item\"><a href=\"https:\/\/elfuerte.cl\/web\/2025\/10\/08\/indap-impulsa-acceso-a-tierras-y-emprendimiento-para-juventudes-rurales-con-nuevo-programa-tierra-joven\/\">INDAP impulsa acceso a tierras y emprendimiento para juventudes rurales con nuevo programa \u201cTierra Joven\u201d<\/a><\/div><div class=\"gem-pp-posts-date\">08\/10\/2025<\/div><\/div><\/li><li class=\"clearfix gem-pp-posts\"><div class=\"gem-pp-posts-image\"><a href=\"https:\/\/elfuerte.cl\/web\/2025\/09\/05\/la-derrota-que-dejo-al-gobierno-sin-brujula\/\"><img src=\"https:\/\/elfuerte.cl\/web\/wp-content\/uploads\/2025\/09\/actualidad004-thegem-post-thumb-large.jpg\" srcset=\"https:\/\/elfuerte.cl\/web\/wp-content\/uploads\/2025\/09\/actualidad004-thegem-post-thumb-small.jpg 1x, https:\/\/elfuerte.cl\/web\/wp-content\/uploads\/2025\/09\/actualidad004-thegem-post-thumb-large.jpg 2x\" alt=\"\"\/><\/a><\/div><div class=\"gem-pp-posts-text\"> <div class=\"gem-pp-posts-item\"><a href=\"https:\/\/elfuerte.cl\/web\/2025\/09\/05\/la-derrota-que-dejo-al-gobierno-sin-brujula\/\">La derrota que dej\u00f3 al gobierno sin br\u00fajula<\/a><\/div><div class=\"gem-pp-posts-date\">05\/09\/2025<\/div><\/div><\/li><\/ul><\/aside>\t\t\t\t<\/div>\n\t\t\t\t\t<\/div>\n\t\t<\/div>\n\t\t\t\t\t<\/div><\/div>\r\n\t\t<\/section>\r\n\t\t\t\t<\/div>\n\t\t","protected":false},"excerpt":{"rendered":"<p>Sin embargo, el panorama estrat\u00e9gico de Chile en el Pac\u00edfico Sur exige una mirada m\u00e1s amplia. La reciente puesta en marcha del megapuerto de Chancay en Per\u00fa \u2014impulsado con fuerte inversi\u00f3n china\u2014 ha modificado el equilibrio log\u00edstico regional.<\/p>\n","protected":false},"author":1,"featured_media":2723,"comment_status":"closed","ping_status":"closed","sticky":false,"template":"single-fullwidth.php","format":"standard","meta":{"footnotes":""},"categories":[21,100],"tags":[65,351,350],"class_list":{"0":"post-2721","1":"post","2":"type-post","3":"status-publish","4":"format-standard","5":"has-post-thumbnail","7":"category-actualidad","8":"category-destacados","9":"tag-actualidad","10":"tag-gestion-portuaria","11":"tag-talcahuano"},"menu_order":0,"_links":{"self":[{"href":"https:\/\/elfuerte.cl\/web\/wp-json\/wp\/v2\/posts\/2721","targetHints":{"allow":["GET"]}}],"collection":[{"href":"https:\/\/elfuerte.cl\/web\/wp-json\/wp\/v2\/posts"}],"about":[{"href":"https:\/\/elfuerte.cl\/web\/wp-json\/wp\/v2\/types\/post"}],"author":[{"embeddable":true,"href":"https:\/\/elfuerte.cl\/web\/wp-json\/wp\/v2\/users\/1"}],"replies":[{"embeddable":true,"href":"https:\/\/elfuerte.cl\/web\/wp-json\/wp\/v2\/comments?post=2721"}],"version-history":[{"count":4,"href":"https:\/\/elfuerte.cl\/web\/wp-json\/wp\/v2\/posts\/2721\/revisions"}],"predecessor-version":[{"id":2731,"href":"https:\/\/elfuerte.cl\/web\/wp-json\/wp\/v2\/posts\/2721\/revisions\/2731"}],"wp:featuredmedia":[{"embeddable":true,"href":"https:\/\/elfuerte.cl\/web\/wp-json\/wp\/v2\/media\/2723"}],"wp:attachment":[{"href":"https:\/\/elfuerte.cl\/web\/wp-json\/wp\/v2\/media?parent=2721"}],"wp:term":[{"taxonomy":"category","embeddable":true,"href":"https:\/\/elfuerte.cl\/web\/wp-json\/wp\/v2\/categories?post=2721"},{"taxonomy":"post_tag","embeddable":true,"href":"https:\/\/elfuerte.cl\/web\/wp-json\/wp\/v2\/tags?post=2721"}],"curies":[{"name":"wp","href":"https:\/\/api.w.org\/{rel}","templated":true}]}}