{"id":2732,"date":"2025-12-13T01:32:31","date_gmt":"2025-12-13T00:32:31","guid":{"rendered":"https:\/\/elfuerte.cl\/web\/?p=2732"},"modified":"2025-12-13T01:35:33","modified_gmt":"2025-12-13T00:35:33","slug":"macrozona-sur-despliega-amplio-dispositivo-de-seguridad-para-segunda-vuelta-presidencial","status":"publish","type":"post","link":"https:\/\/elfuerte.cl\/web\/2025\/12\/13\/macrozona-sur-despliega-amplio-dispositivo-de-seguridad-para-segunda-vuelta-presidencial\/","title":{"rendered":"Macrozona Sur despliega amplio dispositivo  de seguridad para segunda vuelta presidencial"},"content":{"rendered":"\t\t<div data-elementor-type=\"wp-post\" data-elementor-id=\"2732\" class=\"elementor elementor-2732\">\n\t\t\t\t\t\t<section class=\"elementor-section elementor-top-section elementor-element elementor-element-464cea7 elementor-section-boxed elementor-section-height-default elementor-section-height-default\" data-id=\"464cea7\" data-element_type=\"section\">\r\n\t\t\t\t\t\t<div class=\"elementor-container elementor-column-gap-thegem\"><div class=\"elementor-row\">\r\n\t\t\t\t\t<div class=\"elementor-column elementor-col-66 elementor-top-column elementor-element elementor-element-2f44c54\" data-id=\"2f44c54\" data-element_type=\"column\">\n\t\t\t<div class=\"elementor-widget-wrap elementor-element-populated\">\n\t\t\t\t\t\t<div class=\"elementor-element elementor-element-ab386a6 flex-horizontal-align-default flex-horizontal-align-tablet-default flex-horizontal-align-mobile-default flex-vertical-align-default flex-vertical-align-tablet-default flex-vertical-align-mobile-default elementor-widget elementor-widget-heading\" data-id=\"ab386a6\" data-element_type=\"widget\" data-widget_type=\"heading.default\">\n\t\t\t\t\t<div class=\"title-h1 elementor-heading-title elementor-size-default\">Macrozona Sur despliega amplio dispositivo  de seguridad para segunda vuelta presidencial<\/div>\t\t\t\t<\/div>\n\t\t\t\t<div class=\"elementor-element elementor-element-8427bf3 flex-horizontal-align-default flex-horizontal-align-tablet-default flex-horizontal-align-mobile-default flex-vertical-align-default flex-vertical-align-tablet-default flex-vertical-align-mobile-default elementor-widget elementor-widget-text-editor\" data-id=\"8427bf3\" data-element_type=\"widget\" data-widget_type=\"text-editor.default\">\n\t\t\t\t\t\t\t\t\t\t\t\t<div class=\"elementor-text-editor elementor-clearfix\">\r\n\t\t\t\t\t\t<p><strong>A nivel nacional, los candidatos presidenciales, Jos\u00e9 Antonio Kast, del partido Republicano y la candidata oficialista, Jeannette Jara, realizaron ayer jueves sus cierres de campa\u00f1a, marcando el fin del periodo de propaganda electoral.<\/strong><\/p><p>M\u00e1s de 3,4 millones de electores est\u00e1n habilitados para votar este domingo 14 de diciembre en las regiones del Biob\u00edo, La Araucan\u00eda, Los R\u00edos y Los Lagos, conformando uno de los territorios m\u00e1s relevantes del pa\u00eds. A dos d\u00edas del balotaje, las delegaciones presidenciales, el Servel, las Fuerzas Armadas, Carabineros, la PDI y los servicios p\u00fablicos han desplegado un operativo que busca garantizar una jornada segura, accesible y expedita en toda la macrozona sur.<\/p><p>A nivel nacional, los candidatos presidenciales, Jos\u00e9 Antonio Kast, del partido Republicano y Jeannette Jara, del oficialismo, realizaron ayer jueves sus cierres de campa\u00f1a, marcando el fin del periodo de propaganda electoral. Con ello, el pa\u00eds entr\u00f3 oficialmente en una etapa de reserva y preparaci\u00f3n para la jornada del domingo, donde ya se percibe un clima de expectaci\u00f3n y organizaci\u00f3n. En el sur, este ambiente se refleja en despliegues de seguridad, transporte y accesibilidad, mientras las autoridades afinan los \u00faltimos detalles para asegurar un proceso ejemplar.<\/p><p><strong>BIOB\u00cdO: CONTROL TOTAL DE LOCALES<\/strong><br \/>El Delegado Presidencial del Biob\u00edo, Eduardo Pacheco, confirm\u00f3 que la regi\u00f3n tom\u00f3 control de los 316 locales de votaci\u00f3n durante la ma\u00f1ana del viernes, con un despliegue superior a los 3.000 efectivos entre Fuerzas Armadas y Carabineros.<\/p><p>\u201cPodemos decir que esto est\u00e1 cumplido en un 100%. No hemos tenido ning\u00fan tipo de contingencia y esperamos un proceso transparente y tranquilo para que las familias puedan ir a votar sin problemas\u201d, se\u00f1al\u00f3.<br \/>El Biob\u00edo es la regi\u00f3n con mayor n\u00famero de electores en la macrozona: 1.379.927 personas habilitadas para sufragar. Para garantizar el acceso a zonas rurales, se dispusieron 150 servicios de transporte especial y el Biotr\u00e9n operar\u00e1 gratuitamente durante toda la jornada.<\/p><p><strong>LA ARAUCAN\u00cdA: SEGURIDAD CONSTITUCI\u00d3N TEMPRANA<\/strong><br \/>En La Araucan\u00eda, el Delegado Presidencial, Eduardo Abdala Abarz\u00faa, inform\u00f3 que el operativo replica el modelo exitoso de la primera vuelta, con \u00e9nfasis en seguridad interior y exterior de los locales, transporte y atenci\u00f3n de emergencias.<\/p><p>\u201cHemos desarrollado un trabajo que busca cumplir con todos los requerimientos de seguridad y accesibilidad. Tenemos todo dispuesto para que las personas puedan ejercer su derecho y deber de sufragio. Esperamos constituci\u00f3n de mesas temprana y resultados tambi\u00e9n tempranos\u201d, indic\u00f3.<\/p><p>La regi\u00f3n cuenta con 925.402 electores y 282 locales de votaci\u00f3n, donde el Ej\u00e9rcito, Carabineros y Gendarmer\u00eda ya realizaron la toma de control.<\/p><p><strong>LOS R\u00cdOS: DESPLIEGUE COORDINADO<\/strong><br \/>En Los R\u00edos, el Delegado Presidencial Jorge Alvial Pantoja encabez\u00f3 un comit\u00e9 policial ampliado para presentar las medidas regionales. El Ej\u00e9rcito administrar\u00e1 106 locales, la Armada 8, Carabineros 9 y Gendarmer\u00eda 1, completando los 124 locales habilitados, donde funcionar\u00e1n 980 mesas para 370.100 electores.<\/p><p>\u201cEst\u00e1n todos los equipamientos y unidades desplegadas para que la jornada sea ejemplar. Hacemos un llamado a votar con tranquilidad, con la c\u00e9dula de identidad en mano\u201d, se\u00f1al\u00f3 Alvial.<\/p><p>El Servel confirm\u00f3 que no habr\u00e1 constituci\u00f3n de mesas el s\u00e1bado. La Directora Regional del Servel, Lidia Krause, precis\u00f3 que se mantienen los mismos vocales y locales, con mesas que deber\u00e1n instalarse a partir de las 8:00 horas del domingo.<\/p><p>El Registro Civil desplegar\u00e1 58 expertos en identificaci\u00f3n, mientras que el seremi de Educaci\u00f3n, Juan Pablo Gerter, anunci\u00f3 suspensi\u00f3n de clases en los establecimientos que funcionar\u00e1n como locales.<\/p><p><strong>LOS LAGOS: PREPARACI\u00d3N TERRITORIAL<\/strong><br \/>En Los Lagos, la Delegada Presidencial, Paulina Mu\u00f1oz, recorri\u00f3 junto al jefe de Fuerza Regional los principales locales de votaci\u00f3n para verificar condiciones de seguridad y accesibilidad.<\/p><p>\u201cTenemos todo dispuesto para que este proceso se desarrolle de forma segura, tranquila y transparente. Tendremos m\u00e1s de 2.500 efectivos desplegados resguardando los 205 locales de votaci\u00f3n\u201d, afirm\u00f3.<\/p><p>La regi\u00f3n reforz\u00f3 la accesibilidad mediante voto asistido, con tarjetas braille renovadas y un visor digital por c\u00f3digo QR para personas con discapacidad auditiva. Tambi\u00e9n se supervisaron locales rurales en Los Muermos, Melipulli y Tepual.<\/p><p><strong>UN PROCESO DECISIVO PARA EL PA\u00cdS<\/strong><br \/>Con un despliegue institucional s\u00f3lido y coordinado, la macrozona sur enfrenta esta segunda vuelta presidencial con un operativo que abarca desde sectores urbanos densos hasta zonas cordilleranas e insulares. Las autoridades coinciden en un mensaje com\u00fan: participar, votar y hacerlo en un entorno seguro y ordenado.<\/p><p><strong>Marcelo Patroni, director de El Fuerte Noticias<\/strong><\/p>\t\t\t\t\t\t\t<\/div>\r\n\t\t\t\t\t\t\t\t\t\t<\/div>\n\t\t\t\t<div class=\"elementor-element elementor-element-5ac3e4a flex-horizontal-align-default flex-horizontal-align-tablet-default flex-horizontal-align-mobile-default flex-vertical-align-default flex-vertical-align-tablet-default flex-vertical-align-mobile-default elementor-widget elementor-widget-thegem-styledimage\" data-id=\"5ac3e4a\" data-element_type=\"widget\" data-settings=\"{&quot;thegem_elementor_preset&quot;:&quot;style-2&quot;,&quot;image&quot;:{&quot;url&quot;:&quot;https:\\\/\\\/elfuerte.cl\\\/web\\\/wp-content\\\/uploads\\\/2025\\\/10\\\/bannerefdelsur.jpg&quot;,&quot;id&quot;:1540,&quot;size&quot;:&quot;&quot;,&quot;alt&quot;:&quot;&quot;,&quot;source&quot;:&quot;library&quot;},&quot;image_position&quot;:&quot;left&quot;}\" data-widget_type=\"thegem-styledimage.default\">\n\t\t\t\t<div class=\"elementor-widget-container\">\n\t\t\t\t\t\n<div class=\"styled-image-wrapper\">\n\t\t\t<div class=\"gem-image gem-wrapbox gem-wrapbox-style-2 gem-wrapbox-position-left lazy-loading \">\n\t\t\t<div class=\"gem-wrapbox-inner  lazy-loading-item\"  data-ll-effect=\"move-up\">\n\t\t\t\t\t\t\t\t<a href=\"#\">\n\t\t\t\t\t\t\t\t\t\t<img class=\"gem-wrapbox-element img-responsive \"\n\t\t\t\t\t\t src=\"https:\/\/elfuerte.cl\/web\/wp-content\/uploads\/2025\/10\/bannerefdelsur.jpg\"\n\t\t\t\t\t\t alt=\"bannerefdelsur\">\n\t\t\t\t\t\t\t\t\t\t\t\t\t\t<\/a>\n\t\t\t\t\t\t<\/div>\n\t\t<\/div>\n\t\t<\/div>\n\n\n\t\n\t\t\t\t\t\t<\/div>\n\t\t\t\t<\/div>\n\t\t\t\t\t<\/div>\n\t\t<\/div>\n\t\t\t\t<div class=\"elementor-column elementor-col-33 elementor-top-column elementor-element elementor-element-dfac7b7\" data-id=\"dfac7b7\" data-element_type=\"column\">\n\t\t\t<div class=\"elementor-widget-wrap elementor-element-populated\">\n\t\t\t\t\t\t<div class=\"elementor-element elementor-element-af7077d flex-horizontal-align-default flex-horizontal-align-tablet-default flex-horizontal-align-mobile-default flex-vertical-align-default flex-vertical-align-tablet-default flex-vertical-align-mobile-default elementor-widget elementor-widget-sidebar\" data-id=\"af7077d\" data-element_type=\"widget\" data-settings=\"{&quot;thegem_custom_css&quot;:&quot;.gem-pp-posts-image {\\r\\n    width: 72px;\\r\\n}\\r\\n.gem-pp-posts-image img {\\r\\n    border-radius: 50%;\\r\\n}\\r\\nselector h4 {\\r\\n    padding-top: 40px;\\r\\n}&quot;}\" data-widget_type=\"sidebar.default\">\n\t\t\t\t\t<aside id=\"media_image-3\" class=\"widget widget_media_image\"><img width=\"750\" height=\"750\" src=\"https:\/\/elfuerte.cl\/web\/wp-content\/uploads\/2025\/10\/bannerrojook.jpg\" class=\"image wp-image-1681  attachment-full size-full\" alt=\"\" style=\"max-width: 100%; height: auto;\" title=\"Banner\" srcset=\"https:\/\/elfuerte.cl\/web\/wp-content\/uploads\/2025\/10\/bannerrojook.jpg 750w, https:\/\/elfuerte.cl\/web\/wp-content\/uploads\/2025\/10\/bannerrojook-300x300.jpg 300w, https:\/\/elfuerte.cl\/web\/wp-content\/uploads\/2025\/10\/bannerrojook-150x150.jpg 150w, https:\/\/elfuerte.cl\/web\/wp-content\/uploads\/2025\/10\/bannerrojook-256x256.jpg 256w\" sizes=\"(max-width: 750px) 100vw, 750px\" \/><\/aside><aside id=\"categories-2\" class=\"widget widget_categories\"><h4 class=\"widget-title\">Secciones<\/h4>\n\t\t\t<ul>\n\t\t\t\t\t<li class=\"cat-item cat-item-21\"><a href=\"https:\/\/elfuerte.cl\/web\/category\/actualidad\/\" title=\"View all posts filed under Actualidad\">Actualidad<\/a>\n<\/li>\n\t<li class=\"cat-item cat-item-100\"><a href=\"https:\/\/elfuerte.cl\/web\/category\/destacados\/\" title=\"View all posts filed under Destacados\">Destacados<\/a>\n<\/li>\n\t<li class=\"cat-item cat-item-101\"><a href=\"https:\/\/elfuerte.cl\/web\/category\/region-ludica\/\" title=\"View all posts filed under Regi\u00f3n L\u00fadica\">Regi\u00f3n L\u00fadica<\/a>\n<\/li>\n\t<li class=\"cat-item cat-item-157\"><a href=\"https:\/\/elfuerte.cl\/web\/category\/sala-de-redaccion\/\" title=\"View all posts filed under Sala de Redacci\u00f3n\">Sala de Redacci\u00f3n<\/a>\n<\/li>\n\t\t\t<\/ul>\n\n\t\t\t<\/aside><aside id=\"custom_popular_posts-2\" class=\"widget Custom_Popular_Posts\"><h4 class=\"widget-title\">Populares<\/h4><ul class=\"posts  styled\"><li class=\"clearfix gem-pp-posts\"><div class=\"gem-pp-posts-image\"><a href=\"https:\/\/elfuerte.cl\/web\/2026\/04\/27\/intercambio-de-semillas-y-experiencias-conecta-comunidades-del-pais-en-torno-a-la-restauracion-del-bosque-nativo-en-los-rios\/\"><img src=\"https:\/\/elfuerte.cl\/web\/wp-content\/uploads\/2026\/04\/portada-2026-04-27T102238.493-thegem-post-thumb-large.jpg\" srcset=\"https:\/\/elfuerte.cl\/web\/wp-content\/uploads\/2026\/04\/portada-2026-04-27T102238.493-thegem-post-thumb-small.jpg 1x, https:\/\/elfuerte.cl\/web\/wp-content\/uploads\/2026\/04\/portada-2026-04-27T102238.493-thegem-post-thumb-large.jpg 2x\" alt=\"\"\/><\/a><\/div><div class=\"gem-pp-posts-text\"> <div class=\"gem-pp-posts-item\"><a href=\"https:\/\/elfuerte.cl\/web\/2026\/04\/27\/intercambio-de-semillas-y-experiencias-conecta-comunidades-del-pais-en-torno-a-la-restauracion-del-bosque-nativo-en-los-rios\/\">Intercambio de semillas y experiencias conecta comunidades del pa\u00eds en torno a la restauraci\u00f3n del bosque nativo en Los R\u00edos<\/a><\/div><div class=\"gem-pp-posts-date\">27\/04\/2026<\/div><\/div><\/li><li class=\"clearfix gem-pp-posts\"><div class=\"gem-pp-posts-image\"><a href=\"https:\/\/elfuerte.cl\/web\/2025\/10\/11\/recuperar-una-casa-y-un-icono-de-la-historia-lotina\/\"><img src=\"https:\/\/elfuerte.cl\/web\/wp-content\/uploads\/2025\/10\/actualidad003-copia-thegem-post-thumb-large.jpg\" srcset=\"https:\/\/elfuerte.cl\/web\/wp-content\/uploads\/2025\/10\/actualidad003-copia-thegem-post-thumb-small.jpg 1x, https:\/\/elfuerte.cl\/web\/wp-content\/uploads\/2025\/10\/actualidad003-copia-thegem-post-thumb-large.jpg 2x\" alt=\"\"\/><\/a><\/div><div class=\"gem-pp-posts-text\"> <div class=\"gem-pp-posts-item\"><a href=\"https:\/\/elfuerte.cl\/web\/2025\/10\/11\/recuperar-una-casa-y-un-icono-de-la-historia-lotina\/\">Recuperar una casa y un \u00edcono de la historia lotina<\/a><\/div><div class=\"gem-pp-posts-date\">11\/10\/2025<\/div><\/div><\/li><li class=\"clearfix gem-pp-posts\"><div class=\"gem-pp-posts-image\"><a href=\"https:\/\/elfuerte.cl\/web\/2025\/10\/08\/indap-impulsa-acceso-a-tierras-y-emprendimiento-para-juventudes-rurales-con-nuevo-programa-tierra-joven\/\"><img src=\"https:\/\/elfuerte.cl\/web\/wp-content\/uploads\/2025\/10\/actualidad001-copia-thegem-post-thumb-large.jpg\" srcset=\"https:\/\/elfuerte.cl\/web\/wp-content\/uploads\/2025\/10\/actualidad001-copia-thegem-post-thumb-small.jpg 1x, https:\/\/elfuerte.cl\/web\/wp-content\/uploads\/2025\/10\/actualidad001-copia-thegem-post-thumb-large.jpg 2x\" alt=\"\"\/><\/a><\/div><div class=\"gem-pp-posts-text\"> <div class=\"gem-pp-posts-item\"><a href=\"https:\/\/elfuerte.cl\/web\/2025\/10\/08\/indap-impulsa-acceso-a-tierras-y-emprendimiento-para-juventudes-rurales-con-nuevo-programa-tierra-joven\/\">INDAP impulsa acceso a tierras y emprendimiento para juventudes rurales con nuevo programa \u201cTierra Joven\u201d<\/a><\/div><div class=\"gem-pp-posts-date\">08\/10\/2025<\/div><\/div><\/li><li class=\"clearfix gem-pp-posts\"><div class=\"gem-pp-posts-image\"><a href=\"https:\/\/elfuerte.cl\/web\/2025\/09\/05\/la-derrota-que-dejo-al-gobierno-sin-brujula\/\"><img src=\"https:\/\/elfuerte.cl\/web\/wp-content\/uploads\/2025\/09\/actualidad004-thegem-post-thumb-large.jpg\" srcset=\"https:\/\/elfuerte.cl\/web\/wp-content\/uploads\/2025\/09\/actualidad004-thegem-post-thumb-small.jpg 1x, https:\/\/elfuerte.cl\/web\/wp-content\/uploads\/2025\/09\/actualidad004-thegem-post-thumb-large.jpg 2x\" alt=\"\"\/><\/a><\/div><div class=\"gem-pp-posts-text\"> <div class=\"gem-pp-posts-item\"><a href=\"https:\/\/elfuerte.cl\/web\/2025\/09\/05\/la-derrota-que-dejo-al-gobierno-sin-brujula\/\">La derrota que dej\u00f3 al gobierno sin br\u00fajula<\/a><\/div><div class=\"gem-pp-posts-date\">05\/09\/2025<\/div><\/div><\/li><\/ul><\/aside>\t\t\t\t<\/div>\n\t\t\t\t\t<\/div>\n\t\t<\/div>\n\t\t\t\t\t<\/div><\/div>\r\n\t\t<\/section>\r\n\t\t\t\t<\/div>\n\t\t","protected":false},"excerpt":{"rendered":"<p>A nivel nacional, los candidatos presidenciales, Jos\u00e9 Antonio Kast, del partido Republicano y la candidata oficialista, Jeannette Jara, realizaron ayer jueves sus cierres de campa\u00f1a, marcando el fin del periodo de propaganda electoral.<\/p>\n","protected":false},"author":1,"featured_media":2734,"comment_status":"closed","ping_status":"closed","sticky":false,"template":"single-fullwidth.php","format":"standard","meta":{"footnotes":""},"categories":[21,100],"tags":[65,346,253],"class_list":{"0":"post-2732","1":"post","2":"type-post","3":"status-publish","4":"format-standard","5":"has-post-thumbnail","7":"category-actualidad","8":"category-destacados","9":"tag-actualidad","10":"tag-elecciones","11":"tag-elecciones-2025"},"menu_order":0,"_links":{"self":[{"href":"https:\/\/elfuerte.cl\/web\/wp-json\/wp\/v2\/posts\/2732","targetHints":{"allow":["GET"]}}],"collection":[{"href":"https:\/\/elfuerte.cl\/web\/wp-json\/wp\/v2\/posts"}],"about":[{"href":"https:\/\/elfuerte.cl\/web\/wp-json\/wp\/v2\/types\/post"}],"author":[{"embeddable":true,"href":"https:\/\/elfuerte.cl\/web\/wp-json\/wp\/v2\/users\/1"}],"replies":[{"embeddable":true,"href":"https:\/\/elfuerte.cl\/web\/wp-json\/wp\/v2\/comments?post=2732"}],"version-history":[{"count":4,"href":"https:\/\/elfuerte.cl\/web\/wp-json\/wp\/v2\/posts\/2732\/revisions"}],"predecessor-version":[{"id":2737,"href":"https:\/\/elfuerte.cl\/web\/wp-json\/wp\/v2\/posts\/2732\/revisions\/2737"}],"wp:featuredmedia":[{"embeddable":true,"href":"https:\/\/elfuerte.cl\/web\/wp-json\/wp\/v2\/media\/2734"}],"wp:attachment":[{"href":"https:\/\/elfuerte.cl\/web\/wp-json\/wp\/v2\/media?parent=2732"}],"wp:term":[{"taxonomy":"category","embeddable":true,"href":"https:\/\/elfuerte.cl\/web\/wp-json\/wp\/v2\/categories?post=2732"},{"taxonomy":"post_tag","embeddable":true,"href":"https:\/\/elfuerte.cl\/web\/wp-json\/wp\/v2\/tags?post=2732"}],"curies":[{"name":"wp","href":"https:\/\/api.w.org\/{rel}","templated":true}]}}