{"id":2750,"date":"2025-12-14T21:30:17","date_gmt":"2025-12-15T00:30:17","guid":{"rendered":"https:\/\/elfuerte.cl\/web\/?p=2750"},"modified":"2025-12-14T22:55:24","modified_gmt":"2025-12-15T01:55:24","slug":"jose-antonio-kast-logra-una-victoria-historica-en-la-segunda-vuelta-presidencial","status":"publish","type":"post","link":"https:\/\/elfuerte.cl\/web\/2025\/12\/14\/jose-antonio-kast-logra-una-victoria-historica-en-la-segunda-vuelta-presidencial\/","title":{"rendered":"Jos\u00e9 Antonio Kast logra una victoria hist\u00f3rica en la segunda vuelta presidencial"},"content":{"rendered":"\t\t<div data-elementor-type=\"wp-post\" data-elementor-id=\"2750\" class=\"elementor elementor-2750\">\n\t\t\t\t\t\t<section class=\"elementor-section elementor-top-section elementor-element elementor-element-464cea7 elementor-section-boxed elementor-section-height-default elementor-section-height-default\" data-id=\"464cea7\" data-element_type=\"section\">\r\n\t\t\t\t\t\t<div class=\"elementor-container elementor-column-gap-thegem\"><div class=\"elementor-row\">\r\n\t\t\t\t\t<div class=\"elementor-column elementor-col-66 elementor-top-column elementor-element elementor-element-2f44c54\" data-id=\"2f44c54\" data-element_type=\"column\">\n\t\t\t<div class=\"elementor-widget-wrap elementor-element-populated\">\n\t\t\t\t\t\t<div class=\"elementor-element elementor-element-ab386a6 flex-horizontal-align-default flex-horizontal-align-tablet-default flex-horizontal-align-mobile-default flex-vertical-align-default flex-vertical-align-tablet-default flex-vertical-align-mobile-default elementor-widget elementor-widget-heading\" data-id=\"ab386a6\" data-element_type=\"widget\" data-widget_type=\"heading.default\">\n\t\t\t\t\t<div class=\"title-h1 elementor-heading-title elementor-size-default\">Jos\u00e9 Antonio Kast logra una victoria hist\u00f3rica en la segunda vuelta presidencial<\/div>\t\t\t\t<\/div>\n\t\t\t\t<div class=\"elementor-element elementor-element-8427bf3 flex-horizontal-align-default flex-horizontal-align-tablet-default flex-horizontal-align-mobile-default flex-vertical-align-default flex-vertical-align-tablet-default flex-vertical-align-mobile-default elementor-widget elementor-widget-text-editor\" data-id=\"8427bf3\" data-element_type=\"widget\" data-widget_type=\"text-editor.default\">\n\t\t\t\t\t\t\t\t\t\t\t\t<div class=\"elementor-text-editor elementor-clearfix\">\r\n\t\t\t\t\t\t<p><strong>Con el 99,56% de las mesas escrutadas, el Servicio Electoral de Chile (Servel) confirm\u00f3 el triunfo del candidato del Partido Republicano, Jos\u00e9 Antonio Kast, quien obtuvo el 58,17% de los votos, equivalente a 7.240.006 sufragios, imponi\u00e9ndose con una amplia ventaja sobre la candidata del oficialismo, Jeannette Jara, que alcanz\u00f3 el 41,83%, con 5.205.791 votos.<\/strong><\/p><p>Chile cerr\u00f3 este domingo un nuevo proceso electoral con un resultado contundente y una jornada marcada por la normalidad, el respeto institucional y un fuerte esp\u00edritu republicano. Con el 99,56% de las mesas escrutadas, el Servicio Electoral de Chile (Servel) confirm\u00f3 el triunfo del candidato del Partido Republicano, Jos\u00e9 Antonio Kast, quien obtuvo el 58,17% de los votos, equivalente a 7.240.006 sufragios, imponi\u00e9ndose con una amplia ventaja sobre la candidata del oficialismo, Jeannette Jara, que alcanz\u00f3 el 41,83%, con 5.205.791 votos.<\/p><p><br \/>La diferencia cercana a los 20 puntos porcentuales configura uno de los triunfos m\u00e1s contundentes desde el retorno a la democracia, en una elecci\u00f3n que se desarroll\u00f3 con altos est\u00e1ndares de seguridad, transporte reforzado y coordinaci\u00f3n institucional en todo el pa\u00eds. En la macrozona sur \u2014Biob\u00edo, La Araucan\u00eda, Los R\u00edos y Los Lagos\u2014 las autoridades reportaron un proceso expedito, con mesas constituidas tempranamente, votaciones r\u00e1pidas y sin incidentes graves.<\/p><p><br \/>El car\u00e1cter \u00e1gil del escrutinio estuvo marcado por la simplicidad de la papeleta, al tratarse de una segunda vuelta presidencial con solo dos candidatos. Tal como lo hab\u00eda anticipado el Servel, los primeros resultados consolidados comenzaron a conocerse poco despu\u00e9s de las 19:00 horas, permitiendo una r\u00e1pida definici\u00f3n del nuevo Presidente de la Rep\u00fablica.<\/p><p><br \/>Tras conocerse el resultado, la candidata oficialista, Jeannette Jara, reconoci\u00f3 la derrota y destac\u00f3 la unidad del sector que respald\u00f3 su candidatura, se\u00f1alando que ejercer\u00e1n una oposici\u00f3n atenta y responsable, resguardando los avances sociales alcanzados y reafirmando su compromiso con la democracia.<br \/>Cerca de las 21:00 horas, Jara concurri\u00f3 al comando del Presidente electo Jos\u00e9 Antonio Kast para saludarlo y felicitarlo por su triunfo. El encuentro no fue expuesto a las c\u00e1maras de televisi\u00f3n, pero s\u00ed se concret\u00f3, ratificando las tradiciones republicanas y democr\u00e1ticas que han caracterizado hist\u00f3ricamente al pa\u00eds.<\/p><p>\u00a0<\/p><p><strong>DISCURSO DEL PRESIDENTE ELECTO<\/strong><br \/>En su discurso, realizado cerca de las 22:00 horas, Jos\u00e9 Antonio Kast agradeci\u00f3 el respaldo ciudadano y destac\u00f3 la solidez democr\u00e1tica del proceso electoral. Inici\u00f3 su intervenci\u00f3n agradeciendo a su familia, con una menci\u00f3n especial a su esposa Mar\u00eda P\u00eda Adriasola, por el apoyo permanente durante su trayectoria pol\u00edtica.<\/p><p><br \/>Asimismo, record\u00f3 a quienes lo han acompa\u00f1ado desde sus inicios en la vida p\u00fablica, tanto en su etapa como concejal como en los cuatro per\u00edodos en que fue diputado por distintas comunas de la Regi\u00f3n Metropolitana, adem\u00e1s de sus tres candidaturas presidenciales, subrayando que esta \u00faltima fue finalmente la que lo llev\u00f3 a convertirse en presidente electo.<\/p><p><br \/>Kast tambi\u00e9n tuvo palabras de reconocimiento para los candidatos presidenciales que participaron en la primera vuelta, destacando el respaldo temprano de Johannes Kaiser y Evelyn Matthei, quienes pusieron sus equipos a disposici\u00f3n para generar una unidad del sector que fue clave para el triunfo electoral. Asimismo, valor\u00f3 el rol de Franco Parisi, aunque record\u00f3 que este \u00faltimo no llam\u00f3 expl\u00edcitamente a votar por su candidatura.<\/p><p><br \/>En su discurso, Kast tambi\u00e9n destac\u00f3 el gesto de Jeannette Jara al concurrir personalmente a saludarlo, subrayando que, m\u00e1s all\u00e1 de las diferencias ideol\u00f3gicas, el respeto entre las personas es un principio esencial de la convivencia democr\u00e1tica.<\/p><p><br \/>Tambi\u00e9n agradeci\u00f3 al ex presidente Eduardo Frei, y a los dirigentes de Dem\u00f3cratas y otros ex dirigentes de la antigua Concertaci\u00f3n, como Amarillos, con quienes por mucho tiempo tuvieron ideas distintas pero ahora est\u00e1n trabajando juntos para un mejor futuro para Chile.<\/p><p><img class=\"aligncenter size-full wp-image-2754\" src=\"https:\/\/elfuerte.cl\/web\/wp-content\/uploads\/2025\/12\/baseeleciones2.png\" alt=\"\" width=\"1080\" height=\"1350\" srcset=\"https:\/\/elfuerte.cl\/web\/wp-content\/uploads\/2025\/12\/baseeleciones2.png 1080w, https:\/\/elfuerte.cl\/web\/wp-content\/uploads\/2025\/12\/baseeleciones2-240x300.png 240w, https:\/\/elfuerte.cl\/web\/wp-content\/uploads\/2025\/12\/baseeleciones2-819x1024.png 819w, https:\/\/elfuerte.cl\/web\/wp-content\/uploads\/2025\/12\/baseeleciones2-768x960.png 768w\" sizes=\"(max-width: 1080px) 100vw, 1080px\" \/><br \/>Con este resultado, Chile inicia un nuevo ciclo pol\u00edtico. Jos\u00e9 Antonio Kast asumir\u00e1 la Presidencia de la Rep\u00fablica el pr\u00f3ximo 11 de marzo de 2026, fecha en que se realizar\u00e1 el tradicional cambio de mando en el Congreso Nacional.<\/p><p><strong>Marcelo Patroni, director de El Fuerte<\/strong><\/p>\t\t\t\t\t\t\t<\/div>\r\n\t\t\t\t\t\t\t\t\t\t<\/div>\n\t\t\t\t<div class=\"elementor-element elementor-element-5ac3e4a flex-horizontal-align-default flex-horizontal-align-tablet-default flex-horizontal-align-mobile-default flex-vertical-align-default flex-vertical-align-tablet-default flex-vertical-align-mobile-default elementor-widget elementor-widget-thegem-styledimage\" data-id=\"5ac3e4a\" data-element_type=\"widget\" data-settings=\"{&quot;thegem_elementor_preset&quot;:&quot;style-2&quot;,&quot;image&quot;:{&quot;url&quot;:&quot;https:\\\/\\\/elfuerte.cl\\\/web\\\/wp-content\\\/uploads\\\/2025\\\/10\\\/bannerefdelsur.jpg&quot;,&quot;id&quot;:1540,&quot;size&quot;:&quot;&quot;,&quot;alt&quot;:&quot;&quot;,&quot;source&quot;:&quot;library&quot;},&quot;image_position&quot;:&quot;left&quot;}\" data-widget_type=\"thegem-styledimage.default\">\n\t\t\t\t<div class=\"elementor-widget-container\">\n\t\t\t\t\t\n<div class=\"styled-image-wrapper\">\n\t\t\t<div class=\"gem-image gem-wrapbox gem-wrapbox-style-2 gem-wrapbox-position-left lazy-loading \">\n\t\t\t<div class=\"gem-wrapbox-inner  lazy-loading-item\"  data-ll-effect=\"move-up\">\n\t\t\t\t\t\t\t\t<a href=\"#\">\n\t\t\t\t\t\t\t\t\t\t<img class=\"gem-wrapbox-element img-responsive \"\n\t\t\t\t\t\t src=\"https:\/\/elfuerte.cl\/web\/wp-content\/uploads\/2025\/10\/bannerefdelsur.jpg\"\n\t\t\t\t\t\t alt=\"bannerefdelsur\">\n\t\t\t\t\t\t\t\t\t\t\t\t\t\t<\/a>\n\t\t\t\t\t\t<\/div>\n\t\t<\/div>\n\t\t<\/div>\n\n\n\t\n\t\t\t\t\t\t<\/div>\n\t\t\t\t<\/div>\n\t\t\t\t\t<\/div>\n\t\t<\/div>\n\t\t\t\t<div class=\"elementor-column elementor-col-33 elementor-top-column elementor-element elementor-element-dfac7b7\" data-id=\"dfac7b7\" data-element_type=\"column\">\n\t\t\t<div class=\"elementor-widget-wrap elementor-element-populated\">\n\t\t\t\t\t\t<div class=\"elementor-element elementor-element-af7077d flex-horizontal-align-default flex-horizontal-align-tablet-default flex-horizontal-align-mobile-default flex-vertical-align-default flex-vertical-align-tablet-default flex-vertical-align-mobile-default elementor-widget elementor-widget-sidebar\" data-id=\"af7077d\" data-element_type=\"widget\" data-settings=\"{&quot;thegem_custom_css&quot;:&quot;.gem-pp-posts-image {\\r\\n    width: 72px;\\r\\n}\\r\\n.gem-pp-posts-image img {\\r\\n    border-radius: 50%;\\r\\n}\\r\\nselector h4 {\\r\\n    padding-top: 40px;\\r\\n}&quot;}\" data-widget_type=\"sidebar.default\">\n\t\t\t\t\t<aside id=\"media_image-3\" class=\"widget widget_media_image\"><img width=\"750\" height=\"750\" src=\"https:\/\/elfuerte.cl\/web\/wp-content\/uploads\/2025\/10\/bannerrojook.jpg\" class=\"image wp-image-1681  attachment-full size-full\" alt=\"\" style=\"max-width: 100%; height: auto;\" title=\"Banner\" srcset=\"https:\/\/elfuerte.cl\/web\/wp-content\/uploads\/2025\/10\/bannerrojook.jpg 750w, https:\/\/elfuerte.cl\/web\/wp-content\/uploads\/2025\/10\/bannerrojook-300x300.jpg 300w, https:\/\/elfuerte.cl\/web\/wp-content\/uploads\/2025\/10\/bannerrojook-150x150.jpg 150w, https:\/\/elfuerte.cl\/web\/wp-content\/uploads\/2025\/10\/bannerrojook-256x256.jpg 256w\" sizes=\"(max-width: 750px) 100vw, 750px\" \/><\/aside><aside id=\"categories-2\" class=\"widget widget_categories\"><h4 class=\"widget-title\">Secciones<\/h4>\n\t\t\t<ul>\n\t\t\t\t\t<li class=\"cat-item cat-item-21\"><a href=\"https:\/\/elfuerte.cl\/web\/category\/actualidad\/\" title=\"View all posts filed under Actualidad\">Actualidad<\/a>\n<\/li>\n\t<li class=\"cat-item cat-item-100\"><a href=\"https:\/\/elfuerte.cl\/web\/category\/destacados\/\" title=\"View all posts filed under Destacados\">Destacados<\/a>\n<\/li>\n\t<li class=\"cat-item cat-item-101\"><a href=\"https:\/\/elfuerte.cl\/web\/category\/region-ludica\/\" title=\"View all posts filed under Regi\u00f3n L\u00fadica\">Regi\u00f3n L\u00fadica<\/a>\n<\/li>\n\t<li class=\"cat-item cat-item-157\"><a href=\"https:\/\/elfuerte.cl\/web\/category\/sala-de-redaccion\/\" title=\"View all posts filed under Sala de Redacci\u00f3n\">Sala de Redacci\u00f3n<\/a>\n<\/li>\n\t\t\t<\/ul>\n\n\t\t\t<\/aside><aside id=\"custom_popular_posts-2\" class=\"widget Custom_Popular_Posts\"><h4 class=\"widget-title\">Populares<\/h4><ul class=\"posts  styled\"><li class=\"clearfix gem-pp-posts\"><div class=\"gem-pp-posts-image\"><a href=\"https:\/\/elfuerte.cl\/web\/2026\/04\/27\/intercambio-de-semillas-y-experiencias-conecta-comunidades-del-pais-en-torno-a-la-restauracion-del-bosque-nativo-en-los-rios\/\"><img src=\"https:\/\/elfuerte.cl\/web\/wp-content\/uploads\/2026\/04\/portada-2026-04-27T102238.493-thegem-post-thumb-large.jpg\" srcset=\"https:\/\/elfuerte.cl\/web\/wp-content\/uploads\/2026\/04\/portada-2026-04-27T102238.493-thegem-post-thumb-small.jpg 1x, https:\/\/elfuerte.cl\/web\/wp-content\/uploads\/2026\/04\/portada-2026-04-27T102238.493-thegem-post-thumb-large.jpg 2x\" alt=\"\"\/><\/a><\/div><div class=\"gem-pp-posts-text\"> <div class=\"gem-pp-posts-item\"><a href=\"https:\/\/elfuerte.cl\/web\/2026\/04\/27\/intercambio-de-semillas-y-experiencias-conecta-comunidades-del-pais-en-torno-a-la-restauracion-del-bosque-nativo-en-los-rios\/\">Intercambio de semillas y experiencias conecta comunidades del pa\u00eds en torno a la restauraci\u00f3n del bosque nativo en Los R\u00edos<\/a><\/div><div class=\"gem-pp-posts-date\">27\/04\/2026<\/div><\/div><\/li><li class=\"clearfix gem-pp-posts\"><div class=\"gem-pp-posts-image\"><a href=\"https:\/\/elfuerte.cl\/web\/2025\/10\/11\/recuperar-una-casa-y-un-icono-de-la-historia-lotina\/\"><img src=\"https:\/\/elfuerte.cl\/web\/wp-content\/uploads\/2025\/10\/actualidad003-copia-thegem-post-thumb-large.jpg\" srcset=\"https:\/\/elfuerte.cl\/web\/wp-content\/uploads\/2025\/10\/actualidad003-copia-thegem-post-thumb-small.jpg 1x, https:\/\/elfuerte.cl\/web\/wp-content\/uploads\/2025\/10\/actualidad003-copia-thegem-post-thumb-large.jpg 2x\" alt=\"\"\/><\/a><\/div><div class=\"gem-pp-posts-text\"> <div class=\"gem-pp-posts-item\"><a href=\"https:\/\/elfuerte.cl\/web\/2025\/10\/11\/recuperar-una-casa-y-un-icono-de-la-historia-lotina\/\">Recuperar una casa y un \u00edcono de la historia lotina<\/a><\/div><div class=\"gem-pp-posts-date\">11\/10\/2025<\/div><\/div><\/li><li class=\"clearfix gem-pp-posts\"><div class=\"gem-pp-posts-image\"><a href=\"https:\/\/elfuerte.cl\/web\/2025\/10\/08\/indap-impulsa-acceso-a-tierras-y-emprendimiento-para-juventudes-rurales-con-nuevo-programa-tierra-joven\/\"><img src=\"https:\/\/elfuerte.cl\/web\/wp-content\/uploads\/2025\/10\/actualidad001-copia-thegem-post-thumb-large.jpg\" srcset=\"https:\/\/elfuerte.cl\/web\/wp-content\/uploads\/2025\/10\/actualidad001-copia-thegem-post-thumb-small.jpg 1x, https:\/\/elfuerte.cl\/web\/wp-content\/uploads\/2025\/10\/actualidad001-copia-thegem-post-thumb-large.jpg 2x\" alt=\"\"\/><\/a><\/div><div class=\"gem-pp-posts-text\"> <div class=\"gem-pp-posts-item\"><a href=\"https:\/\/elfuerte.cl\/web\/2025\/10\/08\/indap-impulsa-acceso-a-tierras-y-emprendimiento-para-juventudes-rurales-con-nuevo-programa-tierra-joven\/\">INDAP impulsa acceso a tierras y emprendimiento para juventudes rurales con nuevo programa \u201cTierra Joven\u201d<\/a><\/div><div class=\"gem-pp-posts-date\">08\/10\/2025<\/div><\/div><\/li><li class=\"clearfix gem-pp-posts\"><div class=\"gem-pp-posts-image\"><a href=\"https:\/\/elfuerte.cl\/web\/2025\/09\/05\/la-derrota-que-dejo-al-gobierno-sin-brujula\/\"><img src=\"https:\/\/elfuerte.cl\/web\/wp-content\/uploads\/2025\/09\/actualidad004-thegem-post-thumb-large.jpg\" srcset=\"https:\/\/elfuerte.cl\/web\/wp-content\/uploads\/2025\/09\/actualidad004-thegem-post-thumb-small.jpg 1x, https:\/\/elfuerte.cl\/web\/wp-content\/uploads\/2025\/09\/actualidad004-thegem-post-thumb-large.jpg 2x\" alt=\"\"\/><\/a><\/div><div class=\"gem-pp-posts-text\"> <div class=\"gem-pp-posts-item\"><a href=\"https:\/\/elfuerte.cl\/web\/2025\/09\/05\/la-derrota-que-dejo-al-gobierno-sin-brujula\/\">La derrota que dej\u00f3 al gobierno sin br\u00fajula<\/a><\/div><div class=\"gem-pp-posts-date\">05\/09\/2025<\/div><\/div><\/li><\/ul><\/aside>\t\t\t\t<\/div>\n\t\t\t\t\t<\/div>\n\t\t<\/div>\n\t\t\t\t\t<\/div><\/div>\r\n\t\t<\/section>\r\n\t\t\t\t<\/div>\n\t\t","protected":false},"excerpt":{"rendered":"<p>Con el 99,56% de las mesas escrutadas, el Servicio Electoral de Chile (Servel) confirm\u00f3 el triunfo del candidato del Partido Republicano, Jos\u00e9 Antonio Kast, quien obtuvo el 58,17% de los votos, equivalente a 7.240.006 sufragios, imponi\u00e9ndose con una amplia ventaja sobre la candidata del oficialismo, Jeannette Jara, que alcanz\u00f3 el 41,83%, con 5.205.791 votos.<\/p>\n","protected":false},"author":1,"featured_media":2753,"comment_status":"closed","ping_status":"closed","sticky":false,"template":"single-fullwidth.php","format":"standard","meta":{"footnotes":""},"categories":[21,100],"tags":[354,65,346,355,353],"class_list":{"0":"post-2750","1":"post","2":"type-post","3":"status-publish","4":"format-standard","5":"has-post-thumbnail","7":"category-actualidad","8":"category-destacados","9":"tag-354","10":"tag-actualidad","11":"tag-elecciones","12":"tag-jose-antonio-kast","13":"tag-presidente"},"menu_order":0,"_links":{"self":[{"href":"https:\/\/elfuerte.cl\/web\/wp-json\/wp\/v2\/posts\/2750","targetHints":{"allow":["GET"]}}],"collection":[{"href":"https:\/\/elfuerte.cl\/web\/wp-json\/wp\/v2\/posts"}],"about":[{"href":"https:\/\/elfuerte.cl\/web\/wp-json\/wp\/v2\/types\/post"}],"author":[{"embeddable":true,"href":"https:\/\/elfuerte.cl\/web\/wp-json\/wp\/v2\/users\/1"}],"replies":[{"embeddable":true,"href":"https:\/\/elfuerte.cl\/web\/wp-json\/wp\/v2\/comments?post=2750"}],"version-history":[{"count":4,"href":"https:\/\/elfuerte.cl\/web\/wp-json\/wp\/v2\/posts\/2750\/revisions"}],"predecessor-version":[{"id":2757,"href":"https:\/\/elfuerte.cl\/web\/wp-json\/wp\/v2\/posts\/2750\/revisions\/2757"}],"wp:featuredmedia":[{"embeddable":true,"href":"https:\/\/elfuerte.cl\/web\/wp-json\/wp\/v2\/media\/2753"}],"wp:attachment":[{"href":"https:\/\/elfuerte.cl\/web\/wp-json\/wp\/v2\/media?parent=2750"}],"wp:term":[{"taxonomy":"category","embeddable":true,"href":"https:\/\/elfuerte.cl\/web\/wp-json\/wp\/v2\/categories?post=2750"},{"taxonomy":"post_tag","embeddable":true,"href":"https:\/\/elfuerte.cl\/web\/wp-json\/wp\/v2\/tags?post=2750"}],"curies":[{"name":"wp","href":"https:\/\/api.w.org\/{rel}","templated":true}]}}