{"id":2826,"date":"2025-12-19T11:19:15","date_gmt":"2025-12-19T14:19:15","guid":{"rendered":"https:\/\/elfuerte.cl\/web\/?p=2826"},"modified":"2026-01-12T04:06:24","modified_gmt":"2026-01-12T07:06:24","slug":"valdivia-lanza-su-programacion-de-verano-con-un-atardecer-de-antologia-a-orillas-calle-calle","status":"publish","type":"post","link":"https:\/\/elfuerte.cl\/web\/2025\/12\/19\/valdivia-lanza-su-programacion-de-verano-con-un-atardecer-de-antologia-a-orillas-calle-calle\/","title":{"rendered":"Valdivia lanza su programaci\u00f3n de verano con un atardecer de antolog\u00eda a orillas del Calle Calle"},"content":{"rendered":"\t\t<div data-elementor-type=\"wp-post\" data-elementor-id=\"2826\" class=\"elementor elementor-2826\">\n\t\t\t\t\t\t<section class=\"elementor-section elementor-top-section elementor-element elementor-element-464cea7 elementor-section-boxed elementor-section-height-default elementor-section-height-default\" data-id=\"464cea7\" data-element_type=\"section\">\r\n\t\t\t\t\t\t<div class=\"elementor-container elementor-column-gap-thegem\"><div class=\"elementor-row\">\r\n\t\t\t\t\t<div class=\"elementor-column elementor-col-66 elementor-top-column elementor-element elementor-element-2f44c54\" data-id=\"2f44c54\" data-element_type=\"column\">\n\t\t\t<div class=\"elementor-widget-wrap elementor-element-populated\">\n\t\t\t\t\t\t<div class=\"elementor-element elementor-element-ab386a6 flex-horizontal-align-default flex-horizontal-align-tablet-default flex-horizontal-align-mobile-default flex-vertical-align-default flex-vertical-align-tablet-default flex-vertical-align-mobile-default elementor-widget elementor-widget-heading\" data-id=\"ab386a6\" data-element_type=\"widget\" data-widget_type=\"heading.default\">\n\t\t\t\t\t<div class=\"title-h1 elementor-heading-title elementor-size-default\">Valdivia lanza su programaci\u00f3n de verano con un atardecer de antolog\u00eda a orillas del Calle Calle<\/div>\t\t\t\t<\/div>\n\t\t\t\t<div class=\"elementor-element elementor-element-8427bf3 flex-horizontal-align-default flex-horizontal-align-tablet-default flex-horizontal-align-mobile-default flex-vertical-align-default flex-vertical-align-tablet-default flex-vertical-align-mobile-default elementor-widget elementor-widget-text-editor\" data-id=\"8427bf3\" data-element_type=\"widget\" data-widget_type=\"text-editor.default\">\n\t\t\t\t\t\t\t\t\t\t\t\t<div class=\"elementor-text-editor elementor-clearfix\">\r\n\t\t\t\t\t\t<p><strong>La actividad, organizada por la municipalidad local, tuvo como escenario la terraza del Hotel Villa del R\u00edo, que le dio el entorno ideal para presentar la cartelera de actividades que animar\u00e1 la temporada estival en la capital regional.<\/strong><\/p><p>En un aterceder de ensue\u00f1o, como extra\u00eddo de un cat\u00e1logo con los mejores destinos tur\u00edsticos del mundo, donde los colores del cielo se reflejaban sobre el r\u00edo Calle Calle, se desarroll\u00f3 la tarde de ayer la ceremonia de lanzamiento de la Temporada de Verano en Valdivia 2026. La actividad, organizada por la municipalidad local, tuvo como escenario la terraza del Hotel Villa del R\u00edo, que le dio el entorno ideal para presentar la cartelera de actividades que animar\u00e1 la temporada estival en la capital regional.<\/p><p><br \/>El evento fue encabezado por la alcaldesa de Valdivia, Carla Amtmann, y permiti\u00f3 dar a conocer una nutrida programaci\u00f3n de actividades culturales, deportivas y recreativas que se desplegar\u00e1n durante el verano en distintos barrios de la ciudad, con \u00e9nfasis en el fortalecimiento del turismo como motor de desarrollo econ\u00f3mico local, bajo un enfoque de acceso gratuito, descentralizaci\u00f3n territorial y participaci\u00f3n comunitaria.<\/p><p><br \/>Desde el municipio destacaron que la apuesta para este verano busca consolidar a Valdivia como un destino tur\u00edstico atractivo a nivel nacional, generando instancias pensadas tanto para los habitantes de la comuna como para quienes visitan la ciudad durante la temporada estival.<\/p><p><br \/>El optimismo con que se proyecta la temporada estival se sustenta en los positivos resultados del verano pasado, cuando Valdivia y la Regi\u00f3n de Los R\u00edos registraron una de las mejores temporadas tur\u00edsticas a nivel nacional. De acuerdo con cifras oficiales de Sernatur y la Subsecretar\u00eda de Turismo, durante febrero el destino Valdivia\u2013Corral alcanz\u00f3 una ocupaci\u00f3n hotelera de 92,6%, posicion\u00e1ndose como la m\u00e1s alta del pa\u00eds, mientras que otros destinos regionales, como la Cuenca del Lago Ranco, tambi\u00e9n superaron el 90%. Las autoridades destacaron en esa oportunidad que estos resultados reflejan el impacto del trabajo conjunto entre municipios, sector privado y organismos p\u00fablicos, consolidando a Valdivia como un destino tur\u00edstico de alto atractivo durante la temporada de verano.<\/p><p><br \/><strong>EVENTOS PARA MOVER LA ECONOM\u00cdA LOCAL<\/strong><br \/>En esa l\u00ednea, la alcaldesa Carla Amtmann se\u00f1al\u00f3 que \u201cpara el verano en Valdivia tenemos dos objetivos. Por un lado, que los vecinos puedan disfrutar de actividades gratuitas para toda la familia y con eso entretenerse sin tener dificultades con el bolsillo\u201d.<\/p><p><br \/>Agreg\u00f3 que \u201cpor otro lado, queremos contar con una tremenda cartelera para atraer turistas y mover nuestra econom\u00eda local. Por eso estamos muy contentos de seguir manteniendo actividades que ya son tradici\u00f3n en Valdivia y, a la vez, incorporar nuevas apuestas\u201d.<\/p><p><br \/>Por su parte, el director regional de Sernatur Los R\u00edos, Juan Leiva, valor\u00f3 el trabajo conjunto con el municipio, destacando que \u201cValdivia tiene una cartelera muy amplia de eventos, y como Zona de Inter\u00e9s Tur\u00edstico hemos estado trabajando coordinadamente. Vemos con muy buenas expectativas la temporada de verano que se aproxima\u201d.<\/p><p><br \/>Desde el sector privado, el representante de Pueblito Expediciones, Eduardo Salinas, calific\u00f3 la programaci\u00f3n como \u201cnotable\u201d, se\u00f1alando que \u201csiempre es mejor que el a\u00f1o anterior, con actividades para todos los p\u00fablicos, desde ni\u00f1os hasta adultos mayores. Invitamos a valdivianos y visitantes a sumarse y disfrutar el verano en la ciudad\u201d.<\/p><p><br \/><strong>VALDIVIA COMO DESTINO TUR\u00cdSTICO<\/strong><br \/>En cuanto a los eventos de mayor envergadura, el municipio anunci\u00f3 una serie de iniciativas deportivas, culturales y art\u00edsticas que buscan seguir posicionando a Valdivia como un destino de nivel nacional e internacional. Entre ellas destaca el Climbfest de The North Face, evento que tambi\u00e9n se desarrolla en ciudades como Londres y Chicago.<\/p><p><br \/>En el \u00e1mbito cultural, se suma la presentaci\u00f3n de Teatro a Mil, con la obra \u201cEl gigante y los ni\u00f1os de wara wara\u201d, un pasacalle de teatro urbano con marionetas gigantes y un potente despliegue visual, que se presentar\u00e1 en la costanera de Valdivia.<\/p><p><br \/>Asimismo, este verano se realizar\u00e1 el Festival Aniversario de Valdivia, que contar\u00e1 con artistas nacionales y locales y se desarrollar\u00e1 en el Estadio Parque Municipal, cuya parrilla ser\u00e1 confirmada en los pr\u00f3ximos d\u00edas.<\/p><p><br \/>Se mantienen adem\u00e1s eventos tradicionales como la Noche Valdiviana, programada para el 28 de febrero; la Carrera de Autos Locos, que se realizar\u00e1 en avenida Pedro Montt con Circunvalaci\u00f3n Sur; El Verano del Ayer, Bierfest, Expo Artesan\u00eda 2026, Los Aperitivos Culturales, entre otras actividades.<\/p><p><br \/>Finalmente, desde la Municipalidad de Valdivia invitaron a la comunidad a revisar la programaci\u00f3n completa en la p\u00e1gina web y redes sociales municipales, donde se ir\u00e1n actualizando fechas, horarios y lugares de cada evento.<br \/>Como cierre del evento, hubo m\u00fasica, jazz y degustaci\u00f3n de licores y productos valdivianos, que pusieron el broche de oro al lanzamiento de la pr\u00f3xima temporada de verano en la ciudad.<\/p><p><br \/><strong>Prensa El Fuerte Noticias<\/strong><\/p>\t\t\t\t\t\t\t<\/div>\r\n\t\t\t\t\t\t\t\t\t\t<\/div>\n\t\t\t\t<div class=\"elementor-element elementor-element-1296519 flex-horizontal-align-default flex-horizontal-align-tablet-default flex-horizontal-align-mobile-default flex-vertical-align-default flex-vertical-align-tablet-default flex-vertical-align-mobile-default elementor-widget elementor-widget-image-gallery\" data-id=\"1296519\" data-element_type=\"widget\" data-widget_type=\"image-gallery.default\">\n\t\t\t\t\t\t\t<div class=\"elementor-image-gallery\">\n\t\t\t<div id='gallery-1' class='gallery galleryid-2826 gallery-columns-4 gallery-size-thumbnail'><figure class='gallery-item'>\n\t\t\t<div class='gallery-icon portrait'>\n\t\t\t\t<a data-elementor-open-lightbox=\"yes\" data-elementor-lightbox-slideshow=\"1296519\" data-elementor-lightbox-title=\"Verano 1\" data-e-action-hash=\"#elementor-action%3Aaction%3Dlightbox%26settings%3DeyJpZCI6MjgyOSwidXJsIjoiaHR0cHM6XC9cL2VsZnVlcnRlLmNsXC93ZWJcL3dwLWNvbnRlbnRcL3VwbG9hZHNcLzIwMjVcLzEyXC9WZXJhbm8tMS5qcGVnIiwic2xpZGVzaG93IjoiMTI5NjUxOSJ9\" href='https:\/\/elfuerte.cl\/web\/wp-content\/uploads\/2025\/12\/Verano-1.jpeg'><img width=\"150\" height=\"150\" src=\"https:\/\/elfuerte.cl\/web\/wp-content\/uploads\/2025\/12\/Verano-1-150x150.jpeg\" class=\"attachment-thumbnail size-thumbnail\" alt=\"\" srcset=\"https:\/\/elfuerte.cl\/web\/wp-content\/uploads\/2025\/12\/Verano-1-150x150.jpeg 150w, https:\/\/elfuerte.cl\/web\/wp-content\/uploads\/2025\/12\/Verano-1-256x256.jpeg 256w\" sizes=\"(max-width: 150px) 100vw, 150px\" \/><\/a>\n\t\t\t<\/div><\/figure><figure class='gallery-item'>\n\t\t\t<div class='gallery-icon portrait'>\n\t\t\t\t<a data-elementor-open-lightbox=\"yes\" data-elementor-lightbox-slideshow=\"1296519\" data-elementor-lightbox-title=\"Verano 2\" data-e-action-hash=\"#elementor-action%3Aaction%3Dlightbox%26settings%3DeyJpZCI6MjgzMCwidXJsIjoiaHR0cHM6XC9cL2VsZnVlcnRlLmNsXC93ZWJcL3dwLWNvbnRlbnRcL3VwbG9hZHNcLzIwMjVcLzEyXC9WZXJhbm8tMi5qcGVnIiwic2xpZGVzaG93IjoiMTI5NjUxOSJ9\" href='https:\/\/elfuerte.cl\/web\/wp-content\/uploads\/2025\/12\/Verano-2.jpeg'><img width=\"150\" height=\"150\" src=\"https:\/\/elfuerte.cl\/web\/wp-content\/uploads\/2025\/12\/Verano-2-150x150.jpeg\" class=\"attachment-thumbnail size-thumbnail\" alt=\"\" srcset=\"https:\/\/elfuerte.cl\/web\/wp-content\/uploads\/2025\/12\/Verano-2-150x150.jpeg 150w, https:\/\/elfuerte.cl\/web\/wp-content\/uploads\/2025\/12\/Verano-2-256x256.jpeg 256w\" sizes=\"(max-width: 150px) 100vw, 150px\" \/><\/a>\n\t\t\t<\/div><\/figure><figure class='gallery-item'>\n\t\t\t<div class='gallery-icon portrait'>\n\t\t\t\t<a data-elementor-open-lightbox=\"yes\" data-elementor-lightbox-slideshow=\"1296519\" data-elementor-lightbox-title=\"Verano 3\" data-e-action-hash=\"#elementor-action%3Aaction%3Dlightbox%26settings%3DeyJpZCI6MjgzMSwidXJsIjoiaHR0cHM6XC9cL2VsZnVlcnRlLmNsXC93ZWJcL3dwLWNvbnRlbnRcL3VwbG9hZHNcLzIwMjVcLzEyXC9WZXJhbm8tMy5qcGVnIiwic2xpZGVzaG93IjoiMTI5NjUxOSJ9\" href='https:\/\/elfuerte.cl\/web\/wp-content\/uploads\/2025\/12\/Verano-3.jpeg'><img width=\"150\" height=\"150\" src=\"https:\/\/elfuerte.cl\/web\/wp-content\/uploads\/2025\/12\/Verano-3-150x150.jpeg\" class=\"attachment-thumbnail size-thumbnail\" alt=\"\" srcset=\"https:\/\/elfuerte.cl\/web\/wp-content\/uploads\/2025\/12\/Verano-3-150x150.jpeg 150w, https:\/\/elfuerte.cl\/web\/wp-content\/uploads\/2025\/12\/Verano-3-256x256.jpeg 256w\" sizes=\"(max-width: 150px) 100vw, 150px\" \/><\/a>\n\t\t\t<\/div><\/figure><figure class='gallery-item'>\n\t\t\t<div class='gallery-icon portrait'>\n\t\t\t\t<a data-elementor-open-lightbox=\"yes\" data-elementor-lightbox-slideshow=\"1296519\" data-elementor-lightbox-title=\"Verano 4\" data-e-action-hash=\"#elementor-action%3Aaction%3Dlightbox%26settings%3DeyJpZCI6MjgzMiwidXJsIjoiaHR0cHM6XC9cL2VsZnVlcnRlLmNsXC93ZWJcL3dwLWNvbnRlbnRcL3VwbG9hZHNcLzIwMjVcLzEyXC9WZXJhbm8tNC5qcGVnIiwic2xpZGVzaG93IjoiMTI5NjUxOSJ9\" href='https:\/\/elfuerte.cl\/web\/wp-content\/uploads\/2025\/12\/Verano-4.jpeg'><img width=\"150\" height=\"150\" src=\"https:\/\/elfuerte.cl\/web\/wp-content\/uploads\/2025\/12\/Verano-4-150x150.jpeg\" class=\"attachment-thumbnail size-thumbnail\" alt=\"\" srcset=\"https:\/\/elfuerte.cl\/web\/wp-content\/uploads\/2025\/12\/Verano-4-150x150.jpeg 150w, https:\/\/elfuerte.cl\/web\/wp-content\/uploads\/2025\/12\/Verano-4-256x256.jpeg 256w\" sizes=\"(max-width: 150px) 100vw, 150px\" \/><\/a>\n\t\t\t<\/div><\/figure>\n\t\t<\/div>\n\t\t<\/div>\n\t\t\t\t\t\t<\/div>\n\t\t\t\t<div class=\"elementor-element elementor-element-5ac3e4a flex-horizontal-align-default flex-horizontal-align-tablet-default flex-horizontal-align-mobile-default flex-vertical-align-default flex-vertical-align-tablet-default flex-vertical-align-mobile-default elementor-widget elementor-widget-thegem-styledimage\" data-id=\"5ac3e4a\" data-element_type=\"widget\" data-settings=\"{&quot;thegem_elementor_preset&quot;:&quot;style-2&quot;,&quot;image&quot;:{&quot;url&quot;:&quot;https:\\\/\\\/elfuerte.cl\\\/web\\\/wp-content\\\/uploads\\\/2025\\\/10\\\/bannerefdelsur.jpg&quot;,&quot;id&quot;:1540,&quot;size&quot;:&quot;&quot;,&quot;alt&quot;:&quot;&quot;,&quot;source&quot;:&quot;library&quot;},&quot;image_position&quot;:&quot;left&quot;}\" data-widget_type=\"thegem-styledimage.default\">\n\t\t\t\t<div class=\"elementor-widget-container\">\n\t\t\t\t\t\n<div class=\"styled-image-wrapper\">\n\t\t\t<div class=\"gem-image gem-wrapbox gem-wrapbox-style-2 gem-wrapbox-position-left lazy-loading \">\n\t\t\t<div class=\"gem-wrapbox-inner  lazy-loading-item\"  data-ll-effect=\"move-up\">\n\t\t\t\t\t\t\t\t<a href=\"#\">\n\t\t\t\t\t\t\t\t\t\t<img class=\"gem-wrapbox-element img-responsive \"\n\t\t\t\t\t\t src=\"https:\/\/elfuerte.cl\/web\/wp-content\/uploads\/2025\/10\/bannerefdelsur.jpg\"\n\t\t\t\t\t\t alt=\"bannerefdelsur\">\n\t\t\t\t\t\t\t\t\t\t\t\t\t\t<\/a>\n\t\t\t\t\t\t<\/div>\n\t\t<\/div>\n\t\t<\/div>\n\n\n\t\n\t\t\t\t\t\t<\/div>\n\t\t\t\t<\/div>\n\t\t\t\t\t<\/div>\n\t\t<\/div>\n\t\t\t\t<div class=\"elementor-column elementor-col-33 elementor-top-column elementor-element elementor-element-dfac7b7\" data-id=\"dfac7b7\" data-element_type=\"column\">\n\t\t\t<div class=\"elementor-widget-wrap elementor-element-populated\">\n\t\t\t\t\t\t<div class=\"elementor-element elementor-element-af7077d flex-horizontal-align-default flex-horizontal-align-tablet-default flex-horizontal-align-mobile-default flex-vertical-align-default flex-vertical-align-tablet-default flex-vertical-align-mobile-default elementor-widget elementor-widget-sidebar\" data-id=\"af7077d\" data-element_type=\"widget\" data-settings=\"{&quot;thegem_custom_css&quot;:&quot;.gem-pp-posts-image {\\r\\n    width: 72px;\\r\\n}\\r\\n.gem-pp-posts-image img {\\r\\n    border-radius: 50%;\\r\\n}\\r\\nselector h4 {\\r\\n    padding-top: 40px;\\r\\n}&quot;}\" data-widget_type=\"sidebar.default\">\n\t\t\t\t\t<aside id=\"media_image-3\" class=\"widget widget_media_image\"><img width=\"750\" height=\"750\" src=\"https:\/\/elfuerte.cl\/web\/wp-content\/uploads\/2025\/10\/bannerrojook.jpg\" class=\"image wp-image-1681  attachment-full size-full\" alt=\"\" style=\"max-width: 100%; height: auto;\" title=\"Banner\" srcset=\"https:\/\/elfuerte.cl\/web\/wp-content\/uploads\/2025\/10\/bannerrojook.jpg 750w, https:\/\/elfuerte.cl\/web\/wp-content\/uploads\/2025\/10\/bannerrojook-300x300.jpg 300w, https:\/\/elfuerte.cl\/web\/wp-content\/uploads\/2025\/10\/bannerrojook-150x150.jpg 150w, https:\/\/elfuerte.cl\/web\/wp-content\/uploads\/2025\/10\/bannerrojook-256x256.jpg 256w\" sizes=\"(max-width: 750px) 100vw, 750px\" \/><\/aside><aside id=\"categories-2\" class=\"widget widget_categories\"><h4 class=\"widget-title\">Secciones<\/h4>\n\t\t\t<ul>\n\t\t\t\t\t<li class=\"cat-item cat-item-21\"><a href=\"https:\/\/elfuerte.cl\/web\/category\/actualidad\/\" title=\"View all posts filed under Actualidad\">Actualidad<\/a>\n<\/li>\n\t<li class=\"cat-item cat-item-100\"><a href=\"https:\/\/elfuerte.cl\/web\/category\/destacados\/\" title=\"View all posts filed under Destacados\">Destacados<\/a>\n<\/li>\n\t<li class=\"cat-item cat-item-101\"><a href=\"https:\/\/elfuerte.cl\/web\/category\/region-ludica\/\" title=\"View all posts filed under Regi\u00f3n L\u00fadica\">Regi\u00f3n L\u00fadica<\/a>\n<\/li>\n\t<li class=\"cat-item cat-item-157\"><a href=\"https:\/\/elfuerte.cl\/web\/category\/sala-de-redaccion\/\" title=\"View all posts filed under Sala de Redacci\u00f3n\">Sala de Redacci\u00f3n<\/a>\n<\/li>\n\t\t\t<\/ul>\n\n\t\t\t<\/aside><aside id=\"custom_popular_posts-2\" class=\"widget Custom_Popular_Posts\"><h4 class=\"widget-title\">Populares<\/h4><ul class=\"posts  styled\"><li class=\"clearfix gem-pp-posts\"><div class=\"gem-pp-posts-image\"><a href=\"https:\/\/elfuerte.cl\/web\/2026\/04\/27\/intercambio-de-semillas-y-experiencias-conecta-comunidades-del-pais-en-torno-a-la-restauracion-del-bosque-nativo-en-los-rios\/\"><img src=\"https:\/\/elfuerte.cl\/web\/wp-content\/uploads\/2026\/04\/portada-2026-04-27T102238.493-thegem-post-thumb-large.jpg\" srcset=\"https:\/\/elfuerte.cl\/web\/wp-content\/uploads\/2026\/04\/portada-2026-04-27T102238.493-thegem-post-thumb-small.jpg 1x, https:\/\/elfuerte.cl\/web\/wp-content\/uploads\/2026\/04\/portada-2026-04-27T102238.493-thegem-post-thumb-large.jpg 2x\" alt=\"\"\/><\/a><\/div><div class=\"gem-pp-posts-text\"> <div class=\"gem-pp-posts-item\"><a href=\"https:\/\/elfuerte.cl\/web\/2026\/04\/27\/intercambio-de-semillas-y-experiencias-conecta-comunidades-del-pais-en-torno-a-la-restauracion-del-bosque-nativo-en-los-rios\/\">Intercambio de semillas y experiencias conecta comunidades del pa\u00eds en torno a la restauraci\u00f3n del bosque nativo en Los R\u00edos<\/a><\/div><div class=\"gem-pp-posts-date\">27\/04\/2026<\/div><\/div><\/li><li class=\"clearfix gem-pp-posts\"><div class=\"gem-pp-posts-image\"><a href=\"https:\/\/elfuerte.cl\/web\/2025\/10\/11\/recuperar-una-casa-y-un-icono-de-la-historia-lotina\/\"><img src=\"https:\/\/elfuerte.cl\/web\/wp-content\/uploads\/2025\/10\/actualidad003-copia-thegem-post-thumb-large.jpg\" srcset=\"https:\/\/elfuerte.cl\/web\/wp-content\/uploads\/2025\/10\/actualidad003-copia-thegem-post-thumb-small.jpg 1x, https:\/\/elfuerte.cl\/web\/wp-content\/uploads\/2025\/10\/actualidad003-copia-thegem-post-thumb-large.jpg 2x\" alt=\"\"\/><\/a><\/div><div class=\"gem-pp-posts-text\"> <div class=\"gem-pp-posts-item\"><a href=\"https:\/\/elfuerte.cl\/web\/2025\/10\/11\/recuperar-una-casa-y-un-icono-de-la-historia-lotina\/\">Recuperar una casa y un \u00edcono de la historia lotina<\/a><\/div><div class=\"gem-pp-posts-date\">11\/10\/2025<\/div><\/div><\/li><li class=\"clearfix gem-pp-posts\"><div class=\"gem-pp-posts-image\"><a href=\"https:\/\/elfuerte.cl\/web\/2025\/10\/08\/indap-impulsa-acceso-a-tierras-y-emprendimiento-para-juventudes-rurales-con-nuevo-programa-tierra-joven\/\"><img src=\"https:\/\/elfuerte.cl\/web\/wp-content\/uploads\/2025\/10\/actualidad001-copia-thegem-post-thumb-large.jpg\" srcset=\"https:\/\/elfuerte.cl\/web\/wp-content\/uploads\/2025\/10\/actualidad001-copia-thegem-post-thumb-small.jpg 1x, https:\/\/elfuerte.cl\/web\/wp-content\/uploads\/2025\/10\/actualidad001-copia-thegem-post-thumb-large.jpg 2x\" alt=\"\"\/><\/a><\/div><div class=\"gem-pp-posts-text\"> <div class=\"gem-pp-posts-item\"><a href=\"https:\/\/elfuerte.cl\/web\/2025\/10\/08\/indap-impulsa-acceso-a-tierras-y-emprendimiento-para-juventudes-rurales-con-nuevo-programa-tierra-joven\/\">INDAP impulsa acceso a tierras y emprendimiento para juventudes rurales con nuevo programa \u201cTierra Joven\u201d<\/a><\/div><div class=\"gem-pp-posts-date\">08\/10\/2025<\/div><\/div><\/li><li class=\"clearfix gem-pp-posts\"><div class=\"gem-pp-posts-image\"><a href=\"https:\/\/elfuerte.cl\/web\/2025\/09\/05\/la-derrota-que-dejo-al-gobierno-sin-brujula\/\"><img src=\"https:\/\/elfuerte.cl\/web\/wp-content\/uploads\/2025\/09\/actualidad004-thegem-post-thumb-large.jpg\" srcset=\"https:\/\/elfuerte.cl\/web\/wp-content\/uploads\/2025\/09\/actualidad004-thegem-post-thumb-small.jpg 1x, https:\/\/elfuerte.cl\/web\/wp-content\/uploads\/2025\/09\/actualidad004-thegem-post-thumb-large.jpg 2x\" alt=\"\"\/><\/a><\/div><div class=\"gem-pp-posts-text\"> <div class=\"gem-pp-posts-item\"><a href=\"https:\/\/elfuerte.cl\/web\/2025\/09\/05\/la-derrota-que-dejo-al-gobierno-sin-brujula\/\">La derrota que dej\u00f3 al gobierno sin br\u00fajula<\/a><\/div><div class=\"gem-pp-posts-date\">05\/09\/2025<\/div><\/div><\/li><\/ul><\/aside>\t\t\t\t<\/div>\n\t\t\t\t\t<\/div>\n\t\t<\/div>\n\t\t\t\t\t<\/div><\/div>\r\n\t\t<\/section>\r\n\t\t\t\t<\/div>\n\t\t","protected":false},"excerpt":{"rendered":"<p>La actividad, organizada por la municipalidad local, tuvo como escenario la terraza del Hotel Villa del R\u00edo, que le dio el entorno ideal para presentar la cartelera de actividades que animar\u00e1 la temporada estival en la capital regional.<\/p>\n","protected":false},"author":1,"featured_media":2828,"comment_status":"closed","ping_status":"closed","sticky":false,"template":"single-fullwidth.php","format":"standard","meta":{"footnotes":""},"categories":[21],"tags":[65,142,364],"class_list":{"0":"post-2826","1":"post","2":"type-post","3":"status-publish","4":"format-standard","5":"has-post-thumbnail","7":"category-actualidad","8":"tag-actualidad","9":"tag-valdivia","10":"tag-verano"},"menu_order":0,"_links":{"self":[{"href":"https:\/\/elfuerte.cl\/web\/wp-json\/wp\/v2\/posts\/2826","targetHints":{"allow":["GET"]}}],"collection":[{"href":"https:\/\/elfuerte.cl\/web\/wp-json\/wp\/v2\/posts"}],"about":[{"href":"https:\/\/elfuerte.cl\/web\/wp-json\/wp\/v2\/types\/post"}],"author":[{"embeddable":true,"href":"https:\/\/elfuerte.cl\/web\/wp-json\/wp\/v2\/users\/1"}],"replies":[{"embeddable":true,"href":"https:\/\/elfuerte.cl\/web\/wp-json\/wp\/v2\/comments?post=2826"}],"version-history":[{"count":11,"href":"https:\/\/elfuerte.cl\/web\/wp-json\/wp\/v2\/posts\/2826\/revisions"}],"predecessor-version":[{"id":2855,"href":"https:\/\/elfuerte.cl\/web\/wp-json\/wp\/v2\/posts\/2826\/revisions\/2855"}],"wp:featuredmedia":[{"embeddable":true,"href":"https:\/\/elfuerte.cl\/web\/wp-json\/wp\/v2\/media\/2828"}],"wp:attachment":[{"href":"https:\/\/elfuerte.cl\/web\/wp-json\/wp\/v2\/media?parent=2826"}],"wp:term":[{"taxonomy":"category","embeddable":true,"href":"https:\/\/elfuerte.cl\/web\/wp-json\/wp\/v2\/categories?post=2826"},{"taxonomy":"post_tag","embeddable":true,"href":"https:\/\/elfuerte.cl\/web\/wp-json\/wp\/v2\/tags?post=2826"}],"curies":[{"name":"wp","href":"https:\/\/api.w.org\/{rel}","templated":true}]}}