{"id":2839,"date":"2025-12-19T15:27:20","date_gmt":"2025-12-19T18:27:20","guid":{"rendered":"https:\/\/elfuerte.cl\/web\/?p=2839"},"modified":"2026-01-12T04:05:54","modified_gmt":"2026-01-12T07:05:54","slug":"macrozona-refuerza-brigadas-y-prevencion-ante-nueva-temporada-de-incendios-forestales","status":"publish","type":"post","link":"https:\/\/elfuerte.cl\/web\/2025\/12\/19\/macrozona-refuerza-brigadas-y-prevencion-ante-nueva-temporada-de-incendios-forestales\/","title":{"rendered":"Macrozona refuerza brigadas y prevenci\u00f3n ante nueva temporada de incendios forestales"},"content":{"rendered":"\t\t<div data-elementor-type=\"wp-post\" data-elementor-id=\"2839\" class=\"elementor elementor-2839\">\n\t\t\t\t\t\t<section class=\"elementor-section elementor-top-section elementor-element elementor-element-464cea7 elementor-section-boxed elementor-section-height-default elementor-section-height-default\" data-id=\"464cea7\" data-element_type=\"section\">\r\n\t\t\t\t\t\t<div class=\"elementor-container elementor-column-gap-thegem\"><div class=\"elementor-row\">\r\n\t\t\t\t\t<div class=\"elementor-column elementor-col-66 elementor-top-column elementor-element elementor-element-2f44c54\" data-id=\"2f44c54\" data-element_type=\"column\">\n\t\t\t<div class=\"elementor-widget-wrap elementor-element-populated\">\n\t\t\t\t\t\t<div class=\"elementor-element elementor-element-ab386a6 flex-horizontal-align-default flex-horizontal-align-tablet-default flex-horizontal-align-mobile-default flex-vertical-align-default flex-vertical-align-tablet-default flex-vertical-align-mobile-default elementor-widget elementor-widget-heading\" data-id=\"ab386a6\" data-element_type=\"widget\" data-widget_type=\"heading.default\">\n\t\t\t\t\t<div class=\"title-h1 elementor-heading-title elementor-size-default\">Macrozona refuerza brigadas y prevenci\u00f3n ante nueva temporada de incendios forestales<\/div>\t\t\t\t<\/div>\n\t\t\t\t<div class=\"elementor-element elementor-element-8427bf3 flex-horizontal-align-default flex-horizontal-align-tablet-default flex-horizontal-align-mobile-default flex-vertical-align-default flex-vertical-align-tablet-default flex-vertical-align-mobile-default elementor-widget elementor-widget-text-editor\" data-id=\"8427bf3\" data-element_type=\"widget\" data-widget_type=\"text-editor.default\">\n\t\t\t\t\t\t\t\t\t\t\t\t<div class=\"elementor-text-editor elementor-clearfix\">\r\n\t\t\t\t\t\t<p><strong>A puertas del verano, Biob\u00edo, La Araucan\u00eda, Los R\u00edos y Los Lagos intensifican planes de prevenci\u00f3n y respuesta. El Gobierno lanz\u00f3 el Plan de Acci\u00f3n 2025\u20132026 con m\u00e1s presupuesto, m\u00e1s brigadas y m\u00e1s aeronaves a nivel pa\u00eds, mientras autoridades regionales llaman a la corresponsabilidad ciudadana para reducir incendios de causa humana.<\/strong><\/p><p>A pocas semanas del inicio del periodo estival \u2014cuando aumentan las temperaturas y el riesgo de propagaci\u00f3n del fuego\u2014, las autoridades de la macrozona sur han acelerado la preparaci\u00f3n para enfrentar la temporada de incendios forestales 2025\u20132026, fortaleciendo brigadas, medios a\u00e9reos, capacitaci\u00f3n, cortafuegos y coordinaci\u00f3n interinstitucional.<\/p><p>El refuerzo se enmarca en el lanzamiento del Plan de Acci\u00f3n 2025\u20132026 de prevenci\u00f3n, mitigaci\u00f3n y control de incendios forestales, presentado por el Gobierno a nivel nacional, oportunidad en la que se inform\u00f3 que el pa\u00eds cuenta con m\u00e1s de $160 mil millones para enfrentar la temporada de incendios forestales, donde se reiter\u00f3 que la prevenci\u00f3n es una responsabilidad compartida, considerando que la gran mayor\u00eda de los siniestros se origina por causa humana.<\/p><p>Las cifras oficiales de temporadas recientes sostienen el \u00e9nfasis preventivo: tras el ciclo 2022\u20132023, que dej\u00f3 un impacto extraordinario en superficie afectada, la temporada 2023\u20132024 mostr\u00f3 una baja significativa en hect\u00e1reas quemadas a nivel nacional. En ese contexto, la macrozona sur busca consolidar mejores capacidades de respuesta sin bajar la guardia ante escenarios de sequedad, vientos y condiciones meteorol\u00f3gicas adversas.<\/p><p><br \/><strong>BIOB\u00cdO: 42 BRIGADAS Y 12 AERONAVES<\/strong><br \/>En la Regi\u00f3n del Biob\u00edo, CONAF lanz\u00f3 el Plan de Acci\u00f3n 2025\u20132026 con una inversi\u00f3n estatal superior a los $23 mil millones. La estrategia contempla 42 brigadas \u2014cerca de 600 brigadistas\u2014 distribuidas en las provincias de Concepci\u00f3n, Biob\u00edo y Arauco, adem\u00e1s de la operaci\u00f3n de 12 aeronaves: helic\u00f3pteros y aviones AT-802, m\u00e1s apoyo a\u00e9reo de alcance nacional con asiento en la zona.<\/p><p>En paralelo, la Delegaci\u00f3n Presidencial Regional inform\u00f3 el inicio de un proceso de capacitaci\u00f3n para los 42 jefes de brigada, en alianza con ACHS y SENDA, para reforzar competencias t\u00e9cnicas, preventivas y de liderazgo. El delegado presidencial Eduardo Pacheco se\u00f1al\u00f3 que \u201canticipamos una temporada compleja\u201d y llam\u00f3 a la ciudadan\u00eda a extremar la prevenci\u00f3n, destacando que se est\u00e1 trabajando con anticipaci\u00f3n \u201cpara contar con todos los recursos necesarios, tanto humanos como log\u00edsticos y t\u00e9cnicos\u201d. Por su parte, el director regional de CONAF Biob\u00edo, Esteban Krause, enfatiz\u00f3 que las capacitaciones buscan que equipos nuevos y experimentados dispongan de herramientas para actuar de forma segura y eficaz.<\/p><p><br \/><strong>LA ARAUCAN\u00cdA: ANTICIPAR ESCENARIOS DE RIESGO<\/strong><br \/>En La Araucan\u00eda, la preparaci\u00f3n ha puesto el foco en la coordinaci\u00f3n territorial y la prevenci\u00f3n. CONAF encabez\u00f3 comisiones t\u00e9cnicas en las provincias de Caut\u00edn y Malleco, instancias que reunieron a representantes de municipios, mundo agr\u00edcola y organismos p\u00fablicos para revisar proyecciones de riesgo y fortalecer la respuesta frente a emergencias.<\/p><p>La directora regional de CONAF La Araucan\u00eda, Mar\u00eda Teresa Huentequeo, valor\u00f3 estas reuniones como una herramienta para reforzar la coordinaci\u00f3n p\u00fablico-privada y los lazos de trabajo ante posibles siniestros. En la misma l\u00ednea, actores locales destacaron la relevancia de compartir informaci\u00f3n, levantar preocupaciones del territorio y acordar criterios de acci\u00f3n preventiva de cara al verano.<\/p><p><br \/><strong>LOS R\u00cdOS: CAMIONES ALJIBE Y CORTAFUEGOS<\/strong><br \/>En la Regi\u00f3n de Los R\u00edos, el gobierno present\u00f3 el Plan de Protecci\u00f3n contra Incendios Forestales 2025\u20132026 en el marco de una mesa t\u00e9cnica de coordinaci\u00f3n de SENAPRED. El balance oficial de la temporada 2024\u20132025 consider\u00f3 79 siniestros y cerca de 500 hect\u00e1reas afectadas.<\/p><p>El delegado presidencial regional, Jorge Alvial Pantoja, sostuvo que la mesa t\u00e9cnica refleja c\u00f3mo se prepara el Estado para enfrentar la amenaza y realiz\u00f3 un llamado a la precauci\u00f3n. Entre las medidas destacadas se incluyen la contrataci\u00f3n de camiones aljibe, un plan de cortafuegos del Ministerio de Obras P\u00fablicas (MOP) y gestiones para contar con apoyo a\u00e9reo. Seg\u00fan indic\u00f3 Alvial, el plan de cortafuegos \u201cha dado muchos resultados, porque hemos logrado reducir la superficie quemada\u201d, sumando adem\u00e1s el plan de puntos de posadas para helic\u00f3pteros impulsado por el MOP para mejorar la log\u00edstica del apoyo a\u00e9reo.<\/p><p>Desde SENAPRED, el director regional, Daniel Epprecht Valderrama, reforz\u00f3 el mensaje preventivo y pidi\u00f3 \u201cun tremendo esfuerzo\u201d comunitario para disminuir la ocurrencia, recordando que el 100% de los siniestros de la temporada anterior se atribuy\u00f3 a causa humana, por negligencia o intencionalidad.<\/p><p><br \/><strong>LOS LAGOS: CUATRO AERONAVES Y 22 BRIGADAS<\/strong><br \/>En Los Lagos, las autoridades realizaron una inspecci\u00f3n en el aer\u00f3dromo La Paloma de Puerto Montt a uno de los helic\u00f3pteros destinados al combate, un Ecureuil AS350 con capacidad de lanzamiento de 910 litros de agua. En la instancia, la delegada presidencial regional, Paulina Mu\u00f1oz, confirm\u00f3 que la regi\u00f3n contar\u00e1 con cuatro aeronaves para enfrentar la temporada: tres helic\u00f3pteros y un avi\u00f3n Air Tractor (AT). \u201cComo Gobierno de Chile tenemos un gran trabajo articulado, donde hemos planificado acciones preventivas y de combate (\u2026) junto a la CONAF, los brigadistas y las cuatro aeronaves\u201d, se\u00f1al\u00f3.<\/p><p>El director regional de CONAF Los Lagos, Marco Inarejo, recalc\u00f3 la coordinaci\u00f3n con SENAPRED y Bomberos, indicando que existen aeronaves por provincia: un avi\u00f3n AT con asiento permanente en Osorno \u2014con capacidad de operar en toda la regi\u00f3n\u2014 y helic\u00f3pteros para Llanquihue, Chilo\u00e9 y Palena. Adem\u00e1s, CONAF dispondr\u00e1 de 22 brigadas, incluidas dos brigadas nocturnas, lo que se traduce en 280 brigadistas, m\u00e1s 39 t\u00e9cnicos y un equipo log\u00edstico para la temporada 2025\u20132026.<\/p><p>Desde el trabajo en terreno, Javier Sandoval, jefe de la Brigada Coig\u00fce 6 de Puerto Montt, destac\u00f3 que los brigadistas ya est\u00e1n preparados para enfrentar la nueva temporada y subray\u00f3 la combinaci\u00f3n de personal joven con brigadistas experimentados, algunos con experiencia en apoyo internacional en pa\u00edses como Canad\u00e1.<\/p><p><br \/><strong>RECOMENDACIONES DE EXPERTAS<\/strong><br \/>Desde el \u00e1mbito acad\u00e9mico, Cynnamon Dobbs, doctora en ecolog\u00eda urbana y acad\u00e9mica del Centro de Estudios Territoriales de la Universidad de los Andes, advierte que la prevenci\u00f3n debe abordarse con una mirada de m\u00faltiples dimensiones. Entre las medidas m\u00e1s relevantes menciona la implementaci\u00f3n de cortafuegos, ya que \u201clo que hacen es detener el avance de esos incendios\u201d, generando barreras que dificultan la propagaci\u00f3n del fuego.<\/p><p>La investigadora agrega que el tipo de ecosistema tambi\u00e9n influye: \u201cLas plantaciones lo que hacen es incentivar la expansi\u00f3n del incendio y no frenarla. En cambio, cuando tienes un bosque m\u00e1s complejo, donde hay distintas especies, de distintas edades y alturas, eso frena un poco el avance del incendio\u201d.<\/p><p>Dobbs suma la necesidad de \u201cun s\u00faper buen sistema de vigilancia\u201d para detecci\u00f3n temprana y plantea que ampliar estos mecanismos a \u201csistemas comunitarios\u201d puede generar un efecto positivo, especialmente en territorios donde conviven \u00e1reas naturales y habitadas.<\/p><p><br \/>En paralelo a los planes regionales, SENAPRED, CONAF y Bomberos firmaron un protocolo de trabajo conjunto, acuerdo que formaliza la coordinaci\u00f3n operativa y estrat\u00e9gica entre las tres instituciones para la prevenci\u00f3n y el combate de incendios forestales. Seg\u00fan SENAPRED, el protocolo establece mecanismos de planificaci\u00f3n, respuesta y evaluaci\u00f3n conjunta, tanto a nivel nacional como regional, bajo est\u00e1ndares comunes como el Sistema de Comando de Incidentes, con el objetivo de optimizar la respuesta ante emergencias y fortalecer la acci\u00f3n preventiva en los territorios.<\/p><p><br \/>Con estas acciones, la macrozona sur busca enfrentar el verano con mayor despliegue y coordinaci\u00f3n, pero las autoridades insisten en que la prevenci\u00f3n comienza en lo cotidiano: evitar quemas no autorizadas, no arrojar colillas ni material combustible y reportar oportunamente cualquier foco de incendio.<\/p><p><br \/><strong>Marcelo Patroni, director de El Fuerte Noticias<\/strong><\/p>\t\t\t\t\t\t\t<\/div>\r\n\t\t\t\t\t\t\t\t\t\t<\/div>\n\t\t\t\t<div class=\"elementor-element elementor-element-1296519 flex-horizontal-align-default flex-horizontal-align-tablet-default flex-horizontal-align-mobile-default flex-vertical-align-default flex-vertical-align-tablet-default flex-vertical-align-mobile-default elementor-widget elementor-widget-image-gallery\" data-id=\"1296519\" data-element_type=\"widget\" data-widget_type=\"image-gallery.default\">\n\t\t\t\t\t\t\t<div class=\"elementor-image-gallery\">\n\t\t\t<div id='gallery-1' class='gallery galleryid-2839 gallery-columns-4 gallery-size-thumbnail'><figure class='gallery-item'>\n\t\t\t<div class='gallery-icon landscape'>\n\t\t\t\t<a data-elementor-open-lightbox=\"yes\" data-elementor-lightbox-slideshow=\"1296519\" data-elementor-lightbox-title=\"Incendios 2\" data-e-action-hash=\"#elementor-action%3Aaction%3Dlightbox%26settings%3DeyJpZCI6Mjg0NiwidXJsIjoiaHR0cHM6XC9cL2VsZnVlcnRlLmNsXC93ZWJcL3dwLWNvbnRlbnRcL3VwbG9hZHNcLzIwMjVcLzEyXC9JbmNlbmRpb3MtMi0xLmpwZWciLCJzbGlkZXNob3ciOiIxMjk2NTE5In0%3D\" href='https:\/\/elfuerte.cl\/web\/wp-content\/uploads\/2025\/12\/Incendios-2-1.jpeg'><img width=\"150\" height=\"150\" src=\"https:\/\/elfuerte.cl\/web\/wp-content\/uploads\/2025\/12\/Incendios-2-1-150x150.jpeg\" class=\"attachment-thumbnail size-thumbnail\" alt=\"\" srcset=\"https:\/\/elfuerte.cl\/web\/wp-content\/uploads\/2025\/12\/Incendios-2-1-150x150.jpeg 150w, https:\/\/elfuerte.cl\/web\/wp-content\/uploads\/2025\/12\/Incendios-2-1-256x256.jpeg 256w\" sizes=\"(max-width: 150px) 100vw, 150px\" \/><\/a>\n\t\t\t<\/div><\/figure><figure class='gallery-item'>\n\t\t\t<div class='gallery-icon landscape'>\n\t\t\t\t<a data-elementor-open-lightbox=\"yes\" data-elementor-lightbox-slideshow=\"1296519\" data-elementor-lightbox-title=\"Incendios 1\" data-e-action-hash=\"#elementor-action%3Aaction%3Dlightbox%26settings%3DeyJpZCI6Mjg0OCwidXJsIjoiaHR0cHM6XC9cL2VsZnVlcnRlLmNsXC93ZWJcL3dwLWNvbnRlbnRcL3VwbG9hZHNcLzIwMjVcLzEyXC9JbmNlbmRpb3MtMS5qcGVnIiwic2xpZGVzaG93IjoiMTI5NjUxOSJ9\" href='https:\/\/elfuerte.cl\/web\/wp-content\/uploads\/2025\/12\/Incendios-1.jpeg'><img width=\"150\" height=\"150\" src=\"https:\/\/elfuerte.cl\/web\/wp-content\/uploads\/2025\/12\/Incendios-1-150x150.jpeg\" class=\"attachment-thumbnail size-thumbnail\" alt=\"\" srcset=\"https:\/\/elfuerte.cl\/web\/wp-content\/uploads\/2025\/12\/Incendios-1-150x150.jpeg 150w, https:\/\/elfuerte.cl\/web\/wp-content\/uploads\/2025\/12\/Incendios-1-256x256.jpeg 256w\" sizes=\"(max-width: 150px) 100vw, 150px\" \/><\/a>\n\t\t\t<\/div><\/figure>\n\t\t<\/div>\n\t\t<\/div>\n\t\t\t\t\t\t<\/div>\n\t\t\t\t<div class=\"elementor-element elementor-element-5ac3e4a flex-horizontal-align-default flex-horizontal-align-tablet-default flex-horizontal-align-mobile-default flex-vertical-align-default flex-vertical-align-tablet-default flex-vertical-align-mobile-default elementor-widget elementor-widget-thegem-styledimage\" data-id=\"5ac3e4a\" data-element_type=\"widget\" data-settings=\"{&quot;thegem_elementor_preset&quot;:&quot;style-2&quot;,&quot;image&quot;:{&quot;url&quot;:&quot;https:\\\/\\\/elfuerte.cl\\\/web\\\/wp-content\\\/uploads\\\/2025\\\/10\\\/bannerefdelsur.jpg&quot;,&quot;id&quot;:1540,&quot;size&quot;:&quot;&quot;,&quot;alt&quot;:&quot;&quot;,&quot;source&quot;:&quot;library&quot;},&quot;image_position&quot;:&quot;left&quot;}\" data-widget_type=\"thegem-styledimage.default\">\n\t\t\t\t<div class=\"elementor-widget-container\">\n\t\t\t\t\t\n<div class=\"styled-image-wrapper\">\n\t\t\t<div class=\"gem-image gem-wrapbox gem-wrapbox-style-2 gem-wrapbox-position-left lazy-loading \">\n\t\t\t<div class=\"gem-wrapbox-inner  lazy-loading-item\"  data-ll-effect=\"move-up\">\n\t\t\t\t\t\t\t\t<a href=\"#\">\n\t\t\t\t\t\t\t\t\t\t<img class=\"gem-wrapbox-element img-responsive \"\n\t\t\t\t\t\t src=\"https:\/\/elfuerte.cl\/web\/wp-content\/uploads\/2025\/10\/bannerefdelsur.jpg\"\n\t\t\t\t\t\t alt=\"bannerefdelsur\">\n\t\t\t\t\t\t\t\t\t\t\t\t\t\t<\/a>\n\t\t\t\t\t\t<\/div>\n\t\t<\/div>\n\t\t<\/div>\n\n\n\t\n\t\t\t\t\t\t<\/div>\n\t\t\t\t<\/div>\n\t\t\t\t\t<\/div>\n\t\t<\/div>\n\t\t\t\t<div class=\"elementor-column elementor-col-33 elementor-top-column elementor-element elementor-element-dfac7b7\" data-id=\"dfac7b7\" data-element_type=\"column\">\n\t\t\t<div class=\"elementor-widget-wrap elementor-element-populated\">\n\t\t\t\t\t\t<div class=\"elementor-element elementor-element-af7077d flex-horizontal-align-default flex-horizontal-align-tablet-default flex-horizontal-align-mobile-default flex-vertical-align-default flex-vertical-align-tablet-default flex-vertical-align-mobile-default elementor-widget elementor-widget-sidebar\" data-id=\"af7077d\" data-element_type=\"widget\" data-settings=\"{&quot;thegem_custom_css&quot;:&quot;.gem-pp-posts-image {\\r\\n    width: 72px;\\r\\n}\\r\\n.gem-pp-posts-image img {\\r\\n    border-radius: 50%;\\r\\n}\\r\\nselector h4 {\\r\\n    padding-top: 40px;\\r\\n}&quot;}\" data-widget_type=\"sidebar.default\">\n\t\t\t\t\t<aside id=\"media_image-3\" class=\"widget widget_media_image\"><img width=\"750\" height=\"750\" src=\"https:\/\/elfuerte.cl\/web\/wp-content\/uploads\/2025\/10\/bannerrojook.jpg\" class=\"image wp-image-1681  attachment-full size-full\" alt=\"\" style=\"max-width: 100%; height: auto;\" title=\"Banner\" srcset=\"https:\/\/elfuerte.cl\/web\/wp-content\/uploads\/2025\/10\/bannerrojook.jpg 750w, https:\/\/elfuerte.cl\/web\/wp-content\/uploads\/2025\/10\/bannerrojook-300x300.jpg 300w, https:\/\/elfuerte.cl\/web\/wp-content\/uploads\/2025\/10\/bannerrojook-150x150.jpg 150w, https:\/\/elfuerte.cl\/web\/wp-content\/uploads\/2025\/10\/bannerrojook-256x256.jpg 256w\" sizes=\"(max-width: 750px) 100vw, 750px\" \/><\/aside><aside id=\"categories-2\" class=\"widget widget_categories\"><h4 class=\"widget-title\">Secciones<\/h4>\n\t\t\t<ul>\n\t\t\t\t\t<li class=\"cat-item cat-item-21\"><a href=\"https:\/\/elfuerte.cl\/web\/category\/actualidad\/\" title=\"View all posts filed under Actualidad\">Actualidad<\/a>\n<\/li>\n\t<li class=\"cat-item cat-item-100\"><a href=\"https:\/\/elfuerte.cl\/web\/category\/destacados\/\" title=\"View all posts filed under Destacados\">Destacados<\/a>\n<\/li>\n\t<li class=\"cat-item cat-item-101\"><a href=\"https:\/\/elfuerte.cl\/web\/category\/region-ludica\/\" title=\"View all posts filed under Regi\u00f3n L\u00fadica\">Regi\u00f3n L\u00fadica<\/a>\n<\/li>\n\t<li class=\"cat-item cat-item-157\"><a href=\"https:\/\/elfuerte.cl\/web\/category\/sala-de-redaccion\/\" title=\"View all posts filed under Sala de Redacci\u00f3n\">Sala de Redacci\u00f3n<\/a>\n<\/li>\n\t\t\t<\/ul>\n\n\t\t\t<\/aside><aside id=\"custom_popular_posts-2\" class=\"widget Custom_Popular_Posts\"><h4 class=\"widget-title\">Populares<\/h4><ul class=\"posts  styled\"><li class=\"clearfix gem-pp-posts\"><div class=\"gem-pp-posts-image\"><a href=\"https:\/\/elfuerte.cl\/web\/2026\/04\/27\/intercambio-de-semillas-y-experiencias-conecta-comunidades-del-pais-en-torno-a-la-restauracion-del-bosque-nativo-en-los-rios\/\"><img src=\"https:\/\/elfuerte.cl\/web\/wp-content\/uploads\/2026\/04\/portada-2026-04-27T102238.493-thegem-post-thumb-large.jpg\" srcset=\"https:\/\/elfuerte.cl\/web\/wp-content\/uploads\/2026\/04\/portada-2026-04-27T102238.493-thegem-post-thumb-small.jpg 1x, https:\/\/elfuerte.cl\/web\/wp-content\/uploads\/2026\/04\/portada-2026-04-27T102238.493-thegem-post-thumb-large.jpg 2x\" alt=\"\"\/><\/a><\/div><div class=\"gem-pp-posts-text\"> <div class=\"gem-pp-posts-item\"><a href=\"https:\/\/elfuerte.cl\/web\/2026\/04\/27\/intercambio-de-semillas-y-experiencias-conecta-comunidades-del-pais-en-torno-a-la-restauracion-del-bosque-nativo-en-los-rios\/\">Intercambio de semillas y experiencias conecta comunidades del pa\u00eds en torno a la restauraci\u00f3n del bosque nativo en Los R\u00edos<\/a><\/div><div class=\"gem-pp-posts-date\">27\/04\/2026<\/div><\/div><\/li><li class=\"clearfix gem-pp-posts\"><div class=\"gem-pp-posts-image\"><a href=\"https:\/\/elfuerte.cl\/web\/2025\/10\/11\/recuperar-una-casa-y-un-icono-de-la-historia-lotina\/\"><img src=\"https:\/\/elfuerte.cl\/web\/wp-content\/uploads\/2025\/10\/actualidad003-copia-thegem-post-thumb-large.jpg\" srcset=\"https:\/\/elfuerte.cl\/web\/wp-content\/uploads\/2025\/10\/actualidad003-copia-thegem-post-thumb-small.jpg 1x, https:\/\/elfuerte.cl\/web\/wp-content\/uploads\/2025\/10\/actualidad003-copia-thegem-post-thumb-large.jpg 2x\" alt=\"\"\/><\/a><\/div><div class=\"gem-pp-posts-text\"> <div class=\"gem-pp-posts-item\"><a href=\"https:\/\/elfuerte.cl\/web\/2025\/10\/11\/recuperar-una-casa-y-un-icono-de-la-historia-lotina\/\">Recuperar una casa y un \u00edcono de la historia lotina<\/a><\/div><div class=\"gem-pp-posts-date\">11\/10\/2025<\/div><\/div><\/li><li class=\"clearfix gem-pp-posts\"><div class=\"gem-pp-posts-image\"><a href=\"https:\/\/elfuerte.cl\/web\/2025\/10\/08\/indap-impulsa-acceso-a-tierras-y-emprendimiento-para-juventudes-rurales-con-nuevo-programa-tierra-joven\/\"><img src=\"https:\/\/elfuerte.cl\/web\/wp-content\/uploads\/2025\/10\/actualidad001-copia-thegem-post-thumb-large.jpg\" srcset=\"https:\/\/elfuerte.cl\/web\/wp-content\/uploads\/2025\/10\/actualidad001-copia-thegem-post-thumb-small.jpg 1x, https:\/\/elfuerte.cl\/web\/wp-content\/uploads\/2025\/10\/actualidad001-copia-thegem-post-thumb-large.jpg 2x\" alt=\"\"\/><\/a><\/div><div class=\"gem-pp-posts-text\"> <div class=\"gem-pp-posts-item\"><a href=\"https:\/\/elfuerte.cl\/web\/2025\/10\/08\/indap-impulsa-acceso-a-tierras-y-emprendimiento-para-juventudes-rurales-con-nuevo-programa-tierra-joven\/\">INDAP impulsa acceso a tierras y emprendimiento para juventudes rurales con nuevo programa \u201cTierra Joven\u201d<\/a><\/div><div class=\"gem-pp-posts-date\">08\/10\/2025<\/div><\/div><\/li><li class=\"clearfix gem-pp-posts\"><div class=\"gem-pp-posts-image\"><a href=\"https:\/\/elfuerte.cl\/web\/2025\/09\/05\/la-derrota-que-dejo-al-gobierno-sin-brujula\/\"><img src=\"https:\/\/elfuerte.cl\/web\/wp-content\/uploads\/2025\/09\/actualidad004-thegem-post-thumb-large.jpg\" srcset=\"https:\/\/elfuerte.cl\/web\/wp-content\/uploads\/2025\/09\/actualidad004-thegem-post-thumb-small.jpg 1x, https:\/\/elfuerte.cl\/web\/wp-content\/uploads\/2025\/09\/actualidad004-thegem-post-thumb-large.jpg 2x\" alt=\"\"\/><\/a><\/div><div class=\"gem-pp-posts-text\"> <div class=\"gem-pp-posts-item\"><a href=\"https:\/\/elfuerte.cl\/web\/2025\/09\/05\/la-derrota-que-dejo-al-gobierno-sin-brujula\/\">La derrota que dej\u00f3 al gobierno sin br\u00fajula<\/a><\/div><div class=\"gem-pp-posts-date\">05\/09\/2025<\/div><\/div><\/li><\/ul><\/aside>\t\t\t\t<\/div>\n\t\t\t\t\t<\/div>\n\t\t<\/div>\n\t\t\t\t\t<\/div><\/div>\r\n\t\t<\/section>\r\n\t\t\t\t<\/div>\n\t\t","protected":false},"excerpt":{"rendered":"<p>A puertas del verano, Biob\u00edo, La Araucan\u00eda, Los R\u00edos y Los Lagos intensifican planes de prevenci\u00f3n y respuesta. El Gobierno lanz\u00f3 el Plan de Acci\u00f3n 2025\u20132026 con m\u00e1s presupuesto, m\u00e1s brigadas y m\u00e1s aeronaves a nivel pa\u00eds, mientras autoridades regionales llaman a la corresponsabilidad ciudadana para reducir incendios de causa humana.<\/p>\n","protected":false},"author":1,"featured_media":2841,"comment_status":"closed","ping_status":"closed","sticky":false,"template":"single-fullwidth.php","format":"standard","meta":{"footnotes":""},"categories":[21],"tags":[65,365,241],"class_list":{"0":"post-2839","1":"post","2":"type-post","3":"status-publish","4":"format-standard","5":"has-post-thumbnail","7":"category-actualidad","8":"tag-actualidad","9":"tag-incendios","10":"tag-prevencion"},"menu_order":0,"_links":{"self":[{"href":"https:\/\/elfuerte.cl\/web\/wp-json\/wp\/v2\/posts\/2839","targetHints":{"allow":["GET"]}}],"collection":[{"href":"https:\/\/elfuerte.cl\/web\/wp-json\/wp\/v2\/posts"}],"about":[{"href":"https:\/\/elfuerte.cl\/web\/wp-json\/wp\/v2\/types\/post"}],"author":[{"embeddable":true,"href":"https:\/\/elfuerte.cl\/web\/wp-json\/wp\/v2\/users\/1"}],"replies":[{"embeddable":true,"href":"https:\/\/elfuerte.cl\/web\/wp-json\/wp\/v2\/comments?post=2839"}],"version-history":[{"count":7,"href":"https:\/\/elfuerte.cl\/web\/wp-json\/wp\/v2\/posts\/2839\/revisions"}],"predecessor-version":[{"id":2851,"href":"https:\/\/elfuerte.cl\/web\/wp-json\/wp\/v2\/posts\/2839\/revisions\/2851"}],"wp:featuredmedia":[{"embeddable":true,"href":"https:\/\/elfuerte.cl\/web\/wp-json\/wp\/v2\/media\/2841"}],"wp:attachment":[{"href":"https:\/\/elfuerte.cl\/web\/wp-json\/wp\/v2\/media?parent=2839"}],"wp:term":[{"taxonomy":"category","embeddable":true,"href":"https:\/\/elfuerte.cl\/web\/wp-json\/wp\/v2\/categories?post=2839"},{"taxonomy":"post_tag","embeddable":true,"href":"https:\/\/elfuerte.cl\/web\/wp-json\/wp\/v2\/tags?post=2839"}],"curies":[{"name":"wp","href":"https:\/\/api.w.org\/{rel}","templated":true}]}}