{"id":2882,"date":"2025-12-22T11:16:18","date_gmt":"2025-12-22T14:16:18","guid":{"rendered":"https:\/\/elfuerte.cl\/web\/?p=2882"},"modified":"2026-01-12T04:05:42","modified_gmt":"2026-01-12T07:05:42","slug":"avanza-implementacion-de-la-politica-de-desarrollo-de-la-construccion-naval-en-el-sur-del-pais","status":"publish","type":"post","link":"https:\/\/elfuerte.cl\/web\/2025\/12\/22\/avanza-implementacion-de-la-politica-de-desarrollo-de-la-construccion-naval-en-el-sur-del-pais\/","title":{"rendered":"Avanza implementaci\u00f3n de la Pol\u00edtica de Desarrollo de la Construcci\u00f3n Naval en el sur del pa\u00eds"},"content":{"rendered":"\t\t<div data-elementor-type=\"wp-post\" data-elementor-id=\"2882\" class=\"elementor elementor-2882\">\n\t\t\t\t\t\t<section class=\"elementor-section elementor-top-section elementor-element elementor-element-464cea7 elementor-section-boxed elementor-section-height-default elementor-section-height-default\" data-id=\"464cea7\" data-element_type=\"section\">\r\n\t\t\t\t\t\t<div class=\"elementor-container elementor-column-gap-thegem\"><div class=\"elementor-row\">\r\n\t\t\t\t\t<div class=\"elementor-column elementor-col-66 elementor-top-column elementor-element elementor-element-2f44c54\" data-id=\"2f44c54\" data-element_type=\"column\">\n\t\t\t<div class=\"elementor-widget-wrap elementor-element-populated\">\n\t\t\t\t\t\t<div class=\"elementor-element elementor-element-ab386a6 flex-horizontal-align-default flex-horizontal-align-tablet-default flex-horizontal-align-mobile-default flex-vertical-align-default flex-vertical-align-tablet-default flex-vertical-align-mobile-default elementor-widget elementor-widget-heading\" data-id=\"ab386a6\" data-element_type=\"widget\" data-widget_type=\"heading.default\">\n\t\t\t\t\t<div class=\"title-h1 elementor-heading-title elementor-size-default\">Avanza implementaci\u00f3n de la Pol\u00edtica de Desarrollo de la Construcci\u00f3n Naval en el sur del pa\u00eds<\/div>\t\t\t\t<\/div>\n\t\t\t\t<div class=\"elementor-element elementor-element-8427bf3 flex-horizontal-align-default flex-horizontal-align-tablet-default flex-horizontal-align-mobile-default flex-vertical-align-default flex-vertical-align-tablet-default flex-vertical-align-mobile-default elementor-widget elementor-widget-text-editor\" data-id=\"8427bf3\" data-element_type=\"widget\" data-widget_type=\"text-editor.default\">\n\t\t\t\t\t\t\t\t\t\t\t\t<div class=\"elementor-text-editor elementor-clearfix\">\r\n\t\t\t\t\t\t<p><strong>La iniciativa busca que todas las futuras unidades de la Armada de Chile se construyan en el pa\u00eds, fortaleciendo la industria mar\u00edtima y generando un impacto productivo en toda la macrozona sur<\/strong><\/p><p>Autoridades y sector privado trabajan arduamente en la implementaci\u00f3n en el sur del pa\u00eds de la Pol\u00edtica Nacional de Construcci\u00f3n Naval, que est\u00e1 llamada en convertirse en un hito de desarrollo productivo con impacto en la actividad comercial en todas las regiones de la macrozona.<\/p><p><br \/>Anunciada en la Cuenta P\u00fablica 2024 y con financiamiento asegurado para los pr\u00f3ximos cinco a\u00f1os, esta pol\u00edtica busca que todas las futuras unidades de la Armada de Chile se construyan en el pa\u00eds, fortaleciendo la industria mar\u00edtima. Esto generar\u00e1 un gran impacto no s\u00f3lo en encadenamientos productivos, sino que permitir\u00e1 a la Armada ganar autonom\u00eda al no tener que depender de fuerzas navales extrajeras, como Estados Unidos o Inglaterra, a quienes tradicionalmente se le ha comprado manterial naval de segunda mano. Esto generar\u00e1 mejor tecnolog\u00eda y mayor eficiencia en la defensa naval.<\/p><p><strong>LOS LAGOS<\/strong><br \/>Recientemente, en la regi\u00f3n de Los Lagos, se realiz\u00f3 una reuni\u00f3n coordinada por la Delegaci\u00f3n Presidencial Regional de Los Lagos, en las que han participardo CORFO, la Armada, Empormontt y Armasur, Durante el encuentro, las autoridades coordinaron la realizaci\u00f3n del primer Seminario de Pol\u00edtica Nacional de Construcci\u00f3n Naval en la regi\u00f3n, que se llevar\u00e1 a cabo a inicios del pr\u00f3ximo a\u00f1o en dependencias de Empormontt y que convocar\u00e1 a diversos actores p\u00fablico-privados.<\/p><p>Tras la reuni\u00f3n, la Delegada Presidencial Regional, Paulina Mu\u00f1oz, destac\u00f3 el compromiso del Gobierno con el fortalecimiento econ\u00f3mico y log\u00edstico de la zona. \u201cComo Gobierno de Chile nos preocupa y nos ocupa el desarrollo econ\u00f3mico productivo y de infraestructura en nuestra regi\u00f3n. Hace alg\u00fan tiempo contamos con la visita de nuestra ministra de Defensa, Adriana Delpiano, instancia en la que planteamos la importancia de avanzar en la Pol\u00edtica Nacional de Construcci\u00f3n Naval. Desde entonces hemos sostenido diversas reuniones orientadas a que esta pol\u00edtica se materialice en acciones de corto, mediano y largo plazo en Los Lagos. Pr\u00f3ximamente, vamos a materializar un encuentro que ser\u00e1 clave para aunar criterios y fortalecer a nuestra regi\u00f3n sur austral como un polo estrat\u00e9gico en esta materia\u201d, se\u00f1al\u00f3.<\/p><p>A su vez, el presidente del directorio de la Empresa Portuaria de Puerto Montt (Empormontt), Juli\u00e1n Go\u00f1i, destac\u00f3 el rol estrat\u00e9gico de la regi\u00f3n en el desarrollo de esta pol\u00edtica p\u00fablica. \u201cEsta es una pol\u00edtica p\u00fablica nacional que impacta directamente al mundo mar\u00edtimo-portuario. Esta es una regi\u00f3n que tiene una vocaci\u00f3n mar\u00edtima portuaria, tenemos cerca del 50% de los astilleros y maestranzas dedicadas a la construcci\u00f3n naval que existen en el pa\u00eds en esta regi\u00f3n. Por lo tanto, el rol que la regi\u00f3n de Los Lagos vaya a cumplir en esta pol\u00edtica de construcci\u00f3n naval es clave para poder mejorar las condiciones de trabajo, las condiciones de la innovaci\u00f3n y tener un ecosistema que nos permita avanzar con fuerza en el desarrollo de una nueva \u00e1rea productiva para la regi\u00f3n\u201d, afirm\u00f3.<\/p><p><br \/>Para el gerente general de Armasur A.G., Manuel Bagnara, la articulaci\u00f3n regional y el trabajo conjunto en torno a los desaf\u00edos estrat\u00e9gicos del sector es una gran apuesta. \u201cEsta reuni\u00f3n fue muy importante porque Armasur agrupa parte de los astilleros del sur de Chile y estamos muy insertos en la Pol\u00edtica Nacional de Construcci\u00f3n Naval. Estamos trabajando en un seminario para mostrar lo que es la construcci\u00f3n naval en la zona, como parte de un programa meso regional que integran las regiones de Biob\u00edo, Los Lagos, Ays\u00e9n y Magallanes. La idea es pensar c\u00f3mo actuamos como regi\u00f3n frente a este gran desaf\u00edo que es la construcci\u00f3n de los barcos de guerra en Chile, que pone desaf\u00edos de mejorar varias partes del trabajo que hacemos\u201d, explic\u00f3.<\/p><p>\u00a0<\/p><p><strong>POLO DE DESARROLLO<\/strong><\/p><p>La ministra de Defensa Adriana Delpiano, en conversaci\u00f3n con El Fuerte Noticias durante su visita a Asenav en Valdivia en octubre pasado, confirm\u00f3 que la Pol\u00edtica Nacional de Construcci\u00f3n Naval se encuentra plenamente financiada para el pr\u00f3ximo quinquenio. Aunque la planificaci\u00f3n estrat\u00e9gica se extiende hasta 2040, la jefa de la cartera de Defensa subray\u00f3 que hay un compromiso presupuestario real para ejecutar obras concretas en los pr\u00f3ximos cinco a\u00f1os.<\/p><p><br \/>Dentro de los avances que se han registrado en esta pol\u00edtica, est\u00e1 el reciente anuncio de CORFO, que a trav\u00e9s del programa ImpulsaTec, est\u00e1 cofinanciando dos proyectos clave: uno en Los Lagos (SITECNA + Naval) y otro en Valdivia (Astilleros y Servicios Navales S.A.). Entre ambos proyectos, la inversi\u00f3n total es de $2.250 millones de pesos, con un aporte de CORFO de aproximadamente $1.350 millones de pesos (60%). Esta inversi\u00f3n est\u00e1 destinada a fortalecer las capacidades tecnol\u00f3gicas y productivas de la industria naval en la regi\u00f3n.<\/p><p><br \/>Cabe destacar que el impacto de esta pol\u00edtica abarca toda la macrozona sur. En especial, la Regi\u00f3n del Biob\u00edo juega un rol fundamental a trav\u00e9s de ASMAR Talcahuano, el astillero de la Armada que liderar\u00e1 la construcci\u00f3n de las embarcaciones, que act\u00faa como cabeza de un encadenamiento productivo que integra a los dem\u00e1s astilleros de la macrozona, asegurando que la producci\u00f3n se distribuya y beneficie a los distintos territorios.<\/p><p><br \/>En definitiva, esta pol\u00edtica representa una apuesta por la reactivaci\u00f3n industrial del sur de Chile y un ejemplo de continuidad m\u00e1s all\u00e1 de los cambios de gobierno, con un horizonte de crecimiento sostenido hasta 2040.<\/p><p><strong>Prensa El Fuerte Noticias<\/strong><\/p>\t\t\t\t\t\t\t<\/div>\r\n\t\t\t\t\t\t\t\t\t\t<\/div>\n\t\t\t\t<div class=\"elementor-element elementor-element-1296519 flex-horizontal-align-default flex-horizontal-align-tablet-default flex-horizontal-align-mobile-default flex-vertical-align-default flex-vertical-align-tablet-default flex-vertical-align-mobile-default elementor-widget elementor-widget-image-gallery\" data-id=\"1296519\" data-element_type=\"widget\" data-widget_type=\"image-gallery.default\">\n\t\t\t\t\t\t\t<div class=\"elementor-image-gallery\">\n\t\t\t<div id='gallery-1' class='gallery galleryid-2882 gallery-columns-4 gallery-size-thumbnail'><figure class='gallery-item'>\n\t\t\t<div class='gallery-icon landscape'>\n\t\t\t\t<a data-elementor-open-lightbox=\"yes\" data-elementor-lightbox-slideshow=\"1296519\" data-elementor-lightbox-title=\"Naval 1\" data-e-action-hash=\"#elementor-action%3Aaction%3Dlightbox%26settings%3DeyJpZCI6Mjg4NiwidXJsIjoiaHR0cHM6XC9cL2VsZnVlcnRlLmNsXC93ZWJcL3dwLWNvbnRlbnRcL3VwbG9hZHNcLzIwMjVcLzEyXC9OYXZhbC0xLmpwZWciLCJzbGlkZXNob3ciOiIxMjk2NTE5In0%3D\" href='https:\/\/elfuerte.cl\/web\/wp-content\/uploads\/2025\/12\/Naval-1.jpeg'><img width=\"150\" height=\"150\" src=\"https:\/\/elfuerte.cl\/web\/wp-content\/uploads\/2025\/12\/Naval-1-150x150.jpeg\" class=\"attachment-thumbnail size-thumbnail\" alt=\"\" srcset=\"https:\/\/elfuerte.cl\/web\/wp-content\/uploads\/2025\/12\/Naval-1-150x150.jpeg 150w, https:\/\/elfuerte.cl\/web\/wp-content\/uploads\/2025\/12\/Naval-1-256x256.jpeg 256w\" sizes=\"(max-width: 150px) 100vw, 150px\" \/><\/a>\n\t\t\t<\/div><\/figure>\n\t\t<\/div>\n\t\t<\/div>\n\t\t\t\t\t\t<\/div>\n\t\t\t\t<div class=\"elementor-element elementor-element-5ac3e4a flex-horizontal-align-default flex-horizontal-align-tablet-default flex-horizontal-align-mobile-default flex-vertical-align-default flex-vertical-align-tablet-default flex-vertical-align-mobile-default elementor-widget elementor-widget-thegem-styledimage\" data-id=\"5ac3e4a\" data-element_type=\"widget\" data-settings=\"{&quot;thegem_elementor_preset&quot;:&quot;style-2&quot;,&quot;image&quot;:{&quot;url&quot;:&quot;https:\\\/\\\/elfuerte.cl\\\/web\\\/wp-content\\\/uploads\\\/2025\\\/10\\\/bannerefdelsur.jpg&quot;,&quot;id&quot;:1540,&quot;size&quot;:&quot;&quot;,&quot;alt&quot;:&quot;&quot;,&quot;source&quot;:&quot;library&quot;},&quot;image_position&quot;:&quot;left&quot;}\" data-widget_type=\"thegem-styledimage.default\">\n\t\t\t\t<div class=\"elementor-widget-container\">\n\t\t\t\t\t\n<div class=\"styled-image-wrapper\">\n\t\t\t<div class=\"gem-image gem-wrapbox gem-wrapbox-style-2 gem-wrapbox-position-left lazy-loading \">\n\t\t\t<div class=\"gem-wrapbox-inner  lazy-loading-item\"  data-ll-effect=\"move-up\">\n\t\t\t\t\t\t\t\t<a href=\"#\">\n\t\t\t\t\t\t\t\t\t\t<img class=\"gem-wrapbox-element img-responsive \"\n\t\t\t\t\t\t src=\"https:\/\/elfuerte.cl\/web\/wp-content\/uploads\/2025\/10\/bannerefdelsur.jpg\"\n\t\t\t\t\t\t alt=\"bannerefdelsur\">\n\t\t\t\t\t\t\t\t\t\t\t\t\t\t<\/a>\n\t\t\t\t\t\t<\/div>\n\t\t<\/div>\n\t\t<\/div>\n\n\n\t\n\t\t\t\t\t\t<\/div>\n\t\t\t\t<\/div>\n\t\t\t\t\t<\/div>\n\t\t<\/div>\n\t\t\t\t<div class=\"elementor-column elementor-col-33 elementor-top-column elementor-element elementor-element-dfac7b7\" data-id=\"dfac7b7\" data-element_type=\"column\">\n\t\t\t<div class=\"elementor-widget-wrap elementor-element-populated\">\n\t\t\t\t\t\t<div class=\"elementor-element elementor-element-af7077d flex-horizontal-align-default flex-horizontal-align-tablet-default flex-horizontal-align-mobile-default flex-vertical-align-default flex-vertical-align-tablet-default flex-vertical-align-mobile-default elementor-widget elementor-widget-sidebar\" data-id=\"af7077d\" data-element_type=\"widget\" data-settings=\"{&quot;thegem_custom_css&quot;:&quot;.gem-pp-posts-image {\\r\\n    width: 72px;\\r\\n}\\r\\n.gem-pp-posts-image img {\\r\\n    border-radius: 50%;\\r\\n}\\r\\nselector h4 {\\r\\n    padding-top: 40px;\\r\\n}&quot;}\" data-widget_type=\"sidebar.default\">\n\t\t\t\t\t<aside id=\"media_image-3\" class=\"widget widget_media_image\"><img width=\"750\" height=\"750\" src=\"https:\/\/elfuerte.cl\/web\/wp-content\/uploads\/2025\/10\/bannerrojook.jpg\" class=\"image wp-image-1681  attachment-full size-full\" alt=\"\" style=\"max-width: 100%; height: auto;\" title=\"Banner\" srcset=\"https:\/\/elfuerte.cl\/web\/wp-content\/uploads\/2025\/10\/bannerrojook.jpg 750w, https:\/\/elfuerte.cl\/web\/wp-content\/uploads\/2025\/10\/bannerrojook-300x300.jpg 300w, https:\/\/elfuerte.cl\/web\/wp-content\/uploads\/2025\/10\/bannerrojook-150x150.jpg 150w, https:\/\/elfuerte.cl\/web\/wp-content\/uploads\/2025\/10\/bannerrojook-256x256.jpg 256w\" sizes=\"(max-width: 750px) 100vw, 750px\" \/><\/aside><aside id=\"categories-2\" class=\"widget widget_categories\"><h4 class=\"widget-title\">Secciones<\/h4>\n\t\t\t<ul>\n\t\t\t\t\t<li class=\"cat-item cat-item-21\"><a href=\"https:\/\/elfuerte.cl\/web\/category\/actualidad\/\" title=\"View all posts filed under Actualidad\">Actualidad<\/a>\n<\/li>\n\t<li class=\"cat-item cat-item-100\"><a href=\"https:\/\/elfuerte.cl\/web\/category\/destacados\/\" title=\"View all posts filed under Destacados\">Destacados<\/a>\n<\/li>\n\t<li class=\"cat-item cat-item-101\"><a href=\"https:\/\/elfuerte.cl\/web\/category\/region-ludica\/\" title=\"View all posts filed under Regi\u00f3n L\u00fadica\">Regi\u00f3n L\u00fadica<\/a>\n<\/li>\n\t<li class=\"cat-item cat-item-157\"><a href=\"https:\/\/elfuerte.cl\/web\/category\/sala-de-redaccion\/\" title=\"View all posts filed under Sala de Redacci\u00f3n\">Sala de Redacci\u00f3n<\/a>\n<\/li>\n\t\t\t<\/ul>\n\n\t\t\t<\/aside><aside id=\"custom_popular_posts-2\" class=\"widget Custom_Popular_Posts\"><h4 class=\"widget-title\">Populares<\/h4><ul class=\"posts  styled\"><li class=\"clearfix gem-pp-posts\"><div class=\"gem-pp-posts-image\"><a href=\"https:\/\/elfuerte.cl\/web\/2026\/04\/27\/intercambio-de-semillas-y-experiencias-conecta-comunidades-del-pais-en-torno-a-la-restauracion-del-bosque-nativo-en-los-rios\/\"><img src=\"https:\/\/elfuerte.cl\/web\/wp-content\/uploads\/2026\/04\/portada-2026-04-27T102238.493-thegem-post-thumb-large.jpg\" srcset=\"https:\/\/elfuerte.cl\/web\/wp-content\/uploads\/2026\/04\/portada-2026-04-27T102238.493-thegem-post-thumb-small.jpg 1x, https:\/\/elfuerte.cl\/web\/wp-content\/uploads\/2026\/04\/portada-2026-04-27T102238.493-thegem-post-thumb-large.jpg 2x\" alt=\"\"\/><\/a><\/div><div class=\"gem-pp-posts-text\"> <div class=\"gem-pp-posts-item\"><a href=\"https:\/\/elfuerte.cl\/web\/2026\/04\/27\/intercambio-de-semillas-y-experiencias-conecta-comunidades-del-pais-en-torno-a-la-restauracion-del-bosque-nativo-en-los-rios\/\">Intercambio de semillas y experiencias conecta comunidades del pa\u00eds en torno a la restauraci\u00f3n del bosque nativo en Los R\u00edos<\/a><\/div><div class=\"gem-pp-posts-date\">27\/04\/2026<\/div><\/div><\/li><li class=\"clearfix gem-pp-posts\"><div class=\"gem-pp-posts-image\"><a href=\"https:\/\/elfuerte.cl\/web\/2025\/10\/11\/recuperar-una-casa-y-un-icono-de-la-historia-lotina\/\"><img src=\"https:\/\/elfuerte.cl\/web\/wp-content\/uploads\/2025\/10\/actualidad003-copia-thegem-post-thumb-large.jpg\" srcset=\"https:\/\/elfuerte.cl\/web\/wp-content\/uploads\/2025\/10\/actualidad003-copia-thegem-post-thumb-small.jpg 1x, https:\/\/elfuerte.cl\/web\/wp-content\/uploads\/2025\/10\/actualidad003-copia-thegem-post-thumb-large.jpg 2x\" alt=\"\"\/><\/a><\/div><div class=\"gem-pp-posts-text\"> <div class=\"gem-pp-posts-item\"><a href=\"https:\/\/elfuerte.cl\/web\/2025\/10\/11\/recuperar-una-casa-y-un-icono-de-la-historia-lotina\/\">Recuperar una casa y un \u00edcono de la historia lotina<\/a><\/div><div class=\"gem-pp-posts-date\">11\/10\/2025<\/div><\/div><\/li><li class=\"clearfix gem-pp-posts\"><div class=\"gem-pp-posts-image\"><a href=\"https:\/\/elfuerte.cl\/web\/2025\/10\/08\/indap-impulsa-acceso-a-tierras-y-emprendimiento-para-juventudes-rurales-con-nuevo-programa-tierra-joven\/\"><img src=\"https:\/\/elfuerte.cl\/web\/wp-content\/uploads\/2025\/10\/actualidad001-copia-thegem-post-thumb-large.jpg\" srcset=\"https:\/\/elfuerte.cl\/web\/wp-content\/uploads\/2025\/10\/actualidad001-copia-thegem-post-thumb-small.jpg 1x, https:\/\/elfuerte.cl\/web\/wp-content\/uploads\/2025\/10\/actualidad001-copia-thegem-post-thumb-large.jpg 2x\" alt=\"\"\/><\/a><\/div><div class=\"gem-pp-posts-text\"> <div class=\"gem-pp-posts-item\"><a href=\"https:\/\/elfuerte.cl\/web\/2025\/10\/08\/indap-impulsa-acceso-a-tierras-y-emprendimiento-para-juventudes-rurales-con-nuevo-programa-tierra-joven\/\">INDAP impulsa acceso a tierras y emprendimiento para juventudes rurales con nuevo programa \u201cTierra Joven\u201d<\/a><\/div><div class=\"gem-pp-posts-date\">08\/10\/2025<\/div><\/div><\/li><li class=\"clearfix gem-pp-posts\"><div class=\"gem-pp-posts-image\"><a href=\"https:\/\/elfuerte.cl\/web\/2025\/09\/05\/la-derrota-que-dejo-al-gobierno-sin-brujula\/\"><img src=\"https:\/\/elfuerte.cl\/web\/wp-content\/uploads\/2025\/09\/actualidad004-thegem-post-thumb-large.jpg\" srcset=\"https:\/\/elfuerte.cl\/web\/wp-content\/uploads\/2025\/09\/actualidad004-thegem-post-thumb-small.jpg 1x, https:\/\/elfuerte.cl\/web\/wp-content\/uploads\/2025\/09\/actualidad004-thegem-post-thumb-large.jpg 2x\" alt=\"\"\/><\/a><\/div><div class=\"gem-pp-posts-text\"> <div class=\"gem-pp-posts-item\"><a href=\"https:\/\/elfuerte.cl\/web\/2025\/09\/05\/la-derrota-que-dejo-al-gobierno-sin-brujula\/\">La derrota que dej\u00f3 al gobierno sin br\u00fajula<\/a><\/div><div class=\"gem-pp-posts-date\">05\/09\/2025<\/div><\/div><\/li><\/ul><\/aside>\t\t\t\t<\/div>\n\t\t\t\t\t<\/div>\n\t\t<\/div>\n\t\t\t\t\t<\/div><\/div>\r\n\t\t<\/section>\r\n\t\t\t\t<\/div>\n\t\t","protected":false},"excerpt":{"rendered":"<p>La iniciativa busca que todas las futuras unidades de la Armada de Chile se construyan en el pa\u00eds, fortaleciendo la industria mar\u00edtima y generando un impacto productivo en toda la macrozona sur<\/p>\n","protected":false},"author":1,"featured_media":2890,"comment_status":"closed","ping_status":"closed","sticky":false,"template":"single-fullwidth.php","format":"standard","meta":{"footnotes":""},"categories":[21],"tags":[65,370,369],"class_list":{"0":"post-2882","1":"post","2":"type-post","3":"status-publish","4":"format-standard","5":"has-post-thumbnail","7":"category-actualidad","8":"tag-actualidad","9":"tag-construccion","10":"tag-naval"},"menu_order":0,"_links":{"self":[{"href":"https:\/\/elfuerte.cl\/web\/wp-json\/wp\/v2\/posts\/2882","targetHints":{"allow":["GET"]}}],"collection":[{"href":"https:\/\/elfuerte.cl\/web\/wp-json\/wp\/v2\/posts"}],"about":[{"href":"https:\/\/elfuerte.cl\/web\/wp-json\/wp\/v2\/types\/post"}],"author":[{"embeddable":true,"href":"https:\/\/elfuerte.cl\/web\/wp-json\/wp\/v2\/users\/1"}],"replies":[{"embeddable":true,"href":"https:\/\/elfuerte.cl\/web\/wp-json\/wp\/v2\/comments?post=2882"}],"version-history":[{"count":4,"href":"https:\/\/elfuerte.cl\/web\/wp-json\/wp\/v2\/posts\/2882\/revisions"}],"predecessor-version":[{"id":2889,"href":"https:\/\/elfuerte.cl\/web\/wp-json\/wp\/v2\/posts\/2882\/revisions\/2889"}],"wp:featuredmedia":[{"embeddable":true,"href":"https:\/\/elfuerte.cl\/web\/wp-json\/wp\/v2\/media\/2890"}],"wp:attachment":[{"href":"https:\/\/elfuerte.cl\/web\/wp-json\/wp\/v2\/media?parent=2882"}],"wp:term":[{"taxonomy":"category","embeddable":true,"href":"https:\/\/elfuerte.cl\/web\/wp-json\/wp\/v2\/categories?post=2882"},{"taxonomy":"post_tag","embeddable":true,"href":"https:\/\/elfuerte.cl\/web\/wp-json\/wp\/v2\/tags?post=2882"}],"curies":[{"name":"wp","href":"https:\/\/api.w.org\/{rel}","templated":true}]}}