{"id":2892,"date":"2025-12-26T19:44:44","date_gmt":"2025-12-26T22:44:44","guid":{"rendered":"https:\/\/elfuerte.cl\/web\/?p=2892"},"modified":"2026-01-12T04:05:29","modified_gmt":"2026-01-12T07:05:29","slug":"polemica-en-la-region-de-los-lagos-por-supuesta-deuda-de-16-000-millones","status":"publish","type":"post","link":"https:\/\/elfuerte.cl\/web\/2025\/12\/26\/polemica-en-la-region-de-los-lagos-por-supuesta-deuda-de-16-000-millones\/","title":{"rendered":"Pol\u00e9mica en la Regi\u00f3n de Los Lagos por  supuesta deuda de $16.000 millones"},"content":{"rendered":"\t\t<div data-elementor-type=\"wp-post\" data-elementor-id=\"2892\" class=\"elementor elementor-2892\">\n\t\t\t\t\t\t<section class=\"elementor-section elementor-top-section elementor-element elementor-element-464cea7 elementor-section-boxed elementor-section-height-default elementor-section-height-default\" data-id=\"464cea7\" data-element_type=\"section\">\r\n\t\t\t\t\t\t<div class=\"elementor-container elementor-column-gap-thegem\"><div class=\"elementor-row\">\r\n\t\t\t\t\t<div class=\"elementor-column elementor-col-66 elementor-top-column elementor-element elementor-element-2f44c54\" data-id=\"2f44c54\" data-element_type=\"column\">\n\t\t\t<div class=\"elementor-widget-wrap elementor-element-populated\">\n\t\t\t\t\t\t<div class=\"elementor-element elementor-element-ab386a6 flex-horizontal-align-default flex-horizontal-align-tablet-default flex-horizontal-align-mobile-default flex-vertical-align-default flex-vertical-align-tablet-default flex-vertical-align-mobile-default elementor-widget elementor-widget-heading\" data-id=\"ab386a6\" data-element_type=\"widget\" data-widget_type=\"heading.default\">\n\t\t\t\t\t<div class=\"title-h1 elementor-heading-title elementor-size-default\">Pol\u00e9mica en la Regi\u00f3n de Los Lagos por  supuesta deuda de $16.000 millones<\/div>\t\t\t\t<\/div>\n\t\t\t\t<div class=\"elementor-element elementor-element-8427bf3 flex-horizontal-align-default flex-horizontal-align-tablet-default flex-horizontal-align-mobile-default flex-vertical-align-default flex-vertical-align-tablet-default flex-vertical-align-mobile-default elementor-widget elementor-widget-text-editor\" data-id=\"8427bf3\" data-element_type=\"widget\" data-widget_type=\"text-editor.default\">\n\t\t\t\t\t\t\t\t\t\t\t\t<div class=\"elementor-text-editor elementor-clearfix\">\r\n\t\t\t\t\t\t<p><strong>Gobernador Regional, Alejandro Sansana, denunci\u00f3 que la Direcci\u00f3n de Presupuesto no transfiri\u00f3 la totalidad de los dineros correspondientes al 2025, situaci\u00f3n que fue desmentida por el delegado presidencial subrogante, Marcelo Malague\u00f1o.<\/strong><\/p><p>Una abierta pol\u00e9mica se instal\u00f3 en la Regi\u00f3n de Los Lagos luego de las declaraciones del gobernador regional, Alejandro Santana, quien este viernes afirm\u00f3 que el Gobierno Regional cerrar\u00e1 el a\u00f1o 2025 con una deuda flotante superior a los $16.000 millones, producto de la incompleta transferencia de recursos desde la Direcci\u00f3n de Presupuestos (Dipres) del Ministerio de Hacienda.<\/p><p><br \/>Seg\u00fan sostuvo la m\u00e1xima autoridad regional, pese a las transferencias realizadas por Dipres durante el mes de diciembre \u2014que totalizaron $10.483 millones\u2014, estos recursos no habr\u00edan sido suficientes para cubrir la totalidad de los compromisos previamente adquiridos por el Gobierno Regional, generando un d\u00e9ficit que, a su juicio, constituye un incumplimiento de la Ley de Presupuestos.<\/p><p><br \/>El gobernador Santana asegur\u00f3 que la situaci\u00f3n fue advertida con meses de anticipaci\u00f3n al nivel central y que, aun as\u00ed, no se concretaron las transferencias necesarias para evitar la deuda.<\/p><p><br \/>\u201cYa es definitivo: el Gobierno nos dejar\u00e1 una deuda flotante de un poco m\u00e1s de $16.000 millones para este a\u00f1o 2025. Hicimos todos los esfuerzos para evitar esta deuda y pusimos la alarma hace cinco meses atr\u00e1s, pero no fue posible\u201d, se\u00f1al\u00f3.<\/p><p><br \/>Adem\u00e1s, el jefe regional inform\u00f3 que, ante este escenario, el Gobierno Regional de Los Lagos recurri\u00f3 a la Contralor\u00eda General de la Rep\u00fablica para solicitar un pronunciamiento respecto a un eventual incumplimiento de la legalidad vigente.<\/p><p><br \/><strong>GOBIERNO NIEGA D\u00c9FICIT Y DESMIENTE AL GORE<\/strong><br \/>La versi\u00f3n del Gobierno Regional fue desmentida por la Delegaci\u00f3n Presidencial Regional de Los Lagos. En conversaci\u00f3n con El Fuerte Noticias, el delegado presidencial regional subrogante, Marcelo Malague\u00f1o, afirm\u00f3 que, de acuerdo con los antecedentes que maneja el Ejecutivo, no ser\u00eda efectivo que exista una deuda pendiente de $16.000 millones al cierre del presupuesto 2025.<\/p><p><br \/>Seg\u00fan explic\u00f3 la autoridad, hasta el mes de noviembre el Gobierno Regional de Los Lagos hab\u00eda recibido transferencias del gobierno central por alrededor de $95.000 millones, mientras que su nivel de ejecuci\u00f3n presupuestaria alcanzaba aproximadamente los $86.000 millones.<\/p><p><br \/>A ello se suman las transferencias extraordinarias realizadas en diciembre, por un total de $10.483 millones, lo que \u2014a juicio del Gobierno\u2014 descarta la existencia del d\u00e9ficit se\u00f1alado por el gobernador, ya que la ejecuci\u00f3n presupuestaria ser\u00eda menor del dinero que ha recibido el organismo regional desde la Direcci\u00f3n de Presupuesto.<br \/>Malague\u00f1o precis\u00f3 que, conforme a la normativa vigente, las transferencias desde el nivel central hacia los gobiernos regionales se realizan en funci\u00f3n de la ejecuci\u00f3n presupuestaria efectiva y de los saldos en cuenta corriente.<\/p><p><br \/>En ese contexto, indic\u00f3 que desconoce el origen de la cifra planteada por el gobernador regional y sostuvo que corresponde al GORE respaldar t\u00e9cnicamente dichas afirmaciones.<\/p><p><br \/>\u201cNo ser\u00eda efectivo, seg\u00fan los datos que nosotros manejamos como Gobierno, que a\u00fan falten $16.000 millones. El gobernador tiene que justificar sus dichos; yo puedo dar fe de la informaci\u00f3n que como Gobierno estamos manejando\u201d, afirm\u00f3.<\/p><p><br \/>La controversia deja en evidencia un cruce de versiones entre el Gobierno Regional y el nivel central, situaci\u00f3n que ahora deber\u00e1 ser aclarada tanto en el plano administrativo como, eventualmente, por los organismos de control, en medio de un debate que vuelve a tensionar la relaci\u00f3n financiera entre el proceso de descentralizaci\u00f3n y la ejecuci\u00f3n presupuestaria desde Santiago.<\/p><p><strong>Marcelo Patroni, director de El Fuerte Noticias<\/strong><\/p>\t\t\t\t\t\t\t<\/div>\r\n\t\t\t\t\t\t\t\t\t\t<\/div>\n\t\t\t\t<div class=\"elementor-element elementor-element-5ac3e4a flex-horizontal-align-default flex-horizontal-align-tablet-default flex-horizontal-align-mobile-default flex-vertical-align-default flex-vertical-align-tablet-default flex-vertical-align-mobile-default elementor-widget elementor-widget-thegem-styledimage\" data-id=\"5ac3e4a\" data-element_type=\"widget\" data-settings=\"{&quot;thegem_elementor_preset&quot;:&quot;style-2&quot;,&quot;image&quot;:{&quot;url&quot;:&quot;https:\\\/\\\/elfuerte.cl\\\/web\\\/wp-content\\\/uploads\\\/2025\\\/10\\\/bannerefdelsur.jpg&quot;,&quot;id&quot;:1540,&quot;size&quot;:&quot;&quot;,&quot;alt&quot;:&quot;&quot;,&quot;source&quot;:&quot;library&quot;},&quot;image_position&quot;:&quot;left&quot;}\" data-widget_type=\"thegem-styledimage.default\">\n\t\t\t\t<div class=\"elementor-widget-container\">\n\t\t\t\t\t\n<div class=\"styled-image-wrapper\">\n\t\t\t<div class=\"gem-image gem-wrapbox gem-wrapbox-style-2 gem-wrapbox-position-left lazy-loading \">\n\t\t\t<div class=\"gem-wrapbox-inner  lazy-loading-item\"  data-ll-effect=\"move-up\">\n\t\t\t\t\t\t\t\t<a href=\"#\">\n\t\t\t\t\t\t\t\t\t\t<img class=\"gem-wrapbox-element img-responsive \"\n\t\t\t\t\t\t src=\"https:\/\/elfuerte.cl\/web\/wp-content\/uploads\/2025\/10\/bannerefdelsur.jpg\"\n\t\t\t\t\t\t alt=\"bannerefdelsur\">\n\t\t\t\t\t\t\t\t\t\t\t\t\t\t<\/a>\n\t\t\t\t\t\t<\/div>\n\t\t<\/div>\n\t\t<\/div>\n\n\n\t\n\t\t\t\t\t\t<\/div>\n\t\t\t\t<\/div>\n\t\t\t\t\t<\/div>\n\t\t<\/div>\n\t\t\t\t<div class=\"elementor-column elementor-col-33 elementor-top-column elementor-element elementor-element-dfac7b7\" data-id=\"dfac7b7\" data-element_type=\"column\">\n\t\t\t<div class=\"elementor-widget-wrap elementor-element-populated\">\n\t\t\t\t\t\t<div class=\"elementor-element elementor-element-af7077d flex-horizontal-align-default flex-horizontal-align-tablet-default flex-horizontal-align-mobile-default flex-vertical-align-default flex-vertical-align-tablet-default flex-vertical-align-mobile-default elementor-widget elementor-widget-sidebar\" data-id=\"af7077d\" data-element_type=\"widget\" data-settings=\"{&quot;thegem_custom_css&quot;:&quot;.gem-pp-posts-image {\\r\\n    width: 72px;\\r\\n}\\r\\n.gem-pp-posts-image img {\\r\\n    border-radius: 50%;\\r\\n}\\r\\nselector h4 {\\r\\n    padding-top: 40px;\\r\\n}&quot;}\" data-widget_type=\"sidebar.default\">\n\t\t\t\t\t<aside id=\"media_image-3\" class=\"widget widget_media_image\"><img width=\"750\" height=\"750\" src=\"https:\/\/elfuerte.cl\/web\/wp-content\/uploads\/2025\/10\/bannerrojook.jpg\" class=\"image wp-image-1681  attachment-full size-full\" alt=\"\" style=\"max-width: 100%; height: auto;\" title=\"Banner\" srcset=\"https:\/\/elfuerte.cl\/web\/wp-content\/uploads\/2025\/10\/bannerrojook.jpg 750w, https:\/\/elfuerte.cl\/web\/wp-content\/uploads\/2025\/10\/bannerrojook-300x300.jpg 300w, https:\/\/elfuerte.cl\/web\/wp-content\/uploads\/2025\/10\/bannerrojook-150x150.jpg 150w, https:\/\/elfuerte.cl\/web\/wp-content\/uploads\/2025\/10\/bannerrojook-256x256.jpg 256w\" sizes=\"(max-width: 750px) 100vw, 750px\" \/><\/aside><aside id=\"categories-2\" class=\"widget widget_categories\"><h4 class=\"widget-title\">Secciones<\/h4>\n\t\t\t<ul>\n\t\t\t\t\t<li class=\"cat-item cat-item-21\"><a href=\"https:\/\/elfuerte.cl\/web\/category\/actualidad\/\" title=\"View all posts filed under Actualidad\">Actualidad<\/a>\n<\/li>\n\t<li class=\"cat-item cat-item-100\"><a href=\"https:\/\/elfuerte.cl\/web\/category\/destacados\/\" title=\"View all posts filed under Destacados\">Destacados<\/a>\n<\/li>\n\t<li class=\"cat-item cat-item-101\"><a href=\"https:\/\/elfuerte.cl\/web\/category\/region-ludica\/\" title=\"View all posts filed under Regi\u00f3n L\u00fadica\">Regi\u00f3n L\u00fadica<\/a>\n<\/li>\n\t<li class=\"cat-item cat-item-157\"><a href=\"https:\/\/elfuerte.cl\/web\/category\/sala-de-redaccion\/\" title=\"View all posts filed under Sala de Redacci\u00f3n\">Sala de Redacci\u00f3n<\/a>\n<\/li>\n\t\t\t<\/ul>\n\n\t\t\t<\/aside><aside id=\"custom_popular_posts-2\" class=\"widget Custom_Popular_Posts\"><h4 class=\"widget-title\">Populares<\/h4><ul class=\"posts  styled\"><li class=\"clearfix gem-pp-posts\"><div class=\"gem-pp-posts-image\"><a href=\"https:\/\/elfuerte.cl\/web\/2026\/04\/27\/intercambio-de-semillas-y-experiencias-conecta-comunidades-del-pais-en-torno-a-la-restauracion-del-bosque-nativo-en-los-rios\/\"><img src=\"https:\/\/elfuerte.cl\/web\/wp-content\/uploads\/2026\/04\/portada-2026-04-27T102238.493-thegem-post-thumb-large.jpg\" srcset=\"https:\/\/elfuerte.cl\/web\/wp-content\/uploads\/2026\/04\/portada-2026-04-27T102238.493-thegem-post-thumb-small.jpg 1x, https:\/\/elfuerte.cl\/web\/wp-content\/uploads\/2026\/04\/portada-2026-04-27T102238.493-thegem-post-thumb-large.jpg 2x\" alt=\"\"\/><\/a><\/div><div class=\"gem-pp-posts-text\"> <div class=\"gem-pp-posts-item\"><a href=\"https:\/\/elfuerte.cl\/web\/2026\/04\/27\/intercambio-de-semillas-y-experiencias-conecta-comunidades-del-pais-en-torno-a-la-restauracion-del-bosque-nativo-en-los-rios\/\">Intercambio de semillas y experiencias conecta comunidades del pa\u00eds en torno a la restauraci\u00f3n del bosque nativo en Los R\u00edos<\/a><\/div><div class=\"gem-pp-posts-date\">27\/04\/2026<\/div><\/div><\/li><li class=\"clearfix gem-pp-posts\"><div class=\"gem-pp-posts-image\"><a href=\"https:\/\/elfuerte.cl\/web\/2025\/10\/11\/recuperar-una-casa-y-un-icono-de-la-historia-lotina\/\"><img src=\"https:\/\/elfuerte.cl\/web\/wp-content\/uploads\/2025\/10\/actualidad003-copia-thegem-post-thumb-large.jpg\" srcset=\"https:\/\/elfuerte.cl\/web\/wp-content\/uploads\/2025\/10\/actualidad003-copia-thegem-post-thumb-small.jpg 1x, https:\/\/elfuerte.cl\/web\/wp-content\/uploads\/2025\/10\/actualidad003-copia-thegem-post-thumb-large.jpg 2x\" alt=\"\"\/><\/a><\/div><div class=\"gem-pp-posts-text\"> <div class=\"gem-pp-posts-item\"><a href=\"https:\/\/elfuerte.cl\/web\/2025\/10\/11\/recuperar-una-casa-y-un-icono-de-la-historia-lotina\/\">Recuperar una casa y un \u00edcono de la historia lotina<\/a><\/div><div class=\"gem-pp-posts-date\">11\/10\/2025<\/div><\/div><\/li><li class=\"clearfix gem-pp-posts\"><div class=\"gem-pp-posts-image\"><a href=\"https:\/\/elfuerte.cl\/web\/2025\/10\/08\/indap-impulsa-acceso-a-tierras-y-emprendimiento-para-juventudes-rurales-con-nuevo-programa-tierra-joven\/\"><img src=\"https:\/\/elfuerte.cl\/web\/wp-content\/uploads\/2025\/10\/actualidad001-copia-thegem-post-thumb-large.jpg\" srcset=\"https:\/\/elfuerte.cl\/web\/wp-content\/uploads\/2025\/10\/actualidad001-copia-thegem-post-thumb-small.jpg 1x, https:\/\/elfuerte.cl\/web\/wp-content\/uploads\/2025\/10\/actualidad001-copia-thegem-post-thumb-large.jpg 2x\" alt=\"\"\/><\/a><\/div><div class=\"gem-pp-posts-text\"> <div class=\"gem-pp-posts-item\"><a href=\"https:\/\/elfuerte.cl\/web\/2025\/10\/08\/indap-impulsa-acceso-a-tierras-y-emprendimiento-para-juventudes-rurales-con-nuevo-programa-tierra-joven\/\">INDAP impulsa acceso a tierras y emprendimiento para juventudes rurales con nuevo programa \u201cTierra Joven\u201d<\/a><\/div><div class=\"gem-pp-posts-date\">08\/10\/2025<\/div><\/div><\/li><li class=\"clearfix gem-pp-posts\"><div class=\"gem-pp-posts-image\"><a href=\"https:\/\/elfuerte.cl\/web\/2025\/09\/05\/la-derrota-que-dejo-al-gobierno-sin-brujula\/\"><img src=\"https:\/\/elfuerte.cl\/web\/wp-content\/uploads\/2025\/09\/actualidad004-thegem-post-thumb-large.jpg\" srcset=\"https:\/\/elfuerte.cl\/web\/wp-content\/uploads\/2025\/09\/actualidad004-thegem-post-thumb-small.jpg 1x, https:\/\/elfuerte.cl\/web\/wp-content\/uploads\/2025\/09\/actualidad004-thegem-post-thumb-large.jpg 2x\" alt=\"\"\/><\/a><\/div><div class=\"gem-pp-posts-text\"> <div class=\"gem-pp-posts-item\"><a href=\"https:\/\/elfuerte.cl\/web\/2025\/09\/05\/la-derrota-que-dejo-al-gobierno-sin-brujula\/\">La derrota que dej\u00f3 al gobierno sin br\u00fajula<\/a><\/div><div class=\"gem-pp-posts-date\">05\/09\/2025<\/div><\/div><\/li><\/ul><\/aside>\t\t\t\t<\/div>\n\t\t\t\t\t<\/div>\n\t\t<\/div>\n\t\t\t\t\t<\/div><\/div>\r\n\t\t<\/section>\r\n\t\t\t\t<\/div>\n\t\t","protected":false},"excerpt":{"rendered":"<p>Gobernador Regional, Alejandro Sansana, denunci\u00f3 que la Direcci\u00f3n de Presupuesto no transfiri\u00f3 la totalidad de los dineros correspondientes al 2025, situaci\u00f3n que fue desmentida por el delegado presidencial subrogante, Marcelo Malague\u00f1o.<\/p>\n","protected":false},"author":1,"featured_media":2894,"comment_status":"closed","ping_status":"closed","sticky":false,"template":"single-fullwidth.php","format":"standard","meta":{"footnotes":""},"categories":[21],"tags":[65,219,371],"class_list":{"0":"post-2892","1":"post","2":"type-post","3":"status-publish","4":"format-standard","5":"has-post-thumbnail","7":"category-actualidad","8":"tag-actualidad","9":"tag-los-lagos","10":"tag-polemica"},"menu_order":0,"_links":{"self":[{"href":"https:\/\/elfuerte.cl\/web\/wp-json\/wp\/v2\/posts\/2892","targetHints":{"allow":["GET"]}}],"collection":[{"href":"https:\/\/elfuerte.cl\/web\/wp-json\/wp\/v2\/posts"}],"about":[{"href":"https:\/\/elfuerte.cl\/web\/wp-json\/wp\/v2\/types\/post"}],"author":[{"embeddable":true,"href":"https:\/\/elfuerte.cl\/web\/wp-json\/wp\/v2\/users\/1"}],"replies":[{"embeddable":true,"href":"https:\/\/elfuerte.cl\/web\/wp-json\/wp\/v2\/comments?post=2892"}],"version-history":[{"count":10,"href":"https:\/\/elfuerte.cl\/web\/wp-json\/wp\/v2\/posts\/2892\/revisions"}],"predecessor-version":[{"id":2903,"href":"https:\/\/elfuerte.cl\/web\/wp-json\/wp\/v2\/posts\/2892\/revisions\/2903"}],"wp:featuredmedia":[{"embeddable":true,"href":"https:\/\/elfuerte.cl\/web\/wp-json\/wp\/v2\/media\/2894"}],"wp:attachment":[{"href":"https:\/\/elfuerte.cl\/web\/wp-json\/wp\/v2\/media?parent=2892"}],"wp:term":[{"taxonomy":"category","embeddable":true,"href":"https:\/\/elfuerte.cl\/web\/wp-json\/wp\/v2\/categories?post=2892"},{"taxonomy":"post_tag","embeddable":true,"href":"https:\/\/elfuerte.cl\/web\/wp-json\/wp\/v2\/tags?post=2892"}],"curies":[{"name":"wp","href":"https:\/\/api.w.org\/{rel}","templated":true}]}}