{"id":2944,"date":"2025-12-29T11:23:18","date_gmt":"2025-12-29T14:23:18","guid":{"rendered":"https:\/\/elfuerte.cl\/web\/?p=2944"},"modified":"2026-01-12T04:05:09","modified_gmt":"2026-01-12T07:05:09","slug":"aguas-decima-cumple-30-anos-de-compromiso-con-el-crecimiento-de-valdivia-y-la-region","status":"publish","type":"post","link":"https:\/\/elfuerte.cl\/web\/2025\/12\/29\/aguas-decima-cumple-30-anos-de-compromiso-con-el-crecimiento-de-valdivia-y-la-region\/","title":{"rendered":"Aguas D\u00e9cima cumple 30 a\u00f1os de compromiso con el crecimiento de Valdivia y la regi\u00f3n"},"content":{"rendered":"\t\t<div data-elementor-type=\"wp-post\" data-elementor-id=\"2944\" class=\"elementor elementor-2944\">\n\t\t\t\t\t\t<section class=\"elementor-section elementor-top-section elementor-element elementor-element-464cea7 elementor-section-boxed elementor-section-height-default elementor-section-height-default\" data-id=\"464cea7\" data-element_type=\"section\">\r\n\t\t\t\t\t\t<div class=\"elementor-container elementor-column-gap-thegem\"><div class=\"elementor-row\">\r\n\t\t\t\t\t<div class=\"elementor-column elementor-col-66 elementor-top-column elementor-element elementor-element-2f44c54\" data-id=\"2f44c54\" data-element_type=\"column\">\n\t\t\t<div class=\"elementor-widget-wrap elementor-element-populated\">\n\t\t\t\t\t\t<div class=\"elementor-element elementor-element-ab386a6 flex-horizontal-align-default flex-horizontal-align-tablet-default flex-horizontal-align-mobile-default flex-vertical-align-default flex-vertical-align-tablet-default flex-vertical-align-mobile-default elementor-widget elementor-widget-heading\" data-id=\"ab386a6\" data-element_type=\"widget\" data-widget_type=\"heading.default\">\n\t\t\t\t\t<div class=\"title-h1 elementor-heading-title elementor-size-default\">Aguas D\u00e9cima cumple 30 a\u00f1os de compromiso con el crecimiento de Valdivia y la regi\u00f3n<\/div>\t\t\t\t<\/div>\n\t\t\t\t<div class=\"elementor-element elementor-element-8427bf3 flex-horizontal-align-default flex-horizontal-align-tablet-default flex-horizontal-align-mobile-default flex-vertical-align-default flex-vertical-align-tablet-default flex-vertical-align-mobile-default elementor-widget elementor-widget-text-editor\" data-id=\"8427bf3\" data-element_type=\"widget\" data-widget_type=\"text-editor.default\">\n\t\t\t\t\t\t\t\t\t\t\t\t<div class=\"elementor-text-editor elementor-clearfix\">\r\n\t\t\t\t\t\t<p><strong>El gerente zonal de la sanitaria, Hern\u00e1n K\u00f6nig, destac\u00f3 los desaf\u00edos que enfrenta la compa\u00f1\u00eda en materia de expansi\u00f3n urbana, saneamiento, aguas lluvias y desarrollo de infraestructura sanitaria de largo plazo.<\/strong><\/p><p>En Chile estamos acostumbrados a contar con un acceso amplio y seguro al agua potable, especialmente en las zonas urbanas. Al abrir la llave, nadie duda de que el vital elemento estar\u00e1 disponible para el ba\u00f1o, la cocina o cualquier otra necesidad cotidiana. En Valdivia, la empresa encargada de asegurar que el servicio de agua potable funcione sin inconvenientes es Aguas D\u00e9cima, compa\u00f1\u00eda que este a\u00f1o cumpli\u00f3 30 a\u00f1os de existencia.<\/p><p><br \/>Con motivo de este aniversario, su gerente zonal, Hern\u00e1n K\u00f6nig, dio a conocer el compromiso de la empresa con sus usuarios y con el desarrollo local y regional, una misi\u00f3n que ha orientado el quehacer de la compa\u00f1\u00eda desde sus inicios y que hoy gu\u00eda el trabajo de todos sus funcionarios y colaboradores.<\/p><p><br \/>Cabe recordar que Aguas D\u00e9cima fue la primera empresa sanitaria en Chile con participaci\u00f3n privada, teniendo como misi\u00f3n inicial el saneamiento del r\u00edo Calle-Calle. Sus operaciones comenzaron el 12 de enero de 1995 y actualmente forma parte del Grupo Aguas Nuevas, cuyo controlador es Marubeni Corporation.<\/p><p><br \/>\u201cCumplir tres d\u00e9cadas nos desaf\u00eda m\u00e1s que nunca a acompa\u00f1ar el crecimiento local, contribuir con expertise sanitaria a las estrategias de desarrollo y establecer relaciones permanentes y colaborativas con la comunidad, basadas en la confianza y el respeto\u201d, asegur\u00f3 K\u00f6nig.<\/p><p><br \/>El ejecutivo sostuvo que la reciente aprobaci\u00f3n ambiental de la Estaci\u00f3n Depuradora de Aguas Servidas (EDAS) abre un nuevo ciclo de desaf\u00edos, entre ellos la implementaci\u00f3n f\u00edsica del proyecto de optimizaci\u00f3n de la planta. A esto se suma el acompa\u00f1amiento a la expansi\u00f3n urbana de la ciudad mediante infraestructura sanitaria de calidad, as\u00ed como el aporte de conocimiento t\u00e9cnico a los procesos de desarrollo regional, con el fin de reducir brechas a\u00fan existentes en el acceso a servicios b\u00e1sicos de agua potable y alcantarillado fuera de su territorio operacional.<\/p><p><strong>EXPANSI\u00d3N URBANA<\/strong><br \/>Valdivia ha crecido en desarrollo urbano y sus umbrales se han extendido hacia la periferia, lo que supone un desaf\u00edo para llevar agua potable a todos los sectores. Al respecto, K\u00f6nig explic\u00f3 que \u201cla expansi\u00f3n de la ciudad exige una planificaci\u00f3n y coordinaci\u00f3n sin\u00e9rgica entre actores p\u00fablicos y privados, en el contexto del nuevo plan regulador y de una cartera relevante de proyectos habitacionales actualmente en desarrollo. En ese marco, Aguas D\u00e9cima busca asegurar que la infraestructura sanitaria crezca de manera optimizada, con costos de urbanizaci\u00f3n conocidos que faciliten la inversi\u00f3n y con los mismos altos est\u00e1ndares de calidad para todos los valdivianos\u201d.<\/p><p><br \/>\u201cPor otro lado, hoy contamos con las herramientas necesarias para contribuir a que la regi\u00f3n disponga de proyectos robustos, t\u00e9cnicamente s\u00f3lidos y susceptibles de acceder a financiamiento. Por ello, hemos puesto a disposici\u00f3n de las autoridades toda nuestra expertise y capacidad t\u00e9cnica para colaborar en esa tarea\u201d, agreg\u00f3.<\/p><p><br \/><strong>AGUAS LLUVIAS<\/strong><br \/>Valdivia es una ciudad con una alta pluviometr\u00eda, por lo que el tratamiento de las aguas lluvias supone una preocupaci\u00f3n adicional para la sanitaria. Al respecto, K\u00f6nig adelant\u00f3 que, en los pr\u00f3ximos a\u00f1os, la compa\u00f1\u00eda destinar\u00e1 parte importante de sus esfuerzos a enfrentar un problema persistente y complejo, propio de operar en una de las ciudades m\u00e1s lluviosas del mundo: el ingreso irregular e incontrolable de aguas ajenas al sistema de alcantarillado, principalmente provenientes de la lluvia.<\/p><p><br \/>\u201cSi bien la gesti\u00f3n de las aguas lluvias no es responsabilidad directa de las sanitarias, el servicio s\u00ed puede verse afectado por su intrusi\u00f3n\u201d, se\u00f1al\u00f3.<\/p><p><br \/>En ese sentido, explic\u00f3 que Aguas D\u00e9cima ha iniciado un proceso orientado al dise\u00f1o e implementaci\u00f3n de soluciones de infraestructura sanitaria robustas y especializadas, de largo plazo, que contemplan, entre otras medidas, la elaboraci\u00f3n de un plan maestro de aguas mixtas. Todo ello se desarrollar\u00e1 en paralelo al fortalecimiento de la colaboraci\u00f3n con las instituciones p\u00fablicas, con el objetivo de seguir reduciendo las afectaciones que persisten en algunos sectores de la ciudad, mediante instancias de coordinaci\u00f3n preventiva y transferencia tecnol\u00f3gica.<\/p><p><br \/>Tras tres d\u00e9cadas de operaci\u00f3n en Valdivia, Aguas D\u00e9cima se proyecta hacia el futuro con la convicci\u00f3n de seguir aportando al desarrollo sostenible de la ciudad y la regi\u00f3n. La sanitaria se prepara para enfrentar nuevos desaf\u00edos asociados al crecimiento urbano, al cambio clim\u00e1tico y a las crecientes exigencias ambientales, ratificando su compromiso con una gesti\u00f3n responsable del recurso h\u00eddrico, la protecci\u00f3n del entorno natural y la calidad de vida de las personas. Un camino que seguir\u00e1 poniendo en el centro a los ciudadanos y al bienestar de las comunidades que forman parte del territorio.<\/p><p><br \/><strong>Prensa El Fuerte Noticias<\/strong><br \/><strong>Nota editada con informaci\u00f3n proporcionada por Aguas D\u00e9cima.<\/strong><\/p>\t\t\t\t\t\t\t<\/div>\r\n\t\t\t\t\t\t\t\t\t\t<\/div>\n\t\t\t\t<div class=\"elementor-element elementor-element-1296519 flex-horizontal-align-default flex-horizontal-align-tablet-default flex-horizontal-align-mobile-default flex-vertical-align-default flex-vertical-align-tablet-default flex-vertical-align-mobile-default elementor-widget elementor-widget-image-gallery\" data-id=\"1296519\" data-element_type=\"widget\" data-widget_type=\"image-gallery.default\">\n\t\t\t\t\t\t\t<div class=\"elementor-image-gallery\">\n\t\t\t<div id='gallery-1' class='gallery galleryid-2944 gallery-columns-4 gallery-size-thumbnail'><figure class='gallery-item'>\n\t\t\t<div class='gallery-icon landscape'>\n\t\t\t\t<a data-elementor-open-lightbox=\"yes\" data-elementor-lightbox-slideshow=\"1296519\" data-elementor-lightbox-title=\"Agua 1\" data-e-action-hash=\"#elementor-action%3Aaction%3Dlightbox%26settings%3DeyJpZCI6Mjk1MCwidXJsIjoiaHR0cHM6XC9cL2VsZnVlcnRlLmNsXC93ZWJcL3dwLWNvbnRlbnRcL3VwbG9hZHNcLzIwMjVcLzEyXC9BZ3VhLTEuanBlZyIsInNsaWRlc2hvdyI6IjEyOTY1MTkifQ%3D%3D\" href='https:\/\/elfuerte.cl\/web\/wp-content\/uploads\/2025\/12\/Agua-1.jpeg'><img width=\"150\" height=\"150\" src=\"https:\/\/elfuerte.cl\/web\/wp-content\/uploads\/2025\/12\/Agua-1-150x150.jpeg\" class=\"attachment-thumbnail size-thumbnail\" alt=\"\" srcset=\"https:\/\/elfuerte.cl\/web\/wp-content\/uploads\/2025\/12\/Agua-1-150x150.jpeg 150w, https:\/\/elfuerte.cl\/web\/wp-content\/uploads\/2025\/12\/Agua-1-256x256.jpeg 256w\" sizes=\"(max-width: 150px) 100vw, 150px\" \/><\/a>\n\t\t\t<\/div><\/figure><figure class='gallery-item'>\n\t\t\t<div class='gallery-icon landscape'>\n\t\t\t\t<a data-elementor-open-lightbox=\"yes\" data-elementor-lightbox-slideshow=\"1296519\" data-elementor-lightbox-title=\"Agua 2\" data-e-action-hash=\"#elementor-action%3Aaction%3Dlightbox%26settings%3DeyJpZCI6Mjk1MSwidXJsIjoiaHR0cHM6XC9cL2VsZnVlcnRlLmNsXC93ZWJcL3dwLWNvbnRlbnRcL3VwbG9hZHNcLzIwMjVcLzEyXC9BZ3VhLTItc2NhbGVkLmpwZWciLCJzbGlkZXNob3ciOiIxMjk2NTE5In0%3D\" href='https:\/\/elfuerte.cl\/web\/wp-content\/uploads\/2025\/12\/Agua-2-scaled.jpeg'><img width=\"150\" height=\"150\" src=\"https:\/\/elfuerte.cl\/web\/wp-content\/uploads\/2025\/12\/Agua-2-150x150.jpeg\" class=\"attachment-thumbnail size-thumbnail\" alt=\"\" srcset=\"https:\/\/elfuerte.cl\/web\/wp-content\/uploads\/2025\/12\/Agua-2-150x150.jpeg 150w, https:\/\/elfuerte.cl\/web\/wp-content\/uploads\/2025\/12\/Agua-2-256x256.jpeg 256w\" sizes=\"(max-width: 150px) 100vw, 150px\" \/><\/a>\n\t\t\t<\/div><\/figure><figure class='gallery-item'>\n\t\t\t<div class='gallery-icon landscape'>\n\t\t\t\t<a data-elementor-open-lightbox=\"yes\" data-elementor-lightbox-slideshow=\"1296519\" data-elementor-lightbox-title=\"Agua 3\" data-e-action-hash=\"#elementor-action%3Aaction%3Dlightbox%26settings%3DeyJpZCI6Mjk1MiwidXJsIjoiaHR0cHM6XC9cL2VsZnVlcnRlLmNsXC93ZWJcL3dwLWNvbnRlbnRcL3VwbG9hZHNcLzIwMjVcLzEyXC9BZ3VhLTMtc2NhbGVkLmpwZWciLCJzbGlkZXNob3ciOiIxMjk2NTE5In0%3D\" href='https:\/\/elfuerte.cl\/web\/wp-content\/uploads\/2025\/12\/Agua-3-scaled.jpeg'><img width=\"150\" height=\"150\" src=\"https:\/\/elfuerte.cl\/web\/wp-content\/uploads\/2025\/12\/Agua-3-150x150.jpeg\" class=\"attachment-thumbnail size-thumbnail\" alt=\"\" srcset=\"https:\/\/elfuerte.cl\/web\/wp-content\/uploads\/2025\/12\/Agua-3-150x150.jpeg 150w, https:\/\/elfuerte.cl\/web\/wp-content\/uploads\/2025\/12\/Agua-3-256x256.jpeg 256w\" sizes=\"(max-width: 150px) 100vw, 150px\" \/><\/a>\n\t\t\t<\/div><\/figure><figure class='gallery-item'>\n\t\t\t<div class='gallery-icon portrait'>\n\t\t\t\t<a data-elementor-open-lightbox=\"yes\" data-elementor-lightbox-slideshow=\"1296519\" data-elementor-lightbox-title=\"Sin t\u00edtulo (Tu historia) - 1\" data-e-action-hash=\"#elementor-action%3Aaction%3Dlightbox%26settings%3DeyJpZCI6Mjk1MywidXJsIjoiaHR0cHM6XC9cL2VsZnVlcnRlLmNsXC93ZWJcL3dwLWNvbnRlbnRcL3VwbG9hZHNcLzIwMjVcLzEyXC9BZ3VhLTQtc2NhbGVkLmpwZyIsInNsaWRlc2hvdyI6IjEyOTY1MTkifQ%3D%3D\" href='https:\/\/elfuerte.cl\/web\/wp-content\/uploads\/2025\/12\/Agua-4-scaled.jpg'><img width=\"150\" height=\"150\" src=\"https:\/\/elfuerte.cl\/web\/wp-content\/uploads\/2025\/12\/Agua-4-150x150.jpg\" class=\"attachment-thumbnail size-thumbnail\" alt=\"\" aria-describedby=\"gallery-1-2953\" srcset=\"https:\/\/elfuerte.cl\/web\/wp-content\/uploads\/2025\/12\/Agua-4-150x150.jpg 150w, https:\/\/elfuerte.cl\/web\/wp-content\/uploads\/2025\/12\/Agua-4-256x256.jpg 256w\" sizes=\"(max-width: 150px) 100vw, 150px\" \/><\/a>\n\t\t\t<\/div>\n\t\t\t\t<figcaption class='wp-caption-text gallery-caption' id='gallery-1-2953'>\n\t\t\t\tSin t\u00edtulo (Tu historia) &#8211; 1\n\t\t\t\t<\/figcaption><\/figure><figure class='gallery-item'>\n\t\t\t<div class='gallery-icon landscape'>\n\t\t\t\t<a data-elementor-open-lightbox=\"yes\" data-elementor-lightbox-slideshow=\"1296519\" data-elementor-lightbox-title=\"Agua 5\" data-e-action-hash=\"#elementor-action%3Aaction%3Dlightbox%26settings%3DeyJpZCI6Mjk1NCwidXJsIjoiaHR0cHM6XC9cL2VsZnVlcnRlLmNsXC93ZWJcL3dwLWNvbnRlbnRcL3VwbG9hZHNcLzIwMjVcLzEyXC9BZ3VhLTUtc2NhbGVkLmpwZyIsInNsaWRlc2hvdyI6IjEyOTY1MTkifQ%3D%3D\" href='https:\/\/elfuerte.cl\/web\/wp-content\/uploads\/2025\/12\/Agua-5-scaled.jpg'><img width=\"150\" height=\"150\" src=\"https:\/\/elfuerte.cl\/web\/wp-content\/uploads\/2025\/12\/Agua-5-150x150.jpg\" class=\"attachment-thumbnail size-thumbnail\" alt=\"\" srcset=\"https:\/\/elfuerte.cl\/web\/wp-content\/uploads\/2025\/12\/Agua-5-150x150.jpg 150w, https:\/\/elfuerte.cl\/web\/wp-content\/uploads\/2025\/12\/Agua-5-256x256.jpg 256w\" sizes=\"(max-width: 150px) 100vw, 150px\" \/><\/a>\n\t\t\t<\/div><\/figure>\n\t\t<\/div>\n\t\t<\/div>\n\t\t\t\t\t\t<\/div>\n\t\t\t\t<div class=\"elementor-element elementor-element-5ac3e4a flex-horizontal-align-default flex-horizontal-align-tablet-default flex-horizontal-align-mobile-default flex-vertical-align-default flex-vertical-align-tablet-default flex-vertical-align-mobile-default elementor-widget elementor-widget-thegem-styledimage\" data-id=\"5ac3e4a\" data-element_type=\"widget\" data-settings=\"{&quot;thegem_elementor_preset&quot;:&quot;style-2&quot;,&quot;image&quot;:{&quot;url&quot;:&quot;https:\\\/\\\/elfuerte.cl\\\/web\\\/wp-content\\\/uploads\\\/2025\\\/10\\\/bannerefdelsur.jpg&quot;,&quot;id&quot;:1540,&quot;size&quot;:&quot;&quot;,&quot;alt&quot;:&quot;&quot;,&quot;source&quot;:&quot;library&quot;},&quot;image_position&quot;:&quot;left&quot;}\" data-widget_type=\"thegem-styledimage.default\">\n\t\t\t\t<div class=\"elementor-widget-container\">\n\t\t\t\t\t\n<div class=\"styled-image-wrapper\">\n\t\t\t<div class=\"gem-image gem-wrapbox gem-wrapbox-style-2 gem-wrapbox-position-left lazy-loading \">\n\t\t\t<div class=\"gem-wrapbox-inner  lazy-loading-item\"  data-ll-effect=\"move-up\">\n\t\t\t\t\t\t\t\t<a href=\"#\">\n\t\t\t\t\t\t\t\t\t\t<img class=\"gem-wrapbox-element img-responsive \"\n\t\t\t\t\t\t src=\"https:\/\/elfuerte.cl\/web\/wp-content\/uploads\/2025\/10\/bannerefdelsur.jpg\"\n\t\t\t\t\t\t alt=\"bannerefdelsur\">\n\t\t\t\t\t\t\t\t\t\t\t\t\t\t<\/a>\n\t\t\t\t\t\t<\/div>\n\t\t<\/div>\n\t\t<\/div>\n\n\n\t\n\t\t\t\t\t\t<\/div>\n\t\t\t\t<\/div>\n\t\t\t\t\t<\/div>\n\t\t<\/div>\n\t\t\t\t<div class=\"elementor-column elementor-col-33 elementor-top-column elementor-element elementor-element-dfac7b7\" data-id=\"dfac7b7\" data-element_type=\"column\">\n\t\t\t<div class=\"elementor-widget-wrap elementor-element-populated\">\n\t\t\t\t\t\t<div class=\"elementor-element elementor-element-af7077d flex-horizontal-align-default flex-horizontal-align-tablet-default flex-horizontal-align-mobile-default flex-vertical-align-default flex-vertical-align-tablet-default flex-vertical-align-mobile-default elementor-widget elementor-widget-sidebar\" data-id=\"af7077d\" data-element_type=\"widget\" data-settings=\"{&quot;thegem_custom_css&quot;:&quot;.gem-pp-posts-image {\\r\\n    width: 72px;\\r\\n}\\r\\n.gem-pp-posts-image img {\\r\\n    border-radius: 50%;\\r\\n}\\r\\nselector h4 {\\r\\n    padding-top: 40px;\\r\\n}&quot;}\" data-widget_type=\"sidebar.default\">\n\t\t\t\t\t<aside id=\"media_image-3\" class=\"widget widget_media_image\"><img width=\"750\" height=\"750\" src=\"https:\/\/elfuerte.cl\/web\/wp-content\/uploads\/2025\/10\/bannerrojook.jpg\" class=\"image wp-image-1681  attachment-full size-full\" alt=\"\" style=\"max-width: 100%; height: auto;\" title=\"Banner\" srcset=\"https:\/\/elfuerte.cl\/web\/wp-content\/uploads\/2025\/10\/bannerrojook.jpg 750w, https:\/\/elfuerte.cl\/web\/wp-content\/uploads\/2025\/10\/bannerrojook-300x300.jpg 300w, https:\/\/elfuerte.cl\/web\/wp-content\/uploads\/2025\/10\/bannerrojook-150x150.jpg 150w, https:\/\/elfuerte.cl\/web\/wp-content\/uploads\/2025\/10\/bannerrojook-256x256.jpg 256w\" sizes=\"(max-width: 750px) 100vw, 750px\" \/><\/aside><aside id=\"categories-2\" class=\"widget widget_categories\"><h4 class=\"widget-title\">Secciones<\/h4>\n\t\t\t<ul>\n\t\t\t\t\t<li class=\"cat-item cat-item-21\"><a href=\"https:\/\/elfuerte.cl\/web\/category\/actualidad\/\" title=\"View all posts filed under Actualidad\">Actualidad<\/a>\n<\/li>\n\t<li class=\"cat-item cat-item-100\"><a href=\"https:\/\/elfuerte.cl\/web\/category\/destacados\/\" title=\"View all posts filed under Destacados\">Destacados<\/a>\n<\/li>\n\t<li class=\"cat-item cat-item-101\"><a href=\"https:\/\/elfuerte.cl\/web\/category\/region-ludica\/\" title=\"View all posts filed under Regi\u00f3n L\u00fadica\">Regi\u00f3n L\u00fadica<\/a>\n<\/li>\n\t<li class=\"cat-item cat-item-157\"><a href=\"https:\/\/elfuerte.cl\/web\/category\/sala-de-redaccion\/\" title=\"View all posts filed under Sala de Redacci\u00f3n\">Sala de Redacci\u00f3n<\/a>\n<\/li>\n\t\t\t<\/ul>\n\n\t\t\t<\/aside><aside id=\"custom_popular_posts-2\" class=\"widget Custom_Popular_Posts\"><h4 class=\"widget-title\">Populares<\/h4><ul class=\"posts  styled\"><li class=\"clearfix gem-pp-posts\"><div class=\"gem-pp-posts-image\"><a href=\"https:\/\/elfuerte.cl\/web\/2026\/04\/27\/intercambio-de-semillas-y-experiencias-conecta-comunidades-del-pais-en-torno-a-la-restauracion-del-bosque-nativo-en-los-rios\/\"><img src=\"https:\/\/elfuerte.cl\/web\/wp-content\/uploads\/2026\/04\/portada-2026-04-27T102238.493-thegem-post-thumb-large.jpg\" srcset=\"https:\/\/elfuerte.cl\/web\/wp-content\/uploads\/2026\/04\/portada-2026-04-27T102238.493-thegem-post-thumb-small.jpg 1x, https:\/\/elfuerte.cl\/web\/wp-content\/uploads\/2026\/04\/portada-2026-04-27T102238.493-thegem-post-thumb-large.jpg 2x\" alt=\"\"\/><\/a><\/div><div class=\"gem-pp-posts-text\"> <div class=\"gem-pp-posts-item\"><a href=\"https:\/\/elfuerte.cl\/web\/2026\/04\/27\/intercambio-de-semillas-y-experiencias-conecta-comunidades-del-pais-en-torno-a-la-restauracion-del-bosque-nativo-en-los-rios\/\">Intercambio de semillas y experiencias conecta comunidades del pa\u00eds en torno a la restauraci\u00f3n del bosque nativo en Los R\u00edos<\/a><\/div><div class=\"gem-pp-posts-date\">27\/04\/2026<\/div><\/div><\/li><li class=\"clearfix gem-pp-posts\"><div class=\"gem-pp-posts-image\"><a href=\"https:\/\/elfuerte.cl\/web\/2025\/10\/11\/recuperar-una-casa-y-un-icono-de-la-historia-lotina\/\"><img src=\"https:\/\/elfuerte.cl\/web\/wp-content\/uploads\/2025\/10\/actualidad003-copia-thegem-post-thumb-large.jpg\" srcset=\"https:\/\/elfuerte.cl\/web\/wp-content\/uploads\/2025\/10\/actualidad003-copia-thegem-post-thumb-small.jpg 1x, https:\/\/elfuerte.cl\/web\/wp-content\/uploads\/2025\/10\/actualidad003-copia-thegem-post-thumb-large.jpg 2x\" alt=\"\"\/><\/a><\/div><div class=\"gem-pp-posts-text\"> <div class=\"gem-pp-posts-item\"><a href=\"https:\/\/elfuerte.cl\/web\/2025\/10\/11\/recuperar-una-casa-y-un-icono-de-la-historia-lotina\/\">Recuperar una casa y un \u00edcono de la historia lotina<\/a><\/div><div class=\"gem-pp-posts-date\">11\/10\/2025<\/div><\/div><\/li><li class=\"clearfix gem-pp-posts\"><div class=\"gem-pp-posts-image\"><a href=\"https:\/\/elfuerte.cl\/web\/2025\/10\/08\/indap-impulsa-acceso-a-tierras-y-emprendimiento-para-juventudes-rurales-con-nuevo-programa-tierra-joven\/\"><img src=\"https:\/\/elfuerte.cl\/web\/wp-content\/uploads\/2025\/10\/actualidad001-copia-thegem-post-thumb-large.jpg\" srcset=\"https:\/\/elfuerte.cl\/web\/wp-content\/uploads\/2025\/10\/actualidad001-copia-thegem-post-thumb-small.jpg 1x, https:\/\/elfuerte.cl\/web\/wp-content\/uploads\/2025\/10\/actualidad001-copia-thegem-post-thumb-large.jpg 2x\" alt=\"\"\/><\/a><\/div><div class=\"gem-pp-posts-text\"> <div class=\"gem-pp-posts-item\"><a href=\"https:\/\/elfuerte.cl\/web\/2025\/10\/08\/indap-impulsa-acceso-a-tierras-y-emprendimiento-para-juventudes-rurales-con-nuevo-programa-tierra-joven\/\">INDAP impulsa acceso a tierras y emprendimiento para juventudes rurales con nuevo programa \u201cTierra Joven\u201d<\/a><\/div><div class=\"gem-pp-posts-date\">08\/10\/2025<\/div><\/div><\/li><li class=\"clearfix gem-pp-posts\"><div class=\"gem-pp-posts-image\"><a href=\"https:\/\/elfuerte.cl\/web\/2025\/09\/05\/la-derrota-que-dejo-al-gobierno-sin-brujula\/\"><img src=\"https:\/\/elfuerte.cl\/web\/wp-content\/uploads\/2025\/09\/actualidad004-thegem-post-thumb-large.jpg\" srcset=\"https:\/\/elfuerte.cl\/web\/wp-content\/uploads\/2025\/09\/actualidad004-thegem-post-thumb-small.jpg 1x, https:\/\/elfuerte.cl\/web\/wp-content\/uploads\/2025\/09\/actualidad004-thegem-post-thumb-large.jpg 2x\" alt=\"\"\/><\/a><\/div><div class=\"gem-pp-posts-text\"> <div class=\"gem-pp-posts-item\"><a href=\"https:\/\/elfuerte.cl\/web\/2025\/09\/05\/la-derrota-que-dejo-al-gobierno-sin-brujula\/\">La derrota que dej\u00f3 al gobierno sin br\u00fajula<\/a><\/div><div class=\"gem-pp-posts-date\">05\/09\/2025<\/div><\/div><\/li><\/ul><\/aside>\t\t\t\t<\/div>\n\t\t\t\t\t<\/div>\n\t\t<\/div>\n\t\t\t\t\t<\/div><\/div>\r\n\t\t<\/section>\r\n\t\t\t\t<\/div>\n\t\t","protected":false},"excerpt":{"rendered":"<p>El gerente zonal de la sanitaria, Hern\u00e1n K\u00f6nig, destac\u00f3 los desaf\u00edos que enfrenta la compa\u00f1\u00eda en materia de expansi\u00f3n urbana, saneamiento, aguas lluvias y desarrollo de infraestructura sanitaria de largo plazo.<\/p>\n","protected":false},"author":1,"featured_media":2946,"comment_status":"closed","ping_status":"closed","sticky":false,"template":"single-fullwidth.php","format":"standard","meta":{"footnotes":""},"categories":[21],"tags":[65,377,376,142],"class_list":{"0":"post-2944","1":"post","2":"type-post","3":"status-publish","4":"format-standard","5":"has-post-thumbnail","7":"category-actualidad","8":"tag-actualidad","9":"tag-agua-potable","10":"tag-aguas-decima","11":"tag-valdivia"},"menu_order":0,"_links":{"self":[{"href":"https:\/\/elfuerte.cl\/web\/wp-json\/wp\/v2\/posts\/2944","targetHints":{"allow":["GET"]}}],"collection":[{"href":"https:\/\/elfuerte.cl\/web\/wp-json\/wp\/v2\/posts"}],"about":[{"href":"https:\/\/elfuerte.cl\/web\/wp-json\/wp\/v2\/types\/post"}],"author":[{"embeddable":true,"href":"https:\/\/elfuerte.cl\/web\/wp-json\/wp\/v2\/users\/1"}],"replies":[{"embeddable":true,"href":"https:\/\/elfuerte.cl\/web\/wp-json\/wp\/v2\/comments?post=2944"}],"version-history":[{"count":7,"href":"https:\/\/elfuerte.cl\/web\/wp-json\/wp\/v2\/posts\/2944\/revisions"}],"predecessor-version":[{"id":2991,"href":"https:\/\/elfuerte.cl\/web\/wp-json\/wp\/v2\/posts\/2944\/revisions\/2991"}],"wp:featuredmedia":[{"embeddable":true,"href":"https:\/\/elfuerte.cl\/web\/wp-json\/wp\/v2\/media\/2946"}],"wp:attachment":[{"href":"https:\/\/elfuerte.cl\/web\/wp-json\/wp\/v2\/media?parent=2944"}],"wp:term":[{"taxonomy":"category","embeddable":true,"href":"https:\/\/elfuerte.cl\/web\/wp-json\/wp\/v2\/categories?post=2944"},{"taxonomy":"post_tag","embeddable":true,"href":"https:\/\/elfuerte.cl\/web\/wp-json\/wp\/v2\/tags?post=2944"}],"curies":[{"name":"wp","href":"https:\/\/api.w.org\/{rel}","templated":true}]}}