{"id":3045,"date":"2026-01-07T12:18:10","date_gmt":"2026-01-07T15:18:10","guid":{"rendered":"https:\/\/elfuerte.cl\/web\/?p=3045"},"modified":"2026-01-07T13:36:06","modified_gmt":"2026-01-07T16:36:06","slug":"inteligencia-artificial-y-etica-el-desafio-de-informar-con-responsabilidad-desde-los-territorios","status":"publish","type":"post","link":"https:\/\/elfuerte.cl\/web\/2026\/01\/07\/inteligencia-artificial-y-etica-el-desafio-de-informar-con-responsabilidad-desde-los-territorios\/","title":{"rendered":"Inteligencia artificial y \u00e9tica: el desaf\u00edo de informar con responsabilidad desde los territorios"},"content":{"rendered":"\t\t<div data-elementor-type=\"wp-post\" data-elementor-id=\"3045\" class=\"elementor elementor-3045\">\n\t\t\t\t\t\t<section class=\"elementor-section elementor-top-section elementor-element elementor-element-464cea7 elementor-section-boxed elementor-section-height-default elementor-section-height-default\" data-id=\"464cea7\" data-element_type=\"section\">\r\n\t\t\t\t\t\t<div class=\"elementor-container elementor-column-gap-thegem\"><div class=\"elementor-row\">\r\n\t\t\t\t\t<div class=\"elementor-column elementor-col-66 elementor-top-column elementor-element elementor-element-2f44c54\" data-id=\"2f44c54\" data-element_type=\"column\">\n\t\t\t<div class=\"elementor-widget-wrap elementor-element-populated\">\n\t\t\t\t\t\t<div class=\"elementor-element elementor-element-ab386a6 flex-horizontal-align-default flex-horizontal-align-tablet-default flex-horizontal-align-mobile-default flex-vertical-align-default flex-vertical-align-tablet-default flex-vertical-align-mobile-default elementor-widget elementor-widget-heading\" data-id=\"ab386a6\" data-element_type=\"widget\" data-widget_type=\"heading.default\">\n\t\t\t\t\t<div class=\"title-h1 elementor-heading-title elementor-size-default\">Inteligencia artificial y \u00e9tica: el desaf\u00edo de\ninformar con responsabilidad desde los territorios<\/div>\t\t\t\t<\/div>\n\t\t\t\t<div class=\"elementor-element elementor-element-8427bf3 flex-horizontal-align-default flex-horizontal-align-tablet-default flex-horizontal-align-mobile-default flex-vertical-align-default flex-vertical-align-tablet-default flex-vertical-align-mobile-default elementor-widget elementor-widget-text-editor\" data-id=\"8427bf3\" data-element_type=\"widget\" data-widget_type=\"text-editor.default\">\n\t\t\t\t\t\t\t\t\t\t\t\t<div class=\"elementor-text-editor elementor-clearfix\">\r\n\t\t\t\t\t\t<p><strong>La innovaci\u00f3n solo tiene sentido cuando se construye con responsabilidad y sentido humano. En ese camino, El Fuerte Noticias reitera su compromiso con un periodismo responsable, propositivo, territorialmente situado y \u00e9ticamente s\u00f3lido.<\/strong><\/p><p>Durante los \u00faltimos d\u00edas, Valdivia ha sido escenario de encuentros que invitan a una reflexi\u00f3n profunda sobre el rol que cumple hoy la tecnolog\u00eda \u2014y en particular la inteligencia artificial\u2014 en el desarrollo regional y en distintas \u00e1reas de la vida social. Por una parte, la realizaci\u00f3n de Rueda Lab, organizado por la Asociaci\u00f3n Regional de Inteligencia Artificial de Los R\u00edos (ARIA), reuni\u00f3 a exponentes de todo el pa\u00eds para analizar los alcances, usos y desaf\u00edos que presenta la inteligencia artificial en \u00e1mbitos productivos, institucionales y sociales. Por otra, el encuentro Los R\u00edos Atrae abord\u00f3 el posicionamiento de la regi\u00f3n como destino para congresos, eventos y turismo, incorporando tambi\u00e9n el debate sobre el aporte de la tecnolog\u00eda al desarrollo de esta industria.<\/p><p>Ambas instancias compartieron un eje com\u00fan: la \u00e9tica y la honestidad como principios fundamentales en el uso de herramientas tecnol\u00f3gicas. En Rueda Lab, uno de los \u00e9nfasis m\u00e1s relevantes estuvo puesto en la veracidad de la informaci\u00f3n, el uso correcto de im\u00e1genes generadas o editadas mediante inteligencia artificial, el manejo responsable de datos, la protecci\u00f3n de la informaci\u00f3n personal y la necesidad de actuar con transparencia frente a audiencias y usuarios.<\/p><p>En el caso de Los R\u00edos Atrae, la conversaci\u00f3n se traslad\u00f3 al \u00e1mbito del turismo y los servicios. All\u00ed se destac\u00f3 el potencial de la inteligencia artificial para mejorar la experiencia del visitante, optimizar la entrega de informaci\u00f3n, apoyar el dise\u00f1o de material promocional y fortalecer la relaci\u00f3n con los clientes. Sin embargo, tambi\u00e9n se subray\u00f3 con fuerza que ninguna herramienta tecnol\u00f3gica puede reemplazar la honestidad en la oferta, la claridad en la comunicaci\u00f3n ni la respuesta r\u00e1pida y efectiva frente a conflictos o situaciones que afecten la correcta satisfacci\u00f3n de quienes acceden a un servicio.<\/p><p>Este contexto resulta especialmente pertinente para reflexionar sobre el rol de los medios de comunicaci\u00f3n. Hoy, el trabajo period\u00edstico y los procesos editoriales se ven atravesados por herramientas tecnol\u00f3gicas cada vez m\u00e1s accesibles, lo que ha permitido mejorar flujos de trabajo, pero tambi\u00e9n ha abierto la puerta a pr\u00e1cticas preocupantes. En la actualidad, cualquier persona puede crear o administrar un canal informativo digital, sin necesariamente contar con formaci\u00f3n period\u00edstica ni claridad sobre lo que implica la \u00e9tica en el ejercicio de informar.<\/p><p>Uno de los aspectos m\u00e1s sensibles de esta realidad es el uso y la edici\u00f3n de im\u00e1genes mediante inteligencia artificial. Se ha vuelto frecuente observar en redes sociales y en medios de dudoso origen la circulaci\u00f3n de fotograf\u00edas manipuladas o sacadas de contexto, utilizadas para alimentar el sensacionalismo por sobre la veracidad. Estas pr\u00e1cticas no solo desinforman, sino que provocan un da\u00f1o profundo a la credibilidad de los medios y generan temor, inseguridad e incertidumbre en la comunidad.<\/p><p>Desde El Fuerte Noticias asumimos con claridad que el ecosistema medi\u00e1tico tambi\u00e9n est\u00e1 permeado por herramientas tecnol\u00f3gicas como la inteligencia artificial. No desconocemos su existencia ni su potencial como apoyo en tareas editoriales. Sin embargo, nuestra l\u00ednea editorial es clara e intransable: el criterio period\u00edstico, la verificaci\u00f3n de los hechos, la contextualizaci\u00f3n territorial y la toma de decisiones editoriales son, y seguir\u00e1n siendo, humanas.<\/p><p>En El Fuerte, todas las informaciones que se publican son definidas, editadas y validadas por personas, con nombre, experiencia y compromiso con los territorios que cubren. La tecnolog\u00eda puede ser un apoyo; nunca un sustituto del juicio cr\u00edtico, la \u00e9tica profesional ni la responsabilidad p\u00fablica que implica informar.<br \/>Reafirmamos que no validaremos ni reproduciremos contenidos que vulneren la veracidad, la dignidad de las personas o la confianza p\u00fablica, ni caeremos en l\u00f3gicas que privilegien el impacto f\u00e1cil por sobre el rigor informativo.<\/p><p>Los encuentros recientes realizados en Valdivia refuerzan una convicci\u00f3n que hemos sostenido como medio desde el primer momento: la innovaci\u00f3n solo tiene sentido cuando se construye con responsabilidad y sentido humano. En ese camino, El Fuerte Noticias reitera su compromiso con un periodismo responsable, propositivo, territorialmente situado y \u00e9ticamente s\u00f3lido.<\/p><p><strong>Marcelo Patroni Prado, Director El Fuerte Noticias<\/strong><\/p>\t\t\t\t\t\t\t<\/div>\r\n\t\t\t\t\t\t\t\t\t\t<\/div>\n\t\t\t\t<div class=\"elementor-element elementor-element-5ac3e4a flex-horizontal-align-default flex-horizontal-align-tablet-default flex-horizontal-align-mobile-default flex-vertical-align-default flex-vertical-align-tablet-default flex-vertical-align-mobile-default elementor-widget elementor-widget-thegem-styledimage\" data-id=\"5ac3e4a\" data-element_type=\"widget\" data-settings=\"{&quot;thegem_elementor_preset&quot;:&quot;style-2&quot;,&quot;image&quot;:{&quot;url&quot;:&quot;https:\\\/\\\/elfuerte.cl\\\/web\\\/wp-content\\\/uploads\\\/2025\\\/10\\\/bannerefdelsur.jpg&quot;,&quot;id&quot;:1540,&quot;size&quot;:&quot;&quot;,&quot;alt&quot;:&quot;&quot;,&quot;source&quot;:&quot;library&quot;},&quot;image_position&quot;:&quot;left&quot;}\" data-widget_type=\"thegem-styledimage.default\">\n\t\t\t\t<div class=\"elementor-widget-container\">\n\t\t\t\t\t\n<div class=\"styled-image-wrapper\">\n\t\t\t<div class=\"gem-image gem-wrapbox gem-wrapbox-style-2 gem-wrapbox-position-left lazy-loading \">\n\t\t\t<div class=\"gem-wrapbox-inner  lazy-loading-item\"  data-ll-effect=\"move-up\">\n\t\t\t\t\t\t\t\t<a href=\"#\">\n\t\t\t\t\t\t\t\t\t\t<img class=\"gem-wrapbox-element img-responsive \"\n\t\t\t\t\t\t src=\"https:\/\/elfuerte.cl\/web\/wp-content\/uploads\/2025\/10\/bannerefdelsur.jpg\"\n\t\t\t\t\t\t alt=\"bannerefdelsur\">\n\t\t\t\t\t\t\t\t\t\t\t\t\t\t<\/a>\n\t\t\t\t\t\t<\/div>\n\t\t<\/div>\n\t\t<\/div>\n\n\n\t\n\t\t\t\t\t\t<\/div>\n\t\t\t\t<\/div>\n\t\t\t\t\t<\/div>\n\t\t<\/div>\n\t\t\t\t<div class=\"elementor-column elementor-col-33 elementor-top-column elementor-element elementor-element-dfac7b7\" data-id=\"dfac7b7\" data-element_type=\"column\">\n\t\t\t<div class=\"elementor-widget-wrap elementor-element-populated\">\n\t\t\t\t\t\t<div class=\"elementor-element elementor-element-af7077d flex-horizontal-align-default flex-horizontal-align-tablet-default flex-horizontal-align-mobile-default flex-vertical-align-default flex-vertical-align-tablet-default flex-vertical-align-mobile-default elementor-widget elementor-widget-sidebar\" data-id=\"af7077d\" data-element_type=\"widget\" data-settings=\"{&quot;thegem_custom_css&quot;:&quot;.gem-pp-posts-image {\\r\\n    width: 72px;\\r\\n}\\r\\n.gem-pp-posts-image img {\\r\\n    border-radius: 50%;\\r\\n}\\r\\nselector h4 {\\r\\n    padding-top: 40px;\\r\\n}&quot;}\" data-widget_type=\"sidebar.default\">\n\t\t\t\t\t<aside id=\"media_image-3\" class=\"widget widget_media_image\"><img width=\"750\" height=\"750\" src=\"https:\/\/elfuerte.cl\/web\/wp-content\/uploads\/2025\/10\/bannerrojook.jpg\" class=\"image wp-image-1681  attachment-full size-full\" alt=\"\" style=\"max-width: 100%; height: auto;\" title=\"Banner\" srcset=\"https:\/\/elfuerte.cl\/web\/wp-content\/uploads\/2025\/10\/bannerrojook.jpg 750w, https:\/\/elfuerte.cl\/web\/wp-content\/uploads\/2025\/10\/bannerrojook-300x300.jpg 300w, https:\/\/elfuerte.cl\/web\/wp-content\/uploads\/2025\/10\/bannerrojook-150x150.jpg 150w, https:\/\/elfuerte.cl\/web\/wp-content\/uploads\/2025\/10\/bannerrojook-256x256.jpg 256w\" sizes=\"(max-width: 750px) 100vw, 750px\" \/><\/aside><aside id=\"categories-2\" class=\"widget widget_categories\"><h4 class=\"widget-title\">Secciones<\/h4>\n\t\t\t<ul>\n\t\t\t\t\t<li class=\"cat-item cat-item-21\"><a href=\"https:\/\/elfuerte.cl\/web\/category\/actualidad\/\" title=\"View all posts filed under Actualidad\">Actualidad<\/a>\n<\/li>\n\t<li class=\"cat-item cat-item-100\"><a href=\"https:\/\/elfuerte.cl\/web\/category\/destacados\/\" title=\"View all posts filed under Destacados\">Destacados<\/a>\n<\/li>\n\t<li class=\"cat-item cat-item-101\"><a href=\"https:\/\/elfuerte.cl\/web\/category\/region-ludica\/\" title=\"View all posts filed under Regi\u00f3n L\u00fadica\">Regi\u00f3n L\u00fadica<\/a>\n<\/li>\n\t<li class=\"cat-item cat-item-157\"><a href=\"https:\/\/elfuerte.cl\/web\/category\/sala-de-redaccion\/\" title=\"View all posts filed under Sala de Redacci\u00f3n\">Sala de Redacci\u00f3n<\/a>\n<\/li>\n\t\t\t<\/ul>\n\n\t\t\t<\/aside><aside id=\"custom_popular_posts-2\" class=\"widget Custom_Popular_Posts\"><h4 class=\"widget-title\">Populares<\/h4><ul class=\"posts  styled\"><li class=\"clearfix gem-pp-posts\"><div class=\"gem-pp-posts-image\"><a href=\"https:\/\/elfuerte.cl\/web\/2026\/04\/27\/intercambio-de-semillas-y-experiencias-conecta-comunidades-del-pais-en-torno-a-la-restauracion-del-bosque-nativo-en-los-rios\/\"><img src=\"https:\/\/elfuerte.cl\/web\/wp-content\/uploads\/2026\/04\/portada-2026-04-27T102238.493-thegem-post-thumb-large.jpg\" srcset=\"https:\/\/elfuerte.cl\/web\/wp-content\/uploads\/2026\/04\/portada-2026-04-27T102238.493-thegem-post-thumb-small.jpg 1x, https:\/\/elfuerte.cl\/web\/wp-content\/uploads\/2026\/04\/portada-2026-04-27T102238.493-thegem-post-thumb-large.jpg 2x\" alt=\"\"\/><\/a><\/div><div class=\"gem-pp-posts-text\"> <div class=\"gem-pp-posts-item\"><a href=\"https:\/\/elfuerte.cl\/web\/2026\/04\/27\/intercambio-de-semillas-y-experiencias-conecta-comunidades-del-pais-en-torno-a-la-restauracion-del-bosque-nativo-en-los-rios\/\">Intercambio de semillas y experiencias conecta comunidades del pa\u00eds en torno a la restauraci\u00f3n del bosque nativo en Los R\u00edos<\/a><\/div><div class=\"gem-pp-posts-date\">27\/04\/2026<\/div><\/div><\/li><li class=\"clearfix gem-pp-posts\"><div class=\"gem-pp-posts-image\"><a href=\"https:\/\/elfuerte.cl\/web\/2025\/10\/11\/recuperar-una-casa-y-un-icono-de-la-historia-lotina\/\"><img src=\"https:\/\/elfuerte.cl\/web\/wp-content\/uploads\/2025\/10\/actualidad003-copia-thegem-post-thumb-large.jpg\" srcset=\"https:\/\/elfuerte.cl\/web\/wp-content\/uploads\/2025\/10\/actualidad003-copia-thegem-post-thumb-small.jpg 1x, https:\/\/elfuerte.cl\/web\/wp-content\/uploads\/2025\/10\/actualidad003-copia-thegem-post-thumb-large.jpg 2x\" alt=\"\"\/><\/a><\/div><div class=\"gem-pp-posts-text\"> <div class=\"gem-pp-posts-item\"><a href=\"https:\/\/elfuerte.cl\/web\/2025\/10\/11\/recuperar-una-casa-y-un-icono-de-la-historia-lotina\/\">Recuperar una casa y un \u00edcono de la historia lotina<\/a><\/div><div class=\"gem-pp-posts-date\">11\/10\/2025<\/div><\/div><\/li><li class=\"clearfix gem-pp-posts\"><div class=\"gem-pp-posts-image\"><a href=\"https:\/\/elfuerte.cl\/web\/2025\/10\/08\/indap-impulsa-acceso-a-tierras-y-emprendimiento-para-juventudes-rurales-con-nuevo-programa-tierra-joven\/\"><img src=\"https:\/\/elfuerte.cl\/web\/wp-content\/uploads\/2025\/10\/actualidad001-copia-thegem-post-thumb-large.jpg\" srcset=\"https:\/\/elfuerte.cl\/web\/wp-content\/uploads\/2025\/10\/actualidad001-copia-thegem-post-thumb-small.jpg 1x, https:\/\/elfuerte.cl\/web\/wp-content\/uploads\/2025\/10\/actualidad001-copia-thegem-post-thumb-large.jpg 2x\" alt=\"\"\/><\/a><\/div><div class=\"gem-pp-posts-text\"> <div class=\"gem-pp-posts-item\"><a href=\"https:\/\/elfuerte.cl\/web\/2025\/10\/08\/indap-impulsa-acceso-a-tierras-y-emprendimiento-para-juventudes-rurales-con-nuevo-programa-tierra-joven\/\">INDAP impulsa acceso a tierras y emprendimiento para juventudes rurales con nuevo programa \u201cTierra Joven\u201d<\/a><\/div><div class=\"gem-pp-posts-date\">08\/10\/2025<\/div><\/div><\/li><li class=\"clearfix gem-pp-posts\"><div class=\"gem-pp-posts-image\"><a href=\"https:\/\/elfuerte.cl\/web\/2025\/09\/05\/la-derrota-que-dejo-al-gobierno-sin-brujula\/\"><img src=\"https:\/\/elfuerte.cl\/web\/wp-content\/uploads\/2025\/09\/actualidad004-thegem-post-thumb-large.jpg\" srcset=\"https:\/\/elfuerte.cl\/web\/wp-content\/uploads\/2025\/09\/actualidad004-thegem-post-thumb-small.jpg 1x, https:\/\/elfuerte.cl\/web\/wp-content\/uploads\/2025\/09\/actualidad004-thegem-post-thumb-large.jpg 2x\" alt=\"\"\/><\/a><\/div><div class=\"gem-pp-posts-text\"> <div class=\"gem-pp-posts-item\"><a href=\"https:\/\/elfuerte.cl\/web\/2025\/09\/05\/la-derrota-que-dejo-al-gobierno-sin-brujula\/\">La derrota que dej\u00f3 al gobierno sin br\u00fajula<\/a><\/div><div class=\"gem-pp-posts-date\">05\/09\/2025<\/div><\/div><\/li><\/ul><\/aside>\t\t\t\t<\/div>\n\t\t\t\t\t<\/div>\n\t\t<\/div>\n\t\t\t\t\t<\/div><\/div>\r\n\t\t<\/section>\r\n\t\t\t\t<\/div>\n\t\t","protected":false},"excerpt":{"rendered":"<p>La innovaci\u00f3n solo tiene sentido cuando se construye con responsabilidad y sentido humano. En ese camino, El Fuerte Noticias reitera su compromiso con un periodismo responsable, propositivo, territorialmente situado y \u00e9ticamente s\u00f3lido.<\/p>\n","protected":false},"author":1,"featured_media":3047,"comment_status":"closed","ping_status":"closed","sticky":false,"template":"single-fullwidth.php","format":"standard","meta":{"footnotes":""},"categories":[100,157],"tags":[65,384,185,142],"class_list":{"0":"post-3045","1":"post","2":"type-post","3":"status-publish","4":"format-standard","5":"has-post-thumbnail","7":"category-destacados","8":"category-sala-de-redaccion","9":"tag-actualidad","10":"tag-inteligencia-artificial","11":"tag-tecnologia","12":"tag-valdivia"},"menu_order":0,"_links":{"self":[{"href":"https:\/\/elfuerte.cl\/web\/wp-json\/wp\/v2\/posts\/3045","targetHints":{"allow":["GET"]}}],"collection":[{"href":"https:\/\/elfuerte.cl\/web\/wp-json\/wp\/v2\/posts"}],"about":[{"href":"https:\/\/elfuerte.cl\/web\/wp-json\/wp\/v2\/types\/post"}],"author":[{"embeddable":true,"href":"https:\/\/elfuerte.cl\/web\/wp-json\/wp\/v2\/users\/1"}],"replies":[{"embeddable":true,"href":"https:\/\/elfuerte.cl\/web\/wp-json\/wp\/v2\/comments?post=3045"}],"version-history":[{"count":7,"href":"https:\/\/elfuerte.cl\/web\/wp-json\/wp\/v2\/posts\/3045\/revisions"}],"predecessor-version":[{"id":3056,"href":"https:\/\/elfuerte.cl\/web\/wp-json\/wp\/v2\/posts\/3045\/revisions\/3056"}],"wp:featuredmedia":[{"embeddable":true,"href":"https:\/\/elfuerte.cl\/web\/wp-json\/wp\/v2\/media\/3047"}],"wp:attachment":[{"href":"https:\/\/elfuerte.cl\/web\/wp-json\/wp\/v2\/media?parent=3045"}],"wp:term":[{"taxonomy":"category","embeddable":true,"href":"https:\/\/elfuerte.cl\/web\/wp-json\/wp\/v2\/categories?post=3045"},{"taxonomy":"post_tag","embeddable":true,"href":"https:\/\/elfuerte.cl\/web\/wp-json\/wp\/v2\/tags?post=3045"}],"curies":[{"name":"wp","href":"https:\/\/api.w.org\/{rel}","templated":true}]}}