{"id":3110,"date":"2026-01-08T14:15:11","date_gmt":"2026-01-08T17:15:11","guid":{"rendered":"https:\/\/elfuerte.cl\/web\/?p=3110"},"modified":"2026-01-08T14:18:10","modified_gmt":"2026-01-08T17:18:10","slug":"ruedalab-reunio-en-valdivia-a-referentes-nacionales-para-impulsar-la-inteligencia-artificial-desde-la-region","status":"publish","type":"post","link":"https:\/\/elfuerte.cl\/web\/2026\/01\/08\/ruedalab-reunio-en-valdivia-a-referentes-nacionales-para-impulsar-la-inteligencia-artificial-desde-la-region\/","title":{"rendered":"RuedaLab reuni\u00f3 en Valdivia a referentes nacionales  para impulsar la inteligencia artificial desde la regi\u00f3n"},"content":{"rendered":"\t\t<div data-elementor-type=\"wp-post\" data-elementor-id=\"3110\" class=\"elementor elementor-3110\">\n\t\t\t\t\t\t<section class=\"elementor-section elementor-top-section elementor-element elementor-element-464cea7 elementor-section-boxed elementor-section-height-default elementor-section-height-default\" data-id=\"464cea7\" data-element_type=\"section\">\r\n\t\t\t\t\t\t<div class=\"elementor-container elementor-column-gap-thegem\"><div class=\"elementor-row\">\r\n\t\t\t\t\t<div class=\"elementor-column elementor-col-66 elementor-top-column elementor-element elementor-element-2f44c54\" data-id=\"2f44c54\" data-element_type=\"column\">\n\t\t\t<div class=\"elementor-widget-wrap elementor-element-populated\">\n\t\t\t\t\t\t<div class=\"elementor-element elementor-element-ab386a6 flex-horizontal-align-default flex-horizontal-align-tablet-default flex-horizontal-align-mobile-default flex-vertical-align-default flex-vertical-align-tablet-default flex-vertical-align-mobile-default elementor-widget elementor-widget-heading\" data-id=\"ab386a6\" data-element_type=\"widget\" data-widget_type=\"heading.default\">\n\t\t\t\t\t<div class=\"title-h1 elementor-heading-title elementor-size-default\">RuedaLab reuni\u00f3 en Valdivia a referentes nacionales  para impulsar la inteligencia artificial desde la regi\u00f3n<\/div>\t\t\t\t<\/div>\n\t\t\t\t<div class=\"elementor-element elementor-element-8427bf3 flex-horizontal-align-default flex-horizontal-align-tablet-default flex-horizontal-align-mobile-default flex-vertical-align-default flex-vertical-align-tablet-default flex-vertical-align-mobile-default elementor-widget elementor-widget-text-editor\" data-id=\"8427bf3\" data-element_type=\"widget\" data-widget_type=\"text-editor.default\">\n\t\t\t\t\t\t\t\t\t\t\t\t<div class=\"elementor-text-editor elementor-clearfix\">\r\n\t\t\t\t\t\t<p><strong>El presidente de ARIA Los R\u00edos, Boris Gonz\u00e1lez, explic\u00f3 que RuedaLab IA surge como una respuesta a la necesidad de comprender y utilizar esta tecnolog\u00eda de manera informada y descentralizada.<\/strong><\/p><p>Con una intensa agenda de charlas, talleres y espacios de vinculaci\u00f3n, el lunes pasado se desarroll\u00f3 en Valdivia el encuentro RuedaLab IA, instancia organizada por la Asociaci\u00f3n Regional de Inteligencia Artificial de Los R\u00edos (ARIA), que reuni\u00f3 a exponentes nacionales y latinoamericanos con el objetivo de acercar la inteligencia artificial a las personas, las empresas y los territorios.<\/p><p>La jornada estuvo marcada por un enfoque pr\u00e1ctico, orientado a mostrar c\u00f3mo la inteligencia artificial puede ser aplicada en la vida cotidiana, en el mundo laboral y especialmente en el \u00e1mbito productivo regional, a trav\u00e9s de experiencias concretas y espacios de intercambio entre oferentes y demandantes de soluciones tecnol\u00f3gicas.<br \/>El presidente de ARIA Los R\u00edos, Boris Gonz\u00e1lez, explic\u00f3 que RuedaLab IA surge como una respuesta a la necesidad de comprender y utilizar esta tecnolog\u00eda de manera informada y descentralizada. \u201cRuedaLab IA es un evento pensado para acercar a las personas a la inteligencia artificial y ayudar a entender c\u00f3mo puede aplicarse en la vida cotidiana y en el \u00e1mbito laboral\u201d, se\u00f1al\u00f3.<\/p><p>Gonz\u00e1lez destac\u00f3 que uno de los principales focos del encuentro fue generar impactos reales en el mundo empresarial, m\u00e1s all\u00e1 del discurso. \u201cComo ARIA estamos impulsando acciones para que los empresarios incorporen inteligencia artificial, mejoren sus ventas, optimicen el control de inventarios y puedan resolver dolores concretos que hoy enfrentan\u201d, afirm\u00f3.<\/p><p>Igualmente, subray\u00f3 la importancia de las ruedas de negocios realizadas durante la jornada, concebidas como espacios para conectar necesidades reales del territorio con soluciones tecnol\u00f3gicas disponibles. En ese sentido, puso adem\u00e1s \u00e9nfasis en el desaf\u00edo de la descentralizaci\u00f3n del ecosistema de inteligencia artificial en Chile. \u201cHoy cerca del 80% de la industria de la inteligencia artificial est\u00e1 concentrada en Santiago. ARIA existe justamente para que las regiones tengan voz y voto y puedan aprovechar estas oportunidades para su desarrollo\u201d, sostuvo.<\/p><p>\u00a0<\/p><p><strong>Camidevai en Valdivia<\/strong><br \/>Entre las participantes destacadas de RuedaLab IA estuvo Camila Ba\u00f1ares, creadora de contenidos y divulgadora digital conocida como Camidevai, una de las influencers m\u00e1s reconocidas del pa\u00eds en materia de inteligencia artificial, con m\u00e1s de 230 mil seguidores en redes sociales. Durante su participaci\u00f3n, comparti\u00f3 su experiencia personal en la divulgaci\u00f3n tecnol\u00f3gica y el impacto que estas herramientas han tenido en personas de distintos \u00e1mbitos profesionales, evidenciando que la inteligencia artificial ya no es un recurso exclusivo de expertos o grandes empresas.<\/p><p>\u201cCualquier persona puede utilizarla. Me han escrito m\u00e9dicos, psic\u00f3logos y profesionales de todo tipo agradeci\u00e9ndome porque gracias a esto lograron desarrollar proyectos que nunca pensaron posibles\u201d, se\u00f1al\u00f3 Ba\u00f1ares en conversaci\u00f3n con El Fuerte Noticias. (Ver nota aparte).<\/p><p>Desde una mirada estrat\u00e9gica y orientada al mundo productivo, el encuentro cont\u00f3 tambi\u00e9n con la participaci\u00f3n del emprendedor y acad\u00e9mico Mario Adriazola, quien destac\u00f3 que las peque\u00f1as y medianas empresas enfrentan hoy una oportunidad hist\u00f3rica gracias al acceso a herramientas de inteligencia artificial. En su intervenci\u00f3n, abord\u00f3 c\u00f3mo estas tecnolog\u00edas permiten competir en \u00e1mbitos que antes estaban reservados para grandes presupuestos, desde el marketing hasta la producci\u00f3n y la gesti\u00f3n financiera.<\/p><p>\u201cHoy se puede hacer publicidad con efectos especiales que antes costaban millones de d\u00f3lares y que ahora est\u00e1n al alcance de la mano gracias a la inteligencia artificial\u201d, afirm\u00f3 Adriazola.<\/p><p>El encuentro RuedaLab IA se consolid\u00f3 as\u00ed como un espacio de di\u00e1logo, aprendizaje y generaci\u00f3n de oportunidades, reforzando el posicionamiento de Valdivia y la Regi\u00f3n de Los R\u00edos como un territorio que busca insertarse activamente en el desarrollo de la inteligencia artificial, desde una mirada descentralizada, \u00e9tica y orientada al impacto social y productivo.<\/p><p><strong>Marcelo Patroni Prado, Director El Fuerte Noticias<\/strong><\/p>\t\t\t\t\t\t\t<\/div>\r\n\t\t\t\t\t\t\t\t\t\t<\/div>\n\t\t\t\t<div class=\"elementor-element elementor-element-5ac3e4a flex-horizontal-align-default flex-horizontal-align-tablet-default flex-horizontal-align-mobile-default flex-vertical-align-default flex-vertical-align-tablet-default flex-vertical-align-mobile-default elementor-widget elementor-widget-thegem-styledimage\" data-id=\"5ac3e4a\" data-element_type=\"widget\" data-settings=\"{&quot;thegem_elementor_preset&quot;:&quot;style-2&quot;,&quot;image&quot;:{&quot;url&quot;:&quot;https:\\\/\\\/elfuerte.cl\\\/web\\\/wp-content\\\/uploads\\\/2025\\\/10\\\/bannerefdelsur.jpg&quot;,&quot;id&quot;:1540,&quot;size&quot;:&quot;&quot;,&quot;alt&quot;:&quot;&quot;,&quot;source&quot;:&quot;library&quot;},&quot;image_position&quot;:&quot;left&quot;}\" data-widget_type=\"thegem-styledimage.default\">\n\t\t\t\t<div class=\"elementor-widget-container\">\n\t\t\t\t\t\n<div class=\"styled-image-wrapper\">\n\t\t\t<div class=\"gem-image gem-wrapbox gem-wrapbox-style-2 gem-wrapbox-position-left lazy-loading \">\n\t\t\t<div class=\"gem-wrapbox-inner  lazy-loading-item\"  data-ll-effect=\"move-up\">\n\t\t\t\t\t\t\t\t<a href=\"#\">\n\t\t\t\t\t\t\t\t\t\t<img class=\"gem-wrapbox-element img-responsive \"\n\t\t\t\t\t\t src=\"https:\/\/elfuerte.cl\/web\/wp-content\/uploads\/2025\/10\/bannerefdelsur.jpg\"\n\t\t\t\t\t\t alt=\"bannerefdelsur\">\n\t\t\t\t\t\t\t\t\t\t\t\t\t\t<\/a>\n\t\t\t\t\t\t<\/div>\n\t\t<\/div>\n\t\t<\/div>\n\n\n\t\n\t\t\t\t\t\t<\/div>\n\t\t\t\t<\/div>\n\t\t\t\t\t<\/div>\n\t\t<\/div>\n\t\t\t\t<div class=\"elementor-column elementor-col-33 elementor-top-column elementor-element elementor-element-dfac7b7\" data-id=\"dfac7b7\" data-element_type=\"column\">\n\t\t\t<div class=\"elementor-widget-wrap elementor-element-populated\">\n\t\t\t\t\t\t<div class=\"elementor-element elementor-element-af7077d flex-horizontal-align-default flex-horizontal-align-tablet-default flex-horizontal-align-mobile-default flex-vertical-align-default flex-vertical-align-tablet-default flex-vertical-align-mobile-default elementor-widget elementor-widget-sidebar\" data-id=\"af7077d\" data-element_type=\"widget\" data-settings=\"{&quot;thegem_custom_css&quot;:&quot;.gem-pp-posts-image {\\r\\n    width: 72px;\\r\\n}\\r\\n.gem-pp-posts-image img {\\r\\n    border-radius: 50%;\\r\\n}\\r\\nselector h4 {\\r\\n    padding-top: 40px;\\r\\n}&quot;}\" data-widget_type=\"sidebar.default\">\n\t\t\t\t\t<aside id=\"media_image-3\" class=\"widget widget_media_image\"><img width=\"750\" height=\"750\" src=\"https:\/\/elfuerte.cl\/web\/wp-content\/uploads\/2025\/10\/bannerrojook.jpg\" class=\"image wp-image-1681  attachment-full size-full\" alt=\"\" style=\"max-width: 100%; height: auto;\" title=\"Banner\" srcset=\"https:\/\/elfuerte.cl\/web\/wp-content\/uploads\/2025\/10\/bannerrojook.jpg 750w, https:\/\/elfuerte.cl\/web\/wp-content\/uploads\/2025\/10\/bannerrojook-300x300.jpg 300w, https:\/\/elfuerte.cl\/web\/wp-content\/uploads\/2025\/10\/bannerrojook-150x150.jpg 150w, https:\/\/elfuerte.cl\/web\/wp-content\/uploads\/2025\/10\/bannerrojook-256x256.jpg 256w\" sizes=\"(max-width: 750px) 100vw, 750px\" \/><\/aside><aside id=\"categories-2\" class=\"widget widget_categories\"><h4 class=\"widget-title\">Secciones<\/h4>\n\t\t\t<ul>\n\t\t\t\t\t<li class=\"cat-item cat-item-21\"><a href=\"https:\/\/elfuerte.cl\/web\/category\/actualidad\/\" title=\"View all posts filed under Actualidad\">Actualidad<\/a>\n<\/li>\n\t<li class=\"cat-item cat-item-100\"><a href=\"https:\/\/elfuerte.cl\/web\/category\/destacados\/\" title=\"View all posts filed under Destacados\">Destacados<\/a>\n<\/li>\n\t<li class=\"cat-item cat-item-101\"><a href=\"https:\/\/elfuerte.cl\/web\/category\/region-ludica\/\" title=\"View all posts filed under Regi\u00f3n L\u00fadica\">Regi\u00f3n L\u00fadica<\/a>\n<\/li>\n\t<li class=\"cat-item cat-item-157\"><a href=\"https:\/\/elfuerte.cl\/web\/category\/sala-de-redaccion\/\" title=\"View all posts filed under Sala de Redacci\u00f3n\">Sala de Redacci\u00f3n<\/a>\n<\/li>\n\t\t\t<\/ul>\n\n\t\t\t<\/aside><aside id=\"custom_popular_posts-2\" class=\"widget Custom_Popular_Posts\"><h4 class=\"widget-title\">Populares<\/h4><ul class=\"posts  styled\"><li class=\"clearfix gem-pp-posts\"><div class=\"gem-pp-posts-image\"><a href=\"https:\/\/elfuerte.cl\/web\/2026\/04\/27\/intercambio-de-semillas-y-experiencias-conecta-comunidades-del-pais-en-torno-a-la-restauracion-del-bosque-nativo-en-los-rios\/\"><img src=\"https:\/\/elfuerte.cl\/web\/wp-content\/uploads\/2026\/04\/portada-2026-04-27T102238.493-thegem-post-thumb-large.jpg\" srcset=\"https:\/\/elfuerte.cl\/web\/wp-content\/uploads\/2026\/04\/portada-2026-04-27T102238.493-thegem-post-thumb-small.jpg 1x, https:\/\/elfuerte.cl\/web\/wp-content\/uploads\/2026\/04\/portada-2026-04-27T102238.493-thegem-post-thumb-large.jpg 2x\" alt=\"\"\/><\/a><\/div><div class=\"gem-pp-posts-text\"> <div class=\"gem-pp-posts-item\"><a href=\"https:\/\/elfuerte.cl\/web\/2026\/04\/27\/intercambio-de-semillas-y-experiencias-conecta-comunidades-del-pais-en-torno-a-la-restauracion-del-bosque-nativo-en-los-rios\/\">Intercambio de semillas y experiencias conecta comunidades del pa\u00eds en torno a la restauraci\u00f3n del bosque nativo en Los R\u00edos<\/a><\/div><div class=\"gem-pp-posts-date\">27\/04\/2026<\/div><\/div><\/li><li class=\"clearfix gem-pp-posts\"><div class=\"gem-pp-posts-image\"><a href=\"https:\/\/elfuerte.cl\/web\/2025\/10\/11\/recuperar-una-casa-y-un-icono-de-la-historia-lotina\/\"><img src=\"https:\/\/elfuerte.cl\/web\/wp-content\/uploads\/2025\/10\/actualidad003-copia-thegem-post-thumb-large.jpg\" srcset=\"https:\/\/elfuerte.cl\/web\/wp-content\/uploads\/2025\/10\/actualidad003-copia-thegem-post-thumb-small.jpg 1x, https:\/\/elfuerte.cl\/web\/wp-content\/uploads\/2025\/10\/actualidad003-copia-thegem-post-thumb-large.jpg 2x\" alt=\"\"\/><\/a><\/div><div class=\"gem-pp-posts-text\"> <div class=\"gem-pp-posts-item\"><a href=\"https:\/\/elfuerte.cl\/web\/2025\/10\/11\/recuperar-una-casa-y-un-icono-de-la-historia-lotina\/\">Recuperar una casa y un \u00edcono de la historia lotina<\/a><\/div><div class=\"gem-pp-posts-date\">11\/10\/2025<\/div><\/div><\/li><li class=\"clearfix gem-pp-posts\"><div class=\"gem-pp-posts-image\"><a href=\"https:\/\/elfuerte.cl\/web\/2025\/10\/08\/indap-impulsa-acceso-a-tierras-y-emprendimiento-para-juventudes-rurales-con-nuevo-programa-tierra-joven\/\"><img src=\"https:\/\/elfuerte.cl\/web\/wp-content\/uploads\/2025\/10\/actualidad001-copia-thegem-post-thumb-large.jpg\" srcset=\"https:\/\/elfuerte.cl\/web\/wp-content\/uploads\/2025\/10\/actualidad001-copia-thegem-post-thumb-small.jpg 1x, https:\/\/elfuerte.cl\/web\/wp-content\/uploads\/2025\/10\/actualidad001-copia-thegem-post-thumb-large.jpg 2x\" alt=\"\"\/><\/a><\/div><div class=\"gem-pp-posts-text\"> <div class=\"gem-pp-posts-item\"><a href=\"https:\/\/elfuerte.cl\/web\/2025\/10\/08\/indap-impulsa-acceso-a-tierras-y-emprendimiento-para-juventudes-rurales-con-nuevo-programa-tierra-joven\/\">INDAP impulsa acceso a tierras y emprendimiento para juventudes rurales con nuevo programa \u201cTierra Joven\u201d<\/a><\/div><div class=\"gem-pp-posts-date\">08\/10\/2025<\/div><\/div><\/li><li class=\"clearfix gem-pp-posts\"><div class=\"gem-pp-posts-image\"><a href=\"https:\/\/elfuerte.cl\/web\/2025\/09\/05\/la-derrota-que-dejo-al-gobierno-sin-brujula\/\"><img src=\"https:\/\/elfuerte.cl\/web\/wp-content\/uploads\/2025\/09\/actualidad004-thegem-post-thumb-large.jpg\" srcset=\"https:\/\/elfuerte.cl\/web\/wp-content\/uploads\/2025\/09\/actualidad004-thegem-post-thumb-small.jpg 1x, https:\/\/elfuerte.cl\/web\/wp-content\/uploads\/2025\/09\/actualidad004-thegem-post-thumb-large.jpg 2x\" alt=\"\"\/><\/a><\/div><div class=\"gem-pp-posts-text\"> <div class=\"gem-pp-posts-item\"><a href=\"https:\/\/elfuerte.cl\/web\/2025\/09\/05\/la-derrota-que-dejo-al-gobierno-sin-brujula\/\">La derrota que dej\u00f3 al gobierno sin br\u00fajula<\/a><\/div><div class=\"gem-pp-posts-date\">05\/09\/2025<\/div><\/div><\/li><\/ul><\/aside>\t\t\t\t<\/div>\n\t\t\t\t\t<\/div>\n\t\t<\/div>\n\t\t\t\t\t<\/div><\/div>\r\n\t\t<\/section>\r\n\t\t\t\t<\/div>\n\t\t","protected":false},"excerpt":{"rendered":"<p>El presidente de ARIA Los R\u00edos, Boris Gonz\u00e1lez, explic\u00f3 que RuedaLab IA surge como una respuesta a la necesidad de comprender y utilizar esta tecnolog\u00eda de manera informada y descentralizada.<\/p>\n","protected":false},"author":1,"featured_media":3113,"comment_status":"closed","ping_status":"closed","sticky":false,"template":"single-fullwidth.php","format":"standard","meta":{"footnotes":""},"categories":[21,100],"tags":[65,384,185,142],"class_list":{"0":"post-3110","1":"post","2":"type-post","3":"status-publish","4":"format-standard","5":"has-post-thumbnail","7":"category-actualidad","8":"category-destacados","9":"tag-actualidad","10":"tag-inteligencia-artificial","11":"tag-tecnologia","12":"tag-valdivia"},"menu_order":0,"_links":{"self":[{"href":"https:\/\/elfuerte.cl\/web\/wp-json\/wp\/v2\/posts\/3110","targetHints":{"allow":["GET"]}}],"collection":[{"href":"https:\/\/elfuerte.cl\/web\/wp-json\/wp\/v2\/posts"}],"about":[{"href":"https:\/\/elfuerte.cl\/web\/wp-json\/wp\/v2\/types\/post"}],"author":[{"embeddable":true,"href":"https:\/\/elfuerte.cl\/web\/wp-json\/wp\/v2\/users\/1"}],"replies":[{"embeddable":true,"href":"https:\/\/elfuerte.cl\/web\/wp-json\/wp\/v2\/comments?post=3110"}],"version-history":[{"count":8,"href":"https:\/\/elfuerte.cl\/web\/wp-json\/wp\/v2\/posts\/3110\/revisions"}],"predecessor-version":[{"id":3119,"href":"https:\/\/elfuerte.cl\/web\/wp-json\/wp\/v2\/posts\/3110\/revisions\/3119"}],"wp:featuredmedia":[{"embeddable":true,"href":"https:\/\/elfuerte.cl\/web\/wp-json\/wp\/v2\/media\/3113"}],"wp:attachment":[{"href":"https:\/\/elfuerte.cl\/web\/wp-json\/wp\/v2\/media?parent=3110"}],"wp:term":[{"taxonomy":"category","embeddable":true,"href":"https:\/\/elfuerte.cl\/web\/wp-json\/wp\/v2\/categories?post=3110"},{"taxonomy":"post_tag","embeddable":true,"href":"https:\/\/elfuerte.cl\/web\/wp-json\/wp\/v2\/tags?post=3110"}],"curies":[{"name":"wp","href":"https:\/\/api.w.org\/{rel}","templated":true}]}}