{"id":3319,"date":"2026-01-13T14:33:16","date_gmt":"2026-01-13T17:33:16","guid":{"rendered":"https:\/\/elfuerte.cl\/web\/?p=3319"},"modified":"2026-01-13T14:36:44","modified_gmt":"2026-01-13T17:36:44","slug":"primer-zarpe-del-catamaran-venezia-fortalece-la-oferta-turistica-fluvial-de-valdivia","status":"publish","type":"post","link":"https:\/\/elfuerte.cl\/web\/2026\/01\/13\/primer-zarpe-del-catamaran-venezia-fortalece-la-oferta-turistica-fluvial-de-valdivia\/","title":{"rendered":"Primer zarpe del catamar\u00e1n \u201cVENEZIA\u201d  fortalece la oferta tur\u00edstica fluvial de Valdivia"},"content":{"rendered":"\t\t<div data-elementor-type=\"wp-post\" data-elementor-id=\"3319\" class=\"elementor elementor-3319\">\n\t\t\t\t\t\t<section class=\"elementor-section elementor-top-section elementor-element elementor-element-464cea7 elementor-section-boxed elementor-section-height-default elementor-section-height-default\" data-id=\"464cea7\" data-element_type=\"section\">\r\n\t\t\t\t\t\t<div class=\"elementor-container elementor-column-gap-thegem\"><div class=\"elementor-row\">\r\n\t\t\t\t\t<div class=\"elementor-column elementor-col-66 elementor-top-column elementor-element elementor-element-2f44c54\" data-id=\"2f44c54\" data-element_type=\"column\">\n\t\t\t<div class=\"elementor-widget-wrap elementor-element-populated\">\n\t\t\t\t\t\t<div class=\"elementor-element elementor-element-ab386a6 flex-horizontal-align-default flex-horizontal-align-tablet-default flex-horizontal-align-mobile-default flex-vertical-align-default flex-vertical-align-tablet-default flex-vertical-align-mobile-default elementor-widget elementor-widget-heading\" data-id=\"ab386a6\" data-element_type=\"widget\" data-widget_type=\"heading.default\">\n\t\t\t\t\t<div class=\"title-h1 elementor-heading-title elementor-size-default\">Primer zarpe del catamar\u00e1n \u201cVENEZIA\u201d  fortalece la oferta tur\u00edstica fluvial de Valdivia<\/div>\t\t\t\t<\/div>\n\t\t\t\t<div class=\"elementor-element elementor-element-8427bf3 flex-horizontal-align-default flex-horizontal-align-tablet-default flex-horizontal-align-mobile-default flex-vertical-align-default flex-vertical-align-tablet-default flex-vertical-align-mobile-default elementor-widget elementor-widget-text-editor\" data-id=\"8427bf3\" data-element_type=\"widget\" data-widget_type=\"text-editor.default\">\n\t\t\t\t\t\t\t\t\t\t\t\t<div class=\"elementor-text-editor elementor-clearfix\">\r\n\t\t\t\t\t\t<p><strong>La nueva embarcaci\u00f3n marca un hito para la navegaci\u00f3n tur\u00edstica local, con una inversi\u00f3n cercana a los $400 millones y un est\u00e1ndar de confort que refuerza la identidad de Valdivia como la \u00fanica ciudad con una red fluvial navegable del pa\u00eds.<\/strong><\/p><p>Con su primer zarpe oficial, el catamar\u00e1n \u201cVENEZIA\u201d inici\u00f3 esta semana su operaci\u00f3n en el circuito fluvial que conecta Valdivia con la localidad de Punucapa, recorriendo los r\u00edos Calle-Calle, Cau-Cau y Cruces. Se trata de una apuesta privada relevante para la diversificaci\u00f3n del turismo fluvial, tanto por el nivel de inversi\u00f3n involucrado como por la calidad de la experiencia que propone a residentes y visitantes.<\/p><p>La embarcaci\u00f3n, perteneciente al grupo \u201cBarcos de Valdivia\u201d, fue dise\u00f1ada como catamar\u00e1n y construida en un astillero local. Cuenta con dos cascos que permiten una mayor estabilidad en la navegaci\u00f3n y una amplitud superior en su manga, mejorando sustantivamente el confort a bordo. Con una inversi\u00f3n privada cercana a los 400 millones de pesos, tiene capacidad para 135 pasajeros, que se distribuyen c\u00f3modamente en sus dos amplios salones techados con barra de servicio. Adicionalmente, dispone de cuatro ba\u00f1os impecables \u2014dos para mujeres y dos para hombres\u2014, y sus salones est\u00e1n habilitados con mobiliario c\u00f3modo y adem\u00e1s cuenta con una cubierta superior al aire libre, desde donde los pasajeros pueden fotografiar el paisaje, observar la fauna y disfrutar del tr\u00e1nsito fluvial.<\/p><p>El armador del \u201cVENEZIA\u201d, Rodrigo Lovera, destac\u00f3 que el proyecto responde a una convicci\u00f3n clara sobre el potencial tur\u00edstico de la ciudad. \u201cEsta embarcaci\u00f3n nace como una apuesta por diversificar la oferta tur\u00edstica fluvial de Valdivia, incorporando un est\u00e1ndar de comodidad y servicio que est\u00e9 a la altura de una ciudad que vive de cara a sus r\u00edos. El VENEZIA busca poner en valor la navegaci\u00f3n como una experiencia integral, no solo como un traslado\u201d, se\u00f1al\u00f3.<\/p><p>El recorrido se desarrolla en un entorno privilegiado, atravesando el Santuario de la Naturaleza Carlos Anwandter, uno de los humedales m\u00e1s relevantes del sur del pa\u00eds, donde la observaci\u00f3n de aves y la vida del r\u00edo acompa\u00f1an permanentemente la traves\u00eda. En este contexto, la navegaci\u00f3n se transforma en parte esencial del atractivo tur\u00edstico, reforzando la relaci\u00f3n hist\u00f3rica de la ciudad con su red fluvial. El destino final del recorrido es la localidad de Punucapa, distante 18 kil\u00f3metros de Valdivia, donde los visitantes pueden disfrutar de la gastronom\u00eda t\u00edpica en la Feria Costumbrista, visitar la iglesia del lugar o conocer la producci\u00f3n local de sidra.<\/p><p>Un elemento distintivo del viaje es el relato guiado a bordo, a cargo del gu\u00eda tur\u00edstico Carlos Oyarz\u00fan, quien acompa\u00f1a a los pasajeros con informaci\u00f3n hist\u00f3rica y cultural sobre Valdivia, sus r\u00edos y el territorio que se recorre. Con un estilo cercano, ameno y did\u00e1ctico, el gu\u00eda va entregando antecedentes mientras la embarcaci\u00f3n avanza, haciendo el trayecto entretenido y educativo, y coordinando la visita a Punucapa, una vez que la embarcaci\u00f3n arriba a su destino.<\/p><p>La puesta en marcha del catamar\u00e1n \u201cVENEZIA\u201d representa una se\u00f1al concreta de confianza en el desarrollo fluvial de Valdivia. En una ciudad donde el r\u00edo es parte de la vida cotidiana \u2014una calle m\u00e1s dentro del tejido urbano\u2014, la incorporaci\u00f3n de nuevas embarcaciones y servicios tur\u00edsticos contribuye a fortalecer su identidad, proyectar su imagen y consolidar un modelo de turismo coherente con su patrimonio natural y cultural.<\/p><p>La decisi\u00f3n del grupo \u201cBarcos de Valdivia\u201d de incorporar una nueva embarcaci\u00f3n es digna de destacar, y responde a las proyecciones que existen en torno al posicionamiento de Valdivia como un destino tur\u00edstico de alta demanda por los visitantes nacionales, lo que permite proyectar a esta actividad comercial como un motor relevante para el desarrollo econ\u00f3mico de la capital regional y sus localidades aleda\u00f1as.<\/p><p><strong>Marcelo Patroni, director de El Fuerte Noticias<\/strong><\/p>\t\t\t\t\t\t\t<\/div>\r\n\t\t\t\t\t\t\t\t\t\t<\/div>\n\t\t\t\t<div class=\"elementor-element elementor-element-96e808e flex-horizontal-align-default flex-horizontal-align-tablet-default flex-horizontal-align-mobile-default flex-vertical-align-default flex-vertical-align-tablet-default flex-vertical-align-mobile-default elementor-widget elementor-widget-thegem-gallery-slider\" data-id=\"96e808e\" data-element_type=\"widget\" data-settings=\"{&quot;icon_show&quot;:&quot;yes&quot;}\" data-widget_type=\"thegem-gallery-slider.default\">\n\t\t\t\t<div class=\"elementor-widget-container\">\n\t\t\t\t\t\n\t\t<div class=\"preloader\">\n\t\t\t<div class=\"preloader-spin\"><\/div>\n\t\t<\/div>\n\t\t<div class=\"gem-gallery gem-gallery-hover-default  no-thumbs  with-pagination\" data-autoscroll=\"3000\">\n\t\t\t\t\t\t\t\n<div class=\"gem-gallery-item\">\n\t<div class=\"gem-gallery-item-image\">\n\t\t<a href=\"https:\/\/elfuerte.cl\/web\/wp-content\/uploads\/2026\/01\/Catamaran-3-thegem-gallery-fullwidth.jpg\"\n\t\t\tdata-full-image-url=\"https:\/\/elfuerte.cl\/web\/wp-content\/uploads\/2026\/01\/Catamaran-3.jpg\"\n\t\t\tdata-elementor-open-lightbox=\"no\"\n\t\t\tdata-fancybox=\"gallery-69f057b20c06b\">\n\t\t\t<svg class=\"arrow-mark\" width=\"20\" height=\"10\">\n\t\t\t\t<path d=\"M 0,10 Q 9,9 10,0 Q 11,9 20,10\"\/>\n\t\t\t<\/svg>\n\t\t\t<img src=\"https:\/\/elfuerte.cl\/web\/wp-content\/uploads\/2026\/01\/Catamaran-3-thegem-post-thumb-small.jpg\"\n\t\t\t\t alt=\"Catamar\u00e1n 3\" class=\"img-responsive\">\n\t\t\t<span class=\"gem-gallery-caption slide-info\">\n\t\t\t\t<span class=\"gem-gallery-item-title \">\n\t\t\t\t\t\t\t\t\t<\/span>\n\t\t\t\t<span class=\"gem-gallery-item-description\">\n\t\t\t\t\t\t\t\t\t<\/span>\n\t\t\t<\/span>\n\t\t\t<svg aria-hidden=\"true\" class=\"photo-icon e-font-icon-svg e-fas-camera\" viewBox=\"0 0 512 512\" xmlns=\"http:\/\/www.w3.org\/2000\/svg\"><path d=\"M512 144v288c0 26.5-21.5 48-48 48H48c-26.5 0-48-21.5-48-48V144c0-26.5 21.5-48 48-48h88l12.3-32.9c7-18.7 24.9-31.1 44.9-31.1h125.5c20 0 37.9 12.4 44.9 31.1L376 96h88c26.5 0 48 21.5 48 48zM376 288c0-66.2-53.8-120-120-120s-120 53.8-120 120 53.8 120 120 120 120-53.8 120-120zm-32 0c0 48.5-39.5 88-88 88s-88-39.5-88-88 39.5-88 88-88 88 39.5 88 88z\"><\/path><\/svg>\t\t\t\t\t<\/a>\n\t<\/div>\n<\/div>\n\n\t\t\t\t\t\t\t\t\t\t\t\n<div class=\"gem-gallery-item\">\n\t<div class=\"gem-gallery-item-image\">\n\t\t<a href=\"https:\/\/elfuerte.cl\/web\/wp-content\/uploads\/2026\/01\/Catamaran-4-thegem-gallery-fullwidth.jpg\"\n\t\t\tdata-full-image-url=\"https:\/\/elfuerte.cl\/web\/wp-content\/uploads\/2026\/01\/Catamaran-4.jpg\"\n\t\t\tdata-elementor-open-lightbox=\"no\"\n\t\t\tdata-fancybox=\"gallery-69f057b20c06b\">\n\t\t\t<svg class=\"arrow-mark\" width=\"20\" height=\"10\">\n\t\t\t\t<path d=\"M 0,10 Q 9,9 10,0 Q 11,9 20,10\"\/>\n\t\t\t<\/svg>\n\t\t\t<img src=\"https:\/\/elfuerte.cl\/web\/wp-content\/uploads\/2026\/01\/Catamaran-4-thegem-post-thumb-small.jpg\"\n\t\t\t\t alt=\"Catamar\u00e1n 4\" class=\"img-responsive\">\n\t\t\t<span class=\"gem-gallery-caption slide-info\">\n\t\t\t\t<span class=\"gem-gallery-item-title \">\n\t\t\t\t\t\t\t\t\t<\/span>\n\t\t\t\t<span class=\"gem-gallery-item-description\">\n\t\t\t\t\t\t\t\t\t<\/span>\n\t\t\t<\/span>\n\t\t\t<svg aria-hidden=\"true\" class=\"photo-icon e-font-icon-svg e-fas-camera\" viewBox=\"0 0 512 512\" xmlns=\"http:\/\/www.w3.org\/2000\/svg\"><path d=\"M512 144v288c0 26.5-21.5 48-48 48H48c-26.5 0-48-21.5-48-48V144c0-26.5 21.5-48 48-48h88l12.3-32.9c7-18.7 24.9-31.1 44.9-31.1h125.5c20 0 37.9 12.4 44.9 31.1L376 96h88c26.5 0 48 21.5 48 48zM376 288c0-66.2-53.8-120-120-120s-120 53.8-120 120 53.8 120 120 120 120-53.8 120-120zm-32 0c0 48.5-39.5 88-88 88s-88-39.5-88-88 39.5-88 88-88 88 39.5 88 88z\"><\/path><\/svg>\t\t\t\t\t<\/a>\n\t<\/div>\n<\/div>\n\n\t\t\t\t\t\t\t\t\t\t\t\n<div class=\"gem-gallery-item\">\n\t<div class=\"gem-gallery-item-image\">\n\t\t<a href=\"https:\/\/elfuerte.cl\/web\/wp-content\/uploads\/2026\/01\/Catamaran-zoom-thegem-gallery-fullwidth.png\"\n\t\t\tdata-full-image-url=\"https:\/\/elfuerte.cl\/web\/wp-content\/uploads\/2026\/01\/Catamaran-zoom.png\"\n\t\t\tdata-elementor-open-lightbox=\"no\"\n\t\t\tdata-fancybox=\"gallery-69f057b20c06b\">\n\t\t\t<svg class=\"arrow-mark\" width=\"20\" height=\"10\">\n\t\t\t\t<path d=\"M 0,10 Q 9,9 10,0 Q 11,9 20,10\"\/>\n\t\t\t<\/svg>\n\t\t\t<img src=\"https:\/\/elfuerte.cl\/web\/wp-content\/uploads\/2026\/01\/Catamaran-zoom-thegem-post-thumb-small.png\"\n\t\t\t\t alt=\"Catamar\u00e1n zoom\" class=\"img-responsive\">\n\t\t\t<span class=\"gem-gallery-caption slide-info\">\n\t\t\t\t<span class=\"gem-gallery-item-title \">\n\t\t\t\t\t\t\t\t\t<\/span>\n\t\t\t\t<span class=\"gem-gallery-item-description\">\n\t\t\t\t\t\t\t\t\t<\/span>\n\t\t\t<\/span>\n\t\t\t<svg aria-hidden=\"true\" class=\"photo-icon e-font-icon-svg e-fas-camera\" viewBox=\"0 0 512 512\" xmlns=\"http:\/\/www.w3.org\/2000\/svg\"><path d=\"M512 144v288c0 26.5-21.5 48-48 48H48c-26.5 0-48-21.5-48-48V144c0-26.5 21.5-48 48-48h88l12.3-32.9c7-18.7 24.9-31.1 44.9-31.1h125.5c20 0 37.9 12.4 44.9 31.1L376 96h88c26.5 0 48 21.5 48 48zM376 288c0-66.2-53.8-120-120-120s-120 53.8-120 120 53.8 120 120 120 120-53.8 120-120zm-32 0c0 48.5-39.5 88-88 88s-88-39.5-88-88 39.5-88 88-88 88 39.5 88 88z\"><\/path><\/svg>\t\t\t\t\t<\/a>\n\t<\/div>\n<\/div>\n\n\t\t\t\t\t\t\t\t\t\t\t\n<div class=\"gem-gallery-item\">\n\t<div class=\"gem-gallery-item-image\">\n\t\t<a href=\"https:\/\/elfuerte.cl\/web\/wp-content\/uploads\/2026\/01\/Catamaran-scaled-thegem-gallery-fullwidth.jpg\"\n\t\t\tdata-full-image-url=\"https:\/\/elfuerte.cl\/web\/wp-content\/uploads\/2026\/01\/Catamaran-scaled.jpg\"\n\t\t\tdata-elementor-open-lightbox=\"no\"\n\t\t\tdata-fancybox=\"gallery-69f057b20c06b\">\n\t\t\t<svg class=\"arrow-mark\" width=\"20\" height=\"10\">\n\t\t\t\t<path d=\"M 0,10 Q 9,9 10,0 Q 11,9 20,10\"\/>\n\t\t\t<\/svg>\n\t\t\t<img src=\"https:\/\/elfuerte.cl\/web\/wp-content\/uploads\/2026\/01\/Catamaran-scaled-thegem-post-thumb-small.jpg\"\n\t\t\t\t alt=\"Catamaran\" class=\"img-responsive\">\n\t\t\t<span class=\"gem-gallery-caption slide-info\">\n\t\t\t\t<span class=\"gem-gallery-item-title \">\n\t\t\t\t\t\t\t\t\t<\/span>\n\t\t\t\t<span class=\"gem-gallery-item-description\">\n\t\t\t\t\t\t\t\t\t<\/span>\n\t\t\t<\/span>\n\t\t\t<svg aria-hidden=\"true\" class=\"photo-icon e-font-icon-svg e-fas-camera\" viewBox=\"0 0 512 512\" xmlns=\"http:\/\/www.w3.org\/2000\/svg\"><path d=\"M512 144v288c0 26.5-21.5 48-48 48H48c-26.5 0-48-21.5-48-48V144c0-26.5 21.5-48 48-48h88l12.3-32.9c7-18.7 24.9-31.1 44.9-31.1h125.5c20 0 37.9 12.4 44.9 31.1L376 96h88c26.5 0 48 21.5 48 48zM376 288c0-66.2-53.8-120-120-120s-120 53.8-120 120 53.8 120 120 120 120-53.8 120-120zm-32 0c0 48.5-39.5 88-88 88s-88-39.5-88-88 39.5-88 88-88 88 39.5 88 88z\"><\/path><\/svg>\t\t\t\t\t<\/a>\n\t<\/div>\n<\/div>\n\n\t\t\t\t\t\t\t\t\t\t\t\n<div class=\"gem-gallery-item\">\n\t<div class=\"gem-gallery-item-image\">\n\t\t<a href=\"https:\/\/elfuerte.cl\/web\/wp-content\/uploads\/2026\/01\/catamaran-1-thegem-gallery-fullwidth.jpg\"\n\t\t\tdata-full-image-url=\"https:\/\/elfuerte.cl\/web\/wp-content\/uploads\/2026\/01\/catamaran-1.jpg\"\n\t\t\tdata-elementor-open-lightbox=\"no\"\n\t\t\tdata-fancybox=\"gallery-69f057b20c06b\">\n\t\t\t<svg class=\"arrow-mark\" width=\"20\" height=\"10\">\n\t\t\t\t<path d=\"M 0,10 Q 9,9 10,0 Q 11,9 20,10\"\/>\n\t\t\t<\/svg>\n\t\t\t<img src=\"https:\/\/elfuerte.cl\/web\/wp-content\/uploads\/2026\/01\/catamaran-1-thegem-post-thumb-small.jpg\"\n\t\t\t\t alt=\"catamar\u00e1n\" class=\"img-responsive\">\n\t\t\t<span class=\"gem-gallery-caption slide-info\">\n\t\t\t\t<span class=\"gem-gallery-item-title \">\n\t\t\t\t\t\t\t\t\t<\/span>\n\t\t\t\t<span class=\"gem-gallery-item-description\">\n\t\t\t\t\t\t\t\t\t<\/span>\n\t\t\t<\/span>\n\t\t\t<svg aria-hidden=\"true\" class=\"photo-icon e-font-icon-svg e-fas-camera\" viewBox=\"0 0 512 512\" xmlns=\"http:\/\/www.w3.org\/2000\/svg\"><path d=\"M512 144v288c0 26.5-21.5 48-48 48H48c-26.5 0-48-21.5-48-48V144c0-26.5 21.5-48 48-48h88l12.3-32.9c7-18.7 24.9-31.1 44.9-31.1h125.5c20 0 37.9 12.4 44.9 31.1L376 96h88c26.5 0 48 21.5 48 48zM376 288c0-66.2-53.8-120-120-120s-120 53.8-120 120 53.8 120 120 120 120-53.8 120-120zm-32 0c0 48.5-39.5 88-88 88s-88-39.5-88-88 39.5-88 88-88 88 39.5 88 88z\"><\/path><\/svg>\t\t\t\t\t<\/a>\n\t<\/div>\n<\/div>\n\n\t\t\t\t\t\t\t\t\t<\/div>\n\t\t\t\t\t\t<\/div>\n\t\t\t\t<\/div>\n\t\t\t\t<div class=\"elementor-element elementor-element-5ac3e4a flex-horizontal-align-default flex-horizontal-align-tablet-default flex-horizontal-align-mobile-default flex-vertical-align-default flex-vertical-align-tablet-default flex-vertical-align-mobile-default elementor-widget elementor-widget-thegem-styledimage\" data-id=\"5ac3e4a\" data-element_type=\"widget\" data-settings=\"{&quot;thegem_elementor_preset&quot;:&quot;style-2&quot;,&quot;image&quot;:{&quot;url&quot;:&quot;https:\\\/\\\/elfuerte.cl\\\/web\\\/wp-content\\\/uploads\\\/2025\\\/10\\\/bannerefdelsur.jpg&quot;,&quot;id&quot;:1540,&quot;size&quot;:&quot;&quot;,&quot;alt&quot;:&quot;&quot;,&quot;source&quot;:&quot;library&quot;},&quot;image_position&quot;:&quot;left&quot;}\" data-widget_type=\"thegem-styledimage.default\">\n\t\t\t\t<div class=\"elementor-widget-container\">\n\t\t\t\t\t\n<div class=\"styled-image-wrapper\">\n\t\t\t<div class=\"gem-image gem-wrapbox gem-wrapbox-style-2 gem-wrapbox-position-left lazy-loading \">\n\t\t\t<div class=\"gem-wrapbox-inner  lazy-loading-item\"  data-ll-effect=\"move-up\">\n\t\t\t\t\t\t\t\t<a href=\"#\">\n\t\t\t\t\t\t\t\t\t\t<img class=\"gem-wrapbox-element img-responsive \"\n\t\t\t\t\t\t src=\"https:\/\/elfuerte.cl\/web\/wp-content\/uploads\/2025\/10\/bannerefdelsur.jpg\"\n\t\t\t\t\t\t alt=\"bannerefdelsur\">\n\t\t\t\t\t\t\t\t\t\t\t\t\t\t<\/a>\n\t\t\t\t\t\t<\/div>\n\t\t<\/div>\n\t\t<\/div>\n\n\n\t\n\t\t\t\t\t\t<\/div>\n\t\t\t\t<\/div>\n\t\t\t\t\t<\/div>\n\t\t<\/div>\n\t\t\t\t<div class=\"elementor-column elementor-col-33 elementor-top-column elementor-element elementor-element-dfac7b7\" data-id=\"dfac7b7\" data-element_type=\"column\">\n\t\t\t<div class=\"elementor-widget-wrap elementor-element-populated\">\n\t\t\t\t\t\t<div class=\"elementor-element elementor-element-af7077d flex-horizontal-align-default flex-horizontal-align-tablet-default flex-horizontal-align-mobile-default flex-vertical-align-default flex-vertical-align-tablet-default flex-vertical-align-mobile-default elementor-widget elementor-widget-sidebar\" data-id=\"af7077d\" data-element_type=\"widget\" data-settings=\"{&quot;thegem_custom_css&quot;:&quot;.gem-pp-posts-image {\\r\\n    width: 72px;\\r\\n}\\r\\n.gem-pp-posts-image img {\\r\\n    border-radius: 50%;\\r\\n}\\r\\nselector h4 {\\r\\n    padding-top: 40px;\\r\\n}&quot;}\" data-widget_type=\"sidebar.default\">\n\t\t\t\t\t<aside id=\"media_image-3\" class=\"widget widget_media_image\"><img width=\"750\" height=\"750\" src=\"https:\/\/elfuerte.cl\/web\/wp-content\/uploads\/2025\/10\/bannerrojook.jpg\" class=\"image wp-image-1681  attachment-full size-full\" alt=\"\" style=\"max-width: 100%; height: auto;\" title=\"Banner\" srcset=\"https:\/\/elfuerte.cl\/web\/wp-content\/uploads\/2025\/10\/bannerrojook.jpg 750w, https:\/\/elfuerte.cl\/web\/wp-content\/uploads\/2025\/10\/bannerrojook-300x300.jpg 300w, https:\/\/elfuerte.cl\/web\/wp-content\/uploads\/2025\/10\/bannerrojook-150x150.jpg 150w, https:\/\/elfuerte.cl\/web\/wp-content\/uploads\/2025\/10\/bannerrojook-256x256.jpg 256w\" sizes=\"(max-width: 750px) 100vw, 750px\" \/><\/aside><aside id=\"categories-2\" class=\"widget widget_categories\"><h4 class=\"widget-title\">Secciones<\/h4>\n\t\t\t<ul>\n\t\t\t\t\t<li class=\"cat-item cat-item-21\"><a href=\"https:\/\/elfuerte.cl\/web\/category\/actualidad\/\" title=\"View all posts filed under Actualidad\">Actualidad<\/a>\n<\/li>\n\t<li class=\"cat-item cat-item-100\"><a href=\"https:\/\/elfuerte.cl\/web\/category\/destacados\/\" title=\"View all posts filed under Destacados\">Destacados<\/a>\n<\/li>\n\t<li class=\"cat-item cat-item-101\"><a href=\"https:\/\/elfuerte.cl\/web\/category\/region-ludica\/\" title=\"View all posts filed under Regi\u00f3n L\u00fadica\">Regi\u00f3n L\u00fadica<\/a>\n<\/li>\n\t<li class=\"cat-item cat-item-157\"><a href=\"https:\/\/elfuerte.cl\/web\/category\/sala-de-redaccion\/\" title=\"View all posts filed under Sala de Redacci\u00f3n\">Sala de Redacci\u00f3n<\/a>\n<\/li>\n\t\t\t<\/ul>\n\n\t\t\t<\/aside><aside id=\"custom_popular_posts-2\" class=\"widget Custom_Popular_Posts\"><h4 class=\"widget-title\">Populares<\/h4><ul class=\"posts  styled\"><li class=\"clearfix gem-pp-posts\"><div class=\"gem-pp-posts-image\"><a href=\"https:\/\/elfuerte.cl\/web\/2026\/04\/27\/intercambio-de-semillas-y-experiencias-conecta-comunidades-del-pais-en-torno-a-la-restauracion-del-bosque-nativo-en-los-rios\/\"><img src=\"https:\/\/elfuerte.cl\/web\/wp-content\/uploads\/2026\/04\/portada-2026-04-27T102238.493-thegem-post-thumb-large.jpg\" srcset=\"https:\/\/elfuerte.cl\/web\/wp-content\/uploads\/2026\/04\/portada-2026-04-27T102238.493-thegem-post-thumb-small.jpg 1x, https:\/\/elfuerte.cl\/web\/wp-content\/uploads\/2026\/04\/portada-2026-04-27T102238.493-thegem-post-thumb-large.jpg 2x\" alt=\"\"\/><\/a><\/div><div class=\"gem-pp-posts-text\"> <div class=\"gem-pp-posts-item\"><a href=\"https:\/\/elfuerte.cl\/web\/2026\/04\/27\/intercambio-de-semillas-y-experiencias-conecta-comunidades-del-pais-en-torno-a-la-restauracion-del-bosque-nativo-en-los-rios\/\">Intercambio de semillas y experiencias conecta comunidades del pa\u00eds en torno a la restauraci\u00f3n del bosque nativo en Los R\u00edos<\/a><\/div><div class=\"gem-pp-posts-date\">27\/04\/2026<\/div><\/div><\/li><li class=\"clearfix gem-pp-posts\"><div class=\"gem-pp-posts-image\"><a href=\"https:\/\/elfuerte.cl\/web\/2025\/10\/11\/recuperar-una-casa-y-un-icono-de-la-historia-lotina\/\"><img src=\"https:\/\/elfuerte.cl\/web\/wp-content\/uploads\/2025\/10\/actualidad003-copia-thegem-post-thumb-large.jpg\" srcset=\"https:\/\/elfuerte.cl\/web\/wp-content\/uploads\/2025\/10\/actualidad003-copia-thegem-post-thumb-small.jpg 1x, https:\/\/elfuerte.cl\/web\/wp-content\/uploads\/2025\/10\/actualidad003-copia-thegem-post-thumb-large.jpg 2x\" alt=\"\"\/><\/a><\/div><div class=\"gem-pp-posts-text\"> <div class=\"gem-pp-posts-item\"><a href=\"https:\/\/elfuerte.cl\/web\/2025\/10\/11\/recuperar-una-casa-y-un-icono-de-la-historia-lotina\/\">Recuperar una casa y un \u00edcono de la historia lotina<\/a><\/div><div class=\"gem-pp-posts-date\">11\/10\/2025<\/div><\/div><\/li><li class=\"clearfix gem-pp-posts\"><div class=\"gem-pp-posts-image\"><a href=\"https:\/\/elfuerte.cl\/web\/2025\/10\/08\/indap-impulsa-acceso-a-tierras-y-emprendimiento-para-juventudes-rurales-con-nuevo-programa-tierra-joven\/\"><img src=\"https:\/\/elfuerte.cl\/web\/wp-content\/uploads\/2025\/10\/actualidad001-copia-thegem-post-thumb-large.jpg\" srcset=\"https:\/\/elfuerte.cl\/web\/wp-content\/uploads\/2025\/10\/actualidad001-copia-thegem-post-thumb-small.jpg 1x, https:\/\/elfuerte.cl\/web\/wp-content\/uploads\/2025\/10\/actualidad001-copia-thegem-post-thumb-large.jpg 2x\" alt=\"\"\/><\/a><\/div><div class=\"gem-pp-posts-text\"> <div class=\"gem-pp-posts-item\"><a href=\"https:\/\/elfuerte.cl\/web\/2025\/10\/08\/indap-impulsa-acceso-a-tierras-y-emprendimiento-para-juventudes-rurales-con-nuevo-programa-tierra-joven\/\">INDAP impulsa acceso a tierras y emprendimiento para juventudes rurales con nuevo programa \u201cTierra Joven\u201d<\/a><\/div><div class=\"gem-pp-posts-date\">08\/10\/2025<\/div><\/div><\/li><li class=\"clearfix gem-pp-posts\"><div class=\"gem-pp-posts-image\"><a href=\"https:\/\/elfuerte.cl\/web\/2025\/09\/05\/la-derrota-que-dejo-al-gobierno-sin-brujula\/\"><img src=\"https:\/\/elfuerte.cl\/web\/wp-content\/uploads\/2025\/09\/actualidad004-thegem-post-thumb-large.jpg\" srcset=\"https:\/\/elfuerte.cl\/web\/wp-content\/uploads\/2025\/09\/actualidad004-thegem-post-thumb-small.jpg 1x, https:\/\/elfuerte.cl\/web\/wp-content\/uploads\/2025\/09\/actualidad004-thegem-post-thumb-large.jpg 2x\" alt=\"\"\/><\/a><\/div><div class=\"gem-pp-posts-text\"> <div class=\"gem-pp-posts-item\"><a href=\"https:\/\/elfuerte.cl\/web\/2025\/09\/05\/la-derrota-que-dejo-al-gobierno-sin-brujula\/\">La derrota que dej\u00f3 al gobierno sin br\u00fajula<\/a><\/div><div class=\"gem-pp-posts-date\">05\/09\/2025<\/div><\/div><\/li><\/ul><\/aside>\t\t\t\t<\/div>\n\t\t\t\t\t<\/div>\n\t\t<\/div>\n\t\t\t\t\t<\/div><\/div>\r\n\t\t<\/section>\r\n\t\t\t\t<\/div>\n\t\t","protected":false},"excerpt":{"rendered":"<p>La nueva embarcaci\u00f3n marca un hito para la navegaci\u00f3n tur\u00edstica local, con una inversi\u00f3n cercana a los $400 millones y un est\u00e1ndar de confort que refuerza la identidad de Valdivia como la \u00fanica ciudad con una red fluvial navegable del pa\u00eds.<\/p>\n","protected":false},"author":1,"featured_media":3321,"comment_status":"closed","ping_status":"closed","sticky":false,"template":"single-fullwidth.php","format":"standard","meta":{"footnotes":""},"categories":[21,100],"tags":[65,391,142],"class_list":{"0":"post-3319","1":"post","2":"type-post","3":"status-publish","4":"format-standard","5":"has-post-thumbnail","7":"category-actualidad","8":"category-destacados","9":"tag-actualidad","10":"tag-catamaran","11":"tag-valdivia"},"menu_order":0,"_links":{"self":[{"href":"https:\/\/elfuerte.cl\/web\/wp-json\/wp\/v2\/posts\/3319","targetHints":{"allow":["GET"]}}],"collection":[{"href":"https:\/\/elfuerte.cl\/web\/wp-json\/wp\/v2\/posts"}],"about":[{"href":"https:\/\/elfuerte.cl\/web\/wp-json\/wp\/v2\/types\/post"}],"author":[{"embeddable":true,"href":"https:\/\/elfuerte.cl\/web\/wp-json\/wp\/v2\/users\/1"}],"replies":[{"embeddable":true,"href":"https:\/\/elfuerte.cl\/web\/wp-json\/wp\/v2\/comments?post=3319"}],"version-history":[{"count":10,"href":"https:\/\/elfuerte.cl\/web\/wp-json\/wp\/v2\/posts\/3319\/revisions"}],"predecessor-version":[{"id":3335,"href":"https:\/\/elfuerte.cl\/web\/wp-json\/wp\/v2\/posts\/3319\/revisions\/3335"}],"wp:featuredmedia":[{"embeddable":true,"href":"https:\/\/elfuerte.cl\/web\/wp-json\/wp\/v2\/media\/3321"}],"wp:attachment":[{"href":"https:\/\/elfuerte.cl\/web\/wp-json\/wp\/v2\/media?parent=3319"}],"wp:term":[{"taxonomy":"category","embeddable":true,"href":"https:\/\/elfuerte.cl\/web\/wp-json\/wp\/v2\/categories?post=3319"},{"taxonomy":"post_tag","embeddable":true,"href":"https:\/\/elfuerte.cl\/web\/wp-json\/wp\/v2\/tags?post=3319"}],"curies":[{"name":"wp","href":"https:\/\/api.w.org\/{rel}","templated":true}]}}