{"id":3392,"date":"2026-01-15T08:15:49","date_gmt":"2026-01-15T11:15:49","guid":{"rendered":"https:\/\/elfuerte.cl\/web\/?p=3392"},"modified":"2026-01-15T08:18:34","modified_gmt":"2026-01-15T11:18:34","slug":"congreso-futuro-refuerza-el-rol-de-la-ciencia-como-eje-clave-para-el-desarrollo-del-pais","status":"publish","type":"post","link":"https:\/\/elfuerte.cl\/web\/2026\/01\/15\/congreso-futuro-refuerza-el-rol-de-la-ciencia-como-eje-clave-para-el-desarrollo-del-pais\/","title":{"rendered":"Congreso Futuro refuerza el rol de la ciencia como eje clave para el desarrollo del pa\u00eds"},"content":{"rendered":"\t\t<div data-elementor-type=\"wp-post\" data-elementor-id=\"3392\" class=\"elementor elementor-3392\">\n\t\t\t\t\t\t<section class=\"elementor-section elementor-top-section elementor-element elementor-element-464cea7 elementor-section-boxed elementor-section-height-default elementor-section-height-default\" data-id=\"464cea7\" data-element_type=\"section\">\r\n\t\t\t\t\t\t<div class=\"elementor-container elementor-column-gap-thegem\"><div class=\"elementor-row\">\r\n\t\t\t\t\t<div class=\"elementor-column elementor-col-66 elementor-top-column elementor-element elementor-element-2f44c54\" data-id=\"2f44c54\" data-element_type=\"column\">\n\t\t\t<div class=\"elementor-widget-wrap elementor-element-populated\">\n\t\t\t\t\t\t<div class=\"elementor-element elementor-element-ab386a6 flex-horizontal-align-default flex-horizontal-align-tablet-default flex-horizontal-align-mobile-default flex-vertical-align-default flex-vertical-align-tablet-default flex-vertical-align-mobile-default elementor-widget elementor-widget-heading\" data-id=\"ab386a6\" data-element_type=\"widget\" data-widget_type=\"heading.default\">\n\t\t\t\t\t<div class=\"title-h1 elementor-heading-title elementor-size-default\">Congreso Futuro refuerza el rol de la ciencia como eje clave para el desarrollo del pa\u00eds<\/div>\t\t\t\t<\/div>\n\t\t\t\t<div class=\"elementor-element elementor-element-8427bf3 flex-horizontal-align-default flex-horizontal-align-tablet-default flex-horizontal-align-mobile-default flex-vertical-align-default flex-vertical-align-tablet-default flex-vertical-align-mobile-default elementor-widget elementor-widget-text-editor\" data-id=\"8427bf3\" data-element_type=\"widget\" data-widget_type=\"text-editor.default\">\n\t\t\t\t\t\t\t\t\t\t\t\t<div class=\"elementor-text-editor elementor-clearfix\">\r\n\t\t\t\t\t\t<p><strong>Valdivia ser\u00e1 sede del XI Congreso Futuro Regi\u00f3n de Los R\u00edos, instancia que se desarrollar\u00e1 este viernes 16 de enero en el Espacio Cultural La Le\u00f1era, Campus de Los Museos de la Universidad Austral de Chile.<\/strong><\/p><p>El desarrollo de la ciencia y la tecnolog\u00eda se ha consolidado como uno de los pilares fundamentales para el progreso de los pa\u00edses y para la construcci\u00f3n de sociedades m\u00e1s justas, resilientes e innovadoras. En ese contexto, Chile ha venido desarrollando en los \u00faltimos a\u00f1os un trabajo sostenido y estrat\u00e9gico en materia cient\u00edfica, especialmente en astronom\u00eda \u2014gracias a la instalaci\u00f3n de observatorios de clase mundial\u2014, y en ciencias de la tierra, medio ambiente y ecolog\u00eda, donde instituciones acad\u00e9micas nacionales lideran producci\u00f3n cient\u00edfica relevante. La biotecnolog\u00eda y la ingenier\u00eda aplicada tambi\u00e9n muestran un crecimiento importante dentro del sistema de investigaci\u00f3n, contribuyendo al reconocimiento del pa\u00eds como un actor significativo en ciencia y tecnolog\u00eda a nivel internacional.<\/p><p>Ese escenario cobra especial sentido con la realizaci\u00f3n de Congreso Futuro, una de las iniciativas de divulgaci\u00f3n cient\u00edfica m\u00e1s importantes del pa\u00eds, que busca acercar el conocimiento a la ciudadan\u00eda y promover el debate informado sobre los principales desaf\u00edos del presente y del futuro. A nivel nacional, este encuentro se ha transformado en una plataforma clave para poner en valor la ciencia como motor de desarrollo, innovaci\u00f3n y toma de decisiones p\u00fablicas.<\/p><p>En ese marco, Valdivia ser\u00e1 sede del XI Congreso Futuro Regi\u00f3n de Los R\u00edos, instancia que se desarrollar\u00e1 este viernes 16 de enero en el Espacio Cultural La Le\u00f1era, Campus de Los Museos de la Universidad Austral de Chile, consolidando a la capital regional como un polo relevante para la reflexi\u00f3n cient\u00edfica y el di\u00e1logo entre academia, instituciones p\u00fablicas y comunidad.<\/p><p>La actividad, de car\u00e1cter gratuito y abierta a la comunidad, reunir\u00e1 a expertos y expertas nacionales e internacionales para abordar los grandes desaf\u00edos que enfrenta el territorio desde una mirada cient\u00edfica, territorial y ciudadana. El programa contempla dos ejes centrales de discusi\u00f3n: Socioecolog\u00eda y Alimentaci\u00f3n, tem\u00e1ticas que dialogan directamente con problem\u00e1ticas globales como la sostenibilidad, la convivencia multiespecie, las ciudades resilientes y el desarrollo de tecnolog\u00edas alimentarias seguras e innovadoras.<\/p><p>El XI Congreso Futuro Los R\u00edos es fruto de un trabajo colaborativo entre la Universidad Austral de Chile, la Comisi\u00f3n Desaf\u00edos del Futuro del Senado, la Delegaci\u00f3n Presidencial de Los R\u00edos, Fomento Los R\u00edos de CORFO y la Ilustre Municipalidad de Valdivia, dando cuenta de la importancia del trabajo mancomunado entre el mundo acad\u00e9mico, el Estado y los gobiernos locales para impulsar una agenda cient\u00edfica con impacto territorial.<\/p><p>En este contexto, el senador por la Regi\u00f3n de Los R\u00edos, Alfonso de Urresti, destac\u00f3 la relevancia de Congreso Futuro como espacio de encuentro entre ciencia, pol\u00edtica y ciudadan\u00eda, se\u00f1alando que \u201ca nivel nacional, Congreso Futuro se ha posicionado como uno de los principales espacios de reflexi\u00f3n cient\u00edfica y de innovaci\u00f3n, contribuyendo a la democratizaci\u00f3n del conocimiento y al fortalecimiento de una discusi\u00f3n p\u00fablica informada. Este encuentro permite vincular los debates globales \u2014en \u00e1mbitos como el desarrollo tecnol\u00f3gico, los cambios sociales y los desaf\u00edos ambientales\u2014 con las preguntas y preocupaciones que enfrenta hoy el pa\u00eds\u201d.<\/p><p><img class=\"aligncenter size-full wp-image-3395\" src=\"https:\/\/elfuerte.cl\/web\/wp-content\/uploads\/2026\/01\/IMG-CF_-FEED.jpg\" alt=\"\" width=\"1080\" height=\"1350\" srcset=\"https:\/\/elfuerte.cl\/web\/wp-content\/uploads\/2026\/01\/IMG-CF_-FEED.jpg 1080w, https:\/\/elfuerte.cl\/web\/wp-content\/uploads\/2026\/01\/IMG-CF_-FEED-240x300.jpg 240w, https:\/\/elfuerte.cl\/web\/wp-content\/uploads\/2026\/01\/IMG-CF_-FEED-819x1024.jpg 819w, https:\/\/elfuerte.cl\/web\/wp-content\/uploads\/2026\/01\/IMG-CF_-FEED-768x960.jpg 768w\" sizes=\"(max-width: 1080px) 100vw, 1080px\" \/><\/p><p>La jornada contar\u00e1 con destacados paneles, entre ellos \u201cDerecho a la ciudad, praxis de la utop\u00eda\u201d y \u201cSensores y Alimentos: Innovaci\u00f3n para una Industria M\u00e1s Segura y de Alta Calidad\u201d, donde se abordar\u00e1n temas clave para el desarrollo sustentable, la innovaci\u00f3n productiva y el bienestar de las comunidades, reafirmando el valor de la ciencia como herramienta estrat\u00e9gica para enfrentar los desaf\u00edos actuales y futuros del pa\u00eds.<\/p><p><strong>Prensa El Fuerte, con informaci\u00f3n de Prensa Congreso Futuro Los R\u00edos<\/strong><\/p>\t\t\t\t\t\t\t<\/div>\r\n\t\t\t\t\t\t\t\t\t\t<\/div>\n\t\t\t\t<div class=\"elementor-element elementor-element-5ac3e4a flex-horizontal-align-default flex-horizontal-align-tablet-default flex-horizontal-align-mobile-default flex-vertical-align-default flex-vertical-align-tablet-default flex-vertical-align-mobile-default elementor-widget elementor-widget-thegem-styledimage\" data-id=\"5ac3e4a\" data-element_type=\"widget\" data-settings=\"{&quot;thegem_elementor_preset&quot;:&quot;style-2&quot;,&quot;image&quot;:{&quot;url&quot;:&quot;https:\\\/\\\/elfuerte.cl\\\/web\\\/wp-content\\\/uploads\\\/2025\\\/10\\\/bannerefdelsur.jpg&quot;,&quot;id&quot;:1540,&quot;size&quot;:&quot;&quot;,&quot;alt&quot;:&quot;&quot;,&quot;source&quot;:&quot;library&quot;},&quot;image_position&quot;:&quot;left&quot;}\" data-widget_type=\"thegem-styledimage.default\">\n\t\t\t\t<div class=\"elementor-widget-container\">\n\t\t\t\t\t\n<div class=\"styled-image-wrapper\">\n\t\t\t<div class=\"gem-image gem-wrapbox gem-wrapbox-style-2 gem-wrapbox-position-left lazy-loading \">\n\t\t\t<div class=\"gem-wrapbox-inner  lazy-loading-item\"  data-ll-effect=\"move-up\">\n\t\t\t\t\t\t\t\t<a href=\"#\">\n\t\t\t\t\t\t\t\t\t\t<img class=\"gem-wrapbox-element img-responsive \"\n\t\t\t\t\t\t src=\"https:\/\/elfuerte.cl\/web\/wp-content\/uploads\/2025\/10\/bannerefdelsur.jpg\"\n\t\t\t\t\t\t alt=\"bannerefdelsur\">\n\t\t\t\t\t\t\t\t\t\t\t\t\t\t<\/a>\n\t\t\t\t\t\t<\/div>\n\t\t<\/div>\n\t\t<\/div>\n\n\n\t\n\t\t\t\t\t\t<\/div>\n\t\t\t\t<\/div>\n\t\t\t\t\t<\/div>\n\t\t<\/div>\n\t\t\t\t<div class=\"elementor-column elementor-col-33 elementor-top-column elementor-element elementor-element-dfac7b7\" data-id=\"dfac7b7\" data-element_type=\"column\">\n\t\t\t<div class=\"elementor-widget-wrap elementor-element-populated\">\n\t\t\t\t\t\t<div class=\"elementor-element elementor-element-af7077d flex-horizontal-align-default flex-horizontal-align-tablet-default flex-horizontal-align-mobile-default flex-vertical-align-default flex-vertical-align-tablet-default flex-vertical-align-mobile-default elementor-widget elementor-widget-sidebar\" data-id=\"af7077d\" data-element_type=\"widget\" data-settings=\"{&quot;thegem_custom_css&quot;:&quot;.gem-pp-posts-image {\\r\\n    width: 72px;\\r\\n}\\r\\n.gem-pp-posts-image img {\\r\\n    border-radius: 50%;\\r\\n}\\r\\nselector h4 {\\r\\n    padding-top: 40px;\\r\\n}&quot;}\" data-widget_type=\"sidebar.default\">\n\t\t\t\t\t<aside id=\"media_image-3\" class=\"widget widget_media_image\"><img width=\"750\" height=\"750\" src=\"https:\/\/elfuerte.cl\/web\/wp-content\/uploads\/2025\/10\/bannerrojook.jpg\" class=\"image wp-image-1681  attachment-full size-full\" alt=\"\" style=\"max-width: 100%; height: auto;\" title=\"Banner\" srcset=\"https:\/\/elfuerte.cl\/web\/wp-content\/uploads\/2025\/10\/bannerrojook.jpg 750w, https:\/\/elfuerte.cl\/web\/wp-content\/uploads\/2025\/10\/bannerrojook-300x300.jpg 300w, https:\/\/elfuerte.cl\/web\/wp-content\/uploads\/2025\/10\/bannerrojook-150x150.jpg 150w, https:\/\/elfuerte.cl\/web\/wp-content\/uploads\/2025\/10\/bannerrojook-256x256.jpg 256w\" sizes=\"(max-width: 750px) 100vw, 750px\" \/><\/aside><aside id=\"categories-2\" class=\"widget widget_categories\"><h4 class=\"widget-title\">Secciones<\/h4>\n\t\t\t<ul>\n\t\t\t\t\t<li class=\"cat-item cat-item-21\"><a href=\"https:\/\/elfuerte.cl\/web\/category\/actualidad\/\" title=\"View all posts filed under Actualidad\">Actualidad<\/a>\n<\/li>\n\t<li class=\"cat-item cat-item-100\"><a href=\"https:\/\/elfuerte.cl\/web\/category\/destacados\/\" title=\"View all posts filed under Destacados\">Destacados<\/a>\n<\/li>\n\t<li class=\"cat-item cat-item-101\"><a href=\"https:\/\/elfuerte.cl\/web\/category\/region-ludica\/\" title=\"View all posts filed under Regi\u00f3n L\u00fadica\">Regi\u00f3n L\u00fadica<\/a>\n<\/li>\n\t<li class=\"cat-item cat-item-157\"><a href=\"https:\/\/elfuerte.cl\/web\/category\/sala-de-redaccion\/\" title=\"View all posts filed under Sala de Redacci\u00f3n\">Sala de Redacci\u00f3n<\/a>\n<\/li>\n\t\t\t<\/ul>\n\n\t\t\t<\/aside><aside id=\"custom_popular_posts-2\" class=\"widget Custom_Popular_Posts\"><h4 class=\"widget-title\">Populares<\/h4><ul class=\"posts  styled\"><li class=\"clearfix gem-pp-posts\"><div class=\"gem-pp-posts-image\"><a href=\"https:\/\/elfuerte.cl\/web\/2026\/04\/27\/intercambio-de-semillas-y-experiencias-conecta-comunidades-del-pais-en-torno-a-la-restauracion-del-bosque-nativo-en-los-rios\/\"><img src=\"https:\/\/elfuerte.cl\/web\/wp-content\/uploads\/2026\/04\/portada-2026-04-27T102238.493-thegem-post-thumb-large.jpg\" srcset=\"https:\/\/elfuerte.cl\/web\/wp-content\/uploads\/2026\/04\/portada-2026-04-27T102238.493-thegem-post-thumb-small.jpg 1x, https:\/\/elfuerte.cl\/web\/wp-content\/uploads\/2026\/04\/portada-2026-04-27T102238.493-thegem-post-thumb-large.jpg 2x\" alt=\"\"\/><\/a><\/div><div class=\"gem-pp-posts-text\"> <div class=\"gem-pp-posts-item\"><a href=\"https:\/\/elfuerte.cl\/web\/2026\/04\/27\/intercambio-de-semillas-y-experiencias-conecta-comunidades-del-pais-en-torno-a-la-restauracion-del-bosque-nativo-en-los-rios\/\">Intercambio de semillas y experiencias conecta comunidades del pa\u00eds en torno a la restauraci\u00f3n del bosque nativo en Los R\u00edos<\/a><\/div><div class=\"gem-pp-posts-date\">27\/04\/2026<\/div><\/div><\/li><li class=\"clearfix gem-pp-posts\"><div class=\"gem-pp-posts-image\"><a href=\"https:\/\/elfuerte.cl\/web\/2025\/10\/11\/recuperar-una-casa-y-un-icono-de-la-historia-lotina\/\"><img src=\"https:\/\/elfuerte.cl\/web\/wp-content\/uploads\/2025\/10\/actualidad003-copia-thegem-post-thumb-large.jpg\" srcset=\"https:\/\/elfuerte.cl\/web\/wp-content\/uploads\/2025\/10\/actualidad003-copia-thegem-post-thumb-small.jpg 1x, https:\/\/elfuerte.cl\/web\/wp-content\/uploads\/2025\/10\/actualidad003-copia-thegem-post-thumb-large.jpg 2x\" alt=\"\"\/><\/a><\/div><div class=\"gem-pp-posts-text\"> <div class=\"gem-pp-posts-item\"><a href=\"https:\/\/elfuerte.cl\/web\/2025\/10\/11\/recuperar-una-casa-y-un-icono-de-la-historia-lotina\/\">Recuperar una casa y un \u00edcono de la historia lotina<\/a><\/div><div class=\"gem-pp-posts-date\">11\/10\/2025<\/div><\/div><\/li><li class=\"clearfix gem-pp-posts\"><div class=\"gem-pp-posts-image\"><a href=\"https:\/\/elfuerte.cl\/web\/2025\/10\/08\/indap-impulsa-acceso-a-tierras-y-emprendimiento-para-juventudes-rurales-con-nuevo-programa-tierra-joven\/\"><img src=\"https:\/\/elfuerte.cl\/web\/wp-content\/uploads\/2025\/10\/actualidad001-copia-thegem-post-thumb-large.jpg\" srcset=\"https:\/\/elfuerte.cl\/web\/wp-content\/uploads\/2025\/10\/actualidad001-copia-thegem-post-thumb-small.jpg 1x, https:\/\/elfuerte.cl\/web\/wp-content\/uploads\/2025\/10\/actualidad001-copia-thegem-post-thumb-large.jpg 2x\" alt=\"\"\/><\/a><\/div><div class=\"gem-pp-posts-text\"> <div class=\"gem-pp-posts-item\"><a href=\"https:\/\/elfuerte.cl\/web\/2025\/10\/08\/indap-impulsa-acceso-a-tierras-y-emprendimiento-para-juventudes-rurales-con-nuevo-programa-tierra-joven\/\">INDAP impulsa acceso a tierras y emprendimiento para juventudes rurales con nuevo programa \u201cTierra Joven\u201d<\/a><\/div><div class=\"gem-pp-posts-date\">08\/10\/2025<\/div><\/div><\/li><li class=\"clearfix gem-pp-posts\"><div class=\"gem-pp-posts-image\"><a href=\"https:\/\/elfuerte.cl\/web\/2025\/09\/05\/la-derrota-que-dejo-al-gobierno-sin-brujula\/\"><img src=\"https:\/\/elfuerte.cl\/web\/wp-content\/uploads\/2025\/09\/actualidad004-thegem-post-thumb-large.jpg\" srcset=\"https:\/\/elfuerte.cl\/web\/wp-content\/uploads\/2025\/09\/actualidad004-thegem-post-thumb-small.jpg 1x, https:\/\/elfuerte.cl\/web\/wp-content\/uploads\/2025\/09\/actualidad004-thegem-post-thumb-large.jpg 2x\" alt=\"\"\/><\/a><\/div><div class=\"gem-pp-posts-text\"> <div class=\"gem-pp-posts-item\"><a href=\"https:\/\/elfuerte.cl\/web\/2025\/09\/05\/la-derrota-que-dejo-al-gobierno-sin-brujula\/\">La derrota que dej\u00f3 al gobierno sin br\u00fajula<\/a><\/div><div class=\"gem-pp-posts-date\">05\/09\/2025<\/div><\/div><\/li><\/ul><\/aside>\t\t\t\t<\/div>\n\t\t\t\t\t<\/div>\n\t\t<\/div>\n\t\t\t\t\t<\/div><\/div>\r\n\t\t<\/section>\r\n\t\t\t\t<\/div>\n\t\t","protected":false},"excerpt":{"rendered":"<p>Valdivia ser\u00e1 sede del XI Congreso Futuro Regi\u00f3n de Los R\u00edos, instancia que se desarrollar\u00e1 este viernes 16 de enero en el Espacio Cultural La Le\u00f1era, Campus de Los Museos de la Universidad Austral de Chile.<\/p>\n","protected":false},"author":1,"featured_media":3394,"comment_status":"closed","ping_status":"closed","sticky":false,"template":"single-fullwidth.php","format":"standard","meta":{"footnotes":""},"categories":[21,100],"tags":[65,394,395],"class_list":{"0":"post-3392","1":"post","2":"type-post","3":"status-publish","4":"format-standard","5":"has-post-thumbnail","7":"category-actualidad","8":"category-destacados","9":"tag-actualidad","10":"tag-congreso","11":"tag-futuro"},"menu_order":0,"_links":{"self":[{"href":"https:\/\/elfuerte.cl\/web\/wp-json\/wp\/v2\/posts\/3392","targetHints":{"allow":["GET"]}}],"collection":[{"href":"https:\/\/elfuerte.cl\/web\/wp-json\/wp\/v2\/posts"}],"about":[{"href":"https:\/\/elfuerte.cl\/web\/wp-json\/wp\/v2\/types\/post"}],"author":[{"embeddable":true,"href":"https:\/\/elfuerte.cl\/web\/wp-json\/wp\/v2\/users\/1"}],"replies":[{"embeddable":true,"href":"https:\/\/elfuerte.cl\/web\/wp-json\/wp\/v2\/comments?post=3392"}],"version-history":[{"count":4,"href":"https:\/\/elfuerte.cl\/web\/wp-json\/wp\/v2\/posts\/3392\/revisions"}],"predecessor-version":[{"id":3398,"href":"https:\/\/elfuerte.cl\/web\/wp-json\/wp\/v2\/posts\/3392\/revisions\/3398"}],"wp:featuredmedia":[{"embeddable":true,"href":"https:\/\/elfuerte.cl\/web\/wp-json\/wp\/v2\/media\/3394"}],"wp:attachment":[{"href":"https:\/\/elfuerte.cl\/web\/wp-json\/wp\/v2\/media?parent=3392"}],"wp:term":[{"taxonomy":"category","embeddable":true,"href":"https:\/\/elfuerte.cl\/web\/wp-json\/wp\/v2\/categories?post=3392"},{"taxonomy":"post_tag","embeddable":true,"href":"https:\/\/elfuerte.cl\/web\/wp-json\/wp\/v2\/tags?post=3392"}],"curies":[{"name":"wp","href":"https:\/\/api.w.org\/{rel}","templated":true}]}}