{"id":3569,"date":"2026-01-17T10:02:51","date_gmt":"2026-01-17T13:02:51","guid":{"rendered":"https:\/\/elfuerte.cl\/web\/?p=3569"},"modified":"2026-01-17T10:06:52","modified_gmt":"2026-01-17T13:06:52","slug":"puerto-varas-profundiza-su-estrategia-de-cooperacion-internacional-y-consolida-polo-de-biotecnologia","status":"publish","type":"post","link":"https:\/\/elfuerte.cl\/web\/2026\/01\/17\/puerto-varas-profundiza-su-estrategia-de-cooperacion-internacional-y-consolida-polo-de-biotecnologia\/","title":{"rendered":"Puerto Varas profundiza su estrategia de cooperaci\u00f3n internacional y consolida polo de biotecnolog\u00eda"},"content":{"rendered":"\t\t<div data-elementor-type=\"wp-post\" data-elementor-id=\"3569\" class=\"elementor elementor-3569\">\n\t\t\t\t\t\t<section class=\"elementor-section elementor-top-section elementor-element elementor-element-464cea7 elementor-section-boxed elementor-section-height-default elementor-section-height-default\" data-id=\"464cea7\" data-element_type=\"section\">\r\n\t\t\t\t\t\t<div class=\"elementor-container elementor-column-gap-thegem\"><div class=\"elementor-row\">\r\n\t\t\t\t\t<div class=\"elementor-column elementor-col-66 elementor-top-column elementor-element elementor-element-2f44c54\" data-id=\"2f44c54\" data-element_type=\"column\">\n\t\t\t<div class=\"elementor-widget-wrap elementor-element-populated\">\n\t\t\t\t\t\t<div class=\"elementor-element elementor-element-ab386a6 flex-horizontal-align-default flex-horizontal-align-tablet-default flex-horizontal-align-mobile-default flex-vertical-align-default flex-vertical-align-tablet-default flex-vertical-align-mobile-default elementor-widget elementor-widget-heading\" data-id=\"ab386a6\" data-element_type=\"widget\" data-widget_type=\"heading.default\">\n\t\t\t\t\t<div class=\"title-h1 elementor-heading-title elementor-size-default\">Puerto Varas profundiza su estrategia de cooperaci\u00f3n internacional y consolida polo de biotecnolog\u00eda<\/div>\t\t\t\t<\/div>\n\t\t\t\t<div class=\"elementor-element elementor-element-8427bf3 flex-horizontal-align-default flex-horizontal-align-tablet-default flex-horizontal-align-mobile-default flex-vertical-align-default flex-vertical-align-tablet-default flex-vertical-align-mobile-default elementor-widget elementor-widget-text-editor\" data-id=\"8427bf3\" data-element_type=\"widget\" data-widget_type=\"text-editor.default\">\n\t\t\t\t\t\t\t\t\t\t\t\t<div class=\"elementor-text-editor elementor-clearfix\">\r\n\t\t\t\t\t\t<p><strong>La firma de un convenio con la Universidad de California, Davis, es parte de una estrategia de cooperaci\u00f3n internacional descentralizada impulsada por el municipio, que se articula con una relevante inversi\u00f3n de Corfo para el desarrollo de un Hub de Biotecnolog\u00eda en la comuna.<\/strong><\/p><p>En un esfuerzo sostenido por posicionar a Puerto Varas como un territorio innovador y con proyecci\u00f3n global, la Municipalidad de Puerto Varas firm\u00f3 un Memor\u00e1ndum de Entendimiento (MOU) con la Universidad de California, Davis y Patagonia Biotech Hub, estableciendo una alianza estrat\u00e9gica orientada al desarrollo de la biotecnolog\u00eda, la innovaci\u00f3n aplicada, la transferencia tecnol\u00f3gica y el fortalecimiento del ecosistema cient\u00edfico-tecnol\u00f3gico en la comuna, con proyecci\u00f3n regional, nacional e internacional.<\/p><p>El acuerdo permitir\u00e1 promover iniciativas conjuntas de car\u00e1cter t\u00e9cnico, cient\u00edfico y estrat\u00e9gico, orientadas a la innovaci\u00f3n aplicada, la biotecnolog\u00eda, el desarrollo sostenible y la articulaci\u00f3n de redes p\u00fablico-privadas, consolidando a Puerto Varas como un polo emergente de ciencia y tecnolog\u00eda en la Regi\u00f3n de Los Lagos.<\/p><p><strong>Cooperaci\u00f3n internacional con visi\u00f3n territorial<\/strong><\/p><p>La firma de este convenio se enmarca en un esfuerzo sostenido de la Municipalidad de Puerto Varas por avanzar en una estrategia de cooperaci\u00f3n internacional descentralizada, orientada a fortalecer el desarrollo cient\u00edfico y tecnol\u00f3gico del territorio.<\/p><p>Este acuerdo es consecuencia directa del viaje realizado previamente por el alcalde Tom\u00e1s G\u00e1rate a Estados Unidos, instancia en la que sostuvo reuniones con representantes de universidades y ecosistemas de innovaci\u00f3n, entre ellas la Universidad de California, Davis, sentando las bases de una relaci\u00f3n que hoy se materializa en este convenio.<\/p><p>En esa l\u00ednea, el alcalde de Puerto Varas, Tom\u00e1s G\u00e1rate, se\u00f1al\u00f3 que \u201ceste convenio expresa una decisi\u00f3n pol\u00edtica clara: que el desarrollo econ\u00f3mico debe avanzar hacia una nueva etapa, impulsando con liderazgo global la industria del conocimiento y la biotecnolog\u00eda. Desde el municipio hemos asumido un rol activo, creando condiciones, gobernanza p\u00fablico-privada y visi\u00f3n de largo plazo para que el conocimiento se traduzca en desarrollo productivo, empleo de calidad y sostenibilidad\u201d.<\/p><p>Desde la Universidad de California, Davis, el director ejecutivo de UC Davis Chile, Dar\u00edo Cant\u00fa, valor\u00f3 el acuerdo se\u00f1alando que \u201ceste convenio permitir\u00e1 fortalecer la presencia de UC Davis en Chile, consolidando una relaci\u00f3n cada vez m\u00e1s estrecha entre el campus de Davis y el ecosistema cient\u00edfico, acad\u00e9mico y empresarial del pa\u00eds. Este acuerdo facilitar\u00e1 nuevas oportunidades de intercambio, formaci\u00f3n y colaboraci\u00f3n con talentos y emprendimientos de la regi\u00f3n\u201d.<\/p><p>La firma de este convenio viene a complementar el trabajo que ya se desarrolla en Puerto Varas gracias al importante financiamiento entregado por Corfo para la implementaci\u00f3n de un Hub de Biotecnolog\u00eda, iniciativa que considera una inversi\u00f3n total cercana a US$ 4,3 millones, de los cuales US$ 2,5 millones corresponden a aportes p\u00fablicos.<\/p><p><strong>Marcelo Patroni, director de El Fuerte Noticias<\/strong><\/p>\t\t\t\t\t\t\t<\/div>\r\n\t\t\t\t\t\t\t\t\t\t<\/div>\n\t\t\t\t<div class=\"elementor-element elementor-element-077f651 flex-horizontal-align-default flex-horizontal-align-tablet-default flex-horizontal-align-mobile-default flex-vertical-align-default flex-vertical-align-tablet-default flex-vertical-align-mobile-default elementor-widget elementor-widget-thegem-gallery-slider\" data-id=\"077f651\" data-element_type=\"widget\" data-settings=\"{&quot;icon_show&quot;:&quot;yes&quot;}\" data-widget_type=\"thegem-gallery-slider.default\">\n\t\t\t\t<div class=\"elementor-widget-container\">\n\t\t\t\t\t\n\t\t<div class=\"preloader\">\n\t\t\t<div class=\"preloader-spin\"><\/div>\n\t\t<\/div>\n\t\t<div class=\"gem-gallery gem-gallery-hover-default  no-thumbs  with-pagination\" data-autoscroll=\"4000\">\n\t\t\t\t\t\t\t\n<div class=\"gem-gallery-item\">\n\t<div class=\"gem-gallery-item-image\">\n\t\t<a href=\"https:\/\/elfuerte.cl\/web\/wp-content\/uploads\/2026\/01\/Alianza-1-thegem-gallery-sidebar.jpeg\"\n\t\t\tdata-full-image-url=\"https:\/\/elfuerte.cl\/web\/wp-content\/uploads\/2026\/01\/Alianza-1.jpeg\"\n\t\t\tdata-elementor-open-lightbox=\"no\"\n\t\t\tdata-fancybox=\"gallery-69f057a89b2f8\">\n\t\t\t<svg class=\"arrow-mark\" width=\"20\" height=\"10\">\n\t\t\t\t<path d=\"M 0,10 Q 9,9 10,0 Q 11,9 20,10\"\/>\n\t\t\t<\/svg>\n\t\t\t<img src=\"https:\/\/elfuerte.cl\/web\/wp-content\/uploads\/2026\/01\/Alianza-1-thegem-post-thumb-small.jpeg\"\n\t\t\t\t alt=\"Alianza 1\" class=\"img-responsive\">\n\t\t\t<span class=\"gem-gallery-caption slide-info\">\n\t\t\t\t<span class=\"gem-gallery-item-title \">\n\t\t\t\t\t\t\t\t\t<\/span>\n\t\t\t\t<span class=\"gem-gallery-item-description\">\n\t\t\t\t\t\t\t\t\t<\/span>\n\t\t\t<\/span>\n\t\t\t<svg aria-hidden=\"true\" class=\"photo-icon e-font-icon-svg e-fas-camera\" viewBox=\"0 0 512 512\" xmlns=\"http:\/\/www.w3.org\/2000\/svg\"><path d=\"M512 144v288c0 26.5-21.5 48-48 48H48c-26.5 0-48-21.5-48-48V144c0-26.5 21.5-48 48-48h88l12.3-32.9c7-18.7 24.9-31.1 44.9-31.1h125.5c20 0 37.9 12.4 44.9 31.1L376 96h88c26.5 0 48 21.5 48 48zM376 288c0-66.2-53.8-120-120-120s-120 53.8-120 120 53.8 120 120 120 120-53.8 120-120zm-32 0c0 48.5-39.5 88-88 88s-88-39.5-88-88 39.5-88 88-88 88 39.5 88 88z\"><\/path><\/svg>\t\t\t\t\t<\/a>\n\t<\/div>\n<\/div>\n\n\t\t\t\t\t\t\t\t\t\t\t\n<div class=\"gem-gallery-item\">\n\t<div class=\"gem-gallery-item-image\">\n\t\t<a href=\"https:\/\/elfuerte.cl\/web\/wp-content\/uploads\/2026\/01\/Alianza-3-thegem-gallery-sidebar.png\"\n\t\t\tdata-full-image-url=\"https:\/\/elfuerte.cl\/web\/wp-content\/uploads\/2026\/01\/Alianza-3.png\"\n\t\t\tdata-elementor-open-lightbox=\"no\"\n\t\t\tdata-fancybox=\"gallery-69f057a89b2f8\">\n\t\t\t<svg class=\"arrow-mark\" width=\"20\" height=\"10\">\n\t\t\t\t<path d=\"M 0,10 Q 9,9 10,0 Q 11,9 20,10\"\/>\n\t\t\t<\/svg>\n\t\t\t<img src=\"https:\/\/elfuerte.cl\/web\/wp-content\/uploads\/2026\/01\/Alianza-3-thegem-post-thumb-small.png\"\n\t\t\t\t alt=\"Alianza 3\" class=\"img-responsive\">\n\t\t\t<span class=\"gem-gallery-caption slide-info\">\n\t\t\t\t<span class=\"gem-gallery-item-title \">\n\t\t\t\t\t\t\t\t\t<\/span>\n\t\t\t\t<span class=\"gem-gallery-item-description\">\n\t\t\t\t\t\t\t\t\t<\/span>\n\t\t\t<\/span>\n\t\t\t<svg aria-hidden=\"true\" class=\"photo-icon e-font-icon-svg e-fas-camera\" viewBox=\"0 0 512 512\" xmlns=\"http:\/\/www.w3.org\/2000\/svg\"><path d=\"M512 144v288c0 26.5-21.5 48-48 48H48c-26.5 0-48-21.5-48-48V144c0-26.5 21.5-48 48-48h88l12.3-32.9c7-18.7 24.9-31.1 44.9-31.1h125.5c20 0 37.9 12.4 44.9 31.1L376 96h88c26.5 0 48 21.5 48 48zM376 288c0-66.2-53.8-120-120-120s-120 53.8-120 120 53.8 120 120 120 120-53.8 120-120zm-32 0c0 48.5-39.5 88-88 88s-88-39.5-88-88 39.5-88 88-88 88 39.5 88 88z\"><\/path><\/svg>\t\t\t\t\t<\/a>\n\t<\/div>\n<\/div>\n\n\t\t\t\t\t\t\t\t\t<\/div>\n\t\t\t\t\t\t<\/div>\n\t\t\t\t<\/div>\n\t\t\t\t<div class=\"elementor-element elementor-element-5ac3e4a flex-horizontal-align-default flex-horizontal-align-tablet-default flex-horizontal-align-mobile-default flex-vertical-align-default flex-vertical-align-tablet-default flex-vertical-align-mobile-default elementor-widget elementor-widget-thegem-styledimage\" data-id=\"5ac3e4a\" data-element_type=\"widget\" data-settings=\"{&quot;thegem_elementor_preset&quot;:&quot;style-2&quot;,&quot;image&quot;:{&quot;url&quot;:&quot;https:\\\/\\\/elfuerte.cl\\\/web\\\/wp-content\\\/uploads\\\/2025\\\/10\\\/bannerefdelsur.jpg&quot;,&quot;id&quot;:1540,&quot;size&quot;:&quot;&quot;,&quot;alt&quot;:&quot;&quot;,&quot;source&quot;:&quot;library&quot;},&quot;image_position&quot;:&quot;left&quot;}\" data-widget_type=\"thegem-styledimage.default\">\n\t\t\t\t<div class=\"elementor-widget-container\">\n\t\t\t\t\t\n<div class=\"styled-image-wrapper\">\n\t\t\t<div class=\"gem-image gem-wrapbox gem-wrapbox-style-2 gem-wrapbox-position-left lazy-loading \">\n\t\t\t<div class=\"gem-wrapbox-inner  lazy-loading-item\"  data-ll-effect=\"move-up\">\n\t\t\t\t\t\t\t\t<a href=\"#\">\n\t\t\t\t\t\t\t\t\t\t<img class=\"gem-wrapbox-element img-responsive \"\n\t\t\t\t\t\t src=\"https:\/\/elfuerte.cl\/web\/wp-content\/uploads\/2025\/10\/bannerefdelsur.jpg\"\n\t\t\t\t\t\t alt=\"bannerefdelsur\">\n\t\t\t\t\t\t\t\t\t\t\t\t\t\t<\/a>\n\t\t\t\t\t\t<\/div>\n\t\t<\/div>\n\t\t<\/div>\n\n\n\t\n\t\t\t\t\t\t<\/div>\n\t\t\t\t<\/div>\n\t\t\t\t\t<\/div>\n\t\t<\/div>\n\t\t\t\t<div class=\"elementor-column elementor-col-33 elementor-top-column elementor-element elementor-element-dfac7b7\" data-id=\"dfac7b7\" data-element_type=\"column\">\n\t\t\t<div class=\"elementor-widget-wrap elementor-element-populated\">\n\t\t\t\t\t\t<div class=\"elementor-element elementor-element-af7077d flex-horizontal-align-default flex-horizontal-align-tablet-default flex-horizontal-align-mobile-default flex-vertical-align-default flex-vertical-align-tablet-default flex-vertical-align-mobile-default elementor-widget elementor-widget-sidebar\" data-id=\"af7077d\" data-element_type=\"widget\" data-settings=\"{&quot;thegem_custom_css&quot;:&quot;.gem-pp-posts-image {\\r\\n    width: 72px;\\r\\n}\\r\\n.gem-pp-posts-image img {\\r\\n    border-radius: 50%;\\r\\n}\\r\\nselector h4 {\\r\\n    padding-top: 40px;\\r\\n}&quot;}\" data-widget_type=\"sidebar.default\">\n\t\t\t\t\t<aside id=\"media_image-3\" class=\"widget widget_media_image\"><img width=\"750\" height=\"750\" src=\"https:\/\/elfuerte.cl\/web\/wp-content\/uploads\/2025\/10\/bannerrojook.jpg\" class=\"image wp-image-1681  attachment-full size-full\" alt=\"\" style=\"max-width: 100%; height: auto;\" title=\"Banner\" srcset=\"https:\/\/elfuerte.cl\/web\/wp-content\/uploads\/2025\/10\/bannerrojook.jpg 750w, https:\/\/elfuerte.cl\/web\/wp-content\/uploads\/2025\/10\/bannerrojook-300x300.jpg 300w, https:\/\/elfuerte.cl\/web\/wp-content\/uploads\/2025\/10\/bannerrojook-150x150.jpg 150w, https:\/\/elfuerte.cl\/web\/wp-content\/uploads\/2025\/10\/bannerrojook-256x256.jpg 256w\" sizes=\"(max-width: 750px) 100vw, 750px\" \/><\/aside><aside id=\"categories-2\" class=\"widget widget_categories\"><h4 class=\"widget-title\">Secciones<\/h4>\n\t\t\t<ul>\n\t\t\t\t\t<li class=\"cat-item cat-item-21\"><a href=\"https:\/\/elfuerte.cl\/web\/category\/actualidad\/\" title=\"View all posts filed under Actualidad\">Actualidad<\/a>\n<\/li>\n\t<li class=\"cat-item cat-item-100\"><a href=\"https:\/\/elfuerte.cl\/web\/category\/destacados\/\" title=\"View all posts filed under Destacados\">Destacados<\/a>\n<\/li>\n\t<li class=\"cat-item cat-item-101\"><a href=\"https:\/\/elfuerte.cl\/web\/category\/region-ludica\/\" title=\"View all posts filed under Regi\u00f3n L\u00fadica\">Regi\u00f3n L\u00fadica<\/a>\n<\/li>\n\t<li class=\"cat-item cat-item-157\"><a href=\"https:\/\/elfuerte.cl\/web\/category\/sala-de-redaccion\/\" title=\"View all posts filed under Sala de Redacci\u00f3n\">Sala de Redacci\u00f3n<\/a>\n<\/li>\n\t\t\t<\/ul>\n\n\t\t\t<\/aside><aside id=\"custom_popular_posts-2\" class=\"widget Custom_Popular_Posts\"><h4 class=\"widget-title\">Populares<\/h4><ul class=\"posts  styled\"><li class=\"clearfix gem-pp-posts\"><div class=\"gem-pp-posts-image\"><a href=\"https:\/\/elfuerte.cl\/web\/2026\/04\/27\/intercambio-de-semillas-y-experiencias-conecta-comunidades-del-pais-en-torno-a-la-restauracion-del-bosque-nativo-en-los-rios\/\"><img src=\"https:\/\/elfuerte.cl\/web\/wp-content\/uploads\/2026\/04\/portada-2026-04-27T102238.493-thegem-post-thumb-large.jpg\" srcset=\"https:\/\/elfuerte.cl\/web\/wp-content\/uploads\/2026\/04\/portada-2026-04-27T102238.493-thegem-post-thumb-small.jpg 1x, https:\/\/elfuerte.cl\/web\/wp-content\/uploads\/2026\/04\/portada-2026-04-27T102238.493-thegem-post-thumb-large.jpg 2x\" alt=\"\"\/><\/a><\/div><div class=\"gem-pp-posts-text\"> <div class=\"gem-pp-posts-item\"><a href=\"https:\/\/elfuerte.cl\/web\/2026\/04\/27\/intercambio-de-semillas-y-experiencias-conecta-comunidades-del-pais-en-torno-a-la-restauracion-del-bosque-nativo-en-los-rios\/\">Intercambio de semillas y experiencias conecta comunidades del pa\u00eds en torno a la restauraci\u00f3n del bosque nativo en Los R\u00edos<\/a><\/div><div class=\"gem-pp-posts-date\">27\/04\/2026<\/div><\/div><\/li><li class=\"clearfix gem-pp-posts\"><div class=\"gem-pp-posts-image\"><a href=\"https:\/\/elfuerte.cl\/web\/2025\/10\/11\/recuperar-una-casa-y-un-icono-de-la-historia-lotina\/\"><img src=\"https:\/\/elfuerte.cl\/web\/wp-content\/uploads\/2025\/10\/actualidad003-copia-thegem-post-thumb-large.jpg\" srcset=\"https:\/\/elfuerte.cl\/web\/wp-content\/uploads\/2025\/10\/actualidad003-copia-thegem-post-thumb-small.jpg 1x, https:\/\/elfuerte.cl\/web\/wp-content\/uploads\/2025\/10\/actualidad003-copia-thegem-post-thumb-large.jpg 2x\" alt=\"\"\/><\/a><\/div><div class=\"gem-pp-posts-text\"> <div class=\"gem-pp-posts-item\"><a href=\"https:\/\/elfuerte.cl\/web\/2025\/10\/11\/recuperar-una-casa-y-un-icono-de-la-historia-lotina\/\">Recuperar una casa y un \u00edcono de la historia lotina<\/a><\/div><div class=\"gem-pp-posts-date\">11\/10\/2025<\/div><\/div><\/li><li class=\"clearfix gem-pp-posts\"><div class=\"gem-pp-posts-image\"><a href=\"https:\/\/elfuerte.cl\/web\/2025\/10\/08\/indap-impulsa-acceso-a-tierras-y-emprendimiento-para-juventudes-rurales-con-nuevo-programa-tierra-joven\/\"><img src=\"https:\/\/elfuerte.cl\/web\/wp-content\/uploads\/2025\/10\/actualidad001-copia-thegem-post-thumb-large.jpg\" srcset=\"https:\/\/elfuerte.cl\/web\/wp-content\/uploads\/2025\/10\/actualidad001-copia-thegem-post-thumb-small.jpg 1x, https:\/\/elfuerte.cl\/web\/wp-content\/uploads\/2025\/10\/actualidad001-copia-thegem-post-thumb-large.jpg 2x\" alt=\"\"\/><\/a><\/div><div class=\"gem-pp-posts-text\"> <div class=\"gem-pp-posts-item\"><a href=\"https:\/\/elfuerte.cl\/web\/2025\/10\/08\/indap-impulsa-acceso-a-tierras-y-emprendimiento-para-juventudes-rurales-con-nuevo-programa-tierra-joven\/\">INDAP impulsa acceso a tierras y emprendimiento para juventudes rurales con nuevo programa \u201cTierra Joven\u201d<\/a><\/div><div class=\"gem-pp-posts-date\">08\/10\/2025<\/div><\/div><\/li><li class=\"clearfix gem-pp-posts\"><div class=\"gem-pp-posts-image\"><a href=\"https:\/\/elfuerte.cl\/web\/2025\/09\/05\/la-derrota-que-dejo-al-gobierno-sin-brujula\/\"><img src=\"https:\/\/elfuerte.cl\/web\/wp-content\/uploads\/2025\/09\/actualidad004-thegem-post-thumb-large.jpg\" srcset=\"https:\/\/elfuerte.cl\/web\/wp-content\/uploads\/2025\/09\/actualidad004-thegem-post-thumb-small.jpg 1x, https:\/\/elfuerte.cl\/web\/wp-content\/uploads\/2025\/09\/actualidad004-thegem-post-thumb-large.jpg 2x\" alt=\"\"\/><\/a><\/div><div class=\"gem-pp-posts-text\"> <div class=\"gem-pp-posts-item\"><a href=\"https:\/\/elfuerte.cl\/web\/2025\/09\/05\/la-derrota-que-dejo-al-gobierno-sin-brujula\/\">La derrota que dej\u00f3 al gobierno sin br\u00fajula<\/a><\/div><div class=\"gem-pp-posts-date\">05\/09\/2025<\/div><\/div><\/li><\/ul><\/aside>\t\t\t\t<\/div>\n\t\t\t\t\t<\/div>\n\t\t<\/div>\n\t\t\t\t\t<\/div><\/div>\r\n\t\t<\/section>\r\n\t\t\t\t<\/div>\n\t\t","protected":false},"excerpt":{"rendered":"<p>La firma de un convenio con la Universidad de California, Davis, es parte de una estrategia de cooperaci\u00f3n internacional descentralizada impulsada por el municipio, que se articula con una relevante inversi\u00f3n de Corfo para el desarrollo de un Hub de Biotecnolog\u00eda en la comuna.<\/p>\n","protected":false},"author":1,"featured_media":3571,"comment_status":"closed","ping_status":"closed","sticky":false,"template":"single-fullwidth.php","format":"standard","meta":{"footnotes":""},"categories":[21,100],"tags":[65,400,239],"class_list":{"0":"post-3569","1":"post","2":"type-post","3":"status-publish","4":"format-standard","5":"has-post-thumbnail","7":"category-actualidad","8":"category-destacados","9":"tag-actualidad","10":"tag-desarrollo","11":"tag-puerto-varas"},"menu_order":0,"_links":{"self":[{"href":"https:\/\/elfuerte.cl\/web\/wp-json\/wp\/v2\/posts\/3569","targetHints":{"allow":["GET"]}}],"collection":[{"href":"https:\/\/elfuerte.cl\/web\/wp-json\/wp\/v2\/posts"}],"about":[{"href":"https:\/\/elfuerte.cl\/web\/wp-json\/wp\/v2\/types\/post"}],"author":[{"embeddable":true,"href":"https:\/\/elfuerte.cl\/web\/wp-json\/wp\/v2\/users\/1"}],"replies":[{"embeddable":true,"href":"https:\/\/elfuerte.cl\/web\/wp-json\/wp\/v2\/comments?post=3569"}],"version-history":[{"count":4,"href":"https:\/\/elfuerte.cl\/web\/wp-json\/wp\/v2\/posts\/3569\/revisions"}],"predecessor-version":[{"id":3577,"href":"https:\/\/elfuerte.cl\/web\/wp-json\/wp\/v2\/posts\/3569\/revisions\/3577"}],"wp:featuredmedia":[{"embeddable":true,"href":"https:\/\/elfuerte.cl\/web\/wp-json\/wp\/v2\/media\/3571"}],"wp:attachment":[{"href":"https:\/\/elfuerte.cl\/web\/wp-json\/wp\/v2\/media?parent=3569"}],"wp:term":[{"taxonomy":"category","embeddable":true,"href":"https:\/\/elfuerte.cl\/web\/wp-json\/wp\/v2\/categories?post=3569"},{"taxonomy":"post_tag","embeddable":true,"href":"https:\/\/elfuerte.cl\/web\/wp-json\/wp\/v2\/tags?post=3569"}],"curies":[{"name":"wp","href":"https:\/\/api.w.org\/{rel}","templated":true}]}}