{"id":3578,"date":"2026-01-17T19:42:07","date_gmt":"2026-01-17T22:42:07","guid":{"rendered":"https:\/\/elfuerte.cl\/web\/?p=3578"},"modified":"2026-01-17T19:45:22","modified_gmt":"2026-01-17T22:45:22","slug":"devin-middlebrock-realmente-hay-mucha-activacion-de-los-recursos-hidricos-en-valdivia","status":"publish","type":"post","link":"https:\/\/elfuerte.cl\/web\/2026\/01\/17\/devin-middlebrock-realmente-hay-mucha-activacion-de-los-recursos-hidricos-en-valdivia\/","title":{"rendered":"Devin Middlebrock: \u201cRealmente hay mucha activaci\u00f3n de los recursos h\u00eddricos en Valdivia\u201d"},"content":{"rendered":"\t\t<div data-elementor-type=\"wp-post\" data-elementor-id=\"3578\" class=\"elementor elementor-3578\">\n\t\t\t\t\t\t<section class=\"elementor-section elementor-top-section elementor-element elementor-element-464cea7 elementor-section-boxed elementor-section-height-default elementor-section-height-default\" data-id=\"464cea7\" data-element_type=\"section\">\r\n\t\t\t\t\t\t<div class=\"elementor-container elementor-column-gap-thegem\"><div class=\"elementor-row\">\r\n\t\t\t\t\t<div class=\"elementor-column elementor-col-66 elementor-top-column elementor-element elementor-element-2f44c54\" data-id=\"2f44c54\" data-element_type=\"column\">\n\t\t\t<div class=\"elementor-widget-wrap elementor-element-populated\">\n\t\t\t\t\t\t<div class=\"elementor-element elementor-element-ab386a6 flex-horizontal-align-default flex-horizontal-align-tablet-default flex-horizontal-align-mobile-default flex-vertical-align-default flex-vertical-align-tablet-default flex-vertical-align-mobile-default elementor-widget elementor-widget-heading\" data-id=\"ab386a6\" data-element_type=\"widget\" data-widget_type=\"heading.default\">\n\t\t\t\t\t<div class=\"title-h1 elementor-heading-title elementor-size-default\">Devin Middlebrock: \u201cRealmente hay mucha activaci\u00f3n de los recursos h\u00eddricos en Valdivia\u201d<\/div>\t\t\t\t<\/div>\n\t\t\t\t<div class=\"elementor-element elementor-element-8427bf3 flex-horizontal-align-default flex-horizontal-align-tablet-default flex-horizontal-align-mobile-default flex-vertical-align-default flex-vertical-align-tablet-default flex-vertical-align-mobile-default elementor-widget elementor-widget-text-editor\" data-id=\"8427bf3\" data-element_type=\"widget\" data-widget_type=\"text-editor.default\">\n\t\t\t\t\t\t\t\t\t\t\t\t<div class=\"elementor-text-editor elementor-clearfix\">\r\n\t\t\t\t\t\t<p><strong>El exalcalde de Lake Tahoe, en California, Estados Unidos, y actual miembro de su consejo municipal, visit\u00f3 la capital de la Regi\u00f3n de Los R\u00edos para entregar su visi\u00f3n sobre la planificaci\u00f3n urbana en entornos naturales \u00fanicos, estableciendo v\u00ednculos entre la experiencia estadounidense y la realidad local.<\/strong><\/p><p>El pasado jueves, la C\u00e1mara Chilena de la Construcci\u00f3n, sede Valdivia, realiz\u00f3 en el Hotel Villa del R\u00edo el lanzamiento de su a\u00f1o gremial, en un evento que cont\u00f3 con la participaci\u00f3n de empresarios y dirigentes del mundo de la construcci\u00f3n y el sector inmobiliario. La actividad fue organizada en conjunto con la Fundaci\u00f3n Lagos Limpios Patagonia Chile.<\/p><p>El encuentro tuvo como punto central la participaci\u00f3n de Devin Middlebrock, experto norteamericano en sustentabilidad, exalcalde de Lake Tahoe, en California, y actual gerente estadounidense de Asuntos Gubernamentales de la Tahoe Regional Planning Agency, entidad responsable de la planificaci\u00f3n y protecci\u00f3n de la cuenca del Lago Tahoe, ubicado en la Sierra Nevada, en la frontera entre los estados de California y Nevada, en Estados Unidos.<\/p><p>Su exposici\u00f3n gir\u00f3 en torno al concepto de \u201cciudades de agua\u201d, donde realiz\u00f3 un parang\u00f3n entre el desarrollo local de Tahoe y su relaci\u00f3n con lo que ha observado en Valdivia, poniendo \u00e9nfasis en la necesidad de resguardar los recursos h\u00eddricos y potenciar los espacios urbanos que se desarrollan en torno al agua.<br \/>Una lecci\u00f3n para exportar<\/p><p>En conversaci\u00f3n con El Fuerte Noticias, el experto entreg\u00f3 su visi\u00f3n sobre la importancia de lograr una conexi\u00f3n entre la planificaci\u00f3n del territorio, el cuidado del medioambiente y el desarrollo econ\u00f3mico. Asimismo, destac\u00f3 la fuerte vinculaci\u00f3n que existe entre el r\u00edo y la vida cotidiana de Valdivia. \u201cSiento que Valdivia, en realidad, lo hace mejor que Lake Tahoe al usar su agua y recursos como una forma de conectar a la comunidad con los taxis fluviales y los botes\u201d, coment\u00f3.<\/p><p>Consultado sobre su presencia en Valdivia, ubicada tan lejos de su lugar de origen, Middlebrock se\u00f1al\u00f3 que se debe \u201cprecisamente a la similitud que guardan ambos sitios y a los desaf\u00edos compartidos que enfrentaron y que podr\u00edan enfrentar eventualmente. Ambas \u00e1reas son realmente ciudades de recursos naturales construidas en torno al agua\u201d.<\/p><p>De igual manera, el especialista en sustentabilidad recalc\u00f3 que ambos territorios h\u00famedos y verdes poseen \u201ctierra limitada para poder desarrollarse, especialmente considerando la geograf\u00eda y la actividad s\u00edsmica, como el infame caso del terremoto m\u00e1s grande registrado en la historia de la humanidad, ocurrido en 1960, que provoc\u00f3 destrucci\u00f3n masiva en ciudades del sur, el desborde de r\u00edos y humedales, cerca de dos mil muertes, miles de damnificados y un oleaje tan inmenso que se propag\u00f3 por miles de kil\u00f3metros a trav\u00e9s del Pac\u00edfico\u201d.<\/p><p>Mirando m\u00e1s hacia el presente, Devin Middlebrock hizo hincapi\u00e9 en las \u00e1reas limitadas para construir, dada la presencia de humedales en Valdivia, una realidad similar a la de Tahoe. \u201cNecesitas ser muy intencional e inteligente sobre c\u00f3mo te desarrollas\u201d, subray\u00f3. En ese sentido, se mostr\u00f3 impresionado por la forma en que la comunidad local utiliza los recursos h\u00eddricos, destacando que el r\u00edo forma parte activa de la ciudad, experiencia que asegur\u00f3 se va a \u201cllevar de vuelta a Tahoe como una lecci\u00f3n aprendida de todos ustedes\u201d.<\/p><p><strong>Cisnes de Cuello Negro y Osos Negros<\/strong><br \/>El Fuerte Noticias le pregunt\u00f3 la relaci\u00f3n que existe entre los cisnes de cuello negro y los osos negros americanos, especies que conviven en ecosistemas marcadamente h\u00famedos, donde los osos en Lake Tahoe deben ser apartados en ocasiones por alimentarse de basura por el potencial riesgo que representan y los cisnes, que enfrentaron un punto cr\u00edtico hace cerca de veinte a\u00f1os, cuando desaparecieron producto de la contaminaci\u00f3n de su fuente de alimento.<\/p><p>\u201cLos humanos tambi\u00e9n somos animales, y es importante que, si los cisnes est\u00e1n siendo envenenados, esa agua tambi\u00e9n podr\u00eda estar da\u00f1ando a los humanos. Pero, por otro lado, las personas aman a los animales y aman a esos animales nativos de la regi\u00f3n. Es parte de la cultura de qui\u00e9nes somos\u201d, reflexion\u00f3.<\/p><p>Para cerrar, el gerente de Asuntos Gubernamentales de Tahoe entreg\u00f3 un consejo a los habitantes de la regi\u00f3n, estrechamente vinculado con el disfrute de vivir en el sur. \u201cCreo que para Valdivia y el futuro de Valdivia, si ustedes pudieran hacer una sola cosa y tomar mi consejo, incentivar\u00eda la forma en que las personas pueden acceder al r\u00edo y disfrutarlo, mantenerlo limpio, para que puedan remar, navegar y nadar de forma segura, y tener vistas hermosas de la comunidad\u201d.<\/p><p>Finalmente, Middlebrock destac\u00f3 el nivel de uso actual de los cuerpos de agua locales. \u201cRealmente hay mucha activaci\u00f3n de los recursos h\u00eddricos en Valdivia que voy a llevar de vuelta a Tahoe como una lecci\u00f3n aprendida de todos ustedes\u201d, concluy\u00f3.<\/p><p><strong>Elo\u00edsa Alberdi, periodista de El Fuerte Noticias<\/strong><\/p>\t\t\t\t\t\t\t<\/div>\r\n\t\t\t\t\t\t\t\t\t\t<\/div>\n\t\t\t\t<div class=\"elementor-element elementor-element-a6caa15 flex-horizontal-align-default flex-horizontal-align-tablet-default flex-horizontal-align-mobile-default flex-vertical-align-default flex-vertical-align-tablet-default flex-vertical-align-mobile-default elementor-widget elementor-widget-image-gallery\" data-id=\"a6caa15\" data-element_type=\"widget\" data-widget_type=\"image-gallery.default\">\n\t\t\t\t\t\t\t<div class=\"elementor-image-gallery\">\n\t\t\t<div id='gallery-1' class='gallery galleryid-3578 gallery-columns-4 gallery-size-thumbnail'><figure class='gallery-item'>\n\t\t\t<div class='gallery-icon landscape'>\n\t\t\t\t<a data-elementor-open-lightbox=\"yes\" data-elementor-lightbox-slideshow=\"a6caa15\" data-elementor-lightbox-title=\"Gringo 3}\" data-e-action-hash=\"#elementor-action%3Aaction%3Dlightbox%26settings%3DeyJpZCI6MzU4MSwidXJsIjoiaHR0cHM6XC9cL2VsZnVlcnRlLmNsXC93ZWJcL3dwLWNvbnRlbnRcL3VwbG9hZHNcLzIwMjZcLzAxXC9HcmluZ28tMy5wbmciLCJzbGlkZXNob3ciOiJhNmNhYTE1In0%3D\" href='https:\/\/elfuerte.cl\/web\/wp-content\/uploads\/2026\/01\/Gringo-3.png'><img width=\"150\" height=\"150\" src=\"https:\/\/elfuerte.cl\/web\/wp-content\/uploads\/2026\/01\/Gringo-3-150x150.png\" class=\"attachment-thumbnail size-thumbnail\" alt=\"\" srcset=\"https:\/\/elfuerte.cl\/web\/wp-content\/uploads\/2026\/01\/Gringo-3-150x150.png 150w, https:\/\/elfuerte.cl\/web\/wp-content\/uploads\/2026\/01\/Gringo-3-256x256.png 256w\" sizes=\"(max-width: 150px) 100vw, 150px\" \/><\/a>\n\t\t\t<\/div><\/figure><figure class='gallery-item'>\n\t\t\t<div class='gallery-icon portrait'>\n\t\t\t\t<a data-elementor-open-lightbox=\"yes\" data-elementor-lightbox-slideshow=\"a6caa15\" data-elementor-lightbox-title=\"Gringo\" data-e-action-hash=\"#elementor-action%3Aaction%3Dlightbox%26settings%3DeyJpZCI6MzU4MiwidXJsIjoiaHR0cHM6XC9cL2VsZnVlcnRlLmNsXC93ZWJcL3dwLWNvbnRlbnRcL3VwbG9hZHNcLzIwMjZcLzAxXC9HcmluZ28ucG5nIiwic2xpZGVzaG93IjoiYTZjYWExNSJ9\" href='https:\/\/elfuerte.cl\/web\/wp-content\/uploads\/2026\/01\/Gringo.png'><img width=\"150\" height=\"150\" src=\"https:\/\/elfuerte.cl\/web\/wp-content\/uploads\/2026\/01\/Gringo-150x150.png\" class=\"attachment-thumbnail size-thumbnail\" alt=\"\" srcset=\"https:\/\/elfuerte.cl\/web\/wp-content\/uploads\/2026\/01\/Gringo-150x150.png 150w, https:\/\/elfuerte.cl\/web\/wp-content\/uploads\/2026\/01\/Gringo-256x256.png 256w\" sizes=\"(max-width: 150px) 100vw, 150px\" \/><\/a>\n\t\t\t<\/div><\/figure>\n\t\t<\/div>\n\t\t<\/div>\n\t\t\t\t\t\t<\/div>\n\t\t\t\t<div class=\"elementor-element elementor-element-5ac3e4a flex-horizontal-align-default flex-horizontal-align-tablet-default flex-horizontal-align-mobile-default flex-vertical-align-default flex-vertical-align-tablet-default flex-vertical-align-mobile-default elementor-widget elementor-widget-thegem-styledimage\" data-id=\"5ac3e4a\" data-element_type=\"widget\" data-settings=\"{&quot;thegem_elementor_preset&quot;:&quot;style-2&quot;,&quot;image&quot;:{&quot;url&quot;:&quot;https:\\\/\\\/elfuerte.cl\\\/web\\\/wp-content\\\/uploads\\\/2025\\\/10\\\/bannerefdelsur.jpg&quot;,&quot;id&quot;:1540,&quot;size&quot;:&quot;&quot;,&quot;alt&quot;:&quot;&quot;,&quot;source&quot;:&quot;library&quot;},&quot;image_position&quot;:&quot;left&quot;}\" data-widget_type=\"thegem-styledimage.default\">\n\t\t\t\t<div class=\"elementor-widget-container\">\n\t\t\t\t\t\n<div class=\"styled-image-wrapper\">\n\t\t\t<div class=\"gem-image gem-wrapbox gem-wrapbox-style-2 gem-wrapbox-position-left lazy-loading \">\n\t\t\t<div class=\"gem-wrapbox-inner  lazy-loading-item\"  data-ll-effect=\"move-up\">\n\t\t\t\t\t\t\t\t<a href=\"#\">\n\t\t\t\t\t\t\t\t\t\t<img class=\"gem-wrapbox-element img-responsive \"\n\t\t\t\t\t\t src=\"https:\/\/elfuerte.cl\/web\/wp-content\/uploads\/2025\/10\/bannerefdelsur.jpg\"\n\t\t\t\t\t\t alt=\"bannerefdelsur\">\n\t\t\t\t\t\t\t\t\t\t\t\t\t\t<\/a>\n\t\t\t\t\t\t<\/div>\n\t\t<\/div>\n\t\t<\/div>\n\n\n\t\n\t\t\t\t\t\t<\/div>\n\t\t\t\t<\/div>\n\t\t\t\t\t<\/div>\n\t\t<\/div>\n\t\t\t\t<div class=\"elementor-column elementor-col-33 elementor-top-column elementor-element elementor-element-dfac7b7\" data-id=\"dfac7b7\" data-element_type=\"column\">\n\t\t\t<div class=\"elementor-widget-wrap elementor-element-populated\">\n\t\t\t\t\t\t<div class=\"elementor-element elementor-element-af7077d flex-horizontal-align-default flex-horizontal-align-tablet-default flex-horizontal-align-mobile-default flex-vertical-align-default flex-vertical-align-tablet-default flex-vertical-align-mobile-default elementor-widget elementor-widget-sidebar\" data-id=\"af7077d\" data-element_type=\"widget\" data-settings=\"{&quot;thegem_custom_css&quot;:&quot;.gem-pp-posts-image {\\r\\n    width: 72px;\\r\\n}\\r\\n.gem-pp-posts-image img {\\r\\n    border-radius: 50%;\\r\\n}\\r\\nselector h4 {\\r\\n    padding-top: 40px;\\r\\n}&quot;}\" data-widget_type=\"sidebar.default\">\n\t\t\t\t\t<aside id=\"media_image-3\" class=\"widget widget_media_image\"><img width=\"750\" height=\"750\" src=\"https:\/\/elfuerte.cl\/web\/wp-content\/uploads\/2025\/10\/bannerrojook.jpg\" class=\"image wp-image-1681  attachment-full size-full\" alt=\"\" style=\"max-width: 100%; height: auto;\" title=\"Banner\" srcset=\"https:\/\/elfuerte.cl\/web\/wp-content\/uploads\/2025\/10\/bannerrojook.jpg 750w, https:\/\/elfuerte.cl\/web\/wp-content\/uploads\/2025\/10\/bannerrojook-300x300.jpg 300w, https:\/\/elfuerte.cl\/web\/wp-content\/uploads\/2025\/10\/bannerrojook-150x150.jpg 150w, https:\/\/elfuerte.cl\/web\/wp-content\/uploads\/2025\/10\/bannerrojook-256x256.jpg 256w\" sizes=\"(max-width: 750px) 100vw, 750px\" \/><\/aside><aside id=\"categories-2\" class=\"widget widget_categories\"><h4 class=\"widget-title\">Secciones<\/h4>\n\t\t\t<ul>\n\t\t\t\t\t<li class=\"cat-item cat-item-21\"><a href=\"https:\/\/elfuerte.cl\/web\/category\/actualidad\/\" title=\"View all posts filed under Actualidad\">Actualidad<\/a>\n<\/li>\n\t<li class=\"cat-item cat-item-100\"><a href=\"https:\/\/elfuerte.cl\/web\/category\/destacados\/\" title=\"View all posts filed under Destacados\">Destacados<\/a>\n<\/li>\n\t<li class=\"cat-item cat-item-101\"><a href=\"https:\/\/elfuerte.cl\/web\/category\/region-ludica\/\" title=\"View all posts filed under Regi\u00f3n L\u00fadica\">Regi\u00f3n L\u00fadica<\/a>\n<\/li>\n\t<li class=\"cat-item cat-item-157\"><a href=\"https:\/\/elfuerte.cl\/web\/category\/sala-de-redaccion\/\" title=\"View all posts filed under Sala de Redacci\u00f3n\">Sala de Redacci\u00f3n<\/a>\n<\/li>\n\t\t\t<\/ul>\n\n\t\t\t<\/aside><aside id=\"custom_popular_posts-2\" class=\"widget Custom_Popular_Posts\"><h4 class=\"widget-title\">Populares<\/h4><ul class=\"posts  styled\"><li class=\"clearfix gem-pp-posts\"><div class=\"gem-pp-posts-image\"><a href=\"https:\/\/elfuerte.cl\/web\/2026\/04\/27\/intercambio-de-semillas-y-experiencias-conecta-comunidades-del-pais-en-torno-a-la-restauracion-del-bosque-nativo-en-los-rios\/\"><img src=\"https:\/\/elfuerte.cl\/web\/wp-content\/uploads\/2026\/04\/portada-2026-04-27T102238.493-thegem-post-thumb-large.jpg\" srcset=\"https:\/\/elfuerte.cl\/web\/wp-content\/uploads\/2026\/04\/portada-2026-04-27T102238.493-thegem-post-thumb-small.jpg 1x, https:\/\/elfuerte.cl\/web\/wp-content\/uploads\/2026\/04\/portada-2026-04-27T102238.493-thegem-post-thumb-large.jpg 2x\" alt=\"\"\/><\/a><\/div><div class=\"gem-pp-posts-text\"> <div class=\"gem-pp-posts-item\"><a href=\"https:\/\/elfuerte.cl\/web\/2026\/04\/27\/intercambio-de-semillas-y-experiencias-conecta-comunidades-del-pais-en-torno-a-la-restauracion-del-bosque-nativo-en-los-rios\/\">Intercambio de semillas y experiencias conecta comunidades del pa\u00eds en torno a la restauraci\u00f3n del bosque nativo en Los R\u00edos<\/a><\/div><div class=\"gem-pp-posts-date\">27\/04\/2026<\/div><\/div><\/li><li class=\"clearfix gem-pp-posts\"><div class=\"gem-pp-posts-image\"><a href=\"https:\/\/elfuerte.cl\/web\/2025\/10\/11\/recuperar-una-casa-y-un-icono-de-la-historia-lotina\/\"><img src=\"https:\/\/elfuerte.cl\/web\/wp-content\/uploads\/2025\/10\/actualidad003-copia-thegem-post-thumb-large.jpg\" srcset=\"https:\/\/elfuerte.cl\/web\/wp-content\/uploads\/2025\/10\/actualidad003-copia-thegem-post-thumb-small.jpg 1x, https:\/\/elfuerte.cl\/web\/wp-content\/uploads\/2025\/10\/actualidad003-copia-thegem-post-thumb-large.jpg 2x\" alt=\"\"\/><\/a><\/div><div class=\"gem-pp-posts-text\"> <div class=\"gem-pp-posts-item\"><a href=\"https:\/\/elfuerte.cl\/web\/2025\/10\/11\/recuperar-una-casa-y-un-icono-de-la-historia-lotina\/\">Recuperar una casa y un \u00edcono de la historia lotina<\/a><\/div><div class=\"gem-pp-posts-date\">11\/10\/2025<\/div><\/div><\/li><li class=\"clearfix gem-pp-posts\"><div class=\"gem-pp-posts-image\"><a href=\"https:\/\/elfuerte.cl\/web\/2025\/10\/08\/indap-impulsa-acceso-a-tierras-y-emprendimiento-para-juventudes-rurales-con-nuevo-programa-tierra-joven\/\"><img src=\"https:\/\/elfuerte.cl\/web\/wp-content\/uploads\/2025\/10\/actualidad001-copia-thegem-post-thumb-large.jpg\" srcset=\"https:\/\/elfuerte.cl\/web\/wp-content\/uploads\/2025\/10\/actualidad001-copia-thegem-post-thumb-small.jpg 1x, https:\/\/elfuerte.cl\/web\/wp-content\/uploads\/2025\/10\/actualidad001-copia-thegem-post-thumb-large.jpg 2x\" alt=\"\"\/><\/a><\/div><div class=\"gem-pp-posts-text\"> <div class=\"gem-pp-posts-item\"><a href=\"https:\/\/elfuerte.cl\/web\/2025\/10\/08\/indap-impulsa-acceso-a-tierras-y-emprendimiento-para-juventudes-rurales-con-nuevo-programa-tierra-joven\/\">INDAP impulsa acceso a tierras y emprendimiento para juventudes rurales con nuevo programa \u201cTierra Joven\u201d<\/a><\/div><div class=\"gem-pp-posts-date\">08\/10\/2025<\/div><\/div><\/li><li class=\"clearfix gem-pp-posts\"><div class=\"gem-pp-posts-image\"><a href=\"https:\/\/elfuerte.cl\/web\/2025\/09\/05\/la-derrota-que-dejo-al-gobierno-sin-brujula\/\"><img src=\"https:\/\/elfuerte.cl\/web\/wp-content\/uploads\/2025\/09\/actualidad004-thegem-post-thumb-large.jpg\" srcset=\"https:\/\/elfuerte.cl\/web\/wp-content\/uploads\/2025\/09\/actualidad004-thegem-post-thumb-small.jpg 1x, https:\/\/elfuerte.cl\/web\/wp-content\/uploads\/2025\/09\/actualidad004-thegem-post-thumb-large.jpg 2x\" alt=\"\"\/><\/a><\/div><div class=\"gem-pp-posts-text\"> <div class=\"gem-pp-posts-item\"><a href=\"https:\/\/elfuerte.cl\/web\/2025\/09\/05\/la-derrota-que-dejo-al-gobierno-sin-brujula\/\">La derrota que dej\u00f3 al gobierno sin br\u00fajula<\/a><\/div><div class=\"gem-pp-posts-date\">05\/09\/2025<\/div><\/div><\/li><\/ul><\/aside>\t\t\t\t<\/div>\n\t\t\t\t\t<\/div>\n\t\t<\/div>\n\t\t\t\t\t<\/div><\/div>\r\n\t\t<\/section>\r\n\t\t\t\t<\/div>\n\t\t","protected":false},"excerpt":{"rendered":"<p>El exalcalde de Lake Tahoe, en California, Estados Unidos, y actual miembro de su consejo municipal, visit\u00f3 la capital de la Regi\u00f3n de Los R\u00edos para entregar su visi\u00f3n sobre la planificaci\u00f3n urbana en entornos naturales \u00fanicos, estableciendo v\u00ednculos entre la experiencia estadounidense y la realidad local.<\/p>\n","protected":false},"author":1,"featured_media":3580,"comment_status":"closed","ping_status":"closed","sticky":false,"template":"single-fullwidth.php","format":"standard","meta":{"footnotes":""},"categories":[21,100],"tags":[65,400,185,142],"class_list":{"0":"post-3578","1":"post","2":"type-post","3":"status-publish","4":"format-standard","5":"has-post-thumbnail","7":"category-actualidad","8":"category-destacados","9":"tag-actualidad","10":"tag-desarrollo","11":"tag-tecnologia","12":"tag-valdivia"},"menu_order":0,"_links":{"self":[{"href":"https:\/\/elfuerte.cl\/web\/wp-json\/wp\/v2\/posts\/3578","targetHints":{"allow":["GET"]}}],"collection":[{"href":"https:\/\/elfuerte.cl\/web\/wp-json\/wp\/v2\/posts"}],"about":[{"href":"https:\/\/elfuerte.cl\/web\/wp-json\/wp\/v2\/types\/post"}],"author":[{"embeddable":true,"href":"https:\/\/elfuerte.cl\/web\/wp-json\/wp\/v2\/users\/1"}],"replies":[{"embeddable":true,"href":"https:\/\/elfuerte.cl\/web\/wp-json\/wp\/v2\/comments?post=3578"}],"version-history":[{"count":4,"href":"https:\/\/elfuerte.cl\/web\/wp-json\/wp\/v2\/posts\/3578\/revisions"}],"predecessor-version":[{"id":3585,"href":"https:\/\/elfuerte.cl\/web\/wp-json\/wp\/v2\/posts\/3578\/revisions\/3585"}],"wp:featuredmedia":[{"embeddable":true,"href":"https:\/\/elfuerte.cl\/web\/wp-json\/wp\/v2\/media\/3580"}],"wp:attachment":[{"href":"https:\/\/elfuerte.cl\/web\/wp-json\/wp\/v2\/media?parent=3578"}],"wp:term":[{"taxonomy":"category","embeddable":true,"href":"https:\/\/elfuerte.cl\/web\/wp-json\/wp\/v2\/categories?post=3578"},{"taxonomy":"post_tag","embeddable":true,"href":"https:\/\/elfuerte.cl\/web\/wp-json\/wp\/v2\/tags?post=3578"}],"curies":[{"name":"wp","href":"https:\/\/api.w.org\/{rel}","templated":true}]}}