{"id":3595,"date":"2026-01-18T18:36:57","date_gmt":"2026-01-18T21:36:57","guid":{"rendered":"https:\/\/elfuerte.cl\/web\/?p=3595"},"modified":"2026-01-18T18:38:52","modified_gmt":"2026-01-18T21:38:52","slug":"situacion-sigue-siendo-critica-por-incendios-forestales-en-el-biobio-gobierno-refuerza-medidas-y-decreta-toque-de-queda-en-comunas-afectadas","status":"publish","type":"post","link":"https:\/\/elfuerte.cl\/web\/2026\/01\/18\/situacion-sigue-siendo-critica-por-incendios-forestales-en-el-biobio-gobierno-refuerza-medidas-y-decreta-toque-de-queda-en-comunas-afectadas\/","title":{"rendered":"Situaci\u00f3n sigue siendo cr\u00edtica por incendios forestales en el Biob\u00edo: Gobierno refuerza medidas y decreta toque de queda en comunas afectadas"},"content":{"rendered":"\t\t<div data-elementor-type=\"wp-post\" data-elementor-id=\"3595\" class=\"elementor elementor-3595\">\n\t\t\t\t\t\t<section class=\"elementor-section elementor-top-section elementor-element elementor-element-464cea7 elementor-section-boxed elementor-section-height-default elementor-section-height-default\" data-id=\"464cea7\" data-element_type=\"section\">\r\n\t\t\t\t\t\t<div class=\"elementor-container elementor-column-gap-thegem\"><div class=\"elementor-row\">\r\n\t\t\t\t\t<div class=\"elementor-column elementor-col-66 elementor-top-column elementor-element elementor-element-2f44c54\" data-id=\"2f44c54\" data-element_type=\"column\">\n\t\t\t<div class=\"elementor-widget-wrap elementor-element-populated\">\n\t\t\t\t\t\t<div class=\"elementor-element elementor-element-ab386a6 flex-horizontal-align-default flex-horizontal-align-tablet-default flex-horizontal-align-mobile-default flex-vertical-align-default flex-vertical-align-tablet-default flex-vertical-align-mobile-default elementor-widget elementor-widget-heading\" data-id=\"ab386a6\" data-element_type=\"widget\" data-widget_type=\"heading.default\">\n\t\t\t\t\t<div class=\"title-h1 elementor-heading-title elementor-size-default\">Situaci\u00f3n sigue siendo cr\u00edtica por incendios forestales en el Biob\u00edo: Gobierno refuerza medidas y decreta toque de queda en comunas afectadas<\/div>\t\t\t\t<\/div>\n\t\t\t\t<div class=\"elementor-element elementor-element-8427bf3 flex-horizontal-align-default flex-horizontal-align-tablet-default flex-horizontal-align-mobile-default flex-vertical-align-default flex-vertical-align-tablet-default flex-vertical-align-mobile-default elementor-widget elementor-widget-text-editor\" data-id=\"8427bf3\" data-element_type=\"widget\" data-widget_type=\"text-editor.default\">\n\t\t\t\t\t\t\t\t\t\t\t\t<div class=\"elementor-text-editor elementor-clearfix\">\r\n\t\t\t\t\t\t<p><strong>Emergencia de alta complejidad mantiene un amplio despliegue del Estado, mientras se activan medidas excepcionales de seguridad y una red de apoyo solidario desde las regiones del sur del pa\u00eds.<\/strong><\/p><p>La situaci\u00f3n provocada por los incendios forestales en la Regi\u00f3n del Biob\u00edo contin\u00faa siendo extremadamente delicada, configurando un escenario de alta complejidad que ha obligado al Gobierno a adoptar todas las medidas de rigor para enfrentar la emergencia y resguardar la vida de la poblaci\u00f3n.<\/p><p>Desde la zona afectada, el Presidente de la Rep\u00fablica inform\u00f3 que, hasta ahora, 18 personas han fallecido producto de los incendios, cifra que podr\u00eda variar a medida que avanzan las labores de verificaci\u00f3n y levantamiento de informaci\u00f3n en terreno. En este contexto, se mantiene vigente el estado de excepci\u00f3n constitucional de cat\u00e1strofe, lo que ha permitido el despliegue coordinado de las Fuerzas Armadas, Carabineros, Polic\u00eda de Investigaciones, Armada y organismos de emergencia, junto con brigadas forestales y recursos a\u00e9reos y terrestres.<\/p><p>Las autoridades han se\u00f1alado que el principal objetivo es proteger vidas humanas, contener el avance del fuego y reducir los da\u00f1os en sectores urbanos y rurales, en un escenario marcado por altas temperaturas, condiciones meteorol\u00f3gicas adversas y una r\u00e1pida propagaci\u00f3n de las llamas.<\/p><p>Como parte de las medidas excepcionales adoptadas, y con el fin de resguardar la seguridad de la poblaci\u00f3n y facilitar el trabajo de los equipos de emergencia, las autoridades decretaron toque de queda en distintas comunas de la Regi\u00f3n del Biob\u00edo, medida que rige desde hoy y hasta nuevo aviso.<\/p><p>En el caso de Lirqu\u00e9n, la restricci\u00f3n se aplica desde las 19:00 hasta las 06:00 horas, mientras que en las comunas de Penco, Nacimiento y Laja el toque de queda se extiende desde las 20:00 hasta las 06:00 horas. Se reiter\u00f3 el llamado a la ciudadan\u00eda a respetar estrictamente la medida, entendiendo que se trata de una acci\u00f3n preventiva en el marco de una emergencia mayor.<\/p><p>En paralelo, la magnitud de la cat\u00e1strofe ha generado preocupaci\u00f3n transversal en las macrozonas del sur del pa\u00eds. En las regiones del Biob\u00edo, La Araucan\u00eda, Los R\u00edos y Los Lagos, todas las comunas han activado programas de emergencia y campa\u00f1as solidarias, impulsadas por municipios, organizaciones sociales y comunidades locales, orientadas a la recopilaci\u00f3n de agua potable, alimentos no perecibles, vestimenta \u2014con especial \u00e9nfasis en ni\u00f1os y ni\u00f1as\u2014 y alimento para mascotas. Iniciativas de este tipo ya han sido informadas en comunas como Valdivia y Puerto Montt, reflejando el alto nivel de solidaridad existente frente a la emergencia que afecta al Biob\u00edo.<\/p><p>Respecto del origen de los incendios, las autoridades han indicado que las causas espec\u00edficas a\u00fan no han sido determinadas y se encuentran en proceso de investigaci\u00f3n. En ese marco, se ha reiterado el llamado a la ciudadan\u00eda a actuar con m\u00e1xima responsabilidad, evitando cualquier uso indebido del fuego, considerando que este tipo de emergencias suele verse agravado por conductas humanas negligentes, sin perjuicio de que cada caso deba ser esclarecido por los organismos competentes.<\/p><p>Finalmente, el Gobierno y los equipos de emergencia insistieron en la necesidad de seguir \u00fanicamente informaci\u00f3n oficial, atender las alertas del Sistema de Alerta de Emergencia (SAE) y colaborar con las evacuaciones preventivas cuando estas sean instruidas, en un contexto donde la prioridad absoluta contin\u00faa siendo la protecci\u00f3n de la vida.<\/p><p><strong>Prensa El Fuerte Noticias<\/strong><\/p>\t\t\t\t\t\t\t<\/div>\r\n\t\t\t\t\t\t\t\t\t\t<\/div>\n\t\t\t\t<div class=\"elementor-element elementor-element-5ac3e4a flex-horizontal-align-default flex-horizontal-align-tablet-default flex-horizontal-align-mobile-default flex-vertical-align-default flex-vertical-align-tablet-default flex-vertical-align-mobile-default elementor-widget elementor-widget-thegem-styledimage\" data-id=\"5ac3e4a\" data-element_type=\"widget\" data-settings=\"{&quot;thegem_elementor_preset&quot;:&quot;style-2&quot;,&quot;image&quot;:{&quot;url&quot;:&quot;https:\\\/\\\/elfuerte.cl\\\/web\\\/wp-content\\\/uploads\\\/2025\\\/10\\\/bannerefdelsur.jpg&quot;,&quot;id&quot;:1540,&quot;size&quot;:&quot;&quot;,&quot;alt&quot;:&quot;&quot;,&quot;source&quot;:&quot;library&quot;},&quot;image_position&quot;:&quot;left&quot;}\" data-widget_type=\"thegem-styledimage.default\">\n\t\t\t\t<div class=\"elementor-widget-container\">\n\t\t\t\t\t\n<div class=\"styled-image-wrapper\">\n\t\t\t<div class=\"gem-image gem-wrapbox gem-wrapbox-style-2 gem-wrapbox-position-left lazy-loading \">\n\t\t\t<div class=\"gem-wrapbox-inner  lazy-loading-item\"  data-ll-effect=\"move-up\">\n\t\t\t\t\t\t\t\t<a href=\"#\">\n\t\t\t\t\t\t\t\t\t\t<img class=\"gem-wrapbox-element img-responsive \"\n\t\t\t\t\t\t src=\"https:\/\/elfuerte.cl\/web\/wp-content\/uploads\/2025\/10\/bannerefdelsur.jpg\"\n\t\t\t\t\t\t alt=\"bannerefdelsur\">\n\t\t\t\t\t\t\t\t\t\t\t\t\t\t<\/a>\n\t\t\t\t\t\t<\/div>\n\t\t<\/div>\n\t\t<\/div>\n\n\n\t\n\t\t\t\t\t\t<\/div>\n\t\t\t\t<\/div>\n\t\t\t\t\t<\/div>\n\t\t<\/div>\n\t\t\t\t<div class=\"elementor-column elementor-col-33 elementor-top-column elementor-element elementor-element-dfac7b7\" data-id=\"dfac7b7\" data-element_type=\"column\">\n\t\t\t<div class=\"elementor-widget-wrap elementor-element-populated\">\n\t\t\t\t\t\t<div class=\"elementor-element elementor-element-af7077d flex-horizontal-align-default flex-horizontal-align-tablet-default flex-horizontal-align-mobile-default flex-vertical-align-default flex-vertical-align-tablet-default flex-vertical-align-mobile-default elementor-widget elementor-widget-sidebar\" data-id=\"af7077d\" data-element_type=\"widget\" data-settings=\"{&quot;thegem_custom_css&quot;:&quot;.gem-pp-posts-image {\\r\\n    width: 72px;\\r\\n}\\r\\n.gem-pp-posts-image img {\\r\\n    border-radius: 50%;\\r\\n}\\r\\nselector h4 {\\r\\n    padding-top: 40px;\\r\\n}&quot;}\" data-widget_type=\"sidebar.default\">\n\t\t\t\t\t<aside id=\"media_image-3\" class=\"widget widget_media_image\"><img width=\"750\" height=\"750\" src=\"https:\/\/elfuerte.cl\/web\/wp-content\/uploads\/2025\/10\/bannerrojook.jpg\" class=\"image wp-image-1681  attachment-full size-full\" alt=\"\" style=\"max-width: 100%; height: auto;\" title=\"Banner\" srcset=\"https:\/\/elfuerte.cl\/web\/wp-content\/uploads\/2025\/10\/bannerrojook.jpg 750w, https:\/\/elfuerte.cl\/web\/wp-content\/uploads\/2025\/10\/bannerrojook-300x300.jpg 300w, https:\/\/elfuerte.cl\/web\/wp-content\/uploads\/2025\/10\/bannerrojook-150x150.jpg 150w, https:\/\/elfuerte.cl\/web\/wp-content\/uploads\/2025\/10\/bannerrojook-256x256.jpg 256w\" sizes=\"(max-width: 750px) 100vw, 750px\" \/><\/aside><aside id=\"categories-2\" class=\"widget widget_categories\"><h4 class=\"widget-title\">Secciones<\/h4>\n\t\t\t<ul>\n\t\t\t\t\t<li class=\"cat-item cat-item-21\"><a href=\"https:\/\/elfuerte.cl\/web\/category\/actualidad\/\" title=\"View all posts filed under Actualidad\">Actualidad<\/a>\n<\/li>\n\t<li class=\"cat-item cat-item-100\"><a href=\"https:\/\/elfuerte.cl\/web\/category\/destacados\/\" title=\"View all posts filed under Destacados\">Destacados<\/a>\n<\/li>\n\t<li class=\"cat-item cat-item-101\"><a href=\"https:\/\/elfuerte.cl\/web\/category\/region-ludica\/\" title=\"View all posts filed under Regi\u00f3n L\u00fadica\">Regi\u00f3n L\u00fadica<\/a>\n<\/li>\n\t<li class=\"cat-item cat-item-157\"><a href=\"https:\/\/elfuerte.cl\/web\/category\/sala-de-redaccion\/\" title=\"View all posts filed under Sala de Redacci\u00f3n\">Sala de Redacci\u00f3n<\/a>\n<\/li>\n\t\t\t<\/ul>\n\n\t\t\t<\/aside><aside id=\"custom_popular_posts-2\" class=\"widget Custom_Popular_Posts\"><h4 class=\"widget-title\">Populares<\/h4><ul class=\"posts  styled\"><li class=\"clearfix gem-pp-posts\"><div class=\"gem-pp-posts-image\"><a href=\"https:\/\/elfuerte.cl\/web\/2026\/04\/27\/intercambio-de-semillas-y-experiencias-conecta-comunidades-del-pais-en-torno-a-la-restauracion-del-bosque-nativo-en-los-rios\/\"><img src=\"https:\/\/elfuerte.cl\/web\/wp-content\/uploads\/2026\/04\/portada-2026-04-27T102238.493-thegem-post-thumb-large.jpg\" srcset=\"https:\/\/elfuerte.cl\/web\/wp-content\/uploads\/2026\/04\/portada-2026-04-27T102238.493-thegem-post-thumb-small.jpg 1x, https:\/\/elfuerte.cl\/web\/wp-content\/uploads\/2026\/04\/portada-2026-04-27T102238.493-thegem-post-thumb-large.jpg 2x\" alt=\"\"\/><\/a><\/div><div class=\"gem-pp-posts-text\"> <div class=\"gem-pp-posts-item\"><a href=\"https:\/\/elfuerte.cl\/web\/2026\/04\/27\/intercambio-de-semillas-y-experiencias-conecta-comunidades-del-pais-en-torno-a-la-restauracion-del-bosque-nativo-en-los-rios\/\">Intercambio de semillas y experiencias conecta comunidades del pa\u00eds en torno a la restauraci\u00f3n del bosque nativo en Los R\u00edos<\/a><\/div><div class=\"gem-pp-posts-date\">27\/04\/2026<\/div><\/div><\/li><li class=\"clearfix gem-pp-posts\"><div class=\"gem-pp-posts-image\"><a href=\"https:\/\/elfuerte.cl\/web\/2025\/10\/11\/recuperar-una-casa-y-un-icono-de-la-historia-lotina\/\"><img src=\"https:\/\/elfuerte.cl\/web\/wp-content\/uploads\/2025\/10\/actualidad003-copia-thegem-post-thumb-large.jpg\" srcset=\"https:\/\/elfuerte.cl\/web\/wp-content\/uploads\/2025\/10\/actualidad003-copia-thegem-post-thumb-small.jpg 1x, https:\/\/elfuerte.cl\/web\/wp-content\/uploads\/2025\/10\/actualidad003-copia-thegem-post-thumb-large.jpg 2x\" alt=\"\"\/><\/a><\/div><div class=\"gem-pp-posts-text\"> <div class=\"gem-pp-posts-item\"><a href=\"https:\/\/elfuerte.cl\/web\/2025\/10\/11\/recuperar-una-casa-y-un-icono-de-la-historia-lotina\/\">Recuperar una casa y un \u00edcono de la historia lotina<\/a><\/div><div class=\"gem-pp-posts-date\">11\/10\/2025<\/div><\/div><\/li><li class=\"clearfix gem-pp-posts\"><div class=\"gem-pp-posts-image\"><a href=\"https:\/\/elfuerte.cl\/web\/2025\/10\/08\/indap-impulsa-acceso-a-tierras-y-emprendimiento-para-juventudes-rurales-con-nuevo-programa-tierra-joven\/\"><img src=\"https:\/\/elfuerte.cl\/web\/wp-content\/uploads\/2025\/10\/actualidad001-copia-thegem-post-thumb-large.jpg\" srcset=\"https:\/\/elfuerte.cl\/web\/wp-content\/uploads\/2025\/10\/actualidad001-copia-thegem-post-thumb-small.jpg 1x, https:\/\/elfuerte.cl\/web\/wp-content\/uploads\/2025\/10\/actualidad001-copia-thegem-post-thumb-large.jpg 2x\" alt=\"\"\/><\/a><\/div><div class=\"gem-pp-posts-text\"> <div class=\"gem-pp-posts-item\"><a href=\"https:\/\/elfuerte.cl\/web\/2025\/10\/08\/indap-impulsa-acceso-a-tierras-y-emprendimiento-para-juventudes-rurales-con-nuevo-programa-tierra-joven\/\">INDAP impulsa acceso a tierras y emprendimiento para juventudes rurales con nuevo programa \u201cTierra Joven\u201d<\/a><\/div><div class=\"gem-pp-posts-date\">08\/10\/2025<\/div><\/div><\/li><li class=\"clearfix gem-pp-posts\"><div class=\"gem-pp-posts-image\"><a href=\"https:\/\/elfuerte.cl\/web\/2025\/09\/05\/la-derrota-que-dejo-al-gobierno-sin-brujula\/\"><img src=\"https:\/\/elfuerte.cl\/web\/wp-content\/uploads\/2025\/09\/actualidad004-thegem-post-thumb-large.jpg\" srcset=\"https:\/\/elfuerte.cl\/web\/wp-content\/uploads\/2025\/09\/actualidad004-thegem-post-thumb-small.jpg 1x, https:\/\/elfuerte.cl\/web\/wp-content\/uploads\/2025\/09\/actualidad004-thegem-post-thumb-large.jpg 2x\" alt=\"\"\/><\/a><\/div><div class=\"gem-pp-posts-text\"> <div class=\"gem-pp-posts-item\"><a href=\"https:\/\/elfuerte.cl\/web\/2025\/09\/05\/la-derrota-que-dejo-al-gobierno-sin-brujula\/\">La derrota que dej\u00f3 al gobierno sin br\u00fajula<\/a><\/div><div class=\"gem-pp-posts-date\">05\/09\/2025<\/div><\/div><\/li><\/ul><\/aside>\t\t\t\t<\/div>\n\t\t\t\t\t<\/div>\n\t\t<\/div>\n\t\t\t\t\t<\/div><\/div>\r\n\t\t<\/section>\r\n\t\t\t\t<\/div>\n\t\t","protected":false},"excerpt":{"rendered":"<p>Emergencia de alta complejidad mantiene un amplio despliegue del Estado, mientras se activan medidas excepcionales de seguridad y una red de apoyo solidario desde las regiones del sur del pa\u00eds.<\/p>\n","protected":false},"author":1,"featured_media":3597,"comment_status":"closed","ping_status":"closed","sticky":false,"template":"single-fullwidth.php","format":"standard","meta":{"footnotes":""},"categories":[21,100],"tags":[65,180,401],"class_list":{"0":"post-3595","1":"post","2":"type-post","3":"status-publish","4":"format-standard","5":"has-post-thumbnail","7":"category-actualidad","8":"category-destacados","9":"tag-actualidad","10":"tag-biobio","11":"tag-incendio"},"menu_order":0,"_links":{"self":[{"href":"https:\/\/elfuerte.cl\/web\/wp-json\/wp\/v2\/posts\/3595","targetHints":{"allow":["GET"]}}],"collection":[{"href":"https:\/\/elfuerte.cl\/web\/wp-json\/wp\/v2\/posts"}],"about":[{"href":"https:\/\/elfuerte.cl\/web\/wp-json\/wp\/v2\/types\/post"}],"author":[{"embeddable":true,"href":"https:\/\/elfuerte.cl\/web\/wp-json\/wp\/v2\/users\/1"}],"replies":[{"embeddable":true,"href":"https:\/\/elfuerte.cl\/web\/wp-json\/wp\/v2\/comments?post=3595"}],"version-history":[{"count":4,"href":"https:\/\/elfuerte.cl\/web\/wp-json\/wp\/v2\/posts\/3595\/revisions"}],"predecessor-version":[{"id":3600,"href":"https:\/\/elfuerte.cl\/web\/wp-json\/wp\/v2\/posts\/3595\/revisions\/3600"}],"wp:featuredmedia":[{"embeddable":true,"href":"https:\/\/elfuerte.cl\/web\/wp-json\/wp\/v2\/media\/3597"}],"wp:attachment":[{"href":"https:\/\/elfuerte.cl\/web\/wp-json\/wp\/v2\/media?parent=3595"}],"wp:term":[{"taxonomy":"category","embeddable":true,"href":"https:\/\/elfuerte.cl\/web\/wp-json\/wp\/v2\/categories?post=3595"},{"taxonomy":"post_tag","embeddable":true,"href":"https:\/\/elfuerte.cl\/web\/wp-json\/wp\/v2\/tags?post=3595"}],"curies":[{"name":"wp","href":"https:\/\/api.w.org\/{rel}","templated":true}]}}