{"id":3601,"date":"2026-01-19T13:56:33","date_gmt":"2026-01-19T16:56:33","guid":{"rendered":"https:\/\/elfuerte.cl\/web\/?p=3601"},"modified":"2026-01-19T21:08:24","modified_gmt":"2026-01-20T00:08:24","slug":"incendios-en-el-biobio-autoridades-reportan-mayor-control-aunque-persisten-focos-activos","status":"publish","type":"post","link":"https:\/\/elfuerte.cl\/web\/2026\/01\/19\/incendios-en-el-biobio-autoridades-reportan-mayor-control-aunque-persisten-focos-activos\/","title":{"rendered":"Incendios en el Biob\u00edo: autoridades reportan  mayor control, aunque persisten focos activos"},"content":{"rendered":"\t\t<div data-elementor-type=\"wp-post\" data-elementor-id=\"3601\" class=\"elementor elementor-3601\">\n\t\t\t\t\t\t<section class=\"elementor-section elementor-top-section elementor-element elementor-element-464cea7 elementor-section-boxed elementor-section-height-default elementor-section-height-default\" data-id=\"464cea7\" data-element_type=\"section\">\r\n\t\t\t\t\t\t<div class=\"elementor-container elementor-column-gap-thegem\"><div class=\"elementor-row\">\r\n\t\t\t\t\t<div class=\"elementor-column elementor-col-66 elementor-top-column elementor-element elementor-element-2f44c54\" data-id=\"2f44c54\" data-element_type=\"column\">\n\t\t\t<div class=\"elementor-widget-wrap elementor-element-populated\">\n\t\t\t\t\t\t<div class=\"elementor-element elementor-element-ab386a6 flex-horizontal-align-default flex-horizontal-align-tablet-default flex-horizontal-align-mobile-default flex-vertical-align-default flex-vertical-align-tablet-default flex-vertical-align-mobile-default elementor-widget elementor-widget-heading\" data-id=\"ab386a6\" data-element_type=\"widget\" data-widget_type=\"heading.default\">\n\t\t\t\t\t<div class=\"title-h1 elementor-heading-title elementor-size-default\">Incendios en el Biob\u00edo: autoridades reportan  mayor control, aunque persisten focos activos<\/div>\t\t\t\t<\/div>\n\t\t\t\t<div class=\"elementor-element elementor-element-8427bf3 flex-horizontal-align-default flex-horizontal-align-tablet-default flex-horizontal-align-mobile-default flex-vertical-align-default flex-vertical-align-tablet-default flex-vertical-align-mobile-default elementor-widget elementor-widget-text-editor\" data-id=\"8427bf3\" data-element_type=\"widget\" data-widget_type=\"text-editor.default\">\n\t\t\t\t\t\t\t\t\t\t\t\t<div class=\"elementor-text-editor elementor-clearfix\">\r\n\t\t\t\t\t\t<p><strong>En dependencias de Senapred Biob\u00edo, autoridades regionales y del gobierno central informaron los resultados de los operativos desplegados durante la noche por los incendios forestales, destacando avances en control, seguridad, salud y ayuda social, aunque recalcaron que la emergencia sigue activa.<\/strong><\/p><p>Durante la ma\u00f1ana de este lunes, en dependencias del Servicio Nacional de Prevenci\u00f3n y Respuesta ante Desastres (Senapred) de la Regi\u00f3n del Biob\u00edo, se desarroll\u00f3 un nuevo Comit\u00e9 de Gesti\u00f3n del Riesgo de Desastres (Cogrid), instancia encabezada por el Delegado Presidencial Regional, junto a autoridades del gobierno central, regional y jefaturas de los organismos de emergencia, para revisar el desarrollo de la crisis por incendios forestales registrada durante la noche y entregar un balance actualizado de la situaci\u00f3n.<\/p><p>En la instancia, el Delegado Presidencial Regional del Biob\u00edo, Eduardo Pacheco, se\u00f1al\u00f3 que los objetivos del Estado de Excepci\u00f3n Constitucional decretado para la regi\u00f3n se est\u00e1n cumpliendo, especialmente en materia de seguridad y resguardo del orden p\u00fablico. \u201cEl despliegue de las Fuerzas Armadas desde la madrugada de ayer ha permitido que no tengamos situaciones graves de inseguridad ni incivilidades, lo que entrega tranquilidad a las familias que debieron evacuar sus viviendas\u201d, indic\u00f3.<\/p><p>Pacheco agreg\u00f3 que este despliegue tambi\u00e9n ha sido clave para resguardar el patrimonio de las personas evacuadas, permitiendo que quienes dejaron sus hogares puedan tener la certeza de que sus bienes est\u00e1n siendo protegidos mientras se combate la emergencia.<\/p><p><strong>Reconocimiento a la labor de Bomberos<\/strong><br \/>En su balance, el delegado presidencial destac\u00f3 adem\u00e1s el rol de Bomberos de Chile en la primera l\u00ednea, valorando su trabajo en la protecci\u00f3n de viviendas y comunidades. \u201cBomberos de Chile representa un orgullo para los chilenos y chilenas. Han trabajado de manera incansable, sin descanso, durante estos d\u00edas\u201d, se\u00f1al\u00f3.<\/p><p>Por su parte, el Subsecretario del Interior, V\u00edctor Ramos, inform\u00f3 que todos los servicios del Estado se mantienen desplegados de manera permanente en el territorio, enfrentando una de las emergencias m\u00e1s complejas que ha vivido la regi\u00f3n. \u201cTenemos mayores capacidades que ayer, mejores condiciones clim\u00e1ticas en algunos sectores y un despliegue total del Estado, pero no podemos bajar la guardia. Esta es una emergencia extrema y sigue activa\u201d, expres\u00f3.<\/p><p><strong>No hubo detenidos durante la noche<\/strong><br \/>Desde el \u00e1mbito de la seguridad y el control territorial, el Jefe de la Defensa Nacional en la Regi\u00f3n del Biob\u00edo, contraalmirante Edgardo Acevedo, realiz\u00f3 un enf\u00e1tico llamado a la ciudadan\u00eda a colaborar respetando las instrucciones vigentes y absteni\u00e9ndose de concurrir a las zonas donde se desarrollan labores de combate de incendios.<\/p><p>\u201cAy\u00fadennos a ayudar. Si usted no tiene nada que hacer en los sectores, no vaya. Existen bandos y restricciones que buscan proteger la vida de las personas y permitir que el trabajo multiagencial se desarrolle con eficacia\u201d, se\u00f1al\u00f3 el jefe militar.<\/p><p>Acevedo record\u00f3 adem\u00e1s que las ayudas solidarias, donaciones de v\u00edveres, agua y alimentos deben canalizarse exclusivamente a trav\u00e9s de los canales oficiales dispuestos por las municipalidades y organismos del Estado, evitando desplazamientos innecesarios hacia zonas de riesgo.<\/p><p>En cuanto a las restricciones de movilidad, el Jefe de la Defensa Nacional inform\u00f3 que el sector de Lirqu\u00e9n mantiene toque de queda total, durante las 24 horas del d\u00eda y de car\u00e1cter indefinido, mientras que en otras comunas de la Regi\u00f3n del Biob\u00edo se aplican toques de queda nocturnos entre las 20:00 y las 06:00 horas, medidas que ser\u00e1n evaluadas de forma permanente seg\u00fan la evoluci\u00f3n de la emergencia.<\/p><p>En cuanto a la seguridad durante la noche, indic\u00f3 que no se registraron detenidos gracias a la acci\u00f3n de resguardo de las zonas evacuadas que realizan tanto Carabineros como personal de las Fuerzas Armadas.<\/p><p>Desde el sector salud, la ministra del ramo, Jimena Aguilera, inform\u00f3 que toda la red asistencial del Biob\u00edo se mantiene en estado de alerta, con los servicios de salud desplegados en el territorio para atender a personas lesionadas por quemaduras y otras afecciones derivadas de la emergencia.<\/p><p>La secretaria de Estado confirm\u00f3 adem\u00e1s que se mantiene la coordinaci\u00f3n con el Servicio M\u00e9dico Legal para los procesos de identificaci\u00f3n de las personas fallecidas y la posterior entrega de los restos a sus familias, permitiendo avanzar en los procesos de sepultura y acompa\u00f1amiento a los deudos.<\/p><p>Finalmente, las autoridades reiteraron el llamado a la ciudadan\u00eda a mantenerse informada \u00fanicamente a trav\u00e9s de canales oficiales, respetar las \u00f3rdenes de evacuaci\u00f3n, los toques de queda y las restricciones de movilidad vigentes, subrayando que, si bien se ha observado una mayor calma relativa durante la noche y la ma\u00f1ana, la emergencia contin\u00faa activa en distintos focos de la Regi\u00f3n del Biob\u00edo.<\/p><p><strong>Prensa El Fuerte Noticias<\/strong><\/p>\t\t\t\t\t\t\t<\/div>\r\n\t\t\t\t\t\t\t\t\t\t<\/div>\n\t\t\t\t<div class=\"elementor-element elementor-element-5ac3e4a flex-horizontal-align-default flex-horizontal-align-tablet-default flex-horizontal-align-mobile-default flex-vertical-align-default flex-vertical-align-tablet-default flex-vertical-align-mobile-default elementor-widget elementor-widget-thegem-styledimage\" data-id=\"5ac3e4a\" data-element_type=\"widget\" data-settings=\"{&quot;thegem_elementor_preset&quot;:&quot;style-2&quot;,&quot;image&quot;:{&quot;url&quot;:&quot;https:\\\/\\\/elfuerte.cl\\\/web\\\/wp-content\\\/uploads\\\/2025\\\/10\\\/bannerefdelsur.jpg&quot;,&quot;id&quot;:1540,&quot;size&quot;:&quot;&quot;,&quot;alt&quot;:&quot;&quot;,&quot;source&quot;:&quot;library&quot;},&quot;image_position&quot;:&quot;left&quot;}\" data-widget_type=\"thegem-styledimage.default\">\n\t\t\t\t<div class=\"elementor-widget-container\">\n\t\t\t\t\t\n<div class=\"styled-image-wrapper\">\n\t\t\t<div class=\"gem-image gem-wrapbox gem-wrapbox-style-2 gem-wrapbox-position-left lazy-loading \">\n\t\t\t<div class=\"gem-wrapbox-inner  lazy-loading-item\"  data-ll-effect=\"move-up\">\n\t\t\t\t\t\t\t\t<a href=\"#\">\n\t\t\t\t\t\t\t\t\t\t<img class=\"gem-wrapbox-element img-responsive \"\n\t\t\t\t\t\t src=\"https:\/\/elfuerte.cl\/web\/wp-content\/uploads\/2025\/10\/bannerefdelsur.jpg\"\n\t\t\t\t\t\t alt=\"bannerefdelsur\">\n\t\t\t\t\t\t\t\t\t\t\t\t\t\t<\/a>\n\t\t\t\t\t\t<\/div>\n\t\t<\/div>\n\t\t<\/div>\n\n\n\t\n\t\t\t\t\t\t<\/div>\n\t\t\t\t<\/div>\n\t\t\t\t\t<\/div>\n\t\t<\/div>\n\t\t\t\t<div class=\"elementor-column elementor-col-33 elementor-top-column elementor-element elementor-element-dfac7b7\" data-id=\"dfac7b7\" data-element_type=\"column\">\n\t\t\t<div class=\"elementor-widget-wrap elementor-element-populated\">\n\t\t\t\t\t\t<div class=\"elementor-element elementor-element-af7077d flex-horizontal-align-default flex-horizontal-align-tablet-default flex-horizontal-align-mobile-default flex-vertical-align-default flex-vertical-align-tablet-default flex-vertical-align-mobile-default elementor-widget elementor-widget-sidebar\" data-id=\"af7077d\" data-element_type=\"widget\" data-settings=\"{&quot;thegem_custom_css&quot;:&quot;.gem-pp-posts-image {\\r\\n    width: 72px;\\r\\n}\\r\\n.gem-pp-posts-image img {\\r\\n    border-radius: 50%;\\r\\n}\\r\\nselector h4 {\\r\\n    padding-top: 40px;\\r\\n}&quot;}\" data-widget_type=\"sidebar.default\">\n\t\t\t\t\t<aside id=\"media_image-3\" class=\"widget widget_media_image\"><img width=\"750\" height=\"750\" src=\"https:\/\/elfuerte.cl\/web\/wp-content\/uploads\/2025\/10\/bannerrojook.jpg\" class=\"image wp-image-1681  attachment-full size-full\" alt=\"\" style=\"max-width: 100%; height: auto;\" title=\"Banner\" srcset=\"https:\/\/elfuerte.cl\/web\/wp-content\/uploads\/2025\/10\/bannerrojook.jpg 750w, https:\/\/elfuerte.cl\/web\/wp-content\/uploads\/2025\/10\/bannerrojook-300x300.jpg 300w, https:\/\/elfuerte.cl\/web\/wp-content\/uploads\/2025\/10\/bannerrojook-150x150.jpg 150w, https:\/\/elfuerte.cl\/web\/wp-content\/uploads\/2025\/10\/bannerrojook-256x256.jpg 256w\" sizes=\"(max-width: 750px) 100vw, 750px\" \/><\/aside><aside id=\"categories-2\" class=\"widget widget_categories\"><h4 class=\"widget-title\">Secciones<\/h4>\n\t\t\t<ul>\n\t\t\t\t\t<li class=\"cat-item cat-item-21\"><a href=\"https:\/\/elfuerte.cl\/web\/category\/actualidad\/\" title=\"View all posts filed under Actualidad\">Actualidad<\/a>\n<\/li>\n\t<li class=\"cat-item cat-item-100\"><a href=\"https:\/\/elfuerte.cl\/web\/category\/destacados\/\" title=\"View all posts filed under Destacados\">Destacados<\/a>\n<\/li>\n\t<li class=\"cat-item cat-item-101\"><a href=\"https:\/\/elfuerte.cl\/web\/category\/region-ludica\/\" title=\"View all posts filed under Regi\u00f3n L\u00fadica\">Regi\u00f3n L\u00fadica<\/a>\n<\/li>\n\t<li class=\"cat-item cat-item-157\"><a href=\"https:\/\/elfuerte.cl\/web\/category\/sala-de-redaccion\/\" title=\"View all posts filed under Sala de Redacci\u00f3n\">Sala de Redacci\u00f3n<\/a>\n<\/li>\n\t\t\t<\/ul>\n\n\t\t\t<\/aside><aside id=\"custom_popular_posts-2\" class=\"widget Custom_Popular_Posts\"><h4 class=\"widget-title\">Populares<\/h4><ul class=\"posts  styled\"><li class=\"clearfix gem-pp-posts\"><div class=\"gem-pp-posts-image\"><a href=\"https:\/\/elfuerte.cl\/web\/2026\/04\/27\/intercambio-de-semillas-y-experiencias-conecta-comunidades-del-pais-en-torno-a-la-restauracion-del-bosque-nativo-en-los-rios\/\"><img src=\"https:\/\/elfuerte.cl\/web\/wp-content\/uploads\/2026\/04\/portada-2026-04-27T102238.493-thegem-post-thumb-large.jpg\" srcset=\"https:\/\/elfuerte.cl\/web\/wp-content\/uploads\/2026\/04\/portada-2026-04-27T102238.493-thegem-post-thumb-small.jpg 1x, https:\/\/elfuerte.cl\/web\/wp-content\/uploads\/2026\/04\/portada-2026-04-27T102238.493-thegem-post-thumb-large.jpg 2x\" alt=\"\"\/><\/a><\/div><div class=\"gem-pp-posts-text\"> <div class=\"gem-pp-posts-item\"><a href=\"https:\/\/elfuerte.cl\/web\/2026\/04\/27\/intercambio-de-semillas-y-experiencias-conecta-comunidades-del-pais-en-torno-a-la-restauracion-del-bosque-nativo-en-los-rios\/\">Intercambio de semillas y experiencias conecta comunidades del pa\u00eds en torno a la restauraci\u00f3n del bosque nativo en Los R\u00edos<\/a><\/div><div class=\"gem-pp-posts-date\">27\/04\/2026<\/div><\/div><\/li><li class=\"clearfix gem-pp-posts\"><div class=\"gem-pp-posts-image\"><a href=\"https:\/\/elfuerte.cl\/web\/2025\/10\/11\/recuperar-una-casa-y-un-icono-de-la-historia-lotina\/\"><img src=\"https:\/\/elfuerte.cl\/web\/wp-content\/uploads\/2025\/10\/actualidad003-copia-thegem-post-thumb-large.jpg\" srcset=\"https:\/\/elfuerte.cl\/web\/wp-content\/uploads\/2025\/10\/actualidad003-copia-thegem-post-thumb-small.jpg 1x, https:\/\/elfuerte.cl\/web\/wp-content\/uploads\/2025\/10\/actualidad003-copia-thegem-post-thumb-large.jpg 2x\" alt=\"\"\/><\/a><\/div><div class=\"gem-pp-posts-text\"> <div class=\"gem-pp-posts-item\"><a href=\"https:\/\/elfuerte.cl\/web\/2025\/10\/11\/recuperar-una-casa-y-un-icono-de-la-historia-lotina\/\">Recuperar una casa y un \u00edcono de la historia lotina<\/a><\/div><div class=\"gem-pp-posts-date\">11\/10\/2025<\/div><\/div><\/li><li class=\"clearfix gem-pp-posts\"><div class=\"gem-pp-posts-image\"><a href=\"https:\/\/elfuerte.cl\/web\/2025\/10\/08\/indap-impulsa-acceso-a-tierras-y-emprendimiento-para-juventudes-rurales-con-nuevo-programa-tierra-joven\/\"><img src=\"https:\/\/elfuerte.cl\/web\/wp-content\/uploads\/2025\/10\/actualidad001-copia-thegem-post-thumb-large.jpg\" srcset=\"https:\/\/elfuerte.cl\/web\/wp-content\/uploads\/2025\/10\/actualidad001-copia-thegem-post-thumb-small.jpg 1x, https:\/\/elfuerte.cl\/web\/wp-content\/uploads\/2025\/10\/actualidad001-copia-thegem-post-thumb-large.jpg 2x\" alt=\"\"\/><\/a><\/div><div class=\"gem-pp-posts-text\"> <div class=\"gem-pp-posts-item\"><a href=\"https:\/\/elfuerte.cl\/web\/2025\/10\/08\/indap-impulsa-acceso-a-tierras-y-emprendimiento-para-juventudes-rurales-con-nuevo-programa-tierra-joven\/\">INDAP impulsa acceso a tierras y emprendimiento para juventudes rurales con nuevo programa \u201cTierra Joven\u201d<\/a><\/div><div class=\"gem-pp-posts-date\">08\/10\/2025<\/div><\/div><\/li><li class=\"clearfix gem-pp-posts\"><div class=\"gem-pp-posts-image\"><a href=\"https:\/\/elfuerte.cl\/web\/2025\/09\/05\/la-derrota-que-dejo-al-gobierno-sin-brujula\/\"><img src=\"https:\/\/elfuerte.cl\/web\/wp-content\/uploads\/2025\/09\/actualidad004-thegem-post-thumb-large.jpg\" srcset=\"https:\/\/elfuerte.cl\/web\/wp-content\/uploads\/2025\/09\/actualidad004-thegem-post-thumb-small.jpg 1x, https:\/\/elfuerte.cl\/web\/wp-content\/uploads\/2025\/09\/actualidad004-thegem-post-thumb-large.jpg 2x\" alt=\"\"\/><\/a><\/div><div class=\"gem-pp-posts-text\"> <div class=\"gem-pp-posts-item\"><a href=\"https:\/\/elfuerte.cl\/web\/2025\/09\/05\/la-derrota-que-dejo-al-gobierno-sin-brujula\/\">La derrota que dej\u00f3 al gobierno sin br\u00fajula<\/a><\/div><div class=\"gem-pp-posts-date\">05\/09\/2025<\/div><\/div><\/li><\/ul><\/aside>\t\t\t\t<\/div>\n\t\t\t\t\t<\/div>\n\t\t<\/div>\n\t\t\t\t\t<\/div><\/div>\r\n\t\t<\/section>\r\n\t\t\t\t<\/div>\n\t\t","protected":false},"excerpt":{"rendered":"<p>En dependencias de Senapred Biob\u00edo, autoridades regionales y del gobierno central informaron los resultados de los operativos desplegados durante la noche por los incendios forestales, destacando avances en control, seguridad, salud y ayuda social, aunque recalcaron que la emergencia sigue activa.<\/p>\n","protected":false},"author":1,"featured_media":3603,"comment_status":"closed","ping_status":"closed","sticky":false,"template":"single-fullwidth.php","format":"standard","meta":{"footnotes":""},"categories":[21,100],"tags":[65,180,401],"class_list":{"0":"post-3601","1":"post","2":"type-post","3":"status-publish","4":"format-standard","5":"has-post-thumbnail","7":"category-actualidad","8":"category-destacados","9":"tag-actualidad","10":"tag-biobio","11":"tag-incendio"},"menu_order":0,"_links":{"self":[{"href":"https:\/\/elfuerte.cl\/web\/wp-json\/wp\/v2\/posts\/3601","targetHints":{"allow":["GET"]}}],"collection":[{"href":"https:\/\/elfuerte.cl\/web\/wp-json\/wp\/v2\/posts"}],"about":[{"href":"https:\/\/elfuerte.cl\/web\/wp-json\/wp\/v2\/types\/post"}],"author":[{"embeddable":true,"href":"https:\/\/elfuerte.cl\/web\/wp-json\/wp\/v2\/users\/1"}],"replies":[{"embeddable":true,"href":"https:\/\/elfuerte.cl\/web\/wp-json\/wp\/v2\/comments?post=3601"}],"version-history":[{"count":7,"href":"https:\/\/elfuerte.cl\/web\/wp-json\/wp\/v2\/posts\/3601\/revisions"}],"predecessor-version":[{"id":3609,"href":"https:\/\/elfuerte.cl\/web\/wp-json\/wp\/v2\/posts\/3601\/revisions\/3609"}],"wp:featuredmedia":[{"embeddable":true,"href":"https:\/\/elfuerte.cl\/web\/wp-json\/wp\/v2\/media\/3603"}],"wp:attachment":[{"href":"https:\/\/elfuerte.cl\/web\/wp-json\/wp\/v2\/media?parent=3601"}],"wp:term":[{"taxonomy":"category","embeddable":true,"href":"https:\/\/elfuerte.cl\/web\/wp-json\/wp\/v2\/categories?post=3601"},{"taxonomy":"post_tag","embeddable":true,"href":"https:\/\/elfuerte.cl\/web\/wp-json\/wp\/v2\/tags?post=3601"}],"curies":[{"name":"wp","href":"https:\/\/api.w.org\/{rel}","templated":true}]}}