{"id":3610,"date":"2026-01-17T18:00:23","date_gmt":"2026-01-17T21:00:23","guid":{"rendered":"https:\/\/elfuerte.cl\/web\/?p=3610"},"modified":"2026-01-20T00:28:55","modified_gmt":"2026-01-20T03:28:55","slug":"inauguran-mejoras-en-la-cancha-del-complejo-deportivo-de-rahue-alto-en-osorno","status":"publish","type":"post","link":"https:\/\/elfuerte.cl\/web\/2026\/01\/17\/inauguran-mejoras-en-la-cancha-del-complejo-deportivo-de-rahue-alto-en-osorno\/","title":{"rendered":"Inauguran mejoras en la cancha del Complejo  Deportivo de Rahue Alto en Osorno"},"content":{"rendered":"\t\t<div data-elementor-type=\"wp-post\" data-elementor-id=\"3610\" class=\"elementor elementor-3610\">\n\t\t\t\t\t\t<section class=\"elementor-section elementor-top-section elementor-element elementor-element-464cea7 elementor-section-boxed elementor-section-height-default elementor-section-height-default\" data-id=\"464cea7\" data-element_type=\"section\">\r\n\t\t\t\t\t\t<div class=\"elementor-container elementor-column-gap-thegem\"><div class=\"elementor-row\">\r\n\t\t\t\t\t<div class=\"elementor-column elementor-col-66 elementor-top-column elementor-element elementor-element-2f44c54\" data-id=\"2f44c54\" data-element_type=\"column\">\n\t\t\t<div class=\"elementor-widget-wrap elementor-element-populated\">\n\t\t\t\t\t\t<div class=\"elementor-element elementor-element-ab386a6 flex-horizontal-align-default flex-horizontal-align-tablet-default flex-horizontal-align-mobile-default flex-vertical-align-default flex-vertical-align-tablet-default flex-vertical-align-mobile-default elementor-widget elementor-widget-heading\" data-id=\"ab386a6\" data-element_type=\"widget\" data-widget_type=\"heading.default\">\n\t\t\t\t\t<div class=\"title-h1 elementor-heading-title elementor-size-default\">Inauguran mejoras en la cancha del Complejo  Deportivo de Rahue Alto en Osorno<\/div>\t\t\t\t<\/div>\n\t\t\t\t<div class=\"elementor-element elementor-element-8427bf3 flex-horizontal-align-default flex-horizontal-align-tablet-default flex-horizontal-align-mobile-default flex-vertical-align-default flex-vertical-align-tablet-default flex-vertical-align-mobile-default elementor-widget elementor-widget-text-editor\" data-id=\"8427bf3\" data-element_type=\"widget\" data-widget_type=\"text-editor.default\">\n\t\t\t\t\t\t\t\t\t\t\t\t<div class=\"elementor-text-editor elementor-clearfix\">\r\n\t\t\t\t\t\t<p><strong>Las obras, financiadas por el Gobierno Regional de Los Lagos, consideraron una inversi\u00f3n cercana a los 480 millones de pesos y buscan fortalecer la infraestructura deportiva del sector, beneficiando a m\u00e1s de mil usuarios.<\/strong><\/p><p>Con una ceremonia que reuni\u00f3 a autoridades, dirigentes deportivos y escuelas formativas, fueron inauguradas las obras de mejoramiento de la cancha de f\u00fatbol del Complejo Deportivo de Rahue Alto, en la ciudad de Osorno.<\/p><p>Seg\u00fan inform\u00f3 el alcalde de la Municipalidad de Osorno, Jaime Bertin, el proyecto contempl\u00f3 una inversi\u00f3n total de $479.886.240, recursos provenientes del Gobierno Regional de Los Lagos.<\/p><p>Las obras incluyeron la instalaci\u00f3n de una cubierta en las grader\u00edas existentes de la cancha sint\u00e9tica, la reposici\u00f3n de camarines, la construcci\u00f3n de nuevos servicios higi\u00e9nicos para el p\u00fablico y la adaptaci\u00f3n de los espacios para personas con discapacidad, mejorando significativamente las condiciones del recinto deportivo.<\/p><p>Durante la actividad inaugural, una decena de escuelas de f\u00fatbol infantil de Osorno participaron en un desfile protocolar, en una jornada marcada por el entusiasmo de ni\u00f1os, ni\u00f1as, familias y dirigentes, quienes valoraron el impacto que tendr\u00e1n las mejoras en el desarrollo de la actividad deportiva local.<\/p><p>El jefe comunal destac\u00f3 que la nueva infraestructura permitir\u00e1 que el p\u00fablico asistente est\u00e9 protegido tanto de la lluvia como del sol, mejorando la experiencia de quienes concurren habitualmente a presenciar los encuentros deportivos.<\/p><p><strong>DIRIGENTES DESTACAN IMPACTO EN EL F\u00daTBOL BARRIAL<\/strong><br \/>El presidente de la Asociaci\u00f3n de F\u00fatbol de los Barrios de Rahue Alto, Claudio Bustamante, valor\u00f3 especialmente la construcci\u00f3n de los camarines para los futbolistas y la habilitaci\u00f3n de ba\u00f1os abiertos al p\u00fablico, se\u00f1alando que estas mejoras responden a una demanda hist\u00f3rica de los clubes y jugadores del sector.<\/p><p>Por su parte, el presidente de la Comisi\u00f3n Provincial del Consejo Regional de Los Lagos, Francisco Reyes Castro, destac\u00f3 que en el \u00faltimo periodo se han entregado diversos espacios de esparcimiento y recreaci\u00f3n en Osorno, junto con obras que fortalecen el desarrollo deportivo y la vida comunitaria.<\/p><p><strong>UN RECINTO DE ALTO USO COMUNITARIO<\/strong><br \/>Actualmente, la cancha sint\u00e9tica del Complejo Deportivo de Rahue Alto es utilizada por 15 equipos de la Asociaci\u00f3n de F\u00fatbol de los Barrios, adem\u00e1s de 5 escuelas de f\u00fatbol infantil, 10 equipos de f\u00fatbol femenino y 10 clubes de f\u00fatbol laboral.<\/p><p>En total, m\u00e1s de mil personas utilizan regularmente este recinto municipal, considerando la diversidad de categor\u00edas y competencias que se desarrollan a lo largo de la semana, consolid\u00e1ndolo como uno de los principales espacios deportivos del sector.<\/p><p><strong>Prensa El Fuerte Noticias, con informaci\u00f3n Municipalidad de Osorno<\/strong><\/p>\t\t\t\t\t\t\t<\/div>\r\n\t\t\t\t\t\t\t\t\t\t<\/div>\n\t\t\t\t<div class=\"elementor-element elementor-element-40896c4 flex-horizontal-align-default flex-horizontal-align-tablet-default flex-horizontal-align-mobile-default flex-vertical-align-default flex-vertical-align-tablet-default flex-vertical-align-mobile-default elementor-widget elementor-widget-image-gallery\" data-id=\"40896c4\" data-element_type=\"widget\" data-widget_type=\"image-gallery.default\">\n\t\t\t\t\t\t\t<div class=\"elementor-image-gallery\">\n\t\t\t<div id='gallery-1' class='gallery galleryid-3610 gallery-columns-4 gallery-size-thumbnail'><figure class='gallery-item'>\n\t\t\t<div class='gallery-icon landscape'>\n\t\t\t\t<a data-elementor-open-lightbox=\"yes\" data-elementor-lightbox-slideshow=\"40896c4\" data-elementor-lightbox-title=\"Rahue 1\" data-e-action-hash=\"#elementor-action%3Aaction%3Dlightbox%26settings%3DeyJpZCI6MzYxNSwidXJsIjoiaHR0cHM6XC9cL2VsZnVlcnRlLmNsXC93ZWJcL3dwLWNvbnRlbnRcL3VwbG9hZHNcLzIwMjZcLzAxXC9SYWh1ZS0xLXNjYWxlZC5qcGciLCJzbGlkZXNob3ciOiI0MDg5NmM0In0%3D\" href='https:\/\/elfuerte.cl\/web\/wp-content\/uploads\/2026\/01\/Rahue-1-scaled.jpg'><img width=\"150\" height=\"150\" src=\"https:\/\/elfuerte.cl\/web\/wp-content\/uploads\/2026\/01\/Rahue-1-150x150.jpg\" class=\"attachment-thumbnail size-thumbnail\" alt=\"\" srcset=\"https:\/\/elfuerte.cl\/web\/wp-content\/uploads\/2026\/01\/Rahue-1-150x150.jpg 150w, https:\/\/elfuerte.cl\/web\/wp-content\/uploads\/2026\/01\/Rahue-1-256x256.jpg 256w\" sizes=\"(max-width: 150px) 100vw, 150px\" \/><\/a>\n\t\t\t<\/div><\/figure><figure class='gallery-item'>\n\t\t\t<div class='gallery-icon landscape'>\n\t\t\t\t<a data-elementor-open-lightbox=\"yes\" data-elementor-lightbox-slideshow=\"40896c4\" data-elementor-lightbox-title=\"Rahue 2\" data-e-action-hash=\"#elementor-action%3Aaction%3Dlightbox%26settings%3DeyJpZCI6MzYxNiwidXJsIjoiaHR0cHM6XC9cL2VsZnVlcnRlLmNsXC93ZWJcL3dwLWNvbnRlbnRcL3VwbG9hZHNcLzIwMjZcLzAxXC9SYWh1ZS0yLXNjYWxlZC5qcGciLCJzbGlkZXNob3ciOiI0MDg5NmM0In0%3D\" href='https:\/\/elfuerte.cl\/web\/wp-content\/uploads\/2026\/01\/Rahue-2-scaled.jpg'><img width=\"150\" height=\"150\" src=\"https:\/\/elfuerte.cl\/web\/wp-content\/uploads\/2026\/01\/Rahue-2-150x150.jpg\" class=\"attachment-thumbnail size-thumbnail\" alt=\"\" srcset=\"https:\/\/elfuerte.cl\/web\/wp-content\/uploads\/2026\/01\/Rahue-2-150x150.jpg 150w, https:\/\/elfuerte.cl\/web\/wp-content\/uploads\/2026\/01\/Rahue-2-256x256.jpg 256w\" sizes=\"(max-width: 150px) 100vw, 150px\" \/><\/a>\n\t\t\t<\/div><\/figure><figure class='gallery-item'>\n\t\t\t<div class='gallery-icon landscape'>\n\t\t\t\t<a data-elementor-open-lightbox=\"yes\" data-elementor-lightbox-slideshow=\"40896c4\" data-elementor-lightbox-title=\"Rahue 3\" data-e-action-hash=\"#elementor-action%3Aaction%3Dlightbox%26settings%3DeyJpZCI6MzYxNywidXJsIjoiaHR0cHM6XC9cL2VsZnVlcnRlLmNsXC93ZWJcL3dwLWNvbnRlbnRcL3VwbG9hZHNcLzIwMjZcLzAxXC9SYWh1ZS0zLXNjYWxlZC5qcGciLCJzbGlkZXNob3ciOiI0MDg5NmM0In0%3D\" href='https:\/\/elfuerte.cl\/web\/wp-content\/uploads\/2026\/01\/Rahue-3-scaled.jpg'><img width=\"150\" height=\"150\" src=\"https:\/\/elfuerte.cl\/web\/wp-content\/uploads\/2026\/01\/Rahue-3-150x150.jpg\" class=\"attachment-thumbnail size-thumbnail\" alt=\"\" srcset=\"https:\/\/elfuerte.cl\/web\/wp-content\/uploads\/2026\/01\/Rahue-3-150x150.jpg 150w, https:\/\/elfuerte.cl\/web\/wp-content\/uploads\/2026\/01\/Rahue-3-256x256.jpg 256w\" sizes=\"(max-width: 150px) 100vw, 150px\" \/><\/a>\n\t\t\t<\/div><\/figure><figure class='gallery-item'>\n\t\t\t<div class='gallery-icon landscape'>\n\t\t\t\t<a data-elementor-open-lightbox=\"yes\" data-elementor-lightbox-slideshow=\"40896c4\" data-elementor-lightbox-title=\"Rahue 4\" data-e-action-hash=\"#elementor-action%3Aaction%3Dlightbox%26settings%3DeyJpZCI6MzYxOCwidXJsIjoiaHR0cHM6XC9cL2VsZnVlcnRlLmNsXC93ZWJcL3dwLWNvbnRlbnRcL3VwbG9hZHNcLzIwMjZcLzAxXC9SYWh1ZS00LTEtc2NhbGVkLmpwZyIsInNsaWRlc2hvdyI6IjQwODk2YzQifQ%3D%3D\" href='https:\/\/elfuerte.cl\/web\/wp-content\/uploads\/2026\/01\/Rahue-4-1-scaled.jpg'><img width=\"150\" height=\"150\" src=\"https:\/\/elfuerte.cl\/web\/wp-content\/uploads\/2026\/01\/Rahue-4-1-150x150.jpg\" class=\"attachment-thumbnail size-thumbnail\" alt=\"\" srcset=\"https:\/\/elfuerte.cl\/web\/wp-content\/uploads\/2026\/01\/Rahue-4-1-150x150.jpg 150w, https:\/\/elfuerte.cl\/web\/wp-content\/uploads\/2026\/01\/Rahue-4-1-256x256.jpg 256w\" sizes=\"(max-width: 150px) 100vw, 150px\" \/><\/a>\n\t\t\t<\/div><\/figure>\n\t\t<\/div>\n\t\t<\/div>\n\t\t\t\t\t\t<\/div>\n\t\t\t\t<div class=\"elementor-element elementor-element-5ac3e4a flex-horizontal-align-default flex-horizontal-align-tablet-default flex-horizontal-align-mobile-default flex-vertical-align-default flex-vertical-align-tablet-default flex-vertical-align-mobile-default elementor-widget elementor-widget-thegem-styledimage\" data-id=\"5ac3e4a\" data-element_type=\"widget\" data-settings=\"{&quot;thegem_elementor_preset&quot;:&quot;style-2&quot;,&quot;image&quot;:{&quot;url&quot;:&quot;https:\\\/\\\/elfuerte.cl\\\/web\\\/wp-content\\\/uploads\\\/2025\\\/10\\\/bannerefdelsur.jpg&quot;,&quot;id&quot;:1540,&quot;size&quot;:&quot;&quot;,&quot;alt&quot;:&quot;&quot;,&quot;source&quot;:&quot;library&quot;},&quot;image_position&quot;:&quot;left&quot;}\" data-widget_type=\"thegem-styledimage.default\">\n\t\t\t\t<div class=\"elementor-widget-container\">\n\t\t\t\t\t\n<div class=\"styled-image-wrapper\">\n\t\t\t<div class=\"gem-image gem-wrapbox gem-wrapbox-style-2 gem-wrapbox-position-left lazy-loading \">\n\t\t\t<div class=\"gem-wrapbox-inner  lazy-loading-item\"  data-ll-effect=\"move-up\">\n\t\t\t\t\t\t\t\t<a href=\"#\">\n\t\t\t\t\t\t\t\t\t\t<img class=\"gem-wrapbox-element img-responsive \"\n\t\t\t\t\t\t src=\"https:\/\/elfuerte.cl\/web\/wp-content\/uploads\/2025\/10\/bannerefdelsur.jpg\"\n\t\t\t\t\t\t alt=\"bannerefdelsur\">\n\t\t\t\t\t\t\t\t\t\t\t\t\t\t<\/a>\n\t\t\t\t\t\t<\/div>\n\t\t<\/div>\n\t\t<\/div>\n\n\n\t\n\t\t\t\t\t\t<\/div>\n\t\t\t\t<\/div>\n\t\t\t\t\t<\/div>\n\t\t<\/div>\n\t\t\t\t<div class=\"elementor-column elementor-col-33 elementor-top-column elementor-element elementor-element-dfac7b7\" data-id=\"dfac7b7\" data-element_type=\"column\">\n\t\t\t<div class=\"elementor-widget-wrap elementor-element-populated\">\n\t\t\t\t\t\t<div class=\"elementor-element elementor-element-af7077d flex-horizontal-align-default flex-horizontal-align-tablet-default flex-horizontal-align-mobile-default flex-vertical-align-default flex-vertical-align-tablet-default flex-vertical-align-mobile-default elementor-widget elementor-widget-sidebar\" data-id=\"af7077d\" data-element_type=\"widget\" data-settings=\"{&quot;thegem_custom_css&quot;:&quot;.gem-pp-posts-image {\\r\\n    width: 72px;\\r\\n}\\r\\n.gem-pp-posts-image img {\\r\\n    border-radius: 50%;\\r\\n}\\r\\nselector h4 {\\r\\n    padding-top: 40px;\\r\\n}&quot;}\" data-widget_type=\"sidebar.default\">\n\t\t\t\t\t<aside id=\"media_image-3\" class=\"widget widget_media_image\"><img width=\"750\" height=\"750\" src=\"https:\/\/elfuerte.cl\/web\/wp-content\/uploads\/2025\/10\/bannerrojook.jpg\" class=\"image wp-image-1681  attachment-full size-full\" alt=\"\" style=\"max-width: 100%; height: auto;\" title=\"Banner\" srcset=\"https:\/\/elfuerte.cl\/web\/wp-content\/uploads\/2025\/10\/bannerrojook.jpg 750w, https:\/\/elfuerte.cl\/web\/wp-content\/uploads\/2025\/10\/bannerrojook-300x300.jpg 300w, https:\/\/elfuerte.cl\/web\/wp-content\/uploads\/2025\/10\/bannerrojook-150x150.jpg 150w, https:\/\/elfuerte.cl\/web\/wp-content\/uploads\/2025\/10\/bannerrojook-256x256.jpg 256w\" sizes=\"(max-width: 750px) 100vw, 750px\" \/><\/aside><aside id=\"categories-2\" class=\"widget widget_categories\"><h4 class=\"widget-title\">Secciones<\/h4>\n\t\t\t<ul>\n\t\t\t\t\t<li class=\"cat-item cat-item-21\"><a href=\"https:\/\/elfuerte.cl\/web\/category\/actualidad\/\" title=\"View all posts filed under Actualidad\">Actualidad<\/a>\n<\/li>\n\t<li class=\"cat-item cat-item-100\"><a href=\"https:\/\/elfuerte.cl\/web\/category\/destacados\/\" title=\"View all posts filed under Destacados\">Destacados<\/a>\n<\/li>\n\t<li class=\"cat-item cat-item-101\"><a href=\"https:\/\/elfuerte.cl\/web\/category\/region-ludica\/\" title=\"View all posts filed under Regi\u00f3n L\u00fadica\">Regi\u00f3n L\u00fadica<\/a>\n<\/li>\n\t<li class=\"cat-item cat-item-157\"><a href=\"https:\/\/elfuerte.cl\/web\/category\/sala-de-redaccion\/\" title=\"View all posts filed under Sala de Redacci\u00f3n\">Sala de Redacci\u00f3n<\/a>\n<\/li>\n\t\t\t<\/ul>\n\n\t\t\t<\/aside><aside id=\"custom_popular_posts-2\" class=\"widget Custom_Popular_Posts\"><h4 class=\"widget-title\">Populares<\/h4><ul class=\"posts  styled\"><li class=\"clearfix gem-pp-posts\"><div class=\"gem-pp-posts-image\"><a href=\"https:\/\/elfuerte.cl\/web\/2026\/04\/27\/intercambio-de-semillas-y-experiencias-conecta-comunidades-del-pais-en-torno-a-la-restauracion-del-bosque-nativo-en-los-rios\/\"><img src=\"https:\/\/elfuerte.cl\/web\/wp-content\/uploads\/2026\/04\/portada-2026-04-27T102238.493-thegem-post-thumb-large.jpg\" srcset=\"https:\/\/elfuerte.cl\/web\/wp-content\/uploads\/2026\/04\/portada-2026-04-27T102238.493-thegem-post-thumb-small.jpg 1x, https:\/\/elfuerte.cl\/web\/wp-content\/uploads\/2026\/04\/portada-2026-04-27T102238.493-thegem-post-thumb-large.jpg 2x\" alt=\"\"\/><\/a><\/div><div class=\"gem-pp-posts-text\"> <div class=\"gem-pp-posts-item\"><a href=\"https:\/\/elfuerte.cl\/web\/2026\/04\/27\/intercambio-de-semillas-y-experiencias-conecta-comunidades-del-pais-en-torno-a-la-restauracion-del-bosque-nativo-en-los-rios\/\">Intercambio de semillas y experiencias conecta comunidades del pa\u00eds en torno a la restauraci\u00f3n del bosque nativo en Los R\u00edos<\/a><\/div><div class=\"gem-pp-posts-date\">27\/04\/2026<\/div><\/div><\/li><li class=\"clearfix gem-pp-posts\"><div class=\"gem-pp-posts-image\"><a href=\"https:\/\/elfuerte.cl\/web\/2025\/10\/11\/recuperar-una-casa-y-un-icono-de-la-historia-lotina\/\"><img src=\"https:\/\/elfuerte.cl\/web\/wp-content\/uploads\/2025\/10\/actualidad003-copia-thegem-post-thumb-large.jpg\" srcset=\"https:\/\/elfuerte.cl\/web\/wp-content\/uploads\/2025\/10\/actualidad003-copia-thegem-post-thumb-small.jpg 1x, https:\/\/elfuerte.cl\/web\/wp-content\/uploads\/2025\/10\/actualidad003-copia-thegem-post-thumb-large.jpg 2x\" alt=\"\"\/><\/a><\/div><div class=\"gem-pp-posts-text\"> <div class=\"gem-pp-posts-item\"><a href=\"https:\/\/elfuerte.cl\/web\/2025\/10\/11\/recuperar-una-casa-y-un-icono-de-la-historia-lotina\/\">Recuperar una casa y un \u00edcono de la historia lotina<\/a><\/div><div class=\"gem-pp-posts-date\">11\/10\/2025<\/div><\/div><\/li><li class=\"clearfix gem-pp-posts\"><div class=\"gem-pp-posts-image\"><a href=\"https:\/\/elfuerte.cl\/web\/2025\/10\/08\/indap-impulsa-acceso-a-tierras-y-emprendimiento-para-juventudes-rurales-con-nuevo-programa-tierra-joven\/\"><img src=\"https:\/\/elfuerte.cl\/web\/wp-content\/uploads\/2025\/10\/actualidad001-copia-thegem-post-thumb-large.jpg\" srcset=\"https:\/\/elfuerte.cl\/web\/wp-content\/uploads\/2025\/10\/actualidad001-copia-thegem-post-thumb-small.jpg 1x, https:\/\/elfuerte.cl\/web\/wp-content\/uploads\/2025\/10\/actualidad001-copia-thegem-post-thumb-large.jpg 2x\" alt=\"\"\/><\/a><\/div><div class=\"gem-pp-posts-text\"> <div class=\"gem-pp-posts-item\"><a href=\"https:\/\/elfuerte.cl\/web\/2025\/10\/08\/indap-impulsa-acceso-a-tierras-y-emprendimiento-para-juventudes-rurales-con-nuevo-programa-tierra-joven\/\">INDAP impulsa acceso a tierras y emprendimiento para juventudes rurales con nuevo programa \u201cTierra Joven\u201d<\/a><\/div><div class=\"gem-pp-posts-date\">08\/10\/2025<\/div><\/div><\/li><li class=\"clearfix gem-pp-posts\"><div class=\"gem-pp-posts-image\"><a href=\"https:\/\/elfuerte.cl\/web\/2025\/09\/05\/la-derrota-que-dejo-al-gobierno-sin-brujula\/\"><img src=\"https:\/\/elfuerte.cl\/web\/wp-content\/uploads\/2025\/09\/actualidad004-thegem-post-thumb-large.jpg\" srcset=\"https:\/\/elfuerte.cl\/web\/wp-content\/uploads\/2025\/09\/actualidad004-thegem-post-thumb-small.jpg 1x, https:\/\/elfuerte.cl\/web\/wp-content\/uploads\/2025\/09\/actualidad004-thegem-post-thumb-large.jpg 2x\" alt=\"\"\/><\/a><\/div><div class=\"gem-pp-posts-text\"> <div class=\"gem-pp-posts-item\"><a href=\"https:\/\/elfuerte.cl\/web\/2025\/09\/05\/la-derrota-que-dejo-al-gobierno-sin-brujula\/\">La derrota que dej\u00f3 al gobierno sin br\u00fajula<\/a><\/div><div class=\"gem-pp-posts-date\">05\/09\/2025<\/div><\/div><\/li><\/ul><\/aside>\t\t\t\t<\/div>\n\t\t\t\t\t<\/div>\n\t\t<\/div>\n\t\t\t\t\t<\/div><\/div>\r\n\t\t<\/section>\r\n\t\t\t\t<\/div>\n\t\t","protected":false},"excerpt":{"rendered":"<p>Las obras, financiadas por el Gobierno Regional de Los Lagos, consideraron una inversi\u00f3n cercana a los 480 millones de pesos y buscan fortalecer la infraestructura deportiva del sector, beneficiando a m\u00e1s de mil usuarios.<\/p>\n","protected":false},"author":1,"featured_media":3612,"comment_status":"closed","ping_status":"closed","sticky":false,"template":"single-fullwidth.php","format":"standard","meta":{"footnotes":""},"categories":[21,100],"tags":[65,317,194],"class_list":{"0":"post-3610","1":"post","2":"type-post","3":"status-publish","4":"format-standard","5":"has-post-thumbnail","7":"category-actualidad","8":"category-destacados","9":"tag-actualidad","10":"tag-deporte","11":"tag-osorno"},"menu_order":0,"_links":{"self":[{"href":"https:\/\/elfuerte.cl\/web\/wp-json\/wp\/v2\/posts\/3610","targetHints":{"allow":["GET"]}}],"collection":[{"href":"https:\/\/elfuerte.cl\/web\/wp-json\/wp\/v2\/posts"}],"about":[{"href":"https:\/\/elfuerte.cl\/web\/wp-json\/wp\/v2\/types\/post"}],"author":[{"embeddable":true,"href":"https:\/\/elfuerte.cl\/web\/wp-json\/wp\/v2\/users\/1"}],"replies":[{"embeddable":true,"href":"https:\/\/elfuerte.cl\/web\/wp-json\/wp\/v2\/comments?post=3610"}],"version-history":[{"count":4,"href":"https:\/\/elfuerte.cl\/web\/wp-json\/wp\/v2\/posts\/3610\/revisions"}],"predecessor-version":[{"id":3621,"href":"https:\/\/elfuerte.cl\/web\/wp-json\/wp\/v2\/posts\/3610\/revisions\/3621"}],"wp:featuredmedia":[{"embeddable":true,"href":"https:\/\/elfuerte.cl\/web\/wp-json\/wp\/v2\/media\/3612"}],"wp:attachment":[{"href":"https:\/\/elfuerte.cl\/web\/wp-json\/wp\/v2\/media?parent=3610"}],"wp:term":[{"taxonomy":"category","embeddable":true,"href":"https:\/\/elfuerte.cl\/web\/wp-json\/wp\/v2\/categories?post=3610"},{"taxonomy":"post_tag","embeddable":true,"href":"https:\/\/elfuerte.cl\/web\/wp-json\/wp\/v2\/tags?post=3610"}],"curies":[{"name":"wp","href":"https:\/\/api.w.org\/{rel}","templated":true}]}}