{"id":3634,"date":"2026-01-19T17:00:32","date_gmt":"2026-01-19T20:00:32","guid":{"rendered":"https:\/\/elfuerte.cl\/web\/?p=3634"},"modified":"2026-01-20T00:48:00","modified_gmt":"2026-01-20T03:48:00","slug":"bicentenario-de-chiloe-definen-agenda-conmemorativa-con-foco-en-memoria-identidad-y-desarrollo-territorial","status":"publish","type":"post","link":"https:\/\/elfuerte.cl\/web\/2026\/01\/19\/bicentenario-de-chiloe-definen-agenda-conmemorativa-con-foco-en-memoria-identidad-y-desarrollo-territorial\/","title":{"rendered":"Bicentenario de Chilo\u00e9: definen agenda conmemorativa  con foco en memoria, identidad y desarrollo territorial"},"content":{"rendered":"\t\t<div data-elementor-type=\"wp-post\" data-elementor-id=\"3634\" class=\"elementor elementor-3634\">\n\t\t\t\t\t\t<section class=\"elementor-section elementor-top-section elementor-element elementor-element-464cea7 elementor-section-boxed elementor-section-height-default elementor-section-height-default\" data-id=\"464cea7\" data-element_type=\"section\">\r\n\t\t\t\t\t\t<div class=\"elementor-container elementor-column-gap-thegem\"><div class=\"elementor-row\">\r\n\t\t\t\t\t<div class=\"elementor-column elementor-col-66 elementor-top-column elementor-element elementor-element-2f44c54\" data-id=\"2f44c54\" data-element_type=\"column\">\n\t\t\t<div class=\"elementor-widget-wrap elementor-element-populated\">\n\t\t\t\t\t\t<div class=\"elementor-element elementor-element-ab386a6 flex-horizontal-align-default flex-horizontal-align-tablet-default flex-horizontal-align-mobile-default flex-vertical-align-default flex-vertical-align-tablet-default flex-vertical-align-mobile-default elementor-widget elementor-widget-heading\" data-id=\"ab386a6\" data-element_type=\"widget\" data-widget_type=\"heading.default\">\n\t\t\t\t\t<div class=\"title-h1 elementor-heading-title elementor-size-default\">Bicentenario de Chilo\u00e9: definen agenda conmemorativa  con foco en memoria, identidad y desarrollo territorial<\/div>\t\t\t\t<\/div>\n\t\t\t\t<div class=\"elementor-element elementor-element-8427bf3 flex-horizontal-align-default flex-horizontal-align-tablet-default flex-horizontal-align-mobile-default flex-vertical-align-default flex-vertical-align-tablet-default flex-vertical-align-mobile-default elementor-widget elementor-widget-text-editor\" data-id=\"8427bf3\" data-element_type=\"widget\" data-widget_type=\"text-editor.default\">\n\t\t\t\t\t\t\t\t\t\t\t\t<div class=\"elementor-text-editor elementor-clearfix\">\r\n\t\t\t\t\t\t<p><strong>A 200 a\u00f1os de la incorporaci\u00f3n del archipi\u00e9lago a la Rep\u00fablica de Chile, autoridades presentaron una nutrida agenda que incluye un sitio web y actividades culturales, patrimoniales y c\u00edvicas, junto a un plan de inversiones p\u00fablicas que busca proyectar a Chilo\u00e9 hacia el futuro.<\/strong><\/p><p>Tras la toma de Valdivia en 1820, los \u00faltimos bastiones de la corona espa\u00f1ola se replegaron en el archipi\u00e9lago de Chilo\u00e9, territorio que permanecer\u00eda bajo dominio espa\u00f1ol hasta 1826, a\u00f1o en que, mediante el Tratado de Tantauco, se concreta su incorporaci\u00f3n a la Rep\u00fablica de Chile. A casi dos siglos de ese hito hist\u00f3rico, el territorio se prepara para conmemorar su Bicentenario como un proceso de memoria, identidad y proyecci\u00f3n de desarrollo.<\/p><p>En ese contexto, el Gobierno present\u00f3 oficialmente el calendario de actividades del Bicentenario de Chilo\u00e9 (1826\u20132026), junto con el lanzamiento de la plataforma digital oficial www.bicentenariochiloe.cl, sitio que concentrar\u00e1 la programaci\u00f3n, informaci\u00f3n hist\u00f3rica y seguimiento de las iniciativas asociadas a esta conmemoraci\u00f3n.<\/p><p>Bajo el lema \u201c200 a\u00f1os: Memoria, mar y futuro\u201d, la agenda contempla m\u00e1s de una semana de actividades descentralizadas en comunas del archipi\u00e9lago, integrando a municipios, organizaciones culturales, comunidades locales e instituciones del Estado.<\/p><p>La programaci\u00f3n incluye hitos como la conmemoraci\u00f3n del Tratado de Tantauco, desfiles c\u00edvico-militares, encuentros culturales y folcl\u00f3ricos, muestras art\u00edsticas y fotogr\u00e1ficas, ferias gastron\u00f3micas y de oficios tradicionales, adem\u00e1s de actividades religiosas, deportivas y espacios de rescate de la memoria oral ancestral. A ello se suman inauguraciones de obras p\u00fablicas, visitas a proyectos de inversi\u00f3n y actividades sectoriales vinculadas a cultura, pesca, agricultura, seguridad y desarrollo urbano.<\/p><p>Tras la \u00faltima sesi\u00f3n de la Comisi\u00f3n del Bicentenario de Chilo\u00e9, realizada en la comuna de Ancud el viernes pasado, el Delegado Presidencial Provincial de Chilo\u00e9, Marcelo Malague\u00f1o, destac\u00f3 el trabajo sostenido que permiti\u00f3 consolidar el Plan Bicentenario en el territorio.<\/p><p>\u201cHoy se cierra un ciclo de m\u00e1s de un a\u00f1o de trabajo de la Comisi\u00f3n Bicentenario, mandatada por el Presidente Gabriel Boric, que permiti\u00f3 coordinar a distintos ministerios y levantar propuestas y acciones concretas para el desarrollo de la provincia de Chilo\u00e9 y su gente\u201d, se\u00f1al\u00f3 la autoridad provincial.<\/p><p>Desde el nivel regional, el Gobernador Regional de Los Lagos, Alejandro Santana, subray\u00f3 el compromiso financiero que respalda esta conmemoraci\u00f3n, indicando que el Gobierno Regional ha destinado m\u00e1s de 2 mil millones de pesos a distintas iniciativas vinculadas al Bicentenario, a trav\u00e9s de instrumentos de infraestructura y fondos comunitarios.<\/p><p>En el \u00e1mbito econ\u00f3mico, el Plan Bicentenario considera un despliegue relevante de programas productivos impulsados desde el Ministerio de Econom\u00eda, con iniciativas orientadas al fortalecimiento de la pesca artesanal, el emprendimiento local y el desarrollo sostenible del archipi\u00e9lago. Desde 2024 se han ejecutado m\u00e1s de 15 programas con una inversi\u00f3n superior a los 1.900 millones de pesos, mientras que para 2026 se proyecta un presupuesto que supera los 3 mil millones de pesos.<\/p><p>Finalmente, se reiter\u00f3 el llamado a la comunidad chilota y a la ciudadan\u00eda en general a informarse y participar activamente de las distintas actividades programadas para la conmemoraci\u00f3n del Bicentenario. Para ello, se encuentra disponible la plataforma digital oficial www.bicentenariochiloe.cl, donde es posible acceder al Plan Bicentenario completo, revisar la agenda detallada por comuna, conocer los principales hitos hist\u00f3ricos de la incorporaci\u00f3n de Chilo\u00e9 a Chile, informarse sobre los proyectos e inversiones p\u00fablicas asociadas a esta conmemoraci\u00f3n y seguir el desarrollo de las iniciativas culturales, patrimoniales, econ\u00f3micas y comunitarias que marcar\u00e1n los 200 a\u00f1os del archipi\u00e9lago en la Rep\u00fablica de Chile.<\/p><p><strong>Prensa El Fuerte Noticias, con informaci\u00f3n Delegaci\u00f3n Presidencial Los Lagos<\/strong><\/p>\t\t\t\t\t\t\t<\/div>\r\n\t\t\t\t\t\t\t\t\t\t<\/div>\n\t\t\t\t<div class=\"elementor-element elementor-element-d9bbc4c flex-horizontal-align-default flex-horizontal-align-tablet-default flex-horizontal-align-mobile-default flex-vertical-align-default flex-vertical-align-tablet-default flex-vertical-align-mobile-default elementor-widget elementor-widget-image-gallery\" data-id=\"d9bbc4c\" data-element_type=\"widget\" data-widget_type=\"image-gallery.default\">\n\t\t\t\t\t\t\t<div class=\"elementor-image-gallery\">\n\t\t\t<div id='gallery-1' class='gallery galleryid-3634 gallery-columns-4 gallery-size-thumbnail'><figure class='gallery-item'>\n\t\t\t<div class='gallery-icon landscape'>\n\t\t\t\t<a data-elementor-open-lightbox=\"yes\" data-elementor-lightbox-slideshow=\"d9bbc4c\" data-elementor-lightbox-title=\"DSC00558\" data-e-action-hash=\"#elementor-action%3Aaction%3Dlightbox%26settings%3DeyJpZCI6MzY0MCwidXJsIjoiaHR0cHM6XC9cL2VsZnVlcnRlLmNsXC93ZWJcL3dwLWNvbnRlbnRcL3VwbG9hZHNcLzIwMjZcLzAxXC9EU0MwMDU1OC1zY2FsZWQuanBnIiwic2xpZGVzaG93IjoiZDliYmM0YyJ9\" href='https:\/\/elfuerte.cl\/web\/wp-content\/uploads\/2026\/01\/DSC00558-scaled.jpg'><img width=\"150\" height=\"150\" src=\"https:\/\/elfuerte.cl\/web\/wp-content\/uploads\/2026\/01\/DSC00558-150x150.jpg\" class=\"attachment-thumbnail size-thumbnail\" alt=\"\" srcset=\"https:\/\/elfuerte.cl\/web\/wp-content\/uploads\/2026\/01\/DSC00558-150x150.jpg 150w, https:\/\/elfuerte.cl\/web\/wp-content\/uploads\/2026\/01\/DSC00558-256x256.jpg 256w\" sizes=\"(max-width: 150px) 100vw, 150px\" \/><\/a>\n\t\t\t<\/div><\/figure><figure class='gallery-item'>\n\t\t\t<div class='gallery-icon landscape'>\n\t\t\t\t<a data-elementor-open-lightbox=\"yes\" data-elementor-lightbox-slideshow=\"d9bbc4c\" data-elementor-lightbox-title=\"DSC00643\" data-e-action-hash=\"#elementor-action%3Aaction%3Dlightbox%26settings%3DeyJpZCI6MzY0MSwidXJsIjoiaHR0cHM6XC9cL2VsZnVlcnRlLmNsXC93ZWJcL3dwLWNvbnRlbnRcL3VwbG9hZHNcLzIwMjZcLzAxXC9EU0MwMDY0My1zY2FsZWQuanBnIiwic2xpZGVzaG93IjoiZDliYmM0YyJ9\" href='https:\/\/elfuerte.cl\/web\/wp-content\/uploads\/2026\/01\/DSC00643-scaled.jpg'><img width=\"150\" height=\"150\" src=\"https:\/\/elfuerte.cl\/web\/wp-content\/uploads\/2026\/01\/DSC00643-150x150.jpg\" class=\"attachment-thumbnail size-thumbnail\" alt=\"\" srcset=\"https:\/\/elfuerte.cl\/web\/wp-content\/uploads\/2026\/01\/DSC00643-150x150.jpg 150w, https:\/\/elfuerte.cl\/web\/wp-content\/uploads\/2026\/01\/DSC00643-256x256.jpg 256w\" sizes=\"(max-width: 150px) 100vw, 150px\" \/><\/a>\n\t\t\t<\/div><\/figure><figure class='gallery-item'>\n\t\t\t<div class='gallery-icon landscape'>\n\t\t\t\t<a data-elementor-open-lightbox=\"yes\" data-elementor-lightbox-slideshow=\"d9bbc4c\" data-elementor-lightbox-title=\"DSC00669\" data-e-action-hash=\"#elementor-action%3Aaction%3Dlightbox%26settings%3DeyJpZCI6MzY0MywidXJsIjoiaHR0cHM6XC9cL2VsZnVlcnRlLmNsXC93ZWJcL3dwLWNvbnRlbnRcL3VwbG9hZHNcLzIwMjZcLzAxXC9EU0MwMDY2OS1zY2FsZWQuanBnIiwic2xpZGVzaG93IjoiZDliYmM0YyJ9\" href='https:\/\/elfuerte.cl\/web\/wp-content\/uploads\/2026\/01\/DSC00669-scaled.jpg'><img width=\"150\" height=\"150\" src=\"https:\/\/elfuerte.cl\/web\/wp-content\/uploads\/2026\/01\/DSC00669-150x150.jpg\" class=\"attachment-thumbnail size-thumbnail\" alt=\"\" srcset=\"https:\/\/elfuerte.cl\/web\/wp-content\/uploads\/2026\/01\/DSC00669-150x150.jpg 150w, https:\/\/elfuerte.cl\/web\/wp-content\/uploads\/2026\/01\/DSC00669-256x256.jpg 256w\" sizes=\"(max-width: 150px) 100vw, 150px\" \/><\/a>\n\t\t\t<\/div><\/figure><figure class='gallery-item'>\n\t\t\t<div class='gallery-icon landscape'>\n\t\t\t\t<a data-elementor-open-lightbox=\"yes\" data-elementor-lightbox-slideshow=\"d9bbc4c\" data-elementor-lightbox-title=\"DSC00678\" data-e-action-hash=\"#elementor-action%3Aaction%3Dlightbox%26settings%3DeyJpZCI6MzY0NCwidXJsIjoiaHR0cHM6XC9cL2VsZnVlcnRlLmNsXC93ZWJcL3dwLWNvbnRlbnRcL3VwbG9hZHNcLzIwMjZcLzAxXC9EU0MwMDY3OC1zY2FsZWQuanBnIiwic2xpZGVzaG93IjoiZDliYmM0YyJ9\" href='https:\/\/elfuerte.cl\/web\/wp-content\/uploads\/2026\/01\/DSC00678-scaled.jpg'><img width=\"150\" height=\"150\" src=\"https:\/\/elfuerte.cl\/web\/wp-content\/uploads\/2026\/01\/DSC00678-150x150.jpg\" class=\"attachment-thumbnail size-thumbnail\" alt=\"\" srcset=\"https:\/\/elfuerte.cl\/web\/wp-content\/uploads\/2026\/01\/DSC00678-150x150.jpg 150w, https:\/\/elfuerte.cl\/web\/wp-content\/uploads\/2026\/01\/DSC00678-256x256.jpg 256w\" sizes=\"(max-width: 150px) 100vw, 150px\" \/><\/a>\n\t\t\t<\/div><\/figure>\n\t\t<\/div>\n\t\t<\/div>\n\t\t\t\t\t\t<\/div>\n\t\t\t\t<div class=\"elementor-element elementor-element-5ac3e4a flex-horizontal-align-default flex-horizontal-align-tablet-default flex-horizontal-align-mobile-default flex-vertical-align-default flex-vertical-align-tablet-default flex-vertical-align-mobile-default elementor-widget elementor-widget-thegem-styledimage\" data-id=\"5ac3e4a\" data-element_type=\"widget\" data-settings=\"{&quot;thegem_elementor_preset&quot;:&quot;style-2&quot;,&quot;image&quot;:{&quot;url&quot;:&quot;https:\\\/\\\/elfuerte.cl\\\/web\\\/wp-content\\\/uploads\\\/2025\\\/10\\\/bannerefdelsur.jpg&quot;,&quot;id&quot;:1540,&quot;size&quot;:&quot;&quot;,&quot;alt&quot;:&quot;&quot;,&quot;source&quot;:&quot;library&quot;},&quot;image_position&quot;:&quot;left&quot;}\" data-widget_type=\"thegem-styledimage.default\">\n\t\t\t\t<div class=\"elementor-widget-container\">\n\t\t\t\t\t\n<div class=\"styled-image-wrapper\">\n\t\t\t<div class=\"gem-image gem-wrapbox gem-wrapbox-style-2 gem-wrapbox-position-left lazy-loading \">\n\t\t\t<div class=\"gem-wrapbox-inner  lazy-loading-item\"  data-ll-effect=\"move-up\">\n\t\t\t\t\t\t\t\t<a href=\"#\">\n\t\t\t\t\t\t\t\t\t\t<img class=\"gem-wrapbox-element img-responsive \"\n\t\t\t\t\t\t src=\"https:\/\/elfuerte.cl\/web\/wp-content\/uploads\/2025\/10\/bannerefdelsur.jpg\"\n\t\t\t\t\t\t alt=\"bannerefdelsur\">\n\t\t\t\t\t\t\t\t\t\t\t\t\t\t<\/a>\n\t\t\t\t\t\t<\/div>\n\t\t<\/div>\n\t\t<\/div>\n\n\n\t\n\t\t\t\t\t\t<\/div>\n\t\t\t\t<\/div>\n\t\t\t\t\t<\/div>\n\t\t<\/div>\n\t\t\t\t<div class=\"elementor-column elementor-col-33 elementor-top-column elementor-element elementor-element-dfac7b7\" data-id=\"dfac7b7\" data-element_type=\"column\">\n\t\t\t<div class=\"elementor-widget-wrap elementor-element-populated\">\n\t\t\t\t\t\t<div class=\"elementor-element elementor-element-af7077d flex-horizontal-align-default flex-horizontal-align-tablet-default flex-horizontal-align-mobile-default flex-vertical-align-default flex-vertical-align-tablet-default flex-vertical-align-mobile-default elementor-widget elementor-widget-sidebar\" data-id=\"af7077d\" data-element_type=\"widget\" data-settings=\"{&quot;thegem_custom_css&quot;:&quot;.gem-pp-posts-image {\\r\\n    width: 72px;\\r\\n}\\r\\n.gem-pp-posts-image img {\\r\\n    border-radius: 50%;\\r\\n}\\r\\nselector h4 {\\r\\n    padding-top: 40px;\\r\\n}&quot;}\" data-widget_type=\"sidebar.default\">\n\t\t\t\t\t<aside id=\"media_image-3\" class=\"widget widget_media_image\"><img width=\"750\" height=\"750\" src=\"https:\/\/elfuerte.cl\/web\/wp-content\/uploads\/2025\/10\/bannerrojook.jpg\" class=\"image wp-image-1681  attachment-full size-full\" alt=\"\" style=\"max-width: 100%; height: auto;\" title=\"Banner\" srcset=\"https:\/\/elfuerte.cl\/web\/wp-content\/uploads\/2025\/10\/bannerrojook.jpg 750w, https:\/\/elfuerte.cl\/web\/wp-content\/uploads\/2025\/10\/bannerrojook-300x300.jpg 300w, https:\/\/elfuerte.cl\/web\/wp-content\/uploads\/2025\/10\/bannerrojook-150x150.jpg 150w, https:\/\/elfuerte.cl\/web\/wp-content\/uploads\/2025\/10\/bannerrojook-256x256.jpg 256w\" sizes=\"(max-width: 750px) 100vw, 750px\" \/><\/aside><aside id=\"categories-2\" class=\"widget widget_categories\"><h4 class=\"widget-title\">Secciones<\/h4>\n\t\t\t<ul>\n\t\t\t\t\t<li class=\"cat-item cat-item-21\"><a href=\"https:\/\/elfuerte.cl\/web\/category\/actualidad\/\" title=\"View all posts filed under Actualidad\">Actualidad<\/a>\n<\/li>\n\t<li class=\"cat-item cat-item-100\"><a href=\"https:\/\/elfuerte.cl\/web\/category\/destacados\/\" title=\"View all posts filed under Destacados\">Destacados<\/a>\n<\/li>\n\t<li class=\"cat-item cat-item-101\"><a href=\"https:\/\/elfuerte.cl\/web\/category\/region-ludica\/\" title=\"View all posts filed under Regi\u00f3n L\u00fadica\">Regi\u00f3n L\u00fadica<\/a>\n<\/li>\n\t<li class=\"cat-item cat-item-157\"><a href=\"https:\/\/elfuerte.cl\/web\/category\/sala-de-redaccion\/\" title=\"View all posts filed under Sala de Redacci\u00f3n\">Sala de Redacci\u00f3n<\/a>\n<\/li>\n\t\t\t<\/ul>\n\n\t\t\t<\/aside><aside id=\"custom_popular_posts-2\" class=\"widget Custom_Popular_Posts\"><h4 class=\"widget-title\">Populares<\/h4><ul class=\"posts  styled\"><li class=\"clearfix gem-pp-posts\"><div class=\"gem-pp-posts-image\"><a href=\"https:\/\/elfuerte.cl\/web\/2026\/04\/27\/intercambio-de-semillas-y-experiencias-conecta-comunidades-del-pais-en-torno-a-la-restauracion-del-bosque-nativo-en-los-rios\/\"><img src=\"https:\/\/elfuerte.cl\/web\/wp-content\/uploads\/2026\/04\/portada-2026-04-27T102238.493-thegem-post-thumb-large.jpg\" srcset=\"https:\/\/elfuerte.cl\/web\/wp-content\/uploads\/2026\/04\/portada-2026-04-27T102238.493-thegem-post-thumb-small.jpg 1x, https:\/\/elfuerte.cl\/web\/wp-content\/uploads\/2026\/04\/portada-2026-04-27T102238.493-thegem-post-thumb-large.jpg 2x\" alt=\"\"\/><\/a><\/div><div class=\"gem-pp-posts-text\"> <div class=\"gem-pp-posts-item\"><a href=\"https:\/\/elfuerte.cl\/web\/2026\/04\/27\/intercambio-de-semillas-y-experiencias-conecta-comunidades-del-pais-en-torno-a-la-restauracion-del-bosque-nativo-en-los-rios\/\">Intercambio de semillas y experiencias conecta comunidades del pa\u00eds en torno a la restauraci\u00f3n del bosque nativo en Los R\u00edos<\/a><\/div><div class=\"gem-pp-posts-date\">27\/04\/2026<\/div><\/div><\/li><li class=\"clearfix gem-pp-posts\"><div class=\"gem-pp-posts-image\"><a href=\"https:\/\/elfuerte.cl\/web\/2025\/10\/11\/recuperar-una-casa-y-un-icono-de-la-historia-lotina\/\"><img src=\"https:\/\/elfuerte.cl\/web\/wp-content\/uploads\/2025\/10\/actualidad003-copia-thegem-post-thumb-large.jpg\" srcset=\"https:\/\/elfuerte.cl\/web\/wp-content\/uploads\/2025\/10\/actualidad003-copia-thegem-post-thumb-small.jpg 1x, https:\/\/elfuerte.cl\/web\/wp-content\/uploads\/2025\/10\/actualidad003-copia-thegem-post-thumb-large.jpg 2x\" alt=\"\"\/><\/a><\/div><div class=\"gem-pp-posts-text\"> <div class=\"gem-pp-posts-item\"><a href=\"https:\/\/elfuerte.cl\/web\/2025\/10\/11\/recuperar-una-casa-y-un-icono-de-la-historia-lotina\/\">Recuperar una casa y un \u00edcono de la historia lotina<\/a><\/div><div class=\"gem-pp-posts-date\">11\/10\/2025<\/div><\/div><\/li><li class=\"clearfix gem-pp-posts\"><div class=\"gem-pp-posts-image\"><a href=\"https:\/\/elfuerte.cl\/web\/2025\/10\/08\/indap-impulsa-acceso-a-tierras-y-emprendimiento-para-juventudes-rurales-con-nuevo-programa-tierra-joven\/\"><img src=\"https:\/\/elfuerte.cl\/web\/wp-content\/uploads\/2025\/10\/actualidad001-copia-thegem-post-thumb-large.jpg\" srcset=\"https:\/\/elfuerte.cl\/web\/wp-content\/uploads\/2025\/10\/actualidad001-copia-thegem-post-thumb-small.jpg 1x, https:\/\/elfuerte.cl\/web\/wp-content\/uploads\/2025\/10\/actualidad001-copia-thegem-post-thumb-large.jpg 2x\" alt=\"\"\/><\/a><\/div><div class=\"gem-pp-posts-text\"> <div class=\"gem-pp-posts-item\"><a href=\"https:\/\/elfuerte.cl\/web\/2025\/10\/08\/indap-impulsa-acceso-a-tierras-y-emprendimiento-para-juventudes-rurales-con-nuevo-programa-tierra-joven\/\">INDAP impulsa acceso a tierras y emprendimiento para juventudes rurales con nuevo programa \u201cTierra Joven\u201d<\/a><\/div><div class=\"gem-pp-posts-date\">08\/10\/2025<\/div><\/div><\/li><li class=\"clearfix gem-pp-posts\"><div class=\"gem-pp-posts-image\"><a href=\"https:\/\/elfuerte.cl\/web\/2025\/09\/05\/la-derrota-que-dejo-al-gobierno-sin-brujula\/\"><img src=\"https:\/\/elfuerte.cl\/web\/wp-content\/uploads\/2025\/09\/actualidad004-thegem-post-thumb-large.jpg\" srcset=\"https:\/\/elfuerte.cl\/web\/wp-content\/uploads\/2025\/09\/actualidad004-thegem-post-thumb-small.jpg 1x, https:\/\/elfuerte.cl\/web\/wp-content\/uploads\/2025\/09\/actualidad004-thegem-post-thumb-large.jpg 2x\" alt=\"\"\/><\/a><\/div><div class=\"gem-pp-posts-text\"> <div class=\"gem-pp-posts-item\"><a href=\"https:\/\/elfuerte.cl\/web\/2025\/09\/05\/la-derrota-que-dejo-al-gobierno-sin-brujula\/\">La derrota que dej\u00f3 al gobierno sin br\u00fajula<\/a><\/div><div class=\"gem-pp-posts-date\">05\/09\/2025<\/div><\/div><\/li><\/ul><\/aside>\t\t\t\t<\/div>\n\t\t\t\t\t<\/div>\n\t\t<\/div>\n\t\t\t\t\t<\/div><\/div>\r\n\t\t<\/section>\r\n\t\t\t\t<\/div>\n\t\t","protected":false},"excerpt":{"rendered":"<p>A 200 a\u00f1os de la incorporaci\u00f3n del archipi\u00e9lago a la Rep\u00fablica de Chile, autoridades presentaron una nutrida agenda que incluye un sitio web y actividades culturales, patrimoniales y c\u00edvicas, junto a un plan de inversiones p\u00fablicas que busca proyectar a Chilo\u00e9 hacia el futuro.<\/p>\n","protected":false},"author":1,"featured_media":3636,"comment_status":"closed","ping_status":"closed","sticky":false,"template":"single-fullwidth.php","format":"standard","meta":{"footnotes":""},"categories":[21,100],"tags":[65,111,110],"class_list":{"0":"post-3634","1":"post","2":"type-post","3":"status-publish","4":"format-standard","5":"has-post-thumbnail","7":"category-actualidad","8":"category-destacados","9":"tag-actualidad","10":"tag-bicentenario","11":"tag-chiloe"},"menu_order":0,"_links":{"self":[{"href":"https:\/\/elfuerte.cl\/web\/wp-json\/wp\/v2\/posts\/3634","targetHints":{"allow":["GET"]}}],"collection":[{"href":"https:\/\/elfuerte.cl\/web\/wp-json\/wp\/v2\/posts"}],"about":[{"href":"https:\/\/elfuerte.cl\/web\/wp-json\/wp\/v2\/types\/post"}],"author":[{"embeddable":true,"href":"https:\/\/elfuerte.cl\/web\/wp-json\/wp\/v2\/users\/1"}],"replies":[{"embeddable":true,"href":"https:\/\/elfuerte.cl\/web\/wp-json\/wp\/v2\/comments?post=3634"}],"version-history":[{"count":7,"href":"https:\/\/elfuerte.cl\/web\/wp-json\/wp\/v2\/posts\/3634\/revisions"}],"predecessor-version":[{"id":3647,"href":"https:\/\/elfuerte.cl\/web\/wp-json\/wp\/v2\/posts\/3634\/revisions\/3647"}],"wp:featuredmedia":[{"embeddable":true,"href":"https:\/\/elfuerte.cl\/web\/wp-json\/wp\/v2\/media\/3636"}],"wp:attachment":[{"href":"https:\/\/elfuerte.cl\/web\/wp-json\/wp\/v2\/media?parent=3634"}],"wp:term":[{"taxonomy":"category","embeddable":true,"href":"https:\/\/elfuerte.cl\/web\/wp-json\/wp\/v2\/categories?post=3634"},{"taxonomy":"post_tag","embeddable":true,"href":"https:\/\/elfuerte.cl\/web\/wp-json\/wp\/v2\/tags?post=3634"}],"curies":[{"name":"wp","href":"https:\/\/api.w.org\/{rel}","templated":true}]}}