{"id":3648,"date":"2026-01-19T19:49:32","date_gmt":"2026-01-19T22:49:32","guid":{"rendered":"https:\/\/elfuerte.cl\/web\/?p=3648"},"modified":"2026-01-20T00:58:55","modified_gmt":"2026-01-20T03:58:55","slug":"entre-la-memoria-y-la-contingencia-chiloe-conmemora-200-anos-de-su-incorporacion-a-chile","status":"publish","type":"post","link":"https:\/\/elfuerte.cl\/web\/2026\/01\/19\/entre-la-memoria-y-la-contingencia-chiloe-conmemora-200-anos-de-su-incorporacion-a-chile\/","title":{"rendered":"Entre la memoria y la contingencia: Chilo\u00e9  conmemora 200 a\u00f1os de su incorporaci\u00f3n a Chile"},"content":{"rendered":"\t\t<div data-elementor-type=\"wp-post\" data-elementor-id=\"3648\" class=\"elementor elementor-3648\">\n\t\t\t\t\t\t<section class=\"elementor-section elementor-top-section elementor-element elementor-element-464cea7 elementor-section-boxed elementor-section-height-default elementor-section-height-default\" data-id=\"464cea7\" data-element_type=\"section\">\r\n\t\t\t\t\t\t<div class=\"elementor-container elementor-column-gap-thegem\"><div class=\"elementor-row\">\r\n\t\t\t\t\t<div class=\"elementor-column elementor-col-66 elementor-top-column elementor-element elementor-element-2f44c54\" data-id=\"2f44c54\" data-element_type=\"column\">\n\t\t\t<div class=\"elementor-widget-wrap elementor-element-populated\">\n\t\t\t\t\t\t<div class=\"elementor-element elementor-element-ab386a6 flex-horizontal-align-default flex-horizontal-align-tablet-default flex-horizontal-align-mobile-default flex-vertical-align-default flex-vertical-align-tablet-default flex-vertical-align-mobile-default elementor-widget elementor-widget-heading\" data-id=\"ab386a6\" data-element_type=\"widget\" data-widget_type=\"heading.default\">\n\t\t\t\t\t<div class=\"title-h1 elementor-heading-title elementor-size-default\">Bicentenario de Chilo\u00e9: definen agenda conmemorativa  con foco en memoria, identidad y desarrollo territorial<\/div>\t\t\t\t<\/div>\n\t\t\t\t<div class=\"elementor-element elementor-element-8427bf3 flex-horizontal-align-default flex-horizontal-align-tablet-default flex-horizontal-align-mobile-default flex-vertical-align-default flex-vertical-align-tablet-default flex-vertical-align-mobile-default elementor-widget elementor-widget-text-editor\" data-id=\"8427bf3\" data-element_type=\"widget\" data-widget_type=\"text-editor.default\">\n\t\t\t\t\t\t\t\t\t\t\t\t<div class=\"elementor-text-editor elementor-clearfix\">\r\n\t\t\t\t\t\t<p><strong>El acto c\u00edvico-militar record\u00f3 la incorporaci\u00f3n definitiva del Archipi\u00e9lago de Chilo\u00e9 a la Rep\u00fablica de Chile, en una conmemoraci\u00f3n atravesada por la contingencia nacional y los desaf\u00edos de desarrollo del territorio.<\/strong><\/p><p>La historia republicana de Chile tuvo en Chilo\u00e9 su cap\u00edtulo final. Tras la toma de Valdivia en 1820 por las fuerzas patriotas, los \u00faltimos contingentes de la corona espa\u00f1ola se replegaron hacia el archipi\u00e9lago, que permaneci\u00f3 durante seis a\u00f1os como el \u00faltimo basti\u00f3n del dominio colonial en el pa\u00eds. No fue sino hasta el 18 de enero de 1826, con la firma del Tratado de Tantauco, que Chilo\u00e9 fue incorporado de manera definitiva a la Rep\u00fablica de Chile, cerrando formalmente el proceso de independencia nacional.<\/p><p>A dos siglos de ese hito hist\u00f3rico, la ciudad de Ancud volvi\u00f3 a situarse en el centro de la memoria republicana con la realizaci\u00f3n del acto oficial del Bicentenario de la Anexi\u00f3n de Chilo\u00e9 a Chile, ceremonia que tradicionalmente tiene a la capital patrimonial del archipi\u00e9lago como su principal escenario simb\u00f3lico.<\/p><p><strong>Sobrio acto c\u00edvico militar<\/strong><br \/>El acto c\u00edvico-militar, realizado al mediod\u00eda de este lunes, reuni\u00f3 a autoridades regionales, provinciales y comunales, representantes de las Fuerzas Armadas y de Orden, organizaciones sociales y comunidad local, en una jornada de reflexi\u00f3n sobre el pasado, el presente y los desaf\u00edos futuros del territorio chilote. La ceremonia tuvo un entorno de sobriedad debido a que se tom\u00f3 la decisi\u00f3n de realizar un acto m\u00e1s breve, como una muestra de solidaridad con las v\u00edctimas de los incendios forestales que afectan a las regiones de \u00d1uble y Biob\u00edo.<\/p><p>Por ese motivo, el evento no cont\u00f3 con la participaci\u00f3n del Presidente de la Rep\u00fablica, Gabriel Boric, cuya presencia estaba programada inicialmente, pero que debi\u00f3 suspender su visita a Chilo\u00e9 para permanecer en la zona centro-sur del pa\u00eds, desplegado en terreno ante la grave emergencia provocada por los incendios forestales.<br \/>En su intervenci\u00f3n, el gobernador regional de Los Lagos, Alejandro Santana, destac\u00f3 el significado hist\u00f3rico de la fecha, subrayando que la incorporaci\u00f3n de Chilo\u00e9 no solo cerr\u00f3 un proceso pol\u00edtico-militar, sino que dio inicio a una relaci\u00f3n compleja entre el archipi\u00e9lago y el Estado, marcada tanto por su aporte cultural y productivo como por desaf\u00edos persistentes en materia de desarrollo territorial.<\/p><p><strong>Alcalde pide una regi\u00f3n para Chilo\u00e9<\/strong><br \/>El alcalde de Ancud, Andr\u00e9s Ojeda, relev\u00f3 el car\u00e1cter reflexivo y solidario de la jornada, se\u00f1alando que se trat\u00f3 de un d\u00eda emotivo, de reflexi\u00f3n sobre el pasado y de proyecci\u00f3n hacia el futuro, pero tambi\u00e9n de solidaridad con las regiones del \u00d1uble y del Biob\u00edo.<\/p><p>En ese contexto, confirm\u00f3 que varias actividades del Bicentenario fueron reorientadas hacia acciones solidarias, incluyendo la cancelaci\u00f3n del desfile c\u00edvico-militar principal y la transformaci\u00f3n de encuentros culturales en instancias de apoyo a las zonas afectadas, valorando el trabajo conjunto con Bomberos de Chile, organizaciones sociales y municipios del archipi\u00e9lago. Igualmente, reiter\u00f3 su intenci\u00f3n de continuar con la demanda de convertir a Chilo\u00e9 en una nueva regi\u00f3n.<\/p><p>Por su parte, la delegada presidencial de Los Lagos, Paulina Mu\u00f1oz, destac\u00f3 que el Plan Bicentenario es el resultado de un trabajo iniciado en 2024, que involucr\u00f3 al Gobierno Regional, a los municipios de la provincia, a servicios p\u00fablicos y a organizaciones de la sociedad civil, con el objetivo de proyectar la conmemoraci\u00f3n como una pol\u00edtica p\u00fablica con continuidad hasta 2026.<\/p><p>Es importante recordar que la semana pasada, durante la \u00faltima sesi\u00f3n de la Comisi\u00f3n Bicentenario, se inform\u00f3 que la conmemoraci\u00f3n estar\u00e1 acompa\u00f1ada de un importante esfuerzo de inversi\u00f3n p\u00fablica, con m\u00e1s de 2 mil millones de pesos comprometidos por el Gobierno Regional de Los Lagos, junto a un plan econ\u00f3mico sectorial del Ministerio de Econom\u00eda que considera recursos por sobre los 1.900 millones de pesos en 2025 y una proyecci\u00f3n superior a los 3 mil millones de pesos para 2026, orientados al desarrollo productivo de la provincia.<\/p><p><strong>Prensa El Fuerte Noticias, con informaci\u00f3n de la DP Los Lagos<\/strong><\/p>\t\t\t\t\t\t\t<\/div>\r\n\t\t\t\t\t\t\t\t\t\t<\/div>\n\t\t\t\t<div class=\"elementor-element elementor-element-d9bbc4c flex-horizontal-align-default flex-horizontal-align-tablet-default flex-horizontal-align-mobile-default flex-vertical-align-default flex-vertical-align-tablet-default flex-vertical-align-mobile-default elementor-widget elementor-widget-image-gallery\" data-id=\"d9bbc4c\" data-element_type=\"widget\" data-widget_type=\"image-gallery.default\">\n\t\t\t\t\t\t\t<div class=\"elementor-image-gallery\">\n\t\t\t<div id='gallery-1' class='gallery galleryid-3648 gallery-columns-4 gallery-size-thumbnail'><figure class='gallery-item'>\n\t\t\t<div class='gallery-icon landscape'>\n\t\t\t\t<a data-elementor-open-lightbox=\"yes\" data-elementor-lightbox-slideshow=\"d9bbc4c\" data-elementor-lightbox-title=\"Chilo\u00e9 4\" data-e-action-hash=\"#elementor-action%3Aaction%3Dlightbox%26settings%3DeyJpZCI6MzY1MSwidXJsIjoiaHR0cHM6XC9cL2VsZnVlcnRlLmNsXC93ZWJcL3dwLWNvbnRlbnRcL3VwbG9hZHNcLzIwMjZcLzAxXC9DaGlsb2UtNC5qcGciLCJzbGlkZXNob3ciOiJkOWJiYzRjIn0%3D\" href='https:\/\/elfuerte.cl\/web\/wp-content\/uploads\/2026\/01\/Chiloe-4.jpg'><img width=\"150\" height=\"150\" src=\"https:\/\/elfuerte.cl\/web\/wp-content\/uploads\/2026\/01\/Chiloe-4-150x150.jpg\" class=\"attachment-thumbnail size-thumbnail\" alt=\"\" srcset=\"https:\/\/elfuerte.cl\/web\/wp-content\/uploads\/2026\/01\/Chiloe-4-150x150.jpg 150w, https:\/\/elfuerte.cl\/web\/wp-content\/uploads\/2026\/01\/Chiloe-4-256x256.jpg 256w\" sizes=\"(max-width: 150px) 100vw, 150px\" \/><\/a>\n\t\t\t<\/div><\/figure><figure class='gallery-item'>\n\t\t\t<div class='gallery-icon landscape'>\n\t\t\t\t<a data-elementor-open-lightbox=\"yes\" data-elementor-lightbox-slideshow=\"d9bbc4c\" data-elementor-lightbox-title=\"Chiloe 5\" data-e-action-hash=\"#elementor-action%3Aaction%3Dlightbox%26settings%3DeyJpZCI6MzY1MiwidXJsIjoiaHR0cHM6XC9cL2VsZnVlcnRlLmNsXC93ZWJcL3dwLWNvbnRlbnRcL3VwbG9hZHNcLzIwMjZcLzAxXC9DaGlsb2UtNS1zY2FsZWQuanBnIiwic2xpZGVzaG93IjoiZDliYmM0YyJ9\" href='https:\/\/elfuerte.cl\/web\/wp-content\/uploads\/2026\/01\/Chiloe-5-scaled.jpg'><img width=\"150\" height=\"150\" src=\"https:\/\/elfuerte.cl\/web\/wp-content\/uploads\/2026\/01\/Chiloe-5-150x150.jpg\" class=\"attachment-thumbnail size-thumbnail\" alt=\"\" srcset=\"https:\/\/elfuerte.cl\/web\/wp-content\/uploads\/2026\/01\/Chiloe-5-150x150.jpg 150w, https:\/\/elfuerte.cl\/web\/wp-content\/uploads\/2026\/01\/Chiloe-5-256x256.jpg 256w\" sizes=\"(max-width: 150px) 100vw, 150px\" \/><\/a>\n\t\t\t<\/div><\/figure><figure class='gallery-item'>\n\t\t\t<div class='gallery-icon landscape'>\n\t\t\t\t<a data-elementor-open-lightbox=\"yes\" data-elementor-lightbox-slideshow=\"d9bbc4c\" data-elementor-lightbox-title=\"Chiloe 7\" data-e-action-hash=\"#elementor-action%3Aaction%3Dlightbox%26settings%3DeyJpZCI6MzY1MywidXJsIjoiaHR0cHM6XC9cL2VsZnVlcnRlLmNsXC93ZWJcL3dwLWNvbnRlbnRcL3VwbG9hZHNcLzIwMjZcLzAxXC9DaGlsb2UtNy1zY2FsZWQuanBnIiwic2xpZGVzaG93IjoiZDliYmM0YyJ9\" href='https:\/\/elfuerte.cl\/web\/wp-content\/uploads\/2026\/01\/Chiloe-7-scaled.jpg'><img width=\"150\" height=\"150\" src=\"https:\/\/elfuerte.cl\/web\/wp-content\/uploads\/2026\/01\/Chiloe-7-150x150.jpg\" class=\"attachment-thumbnail size-thumbnail\" alt=\"\" srcset=\"https:\/\/elfuerte.cl\/web\/wp-content\/uploads\/2026\/01\/Chiloe-7-150x150.jpg 150w, https:\/\/elfuerte.cl\/web\/wp-content\/uploads\/2026\/01\/Chiloe-7-256x256.jpg 256w\" sizes=\"(max-width: 150px) 100vw, 150px\" \/><\/a>\n\t\t\t<\/div><\/figure><figure class='gallery-item'>\n\t\t\t<div class='gallery-icon landscape'>\n\t\t\t\t<a data-elementor-open-lightbox=\"yes\" data-elementor-lightbox-slideshow=\"d9bbc4c\" data-elementor-lightbox-title=\"Chiloe 8\" data-e-action-hash=\"#elementor-action%3Aaction%3Dlightbox%26settings%3DeyJpZCI6MzY1NSwidXJsIjoiaHR0cHM6XC9cL2VsZnVlcnRlLmNsXC93ZWJcL3dwLWNvbnRlbnRcL3VwbG9hZHNcLzIwMjZcLzAxXC9DaGlsb2UtOC1zY2FsZWQuanBnIiwic2xpZGVzaG93IjoiZDliYmM0YyJ9\" href='https:\/\/elfuerte.cl\/web\/wp-content\/uploads\/2026\/01\/Chiloe-8-scaled.jpg'><img width=\"150\" height=\"150\" src=\"https:\/\/elfuerte.cl\/web\/wp-content\/uploads\/2026\/01\/Chiloe-8-150x150.jpg\" class=\"attachment-thumbnail size-thumbnail\" alt=\"\" srcset=\"https:\/\/elfuerte.cl\/web\/wp-content\/uploads\/2026\/01\/Chiloe-8-150x150.jpg 150w, https:\/\/elfuerte.cl\/web\/wp-content\/uploads\/2026\/01\/Chiloe-8-256x256.jpg 256w\" sizes=\"(max-width: 150px) 100vw, 150px\" \/><\/a>\n\t\t\t<\/div><\/figure><figure class='gallery-item'>\n\t\t\t<div class='gallery-icon landscape'>\n\t\t\t\t<a data-elementor-open-lightbox=\"yes\" data-elementor-lightbox-slideshow=\"d9bbc4c\" data-elementor-lightbox-title=\"Chiloe portada (1)\" data-e-action-hash=\"#elementor-action%3Aaction%3Dlightbox%26settings%3DeyJpZCI6MzY1NiwidXJsIjoiaHR0cHM6XC9cL2VsZnVlcnRlLmNsXC93ZWJcL3dwLWNvbnRlbnRcL3VwbG9hZHNcLzIwMjZcLzAxXC9DaGlsb2UtcG9ydGFkYS0xLTEuanBnIiwic2xpZGVzaG93IjoiZDliYmM0YyJ9\" href='https:\/\/elfuerte.cl\/web\/wp-content\/uploads\/2026\/01\/Chiloe-portada-1-1.jpg'><img width=\"150\" height=\"150\" src=\"https:\/\/elfuerte.cl\/web\/wp-content\/uploads\/2026\/01\/Chiloe-portada-1-1-150x150.jpg\" class=\"attachment-thumbnail size-thumbnail\" alt=\"\" srcset=\"https:\/\/elfuerte.cl\/web\/wp-content\/uploads\/2026\/01\/Chiloe-portada-1-1-150x150.jpg 150w, https:\/\/elfuerte.cl\/web\/wp-content\/uploads\/2026\/01\/Chiloe-portada-1-1-256x256.jpg 256w\" sizes=\"(max-width: 150px) 100vw, 150px\" \/><\/a>\n\t\t\t<\/div><\/figure><figure class='gallery-item'>\n\t\t\t<div class='gallery-icon landscape'>\n\t\t\t\t<a data-elementor-open-lightbox=\"yes\" data-elementor-lightbox-slideshow=\"d9bbc4c\" data-elementor-lightbox-title=\"Chilo\u00e9r 6\" data-e-action-hash=\"#elementor-action%3Aaction%3Dlightbox%26settings%3DeyJpZCI6MzY1NywidXJsIjoiaHR0cHM6XC9cL2VsZnVlcnRlLmNsXC93ZWJcL3dwLWNvbnRlbnRcL3VwbG9hZHNcLzIwMjZcLzAxXC9DaGlsb2VyLTYtc2NhbGVkLmpwZyIsInNsaWRlc2hvdyI6ImQ5YmJjNGMifQ%3D%3D\" href='https:\/\/elfuerte.cl\/web\/wp-content\/uploads\/2026\/01\/Chiloer-6-scaled.jpg'><img width=\"150\" height=\"150\" src=\"https:\/\/elfuerte.cl\/web\/wp-content\/uploads\/2026\/01\/Chiloer-6-150x150.jpg\" class=\"attachment-thumbnail size-thumbnail\" alt=\"\" srcset=\"https:\/\/elfuerte.cl\/web\/wp-content\/uploads\/2026\/01\/Chiloer-6-150x150.jpg 150w, https:\/\/elfuerte.cl\/web\/wp-content\/uploads\/2026\/01\/Chiloer-6-256x256.jpg 256w\" sizes=\"(max-width: 150px) 100vw, 150px\" \/><\/a>\n\t\t\t<\/div><\/figure>\n\t\t<\/div>\n\t\t<\/div>\n\t\t\t\t\t\t<\/div>\n\t\t\t\t<div class=\"elementor-element elementor-element-5ac3e4a flex-horizontal-align-default flex-horizontal-align-tablet-default flex-horizontal-align-mobile-default flex-vertical-align-default flex-vertical-align-tablet-default flex-vertical-align-mobile-default elementor-widget elementor-widget-thegem-styledimage\" data-id=\"5ac3e4a\" data-element_type=\"widget\" data-settings=\"{&quot;thegem_elementor_preset&quot;:&quot;style-2&quot;,&quot;image&quot;:{&quot;url&quot;:&quot;https:\\\/\\\/elfuerte.cl\\\/web\\\/wp-content\\\/uploads\\\/2025\\\/10\\\/bannerefdelsur.jpg&quot;,&quot;id&quot;:1540,&quot;size&quot;:&quot;&quot;,&quot;alt&quot;:&quot;&quot;,&quot;source&quot;:&quot;library&quot;},&quot;image_position&quot;:&quot;left&quot;}\" data-widget_type=\"thegem-styledimage.default\">\n\t\t\t\t<div class=\"elementor-widget-container\">\n\t\t\t\t\t\n<div class=\"styled-image-wrapper\">\n\t\t\t<div class=\"gem-image gem-wrapbox gem-wrapbox-style-2 gem-wrapbox-position-left lazy-loading \">\n\t\t\t<div class=\"gem-wrapbox-inner  lazy-loading-item\"  data-ll-effect=\"move-up\">\n\t\t\t\t\t\t\t\t<a href=\"#\">\n\t\t\t\t\t\t\t\t\t\t<img class=\"gem-wrapbox-element img-responsive \"\n\t\t\t\t\t\t src=\"https:\/\/elfuerte.cl\/web\/wp-content\/uploads\/2025\/10\/bannerefdelsur.jpg\"\n\t\t\t\t\t\t alt=\"bannerefdelsur\">\n\t\t\t\t\t\t\t\t\t\t\t\t\t\t<\/a>\n\t\t\t\t\t\t<\/div>\n\t\t<\/div>\n\t\t<\/div>\n\n\n\t\n\t\t\t\t\t\t<\/div>\n\t\t\t\t<\/div>\n\t\t\t\t\t<\/div>\n\t\t<\/div>\n\t\t\t\t<div class=\"elementor-column elementor-col-33 elementor-top-column elementor-element elementor-element-dfac7b7\" data-id=\"dfac7b7\" data-element_type=\"column\">\n\t\t\t<div class=\"elementor-widget-wrap elementor-element-populated\">\n\t\t\t\t\t\t<div class=\"elementor-element elementor-element-af7077d flex-horizontal-align-default flex-horizontal-align-tablet-default flex-horizontal-align-mobile-default flex-vertical-align-default flex-vertical-align-tablet-default flex-vertical-align-mobile-default elementor-widget elementor-widget-sidebar\" data-id=\"af7077d\" data-element_type=\"widget\" data-settings=\"{&quot;thegem_custom_css&quot;:&quot;.gem-pp-posts-image {\\r\\n    width: 72px;\\r\\n}\\r\\n.gem-pp-posts-image img {\\r\\n    border-radius: 50%;\\r\\n}\\r\\nselector h4 {\\r\\n    padding-top: 40px;\\r\\n}&quot;}\" data-widget_type=\"sidebar.default\">\n\t\t\t\t\t<aside id=\"media_image-3\" class=\"widget widget_media_image\"><img width=\"750\" height=\"750\" src=\"https:\/\/elfuerte.cl\/web\/wp-content\/uploads\/2025\/10\/bannerrojook.jpg\" class=\"image wp-image-1681  attachment-full size-full\" alt=\"\" style=\"max-width: 100%; height: auto;\" title=\"Banner\" srcset=\"https:\/\/elfuerte.cl\/web\/wp-content\/uploads\/2025\/10\/bannerrojook.jpg 750w, https:\/\/elfuerte.cl\/web\/wp-content\/uploads\/2025\/10\/bannerrojook-300x300.jpg 300w, https:\/\/elfuerte.cl\/web\/wp-content\/uploads\/2025\/10\/bannerrojook-150x150.jpg 150w, https:\/\/elfuerte.cl\/web\/wp-content\/uploads\/2025\/10\/bannerrojook-256x256.jpg 256w\" sizes=\"(max-width: 750px) 100vw, 750px\" \/><\/aside><aside id=\"categories-2\" class=\"widget widget_categories\"><h4 class=\"widget-title\">Secciones<\/h4>\n\t\t\t<ul>\n\t\t\t\t\t<li class=\"cat-item cat-item-21\"><a href=\"https:\/\/elfuerte.cl\/web\/category\/actualidad\/\" title=\"View all posts filed under Actualidad\">Actualidad<\/a>\n<\/li>\n\t<li class=\"cat-item cat-item-100\"><a href=\"https:\/\/elfuerte.cl\/web\/category\/destacados\/\" title=\"View all posts filed under Destacados\">Destacados<\/a>\n<\/li>\n\t<li class=\"cat-item cat-item-101\"><a href=\"https:\/\/elfuerte.cl\/web\/category\/region-ludica\/\" title=\"View all posts filed under Regi\u00f3n L\u00fadica\">Regi\u00f3n L\u00fadica<\/a>\n<\/li>\n\t<li class=\"cat-item cat-item-157\"><a href=\"https:\/\/elfuerte.cl\/web\/category\/sala-de-redaccion\/\" title=\"View all posts filed under Sala de Redacci\u00f3n\">Sala de Redacci\u00f3n<\/a>\n<\/li>\n\t\t\t<\/ul>\n\n\t\t\t<\/aside><aside id=\"custom_popular_posts-2\" class=\"widget Custom_Popular_Posts\"><h4 class=\"widget-title\">Populares<\/h4><ul class=\"posts  styled\"><li class=\"clearfix gem-pp-posts\"><div class=\"gem-pp-posts-image\"><a href=\"https:\/\/elfuerte.cl\/web\/2026\/04\/27\/intercambio-de-semillas-y-experiencias-conecta-comunidades-del-pais-en-torno-a-la-restauracion-del-bosque-nativo-en-los-rios\/\"><img src=\"https:\/\/elfuerte.cl\/web\/wp-content\/uploads\/2026\/04\/portada-2026-04-27T102238.493-thegem-post-thumb-large.jpg\" srcset=\"https:\/\/elfuerte.cl\/web\/wp-content\/uploads\/2026\/04\/portada-2026-04-27T102238.493-thegem-post-thumb-small.jpg 1x, https:\/\/elfuerte.cl\/web\/wp-content\/uploads\/2026\/04\/portada-2026-04-27T102238.493-thegem-post-thumb-large.jpg 2x\" alt=\"\"\/><\/a><\/div><div class=\"gem-pp-posts-text\"> <div class=\"gem-pp-posts-item\"><a href=\"https:\/\/elfuerte.cl\/web\/2026\/04\/27\/intercambio-de-semillas-y-experiencias-conecta-comunidades-del-pais-en-torno-a-la-restauracion-del-bosque-nativo-en-los-rios\/\">Intercambio de semillas y experiencias conecta comunidades del pa\u00eds en torno a la restauraci\u00f3n del bosque nativo en Los R\u00edos<\/a><\/div><div class=\"gem-pp-posts-date\">27\/04\/2026<\/div><\/div><\/li><li class=\"clearfix gem-pp-posts\"><div class=\"gem-pp-posts-image\"><a href=\"https:\/\/elfuerte.cl\/web\/2025\/10\/11\/recuperar-una-casa-y-un-icono-de-la-historia-lotina\/\"><img src=\"https:\/\/elfuerte.cl\/web\/wp-content\/uploads\/2025\/10\/actualidad003-copia-thegem-post-thumb-large.jpg\" srcset=\"https:\/\/elfuerte.cl\/web\/wp-content\/uploads\/2025\/10\/actualidad003-copia-thegem-post-thumb-small.jpg 1x, https:\/\/elfuerte.cl\/web\/wp-content\/uploads\/2025\/10\/actualidad003-copia-thegem-post-thumb-large.jpg 2x\" alt=\"\"\/><\/a><\/div><div class=\"gem-pp-posts-text\"> <div class=\"gem-pp-posts-item\"><a href=\"https:\/\/elfuerte.cl\/web\/2025\/10\/11\/recuperar-una-casa-y-un-icono-de-la-historia-lotina\/\">Recuperar una casa y un \u00edcono de la historia lotina<\/a><\/div><div class=\"gem-pp-posts-date\">11\/10\/2025<\/div><\/div><\/li><li class=\"clearfix gem-pp-posts\"><div class=\"gem-pp-posts-image\"><a href=\"https:\/\/elfuerte.cl\/web\/2025\/10\/08\/indap-impulsa-acceso-a-tierras-y-emprendimiento-para-juventudes-rurales-con-nuevo-programa-tierra-joven\/\"><img src=\"https:\/\/elfuerte.cl\/web\/wp-content\/uploads\/2025\/10\/actualidad001-copia-thegem-post-thumb-large.jpg\" srcset=\"https:\/\/elfuerte.cl\/web\/wp-content\/uploads\/2025\/10\/actualidad001-copia-thegem-post-thumb-small.jpg 1x, https:\/\/elfuerte.cl\/web\/wp-content\/uploads\/2025\/10\/actualidad001-copia-thegem-post-thumb-large.jpg 2x\" alt=\"\"\/><\/a><\/div><div class=\"gem-pp-posts-text\"> <div class=\"gem-pp-posts-item\"><a href=\"https:\/\/elfuerte.cl\/web\/2025\/10\/08\/indap-impulsa-acceso-a-tierras-y-emprendimiento-para-juventudes-rurales-con-nuevo-programa-tierra-joven\/\">INDAP impulsa acceso a tierras y emprendimiento para juventudes rurales con nuevo programa \u201cTierra Joven\u201d<\/a><\/div><div class=\"gem-pp-posts-date\">08\/10\/2025<\/div><\/div><\/li><li class=\"clearfix gem-pp-posts\"><div class=\"gem-pp-posts-image\"><a href=\"https:\/\/elfuerte.cl\/web\/2025\/09\/05\/la-derrota-que-dejo-al-gobierno-sin-brujula\/\"><img src=\"https:\/\/elfuerte.cl\/web\/wp-content\/uploads\/2025\/09\/actualidad004-thegem-post-thumb-large.jpg\" srcset=\"https:\/\/elfuerte.cl\/web\/wp-content\/uploads\/2025\/09\/actualidad004-thegem-post-thumb-small.jpg 1x, https:\/\/elfuerte.cl\/web\/wp-content\/uploads\/2025\/09\/actualidad004-thegem-post-thumb-large.jpg 2x\" alt=\"\"\/><\/a><\/div><div class=\"gem-pp-posts-text\"> <div class=\"gem-pp-posts-item\"><a href=\"https:\/\/elfuerte.cl\/web\/2025\/09\/05\/la-derrota-que-dejo-al-gobierno-sin-brujula\/\">La derrota que dej\u00f3 al gobierno sin br\u00fajula<\/a><\/div><div class=\"gem-pp-posts-date\">05\/09\/2025<\/div><\/div><\/li><\/ul><\/aside>\t\t\t\t<\/div>\n\t\t\t\t\t<\/div>\n\t\t<\/div>\n\t\t\t\t\t<\/div><\/div>\r\n\t\t<\/section>\r\n\t\t\t\t<\/div>\n\t\t","protected":false},"excerpt":{"rendered":"<p>El acto c\u00edvico-militar record\u00f3 la incorporaci\u00f3n definitiva del Archipi\u00e9lago de Chilo\u00e9 a la Rep\u00fablica de Chile, en una conmemoraci\u00f3n atravesada por la contingencia nacional y los desaf\u00edos de desarrollo del territorio.<\/p>\n","protected":false},"author":1,"featured_media":3650,"comment_status":"closed","ping_status":"closed","sticky":false,"template":"single-fullwidth.php","format":"standard","meta":{"footnotes":""},"categories":[21,100],"tags":[65,111,110],"class_list":{"0":"post-3648","1":"post","2":"type-post","3":"status-publish","4":"format-standard","5":"has-post-thumbnail","7":"category-actualidad","8":"category-destacados","9":"tag-actualidad","10":"tag-bicentenario","11":"tag-chiloe"},"menu_order":0,"_links":{"self":[{"href":"https:\/\/elfuerte.cl\/web\/wp-json\/wp\/v2\/posts\/3648","targetHints":{"allow":["GET"]}}],"collection":[{"href":"https:\/\/elfuerte.cl\/web\/wp-json\/wp\/v2\/posts"}],"about":[{"href":"https:\/\/elfuerte.cl\/web\/wp-json\/wp\/v2\/types\/post"}],"author":[{"embeddable":true,"href":"https:\/\/elfuerte.cl\/web\/wp-json\/wp\/v2\/users\/1"}],"replies":[{"embeddable":true,"href":"https:\/\/elfuerte.cl\/web\/wp-json\/wp\/v2\/comments?post=3648"}],"version-history":[{"count":7,"href":"https:\/\/elfuerte.cl\/web\/wp-json\/wp\/v2\/posts\/3648\/revisions"}],"predecessor-version":[{"id":3663,"href":"https:\/\/elfuerte.cl\/web\/wp-json\/wp\/v2\/posts\/3648\/revisions\/3663"}],"wp:featuredmedia":[{"embeddable":true,"href":"https:\/\/elfuerte.cl\/web\/wp-json\/wp\/v2\/media\/3650"}],"wp:attachment":[{"href":"https:\/\/elfuerte.cl\/web\/wp-json\/wp\/v2\/media?parent=3648"}],"wp:term":[{"taxonomy":"category","embeddable":true,"href":"https:\/\/elfuerte.cl\/web\/wp-json\/wp\/v2\/categories?post=3648"},{"taxonomy":"post_tag","embeddable":true,"href":"https:\/\/elfuerte.cl\/web\/wp-json\/wp\/v2\/tags?post=3648"}],"curies":[{"name":"wp","href":"https:\/\/api.w.org\/{rel}","templated":true}]}}