{"id":3690,"date":"2026-01-22T13:40:26","date_gmt":"2026-01-22T16:40:26","guid":{"rendered":"https:\/\/elfuerte.cl\/web\/?p=3690"},"modified":"2026-01-22T13:42:31","modified_gmt":"2026-01-22T16:42:31","slug":"solidaridad-nacional-e-internacional-refuerza-el-combate-de-los-incendios-forestales-en-el-sur","status":"publish","type":"post","link":"https:\/\/elfuerte.cl\/web\/2026\/01\/22\/solidaridad-nacional-e-internacional-refuerza-el-combate-de-los-incendios-forestales-en-el-sur\/","title":{"rendered":"Solidaridad nacional e internacional refuerza  el combate de los incendios forestales en el sur"},"content":{"rendered":"\t\t<div data-elementor-type=\"wp-post\" data-elementor-id=\"3690\" class=\"elementor elementor-3690\">\n\t\t\t\t\t\t<section class=\"elementor-section elementor-top-section elementor-element elementor-element-464cea7 elementor-section-boxed elementor-section-height-default elementor-section-height-default\" data-id=\"464cea7\" data-element_type=\"section\">\r\n\t\t\t\t\t\t<div class=\"elementor-container elementor-column-gap-thegem\"><div class=\"elementor-row\">\r\n\t\t\t\t\t<div class=\"elementor-column elementor-col-66 elementor-top-column elementor-element elementor-element-2f44c54\" data-id=\"2f44c54\" data-element_type=\"column\">\n\t\t\t<div class=\"elementor-widget-wrap elementor-element-populated\">\n\t\t\t\t\t\t<div class=\"elementor-element elementor-element-ab386a6 flex-horizontal-align-default flex-horizontal-align-tablet-default flex-horizontal-align-mobile-default flex-vertical-align-default flex-vertical-align-tablet-default flex-vertical-align-mobile-default elementor-widget elementor-widget-heading\" data-id=\"ab386a6\" data-element_type=\"widget\" data-widget_type=\"heading.default\">\n\t\t\t\t\t<div class=\"title-h1 elementor-heading-title elementor-size-default\">Solidaridad nacional e internacional refuerza  el combate de los incendios forestales en el sur<\/div>\t\t\t\t<\/div>\n\t\t\t\t<div class=\"elementor-element elementor-element-8427bf3 flex-horizontal-align-default flex-horizontal-align-tablet-default flex-horizontal-align-mobile-default flex-vertical-align-default flex-vertical-align-tablet-default flex-vertical-align-mobile-default elementor-widget elementor-widget-text-editor\" data-id=\"8427bf3\" data-element_type=\"widget\" data-widget_type=\"text-editor.default\">\n\t\t\t\t\t\t\t\t\t\t\t\t<div class=\"elementor-text-editor elementor-clearfix\">\r\n\t\t\t\t\t\t<p><strong>La emergencia por incendios forestales en las regiones del Biob\u00edo y La Araucan\u00eda contin\u00faa con un amplio despliegue de recursos humanos y t\u00e9cnicos. A las campa\u00f1as solidarias impulsadas en todo el pa\u00eds se suma ahora el apoyo internacional, materializado en la llegada de brigadistas mexicanos especializados.<\/strong><\/p><p>Contin\u00faa la emergencia por incendios forestales en el sur del pa\u00eds, afectando a diversas comunas de las regiones del Biob\u00edo y La Araucan\u00eda. El avance del fuego ha obligado a mantener un intenso despliegue de autoridades y equipos t\u00e9cnicos en el marco del estado de excepci\u00f3n constitucional de cat\u00e1strofe vigente, con labores permanentes de monitoreo y coordinaci\u00f3n encabezadas por el Gobierno, junto a brigadistas, Bomberos y organismos de emergencia.<\/p><p>Tras varios d\u00edas consecutivos de combate en condiciones complejas, el desgaste de los equipos en terreno se ha hecho evidente. Ante este escenario, y a solicitud del Comit\u00e9 para la Gesti\u00f3n del Riesgo de Desastres (COGRID) nacional, la Canciller\u00eda activ\u00f3 un llamado a la comunidad internacional para solicitar apoyo especializado que permitiera reforzar las labores de control de los incendios.<\/p><p>La respuesta fue inmediata por parte del Gobierno de M\u00e9xico, que dispuso el env\u00edo de un contingente de 145 brigadistas forestales altamente especializados, quienes arribaron la ma\u00f1ana de este jueves al Aeropuerto Carriel Sur de Concepci\u00f3n, para sumarse a las tareas de combate del fuego. Estos equipos ser\u00e1n distribuidos entre las regiones de \u00d1uble, Biob\u00edo y eventualmente La Araucan\u00eda, de acuerdo con la planificaci\u00f3n operativa definida por la Corporaci\u00f3n Nacional Forestal (CONAF).<\/p><p>La ministra de Salud, Ximena Aguilera, tuvo la responsabilidad de dar la bienvenida a los brigadistas mexicanos y, en la misma losa del aeropuerto, expres\u00f3 que \u201choy recibimos en Concepci\u00f3n a los brigadistas mexicanos que vienen a reforzar el combate de los incendios forestales. Su presencia es un apoyo concreto y muy valioso para los equipos que llevan varios d\u00edas trabajando intensamente en esta emergencia\u201d.<\/p><p>Respecto de la labor que va a desplegar el contingente extranjero, indic\u00f3 que \u201cse integrar\u00e1n de inmediato a las labores en terreno, reforzando el combate directo de los incendios, las tareas de contenci\u00f3n y la protecci\u00f3n de sectores habitados. Este apoyo permite aliviar la carga de trabajo de nuestros equipos, que llevan varios d\u00edas operando en condiciones muy exigentes, y fortalecer la respuesta frente a una emergencia que sigue activa\u201d.<br \/>C\u00f3nsul destac\u00f3 cooperaci\u00f3n internacional<\/p><p>Asimismo, el c\u00f3nsul honorario de M\u00e9xico en la regi\u00f3n del Biob\u00edo, Carlos C\u00e9spedes, destac\u00f3 que esta cooperaci\u00f3n forma parte de una relaci\u00f3n hist\u00f3rica y permanente entre ambos pa\u00edses, recordando que brigadistas de M\u00e9xico ya han apoyado emergencias anteriores en la zona, como los incendios registrados en Santa Juana en 2023, lo que les permite conocer las caracter\u00edsticas del territorio y las condiciones locales de operaci\u00f3n. \u201cLa llegada de estos brigadistas se da en el marco de la colaboraci\u00f3n permanente entre los Estados de Chile y M\u00e9xico, a trav\u00e9s de la Embajada de M\u00e9xico. Muchos de ellos ya estuvieron trabajando en esta regi\u00f3n en 2023, particularmente en Santa Juana, por lo que conocen bien el territorio y las necesidades espec\u00edficas de la zona\u201d, se\u00f1al\u00f3.<\/p><p><strong>Personal de apoyo altamente calificado<\/strong><br \/>Desde el contingente mexicano se subray\u00f3 que el apoyo se concentrar\u00e1 directamente en las operaciones en terreno, aportando experiencia t\u00e9cnica acumulada en incendios forestales tanto a nivel nacional como internacional. El equipo que arrib\u00f3 a Chile est\u00e1 compuesto por personal dedicado profesionalmente al combate del fuego y con entrenamiento permanente para este tipo de emergencias.<\/p><p>Ismael Torres Delgado, jefe del Departamento de Capacitaci\u00f3n, Investigaci\u00f3n y Cooperaci\u00f3n Internacional de la Gerencia de Manejo del Fuego de la Comisi\u00f3n Nacional Forestal de M\u00e9xico, a su llegada a Concepci\u00f3n, manifest\u00f3 que \u201cvenimos a apoyar las operaciones aqu\u00ed y lo hacemos con mucho gusto, porque sabemos que es una situaci\u00f3n compleja para el pueblo de Chile. Traemos personal especializado en incendios forestales, que se dedica profesionalmente a este trabajo y que tiene a\u00f1os de entrenamiento, adem\u00e1s de experiencia en apoyos internacionales en Estados Unidos, Canad\u00e1 y en ocasiones anteriores aqu\u00ed en Chile\u201d.<\/p><p>La base del equipo estar\u00e1 en la comuna de San Pedro de la Paz, desde donde se trasladar\u00e1n a las diferentes zonas afectadas por los incendios, en coordinaci\u00f3n con las autoridades nacionales que est\u00e1n a cargo del monitoreo permanente de la emergencia y de la distribuci\u00f3n de las fuerzas de tarea.<\/p><p>Esta respuesta internacional se suma a las m\u00faltiples muestras de solidaridad del pueblo chileno, expresadas a trav\u00e9s de campa\u00f1as de recolecci\u00f3n de alimentos no perecibles, agua potable, vestimenta para ni\u00f1os, ni\u00f1as y adultos, pa\u00f1ales y art\u00edculos para beb\u00e9s, as\u00ed como apoyo para mascotas. Municipios, organizaciones sociales, instituciones y privados han activado centros de acopio en distintas regiones del pa\u00eds, reflejando una vez m\u00e1s el car\u00e1cter solidario de la sociedad chilena frente a las cat\u00e1strofes.<\/p><p><strong>Prensa El Fuerte Noticias<\/strong><\/p>\t\t\t\t\t\t\t<\/div>\r\n\t\t\t\t\t\t\t\t\t\t<\/div>\n\t\t\t\t<div class=\"elementor-element elementor-element-0350158 flex-horizontal-align-default flex-horizontal-align-tablet-default flex-horizontal-align-mobile-default flex-vertical-align-default flex-vertical-align-tablet-default flex-vertical-align-mobile-default elementor-widget elementor-widget-image-gallery\" data-id=\"0350158\" data-element_type=\"widget\" data-widget_type=\"image-gallery.default\">\n\t\t\t\t\t\t\t<div class=\"elementor-image-gallery\">\n\t\t\t<div id='gallery-1' class='gallery galleryid-3690 gallery-columns-4 gallery-size-thumbnail'><figure class='gallery-item'>\n\t\t\t<div class='gallery-icon landscape'>\n\t\t\t\t<a data-elementor-open-lightbox=\"yes\" data-elementor-lightbox-slideshow=\"0350158\" data-elementor-lightbox-title=\"WhatsApp Image 2026-01-22 at 12.36.53\" data-e-action-hash=\"#elementor-action%3Aaction%3Dlightbox%26settings%3DeyJpZCI6MzY5MywidXJsIjoiaHR0cHM6XC9cL2VsZnVlcnRlLmNsXC93ZWJcL3dwLWNvbnRlbnRcL3VwbG9hZHNcLzIwMjZcLzAxXC9XaGF0c0FwcC1JbWFnZS0yMDI2LTAxLTIyLWF0LTEyLjM2LjUzLmpwZWciLCJzbGlkZXNob3ciOiIwMzUwMTU4In0%3D\" href='https:\/\/elfuerte.cl\/web\/wp-content\/uploads\/2026\/01\/WhatsApp-Image-2026-01-22-at-12.36.53.jpeg'><img width=\"150\" height=\"150\" src=\"https:\/\/elfuerte.cl\/web\/wp-content\/uploads\/2026\/01\/WhatsApp-Image-2026-01-22-at-12.36.53-150x150.jpeg\" class=\"attachment-thumbnail size-thumbnail\" alt=\"\" srcset=\"https:\/\/elfuerte.cl\/web\/wp-content\/uploads\/2026\/01\/WhatsApp-Image-2026-01-22-at-12.36.53-150x150.jpeg 150w, https:\/\/elfuerte.cl\/web\/wp-content\/uploads\/2026\/01\/WhatsApp-Image-2026-01-22-at-12.36.53-256x256.jpeg 256w\" sizes=\"(max-width: 150px) 100vw, 150px\" \/><\/a>\n\t\t\t<\/div><\/figure><figure class='gallery-item'>\n\t\t\t<div class='gallery-icon landscape'>\n\t\t\t\t<a data-elementor-open-lightbox=\"yes\" data-elementor-lightbox-slideshow=\"0350158\" data-elementor-lightbox-title=\"WhatsApp Image 2026-01-22 at 12.37.59\" data-e-action-hash=\"#elementor-action%3Aaction%3Dlightbox%26settings%3DeyJpZCI6MzY5NCwidXJsIjoiaHR0cHM6XC9cL2VsZnVlcnRlLmNsXC93ZWJcL3dwLWNvbnRlbnRcL3VwbG9hZHNcLzIwMjZcLzAxXC9XaGF0c0FwcC1JbWFnZS0yMDI2LTAxLTIyLWF0LTEyLjM3LjU5LmpwZWciLCJzbGlkZXNob3ciOiIwMzUwMTU4In0%3D\" href='https:\/\/elfuerte.cl\/web\/wp-content\/uploads\/2026\/01\/WhatsApp-Image-2026-01-22-at-12.37.59.jpeg'><img width=\"150\" height=\"150\" src=\"https:\/\/elfuerte.cl\/web\/wp-content\/uploads\/2026\/01\/WhatsApp-Image-2026-01-22-at-12.37.59-150x150.jpeg\" class=\"attachment-thumbnail size-thumbnail\" alt=\"\" srcset=\"https:\/\/elfuerte.cl\/web\/wp-content\/uploads\/2026\/01\/WhatsApp-Image-2026-01-22-at-12.37.59-150x150.jpeg 150w, https:\/\/elfuerte.cl\/web\/wp-content\/uploads\/2026\/01\/WhatsApp-Image-2026-01-22-at-12.37.59-256x256.jpeg 256w\" sizes=\"(max-width: 150px) 100vw, 150px\" \/><\/a>\n\t\t\t<\/div><\/figure><figure class='gallery-item'>\n\t\t\t<div class='gallery-icon landscape'>\n\t\t\t\t<a data-elementor-open-lightbox=\"yes\" data-elementor-lightbox-slideshow=\"0350158\" data-elementor-lightbox-title=\"WhatsApp Image 2026-01-22 at 12.39.49\" data-e-action-hash=\"#elementor-action%3Aaction%3Dlightbox%26settings%3DeyJpZCI6MzY5NSwidXJsIjoiaHR0cHM6XC9cL2VsZnVlcnRlLmNsXC93ZWJcL3dwLWNvbnRlbnRcL3VwbG9hZHNcLzIwMjZcLzAxXC9XaGF0c0FwcC1JbWFnZS0yMDI2LTAxLTIyLWF0LTEyLjM5LjQ5LmpwZWciLCJzbGlkZXNob3ciOiIwMzUwMTU4In0%3D\" href='https:\/\/elfuerte.cl\/web\/wp-content\/uploads\/2026\/01\/WhatsApp-Image-2026-01-22-at-12.39.49.jpeg'><img width=\"150\" height=\"150\" src=\"https:\/\/elfuerte.cl\/web\/wp-content\/uploads\/2026\/01\/WhatsApp-Image-2026-01-22-at-12.39.49-150x150.jpeg\" class=\"attachment-thumbnail size-thumbnail\" alt=\"\" srcset=\"https:\/\/elfuerte.cl\/web\/wp-content\/uploads\/2026\/01\/WhatsApp-Image-2026-01-22-at-12.39.49-150x150.jpeg 150w, https:\/\/elfuerte.cl\/web\/wp-content\/uploads\/2026\/01\/WhatsApp-Image-2026-01-22-at-12.39.49-256x256.jpeg 256w\" sizes=\"(max-width: 150px) 100vw, 150px\" \/><\/a>\n\t\t\t<\/div><\/figure><figure class='gallery-item'>\n\t\t\t<div class='gallery-icon landscape'>\n\t\t\t\t<a data-elementor-open-lightbox=\"yes\" data-elementor-lightbox-slideshow=\"0350158\" data-elementor-lightbox-title=\"WhatsApp Image 2026-01-22 at 12.40.07\" data-e-action-hash=\"#elementor-action%3Aaction%3Dlightbox%26settings%3DeyJpZCI6MzY5NiwidXJsIjoiaHR0cHM6XC9cL2VsZnVlcnRlLmNsXC93ZWJcL3dwLWNvbnRlbnRcL3VwbG9hZHNcLzIwMjZcLzAxXC9XaGF0c0FwcC1JbWFnZS0yMDI2LTAxLTIyLWF0LTEyLjQwLjA3LmpwZWciLCJzbGlkZXNob3ciOiIwMzUwMTU4In0%3D\" href='https:\/\/elfuerte.cl\/web\/wp-content\/uploads\/2026\/01\/WhatsApp-Image-2026-01-22-at-12.40.07.jpeg'><img width=\"150\" height=\"150\" src=\"https:\/\/elfuerte.cl\/web\/wp-content\/uploads\/2026\/01\/WhatsApp-Image-2026-01-22-at-12.40.07-150x150.jpeg\" class=\"attachment-thumbnail size-thumbnail\" alt=\"\" srcset=\"https:\/\/elfuerte.cl\/web\/wp-content\/uploads\/2026\/01\/WhatsApp-Image-2026-01-22-at-12.40.07-150x150.jpeg 150w, https:\/\/elfuerte.cl\/web\/wp-content\/uploads\/2026\/01\/WhatsApp-Image-2026-01-22-at-12.40.07-256x256.jpeg 256w\" sizes=\"(max-width: 150px) 100vw, 150px\" \/><\/a>\n\t\t\t<\/div><\/figure><figure class='gallery-item'>\n\t\t\t<div class='gallery-icon landscape'>\n\t\t\t\t<a data-elementor-open-lightbox=\"yes\" data-elementor-lightbox-slideshow=\"0350158\" data-elementor-lightbox-title=\"WhatsApp Image 2026-01-22 at 12.40.38\" data-e-action-hash=\"#elementor-action%3Aaction%3Dlightbox%26settings%3DeyJpZCI6MzY5NywidXJsIjoiaHR0cHM6XC9cL2VsZnVlcnRlLmNsXC93ZWJcL3dwLWNvbnRlbnRcL3VwbG9hZHNcLzIwMjZcLzAxXC9XaGF0c0FwcC1JbWFnZS0yMDI2LTAxLTIyLWF0LTEyLjQwLjM4LmpwZWciLCJzbGlkZXNob3ciOiIwMzUwMTU4In0%3D\" href='https:\/\/elfuerte.cl\/web\/wp-content\/uploads\/2026\/01\/WhatsApp-Image-2026-01-22-at-12.40.38.jpeg'><img width=\"150\" height=\"150\" src=\"https:\/\/elfuerte.cl\/web\/wp-content\/uploads\/2026\/01\/WhatsApp-Image-2026-01-22-at-12.40.38-150x150.jpeg\" class=\"attachment-thumbnail size-thumbnail\" alt=\"\" srcset=\"https:\/\/elfuerte.cl\/web\/wp-content\/uploads\/2026\/01\/WhatsApp-Image-2026-01-22-at-12.40.38-150x150.jpeg 150w, https:\/\/elfuerte.cl\/web\/wp-content\/uploads\/2026\/01\/WhatsApp-Image-2026-01-22-at-12.40.38-256x256.jpeg 256w\" sizes=\"(max-width: 150px) 100vw, 150px\" \/><\/a>\n\t\t\t<\/div><\/figure>\n\t\t<\/div>\n\t\t<\/div>\n\t\t\t\t\t\t<\/div>\n\t\t\t\t<div class=\"elementor-element elementor-element-5ac3e4a flex-horizontal-align-default flex-horizontal-align-tablet-default flex-horizontal-align-mobile-default flex-vertical-align-default flex-vertical-align-tablet-default flex-vertical-align-mobile-default elementor-widget elementor-widget-thegem-styledimage\" data-id=\"5ac3e4a\" data-element_type=\"widget\" data-settings=\"{&quot;thegem_elementor_preset&quot;:&quot;style-2&quot;,&quot;image&quot;:{&quot;url&quot;:&quot;https:\\\/\\\/elfuerte.cl\\\/web\\\/wp-content\\\/uploads\\\/2025\\\/10\\\/bannerefdelsur.jpg&quot;,&quot;id&quot;:1540,&quot;size&quot;:&quot;&quot;,&quot;alt&quot;:&quot;&quot;,&quot;source&quot;:&quot;library&quot;},&quot;image_position&quot;:&quot;left&quot;}\" data-widget_type=\"thegem-styledimage.default\">\n\t\t\t\t<div class=\"elementor-widget-container\">\n\t\t\t\t\t\n<div class=\"styled-image-wrapper\">\n\t\t\t<div class=\"gem-image gem-wrapbox gem-wrapbox-style-2 gem-wrapbox-position-left lazy-loading \">\n\t\t\t<div class=\"gem-wrapbox-inner  lazy-loading-item\"  data-ll-effect=\"move-up\">\n\t\t\t\t\t\t\t\t<a href=\"#\">\n\t\t\t\t\t\t\t\t\t\t<img class=\"gem-wrapbox-element img-responsive \"\n\t\t\t\t\t\t src=\"https:\/\/elfuerte.cl\/web\/wp-content\/uploads\/2025\/10\/bannerefdelsur.jpg\"\n\t\t\t\t\t\t alt=\"bannerefdelsur\">\n\t\t\t\t\t\t\t\t\t\t\t\t\t\t<\/a>\n\t\t\t\t\t\t<\/div>\n\t\t<\/div>\n\t\t<\/div>\n\n\n\t\n\t\t\t\t\t\t<\/div>\n\t\t\t\t<\/div>\n\t\t\t\t\t<\/div>\n\t\t<\/div>\n\t\t\t\t<div class=\"elementor-column elementor-col-33 elementor-top-column elementor-element elementor-element-dfac7b7\" data-id=\"dfac7b7\" data-element_type=\"column\">\n\t\t\t<div class=\"elementor-widget-wrap elementor-element-populated\">\n\t\t\t\t\t\t<div class=\"elementor-element elementor-element-af7077d flex-horizontal-align-default flex-horizontal-align-tablet-default flex-horizontal-align-mobile-default flex-vertical-align-default flex-vertical-align-tablet-default flex-vertical-align-mobile-default elementor-widget elementor-widget-sidebar\" data-id=\"af7077d\" data-element_type=\"widget\" data-settings=\"{&quot;thegem_custom_css&quot;:&quot;.gem-pp-posts-image {\\r\\n    width: 72px;\\r\\n}\\r\\n.gem-pp-posts-image img {\\r\\n    border-radius: 50%;\\r\\n}\\r\\nselector h4 {\\r\\n    padding-top: 40px;\\r\\n}&quot;}\" data-widget_type=\"sidebar.default\">\n\t\t\t\t\t<aside id=\"media_image-3\" class=\"widget widget_media_image\"><img width=\"750\" height=\"750\" src=\"https:\/\/elfuerte.cl\/web\/wp-content\/uploads\/2025\/10\/bannerrojook.jpg\" class=\"image wp-image-1681  attachment-full size-full\" alt=\"\" style=\"max-width: 100%; height: auto;\" title=\"Banner\" srcset=\"https:\/\/elfuerte.cl\/web\/wp-content\/uploads\/2025\/10\/bannerrojook.jpg 750w, https:\/\/elfuerte.cl\/web\/wp-content\/uploads\/2025\/10\/bannerrojook-300x300.jpg 300w, https:\/\/elfuerte.cl\/web\/wp-content\/uploads\/2025\/10\/bannerrojook-150x150.jpg 150w, https:\/\/elfuerte.cl\/web\/wp-content\/uploads\/2025\/10\/bannerrojook-256x256.jpg 256w\" sizes=\"(max-width: 750px) 100vw, 750px\" \/><\/aside><aside id=\"categories-2\" class=\"widget widget_categories\"><h4 class=\"widget-title\">Secciones<\/h4>\n\t\t\t<ul>\n\t\t\t\t\t<li class=\"cat-item cat-item-21\"><a href=\"https:\/\/elfuerte.cl\/web\/category\/actualidad\/\" title=\"View all posts filed under Actualidad\">Actualidad<\/a>\n<\/li>\n\t<li class=\"cat-item cat-item-100\"><a href=\"https:\/\/elfuerte.cl\/web\/category\/destacados\/\" title=\"View all posts filed under Destacados\">Destacados<\/a>\n<\/li>\n\t<li class=\"cat-item cat-item-101\"><a href=\"https:\/\/elfuerte.cl\/web\/category\/region-ludica\/\" title=\"View all posts filed under Regi\u00f3n L\u00fadica\">Regi\u00f3n L\u00fadica<\/a>\n<\/li>\n\t<li class=\"cat-item cat-item-157\"><a href=\"https:\/\/elfuerte.cl\/web\/category\/sala-de-redaccion\/\" title=\"View all posts filed under Sala de Redacci\u00f3n\">Sala de Redacci\u00f3n<\/a>\n<\/li>\n\t\t\t<\/ul>\n\n\t\t\t<\/aside><aside id=\"custom_popular_posts-2\" class=\"widget Custom_Popular_Posts\"><h4 class=\"widget-title\">Populares<\/h4><ul class=\"posts  styled\"><li class=\"clearfix gem-pp-posts\"><div class=\"gem-pp-posts-image\"><a href=\"https:\/\/elfuerte.cl\/web\/2026\/04\/27\/intercambio-de-semillas-y-experiencias-conecta-comunidades-del-pais-en-torno-a-la-restauracion-del-bosque-nativo-en-los-rios\/\"><img src=\"https:\/\/elfuerte.cl\/web\/wp-content\/uploads\/2026\/04\/portada-2026-04-27T102238.493-thegem-post-thumb-large.jpg\" srcset=\"https:\/\/elfuerte.cl\/web\/wp-content\/uploads\/2026\/04\/portada-2026-04-27T102238.493-thegem-post-thumb-small.jpg 1x, https:\/\/elfuerte.cl\/web\/wp-content\/uploads\/2026\/04\/portada-2026-04-27T102238.493-thegem-post-thumb-large.jpg 2x\" alt=\"\"\/><\/a><\/div><div class=\"gem-pp-posts-text\"> <div class=\"gem-pp-posts-item\"><a href=\"https:\/\/elfuerte.cl\/web\/2026\/04\/27\/intercambio-de-semillas-y-experiencias-conecta-comunidades-del-pais-en-torno-a-la-restauracion-del-bosque-nativo-en-los-rios\/\">Intercambio de semillas y experiencias conecta comunidades del pa\u00eds en torno a la restauraci\u00f3n del bosque nativo en Los R\u00edos<\/a><\/div><div class=\"gem-pp-posts-date\">27\/04\/2026<\/div><\/div><\/li><li class=\"clearfix gem-pp-posts\"><div class=\"gem-pp-posts-image\"><a href=\"https:\/\/elfuerte.cl\/web\/2025\/10\/11\/recuperar-una-casa-y-un-icono-de-la-historia-lotina\/\"><img src=\"https:\/\/elfuerte.cl\/web\/wp-content\/uploads\/2025\/10\/actualidad003-copia-thegem-post-thumb-large.jpg\" srcset=\"https:\/\/elfuerte.cl\/web\/wp-content\/uploads\/2025\/10\/actualidad003-copia-thegem-post-thumb-small.jpg 1x, https:\/\/elfuerte.cl\/web\/wp-content\/uploads\/2025\/10\/actualidad003-copia-thegem-post-thumb-large.jpg 2x\" alt=\"\"\/><\/a><\/div><div class=\"gem-pp-posts-text\"> <div class=\"gem-pp-posts-item\"><a href=\"https:\/\/elfuerte.cl\/web\/2025\/10\/11\/recuperar-una-casa-y-un-icono-de-la-historia-lotina\/\">Recuperar una casa y un \u00edcono de la historia lotina<\/a><\/div><div class=\"gem-pp-posts-date\">11\/10\/2025<\/div><\/div><\/li><li class=\"clearfix gem-pp-posts\"><div class=\"gem-pp-posts-image\"><a href=\"https:\/\/elfuerte.cl\/web\/2025\/10\/08\/indap-impulsa-acceso-a-tierras-y-emprendimiento-para-juventudes-rurales-con-nuevo-programa-tierra-joven\/\"><img src=\"https:\/\/elfuerte.cl\/web\/wp-content\/uploads\/2025\/10\/actualidad001-copia-thegem-post-thumb-large.jpg\" srcset=\"https:\/\/elfuerte.cl\/web\/wp-content\/uploads\/2025\/10\/actualidad001-copia-thegem-post-thumb-small.jpg 1x, https:\/\/elfuerte.cl\/web\/wp-content\/uploads\/2025\/10\/actualidad001-copia-thegem-post-thumb-large.jpg 2x\" alt=\"\"\/><\/a><\/div><div class=\"gem-pp-posts-text\"> <div class=\"gem-pp-posts-item\"><a href=\"https:\/\/elfuerte.cl\/web\/2025\/10\/08\/indap-impulsa-acceso-a-tierras-y-emprendimiento-para-juventudes-rurales-con-nuevo-programa-tierra-joven\/\">INDAP impulsa acceso a tierras y emprendimiento para juventudes rurales con nuevo programa \u201cTierra Joven\u201d<\/a><\/div><div class=\"gem-pp-posts-date\">08\/10\/2025<\/div><\/div><\/li><li class=\"clearfix gem-pp-posts\"><div class=\"gem-pp-posts-image\"><a href=\"https:\/\/elfuerte.cl\/web\/2025\/09\/05\/la-derrota-que-dejo-al-gobierno-sin-brujula\/\"><img src=\"https:\/\/elfuerte.cl\/web\/wp-content\/uploads\/2025\/09\/actualidad004-thegem-post-thumb-large.jpg\" srcset=\"https:\/\/elfuerte.cl\/web\/wp-content\/uploads\/2025\/09\/actualidad004-thegem-post-thumb-small.jpg 1x, https:\/\/elfuerte.cl\/web\/wp-content\/uploads\/2025\/09\/actualidad004-thegem-post-thumb-large.jpg 2x\" alt=\"\"\/><\/a><\/div><div class=\"gem-pp-posts-text\"> <div class=\"gem-pp-posts-item\"><a href=\"https:\/\/elfuerte.cl\/web\/2025\/09\/05\/la-derrota-que-dejo-al-gobierno-sin-brujula\/\">La derrota que dej\u00f3 al gobierno sin br\u00fajula<\/a><\/div><div class=\"gem-pp-posts-date\">05\/09\/2025<\/div><\/div><\/li><\/ul><\/aside>\t\t\t\t<\/div>\n\t\t\t\t\t<\/div>\n\t\t<\/div>\n\t\t\t\t\t<\/div><\/div>\r\n\t\t<\/section>\r\n\t\t\t\t<\/div>\n\t\t","protected":false},"excerpt":{"rendered":"<p>La emergencia por incendios forestales en las regiones del Biob\u00edo y La Araucan\u00eda contin\u00faa con un amplio despliegue de recursos humanos y t\u00e9cnicos. A las campa\u00f1as solidarias impulsadas en todo el pa\u00eds se suma ahora el apoyo internacional, materializado en la llegada de brigadistas mexicanos especializados.<\/p>\n","protected":false},"author":1,"featured_media":3692,"comment_status":"closed","ping_status":"closed","sticky":false,"template":"single-fullwidth.php","format":"standard","meta":{"footnotes":""},"categories":[21,100],"tags":[65,403,365,404,308],"class_list":{"0":"post-3690","1":"post","2":"type-post","3":"status-publish","4":"format-standard","5":"has-post-thumbnail","7":"category-actualidad","8":"category-destacados","9":"tag-actualidad","10":"tag-bomberos","11":"tag-incendios","12":"tag-mexico","13":"tag-solidaridad"},"menu_order":0,"_links":{"self":[{"href":"https:\/\/elfuerte.cl\/web\/wp-json\/wp\/v2\/posts\/3690","targetHints":{"allow":["GET"]}}],"collection":[{"href":"https:\/\/elfuerte.cl\/web\/wp-json\/wp\/v2\/posts"}],"about":[{"href":"https:\/\/elfuerte.cl\/web\/wp-json\/wp\/v2\/types\/post"}],"author":[{"embeddable":true,"href":"https:\/\/elfuerte.cl\/web\/wp-json\/wp\/v2\/users\/1"}],"replies":[{"embeddable":true,"href":"https:\/\/elfuerte.cl\/web\/wp-json\/wp\/v2\/comments?post=3690"}],"version-history":[{"count":4,"href":"https:\/\/elfuerte.cl\/web\/wp-json\/wp\/v2\/posts\/3690\/revisions"}],"predecessor-version":[{"id":3700,"href":"https:\/\/elfuerte.cl\/web\/wp-json\/wp\/v2\/posts\/3690\/revisions\/3700"}],"wp:featuredmedia":[{"embeddable":true,"href":"https:\/\/elfuerte.cl\/web\/wp-json\/wp\/v2\/media\/3692"}],"wp:attachment":[{"href":"https:\/\/elfuerte.cl\/web\/wp-json\/wp\/v2\/media?parent=3690"}],"wp:term":[{"taxonomy":"category","embeddable":true,"href":"https:\/\/elfuerte.cl\/web\/wp-json\/wp\/v2\/categories?post=3690"},{"taxonomy":"post_tag","embeddable":true,"href":"https:\/\/elfuerte.cl\/web\/wp-json\/wp\/v2\/tags?post=3690"}],"curies":[{"name":"wp","href":"https:\/\/api.w.org\/{rel}","templated":true}]}}