{"id":3826,"date":"2026-01-25T20:07:14","date_gmt":"2026-01-25T23:07:14","guid":{"rendered":"https:\/\/elfuerte.cl\/web\/?p=3826"},"modified":"2026-01-25T20:10:28","modified_gmt":"2026-01-25T23:10:28","slug":"presidente-de-ancore-gobiernos-regionales-requieren-una-mayor-capacidad-de-gestion","status":"publish","type":"post","link":"https:\/\/elfuerte.cl\/web\/2026\/01\/25\/presidente-de-ancore-gobiernos-regionales-requieren-una-mayor-capacidad-de-gestion\/","title":{"rendered":"Presidente de ANCORE: \u201cgobiernos regionales  requieren una mayor capacidad de gesti\u00f3n\u201d"},"content":{"rendered":"\t\t<div data-elementor-type=\"wp-post\" data-elementor-id=\"3826\" class=\"elementor elementor-3826\">\n\t\t\t\t\t\t<section class=\"elementor-section elementor-top-section elementor-element elementor-element-464cea7 elementor-section-boxed elementor-section-height-default elementor-section-height-default\" data-id=\"464cea7\" data-element_type=\"section\">\r\n\t\t\t\t\t\t<div class=\"elementor-container elementor-column-gap-thegem\"><div class=\"elementor-row\">\r\n\t\t\t\t\t<div class=\"elementor-column elementor-col-66 elementor-top-column elementor-element elementor-element-2f44c54\" data-id=\"2f44c54\" data-element_type=\"column\">\n\t\t\t<div class=\"elementor-widget-wrap elementor-element-populated\">\n\t\t\t\t\t\t<div class=\"elementor-element elementor-element-ab386a6 flex-horizontal-align-default flex-horizontal-align-tablet-default flex-horizontal-align-mobile-default flex-vertical-align-default flex-vertical-align-tablet-default flex-vertical-align-mobile-default elementor-widget elementor-widget-heading\" data-id=\"ab386a6\" data-element_type=\"widget\" data-widget_type=\"heading.default\">\n\t\t\t\t\t<div class=\"title-h1 elementor-heading-title elementor-size-default\">Presidente de ANCORE: \u201cgobiernos regionales  requieren una mayor capacidad de gesti\u00f3n\u201d<\/div>\t\t\t\t<\/div>\n\t\t\t\t<div class=\"elementor-element elementor-element-8427bf3 flex-horizontal-align-default flex-horizontal-align-tablet-default flex-horizontal-align-mobile-default flex-vertical-align-default flex-vertical-align-tablet-default flex-vertical-align-mobile-default elementor-widget elementor-widget-text-editor\" data-id=\"8427bf3\" data-element_type=\"widget\" data-widget_type=\"text-editor.default\">\n\t\t\t\t\t\t\t\t\t\t\t\t<div class=\"elementor-text-editor elementor-clearfix\">\r\n\t\t\t\t\t\t<p><strong>H\u00e9ctor Pacheco, consejero regional por Los R\u00edos y presidente de la entidad, convers\u00f3 con El Fuerte Noticias en el marco del seminario realizado recientemente en Vadivia, y se refiri\u00f3 a lo calific\u00f3 como incumplimientos del actual gobierno con la descentralizaci\u00f3n y a las dudas que tiene del compromiso del presidente electo.<\/strong><\/p><p>En el marco del Seminario \u201cRegionalizaci\u00f3n y Descentralizaci\u00f3n 2026\u20132030\u201d, realizado esta semana en Valdivia y organizado por el Gobierno Regional de Los R\u00edos, la Asociaci\u00f3n Nacional de Consejeros Regionales (ANCORE) y la Universidad Austral de Chile, El Fuerte Noticias convers\u00f3 con el presidente nacional de ANCORE y consejero regional por Valdivia, H\u00e9ctor Pacheco (DC), quien abord\u00f3 el estado actual del proceso de descentralizaci\u00f3n, los compromisos incumplidos del Gobierno, seg\u00fan expres\u00f3, y las dudas respecto del rumbo que podr\u00eda tomar esta agenda con el cambio de administraci\u00f3n.<\/p><p>Consultado si existe preocupaci\u00f3n entre los consejeros y consejeras sobre el proceso de descentralizaci\u00f3n y las dudas sobre el desarrollo de las regiones que genera el escenario pol\u00edtico tras la elecci\u00f3n presidencial, el consejero se\u00f1al\u00f3 que \u201cla verdad es que s\u00ed, porque a lo menos en lo que fue la primera y segunda vuelta presidencial no escuchamos ninguna propuesta clara de parte de los candidatos ni del presidente que sali\u00f3 electo, y eso nos preocupa\u201d.<\/p><p>En esa l\u00ednea, explic\u00f3 que \u201cnosotros, como Asociaci\u00f3n Nacional de Consejeros Regionales, estamos conversando con otras organizaciones, como por ejemplo AGORECHI, que es la Asociaci\u00f3n de Gobernadores de Chile, con los cuales estamos trabajando juntos estos temas\u201d.<\/p><p>Respecto de una eventual reuni\u00f3n con el presidente electo, precis\u00f3 que \u201cANCORE no tiene tomada una decisi\u00f3n si vamos a conversar y pedir alguna audiencia con el presidente electo antes que asuma o posterior\u201d, agregando que \u201cmi opini\u00f3n personal es que deber\u00eda ser una vez que \u00e9l asuma\u201d.<br \/>Demora en proceso legislativo<\/p><p>Pacheco tambi\u00e9n se refiri\u00f3 a los compromisos legislativos durante el actual gobierno, se\u00f1alando que \u201chay un proyecto de ley que se envi\u00f3 al Parlamento el a\u00f1o 2023, que se dijo que iba a salir dentro del per\u00edodo del presidente Boric, y la verdad es que se est\u00e1 terminando el proceso legislativo de este per\u00edodo y, pese a los anuncios que hab\u00eda hecho el actual ministro del Interior, que el proyecto de ley de regiones m\u00e1s fuertes se le iba a colocar urgencia para poderlo aprobar, eso ya no ha pasado\u201d.<\/p><p>En ese contexto, sostuvo que \u201cdurante este a\u00f1o tuvimos reuniones con el Ejecutivo y tambi\u00e9n con los parlamentarios, se nos dijo de que era un proyecto que lo iban a aprobar y no ha pasado nada\u201d, indicando que \u201cuna vez m\u00e1s se posterga\u201d.<\/p><p>Respecto a los aspectos m\u00e1s relevantes del proyecto de ley, Pacheco sostuvo que \u201clos aspectos m\u00e1s importantes tienen que ver, primero, con una descentralizaci\u00f3n efectiva, que no ha ocurrido en los \u00faltimos a\u00f1os\u201d, advirtiendo que mientras no se transfieran atribuciones reales desde el nivel central hacia las regiones, los gobiernos regionales seguir\u00e1n teniendo capacidades limitadas para responder a las necesidades de sus territorios. En ese sentido, enfatiz\u00f3 que \u201cel desarrollo de los territorios requiere que los gobiernos regionales tengan mayor capacidad de gesti\u00f3n y de planificaci\u00f3n, sobre la base de compromisos concretos\u201d, lo que \u2014a su juicio\u2014 hoy no ocurre debido a la excesiva tutela de la unidad central sobre las decisiones regionales.<\/p><p>\u00a0<\/p><p><strong>Descentralizaci\u00f3n fiscal<\/strong><br \/>En materia de descentralizaci\u00f3n fiscal, el presidente nacional de ANCORE plante\u00f3 que \u201clos aspectos m\u00e1s importantes tienen que ver, primero, con la descentralizaci\u00f3n efectiva, que no ha ocurrido en los \u00faltimos a\u00f1os, y segundo, una descentralizaci\u00f3n fiscal, que significa que no todas las cosas que se aprueban en los gobiernos regionales tengan que ir al Ministerio de Hacienda y a la Direcci\u00f3n de Presupuestos para su aprobaci\u00f3n\u201d.<\/p><p>No obstante, reconoci\u00f3 avances parciales, se\u00f1alando que \u201cen el presupuesto del a\u00f1o 2026 s\u00ed hemos logrado, a trav\u00e9s de las conversaciones preliminares durante el desarrollo de la elaboraci\u00f3n de este presupuesto, que se avance para que algunas cosas no vayan a visto bueno en la Dipres y que s\u00f3lo se informe\u201d.<\/p><p>\u00a0<\/p><p><strong>Demanda de ANCORE<\/strong><br \/>En el plano pol\u00edtico electoral, Pacheco abord\u00f3 una demanda hist\u00f3rica del gremio, indicando que \u201chay un tema que a nosotros nos preocupan. Es una demanda de nuestra asociaci\u00f3n, que tiene que ver con la eliminaci\u00f3n de las trabas que tenemos para los efectos de que un consejero regional, un alcalde o un concejal pueda postular a un cargo distinto al que se tiene\u201d. Al respecto, explic\u00f3 que \u201cen un proyecto de ley que se aprob\u00f3 hace unos cuatro o cinco a\u00f1os nos coloc\u00f3 una inhabilidad, que es de un a\u00f1o de renuncia antes de que termine el per\u00edodo\u201d, agregando que \u201cnosotros creemos que eso no es igualdad ante la ley, porque los senadores, diputados, gobernadores no tienen que renunciar para postular a otro cargo, pero s\u00ed los consejeros regionales, s\u00ed los alcaldes, s\u00ed los concejales tenemos que renunciar antes\u201d.<\/p><p>Finalmente, a juicio del consejero, el Gobierno del presidente Gabriel Boric qued\u00f3 al debe en materia de descentralizaci\u00f3n y fortalecimiento de la regionalizaci\u00f3n, mientras que tambi\u00e9n existen dudas respecto del compromiso que asumir\u00e1 la pr\u00f3xima administraci\u00f3n sobre esta agenda. En ese escenario, desde Ancore se considera fundamental concretar una reuni\u00f3n con el presidente electo Jos\u00e9 Antonio Kast, con el fin de despejar las interrogantes existentes y clarificar cu\u00e1l ser\u00e1 el rumbo que tomar\u00e1 el proceso de descentralizaci\u00f3n y el fortalecimiento de la gesti\u00f3n de los gobiernos regionales en el pr\u00f3ximo per\u00edodo.<\/p><p>Como conclusi\u00f3n, se puede plantear que el desarrollo de los territorios aparece estrechamente ligado a la necesidad de mayor autonom\u00eda y capacidad de gesti\u00f3n de los gobiernos regionales, lo que supone avanzar decididamente en el proceso de descentralizaci\u00f3n y en el traspaso efectivo de atribuciones desde el nivel central hacia las regiones. La persistencia de una l\u00f3gica de tutela de la unidad central sobre las decisiones regionales contin\u00faa siendo una traba para la planificaci\u00f3n y ejecuci\u00f3n de pol\u00edticas de desarrollo con pertinencia territorial.<\/p><p><strong>Marcelo Patroni, director de El Fuerte Noticias<\/strong><\/p>\t\t\t\t\t\t\t<\/div>\r\n\t\t\t\t\t\t\t\t\t\t<\/div>\n\t\t\t\t<div class=\"elementor-element elementor-element-db59441 elementor-arrows-position-inside elementor-pagination-position-outside flex-horizontal-align-default flex-horizontal-align-tablet-default flex-horizontal-align-mobile-default flex-vertical-align-default flex-vertical-align-tablet-default flex-vertical-align-mobile-default elementor-widget elementor-widget-image-carousel\" data-id=\"db59441\" data-element_type=\"widget\" data-settings=\"{&quot;slides_to_show&quot;:&quot;1&quot;,&quot;navigation&quot;:&quot;both&quot;,&quot;autoplay&quot;:&quot;yes&quot;,&quot;pause_on_hover&quot;:&quot;yes&quot;,&quot;pause_on_interaction&quot;:&quot;yes&quot;,&quot;autoplay_speed&quot;:5000,&quot;infinite&quot;:&quot;yes&quot;,&quot;effect&quot;:&quot;slide&quot;,&quot;speed&quot;:500}\" data-widget_type=\"image-carousel.default\">\n\t\t\t\t\t\t\t<div class=\"elementor-image-carousel-wrapper swiper\" role=\"region\" aria-roledescription=\"carousel\" aria-label=\"Carrusel de im\u00e1genes\" dir=\"ltr\">\n\t\t\t<div class=\"elementor-image-carousel swiper-wrapper\" aria-live=\"off\">\n\t\t\t\t\t\t\t\t<div class=\"swiper-slide\" role=\"group\" aria-roledescription=\"slide\" aria-label=\"1 de 2\"><figure class=\"swiper-slide-inner\"><img class=\"swiper-slide-image\" src=\"https:\/\/elfuerte.cl\/web\/wp-content\/uploads\/2026\/01\/Ancore-5-1.jpg\" alt=\"Ancore 5\" \/><\/figure><\/div><div class=\"swiper-slide\" role=\"group\" aria-roledescription=\"slide\" aria-label=\"2 de 2\"><figure class=\"swiper-slide-inner\"><img class=\"swiper-slide-image\" src=\"https:\/\/elfuerte.cl\/web\/wp-content\/uploads\/2026\/01\/Pacheco.jpg\" alt=\"Pacheco\" \/><\/figure><\/div>\t\t\t<\/div>\n\t\t\t\t\t\t\t\t\t\t\t\t<div class=\"elementor-swiper-button elementor-swiper-button-prev\" role=\"button\" tabindex=\"0\">\n\t\t\t\t\t\t<svg aria-hidden=\"true\" class=\"e-font-icon-svg e-eicon-chevron-left\" viewBox=\"0 0 1000 1000\" xmlns=\"http:\/\/www.w3.org\/2000\/svg\"><path d=\"M646 125C629 125 613 133 604 142L308 442C296 454 292 471 292 487 292 504 296 521 308 533L604 854C617 867 629 875 646 875 663 875 679 871 692 858 704 846 713 829 713 812 713 796 708 779 692 767L438 487 692 225C700 217 708 204 708 187 708 171 704 154 692 142 675 129 663 125 646 125Z\"><\/path><\/svg>\t\t\t\t\t<\/div>\n\t\t\t\t\t<div class=\"elementor-swiper-button elementor-swiper-button-next\" role=\"button\" tabindex=\"0\">\n\t\t\t\t\t\t<svg aria-hidden=\"true\" class=\"e-font-icon-svg e-eicon-chevron-right\" viewBox=\"0 0 1000 1000\" xmlns=\"http:\/\/www.w3.org\/2000\/svg\"><path d=\"M696 533C708 521 713 504 713 487 713 471 708 454 696 446L400 146C388 133 375 125 354 125 338 125 325 129 313 142 300 154 292 171 292 187 292 204 296 221 308 233L563 492 304 771C292 783 288 800 288 817 288 833 296 850 308 863 321 871 338 875 354 875 371 875 388 867 400 854L696 533Z\"><\/path><\/svg>\t\t\t\t\t<\/div>\n\t\t\t\t\n\t\t\t\t\t\t\t\t\t<div class=\"swiper-pagination\"><\/div>\n\t\t\t\t\t\t\t\t\t<\/div>\n\t\t\t\t\t\t<\/div>\n\t\t\t\t<div class=\"elementor-element elementor-element-5ac3e4a flex-horizontal-align-default flex-horizontal-align-tablet-default flex-horizontal-align-mobile-default flex-vertical-align-default flex-vertical-align-tablet-default flex-vertical-align-mobile-default elementor-widget elementor-widget-thegem-styledimage\" data-id=\"5ac3e4a\" data-element_type=\"widget\" data-settings=\"{&quot;thegem_elementor_preset&quot;:&quot;style-2&quot;,&quot;image&quot;:{&quot;url&quot;:&quot;https:\\\/\\\/elfuerte.cl\\\/web\\\/wp-content\\\/uploads\\\/2025\\\/10\\\/bannerefdelsur.jpg&quot;,&quot;id&quot;:1540,&quot;size&quot;:&quot;&quot;,&quot;alt&quot;:&quot;&quot;,&quot;source&quot;:&quot;library&quot;},&quot;image_position&quot;:&quot;left&quot;}\" data-widget_type=\"thegem-styledimage.default\">\n\t\t\t\t<div class=\"elementor-widget-container\">\n\t\t\t\t\t\n<div class=\"styled-image-wrapper\">\n\t\t\t<div class=\"gem-image gem-wrapbox gem-wrapbox-style-2 gem-wrapbox-position-left lazy-loading \">\n\t\t\t<div class=\"gem-wrapbox-inner  lazy-loading-item\"  data-ll-effect=\"move-up\">\n\t\t\t\t\t\t\t\t<a href=\"#\">\n\t\t\t\t\t\t\t\t\t\t<img class=\"gem-wrapbox-element img-responsive \"\n\t\t\t\t\t\t src=\"https:\/\/elfuerte.cl\/web\/wp-content\/uploads\/2025\/10\/bannerefdelsur.jpg\"\n\t\t\t\t\t\t alt=\"bannerefdelsur\">\n\t\t\t\t\t\t\t\t\t\t\t\t\t\t<\/a>\n\t\t\t\t\t\t<\/div>\n\t\t<\/div>\n\t\t<\/div>\n\n\n\t\n\t\t\t\t\t\t<\/div>\n\t\t\t\t<\/div>\n\t\t\t\t\t<\/div>\n\t\t<\/div>\n\t\t\t\t<div class=\"elementor-column elementor-col-33 elementor-top-column elementor-element elementor-element-dfac7b7\" data-id=\"dfac7b7\" data-element_type=\"column\">\n\t\t\t<div class=\"elementor-widget-wrap elementor-element-populated\">\n\t\t\t\t\t\t<div class=\"elementor-element elementor-element-af7077d flex-horizontal-align-default flex-horizontal-align-tablet-default flex-horizontal-align-mobile-default flex-vertical-align-default flex-vertical-align-tablet-default flex-vertical-align-mobile-default elementor-widget elementor-widget-sidebar\" data-id=\"af7077d\" data-element_type=\"widget\" data-settings=\"{&quot;thegem_custom_css&quot;:&quot;.gem-pp-posts-image {\\r\\n    width: 72px;\\r\\n}\\r\\n.gem-pp-posts-image img {\\r\\n    border-radius: 50%;\\r\\n}\\r\\nselector h4 {\\r\\n    padding-top: 40px;\\r\\n}&quot;}\" data-widget_type=\"sidebar.default\">\n\t\t\t\t\t<aside id=\"media_image-3\" class=\"widget widget_media_image\"><img width=\"750\" height=\"750\" src=\"https:\/\/elfuerte.cl\/web\/wp-content\/uploads\/2025\/10\/bannerrojook.jpg\" class=\"image wp-image-1681  attachment-full size-full\" alt=\"\" style=\"max-width: 100%; height: auto;\" title=\"Banner\" srcset=\"https:\/\/elfuerte.cl\/web\/wp-content\/uploads\/2025\/10\/bannerrojook.jpg 750w, https:\/\/elfuerte.cl\/web\/wp-content\/uploads\/2025\/10\/bannerrojook-300x300.jpg 300w, https:\/\/elfuerte.cl\/web\/wp-content\/uploads\/2025\/10\/bannerrojook-150x150.jpg 150w, https:\/\/elfuerte.cl\/web\/wp-content\/uploads\/2025\/10\/bannerrojook-256x256.jpg 256w\" sizes=\"(max-width: 750px) 100vw, 750px\" \/><\/aside><aside id=\"categories-2\" class=\"widget widget_categories\"><h4 class=\"widget-title\">Secciones<\/h4>\n\t\t\t<ul>\n\t\t\t\t\t<li class=\"cat-item cat-item-21\"><a href=\"https:\/\/elfuerte.cl\/web\/category\/actualidad\/\" title=\"View all posts filed under Actualidad\">Actualidad<\/a>\n<\/li>\n\t<li class=\"cat-item cat-item-100\"><a href=\"https:\/\/elfuerte.cl\/web\/category\/destacados\/\" title=\"View all posts filed under Destacados\">Destacados<\/a>\n<\/li>\n\t<li class=\"cat-item cat-item-101\"><a href=\"https:\/\/elfuerte.cl\/web\/category\/region-ludica\/\" title=\"View all posts filed under Regi\u00f3n L\u00fadica\">Regi\u00f3n L\u00fadica<\/a>\n<\/li>\n\t<li class=\"cat-item cat-item-157\"><a href=\"https:\/\/elfuerte.cl\/web\/category\/sala-de-redaccion\/\" title=\"View all posts filed under Sala de Redacci\u00f3n\">Sala de Redacci\u00f3n<\/a>\n<\/li>\n\t\t\t<\/ul>\n\n\t\t\t<\/aside><aside id=\"custom_popular_posts-2\" class=\"widget Custom_Popular_Posts\"><h4 class=\"widget-title\">Populares<\/h4><ul class=\"posts  styled\"><li class=\"clearfix gem-pp-posts\"><div class=\"gem-pp-posts-image\"><a href=\"https:\/\/elfuerte.cl\/web\/2026\/04\/27\/intercambio-de-semillas-y-experiencias-conecta-comunidades-del-pais-en-torno-a-la-restauracion-del-bosque-nativo-en-los-rios\/\"><img src=\"https:\/\/elfuerte.cl\/web\/wp-content\/uploads\/2026\/04\/portada-2026-04-27T102238.493-thegem-post-thumb-large.jpg\" srcset=\"https:\/\/elfuerte.cl\/web\/wp-content\/uploads\/2026\/04\/portada-2026-04-27T102238.493-thegem-post-thumb-small.jpg 1x, https:\/\/elfuerte.cl\/web\/wp-content\/uploads\/2026\/04\/portada-2026-04-27T102238.493-thegem-post-thumb-large.jpg 2x\" alt=\"\"\/><\/a><\/div><div class=\"gem-pp-posts-text\"> <div class=\"gem-pp-posts-item\"><a href=\"https:\/\/elfuerte.cl\/web\/2026\/04\/27\/intercambio-de-semillas-y-experiencias-conecta-comunidades-del-pais-en-torno-a-la-restauracion-del-bosque-nativo-en-los-rios\/\">Intercambio de semillas y experiencias conecta comunidades del pa\u00eds en torno a la restauraci\u00f3n del bosque nativo en Los R\u00edos<\/a><\/div><div class=\"gem-pp-posts-date\">27\/04\/2026<\/div><\/div><\/li><li class=\"clearfix gem-pp-posts\"><div class=\"gem-pp-posts-image\"><a href=\"https:\/\/elfuerte.cl\/web\/2025\/10\/11\/recuperar-una-casa-y-un-icono-de-la-historia-lotina\/\"><img src=\"https:\/\/elfuerte.cl\/web\/wp-content\/uploads\/2025\/10\/actualidad003-copia-thegem-post-thumb-large.jpg\" srcset=\"https:\/\/elfuerte.cl\/web\/wp-content\/uploads\/2025\/10\/actualidad003-copia-thegem-post-thumb-small.jpg 1x, https:\/\/elfuerte.cl\/web\/wp-content\/uploads\/2025\/10\/actualidad003-copia-thegem-post-thumb-large.jpg 2x\" alt=\"\"\/><\/a><\/div><div class=\"gem-pp-posts-text\"> <div class=\"gem-pp-posts-item\"><a href=\"https:\/\/elfuerte.cl\/web\/2025\/10\/11\/recuperar-una-casa-y-un-icono-de-la-historia-lotina\/\">Recuperar una casa y un \u00edcono de la historia lotina<\/a><\/div><div class=\"gem-pp-posts-date\">11\/10\/2025<\/div><\/div><\/li><li class=\"clearfix gem-pp-posts\"><div class=\"gem-pp-posts-image\"><a href=\"https:\/\/elfuerte.cl\/web\/2025\/10\/08\/indap-impulsa-acceso-a-tierras-y-emprendimiento-para-juventudes-rurales-con-nuevo-programa-tierra-joven\/\"><img src=\"https:\/\/elfuerte.cl\/web\/wp-content\/uploads\/2025\/10\/actualidad001-copia-thegem-post-thumb-large.jpg\" srcset=\"https:\/\/elfuerte.cl\/web\/wp-content\/uploads\/2025\/10\/actualidad001-copia-thegem-post-thumb-small.jpg 1x, https:\/\/elfuerte.cl\/web\/wp-content\/uploads\/2025\/10\/actualidad001-copia-thegem-post-thumb-large.jpg 2x\" alt=\"\"\/><\/a><\/div><div class=\"gem-pp-posts-text\"> <div class=\"gem-pp-posts-item\"><a href=\"https:\/\/elfuerte.cl\/web\/2025\/10\/08\/indap-impulsa-acceso-a-tierras-y-emprendimiento-para-juventudes-rurales-con-nuevo-programa-tierra-joven\/\">INDAP impulsa acceso a tierras y emprendimiento para juventudes rurales con nuevo programa \u201cTierra Joven\u201d<\/a><\/div><div class=\"gem-pp-posts-date\">08\/10\/2025<\/div><\/div><\/li><li class=\"clearfix gem-pp-posts\"><div class=\"gem-pp-posts-image\"><a href=\"https:\/\/elfuerte.cl\/web\/2025\/09\/05\/la-derrota-que-dejo-al-gobierno-sin-brujula\/\"><img src=\"https:\/\/elfuerte.cl\/web\/wp-content\/uploads\/2025\/09\/actualidad004-thegem-post-thumb-large.jpg\" srcset=\"https:\/\/elfuerte.cl\/web\/wp-content\/uploads\/2025\/09\/actualidad004-thegem-post-thumb-small.jpg 1x, https:\/\/elfuerte.cl\/web\/wp-content\/uploads\/2025\/09\/actualidad004-thegem-post-thumb-large.jpg 2x\" alt=\"\"\/><\/a><\/div><div class=\"gem-pp-posts-text\"> <div class=\"gem-pp-posts-item\"><a href=\"https:\/\/elfuerte.cl\/web\/2025\/09\/05\/la-derrota-que-dejo-al-gobierno-sin-brujula\/\">La derrota que dej\u00f3 al gobierno sin br\u00fajula<\/a><\/div><div class=\"gem-pp-posts-date\">05\/09\/2025<\/div><\/div><\/li><\/ul><\/aside>\t\t\t\t<\/div>\n\t\t\t\t\t<\/div>\n\t\t<\/div>\n\t\t\t\t\t<\/div><\/div>\r\n\t\t<\/section>\r\n\t\t\t\t<\/div>\n\t\t","protected":false},"excerpt":{"rendered":"<p>H\u00e9ctor Pacheco, consejero regional por Los R\u00edos y presidente de la entidad, convers\u00f3 con El Fuerte Noticias en el marco del seminario realizado recientemente en Vadivia, y se refiri\u00f3 a lo calific\u00f3 como incumplimientos del actual gobierno con la descentralizaci\u00f3n y a las dudas que tiene del compromiso del presidente electo.<\/p>\n","protected":false},"author":1,"featured_media":3828,"comment_status":"closed","ping_status":"closed","sticky":false,"template":"single-fullwidth.php","format":"standard","meta":{"footnotes":""},"categories":[21,100],"tags":[65,407,142],"class_list":{"0":"post-3826","1":"post","2":"type-post","3":"status-publish","4":"format-standard","5":"has-post-thumbnail","7":"category-actualidad","8":"category-destacados","9":"tag-actualidad","10":"tag-ancore","11":"tag-valdivia"},"menu_order":0,"_links":{"self":[{"href":"https:\/\/elfuerte.cl\/web\/wp-json\/wp\/v2\/posts\/3826","targetHints":{"allow":["GET"]}}],"collection":[{"href":"https:\/\/elfuerte.cl\/web\/wp-json\/wp\/v2\/posts"}],"about":[{"href":"https:\/\/elfuerte.cl\/web\/wp-json\/wp\/v2\/types\/post"}],"author":[{"embeddable":true,"href":"https:\/\/elfuerte.cl\/web\/wp-json\/wp\/v2\/users\/1"}],"replies":[{"embeddable":true,"href":"https:\/\/elfuerte.cl\/web\/wp-json\/wp\/v2\/comments?post=3826"}],"version-history":[{"count":4,"href":"https:\/\/elfuerte.cl\/web\/wp-json\/wp\/v2\/posts\/3826\/revisions"}],"predecessor-version":[{"id":3836,"href":"https:\/\/elfuerte.cl\/web\/wp-json\/wp\/v2\/posts\/3826\/revisions\/3836"}],"wp:featuredmedia":[{"embeddable":true,"href":"https:\/\/elfuerte.cl\/web\/wp-json\/wp\/v2\/media\/3828"}],"wp:attachment":[{"href":"https:\/\/elfuerte.cl\/web\/wp-json\/wp\/v2\/media?parent=3826"}],"wp:term":[{"taxonomy":"category","embeddable":true,"href":"https:\/\/elfuerte.cl\/web\/wp-json\/wp\/v2\/categories?post=3826"},{"taxonomy":"post_tag","embeddable":true,"href":"https:\/\/elfuerte.cl\/web\/wp-json\/wp\/v2\/tags?post=3826"}],"curies":[{"name":"wp","href":"https:\/\/api.w.org\/{rel}","templated":true}]}}