{"id":5029,"date":"2026-03-11T19:04:45","date_gmt":"2026-03-11T22:04:45","guid":{"rendered":"https:\/\/elfuerte.cl\/web\/?p=5029"},"modified":"2026-03-11T20:31:35","modified_gmt":"2026-03-11T23:31:35","slug":"asumen-nuevos-delegados-presidenciales-en-el-sur-tras-cambio-de-mando-pero-gabinetes-regionales-siguen-pendientes","status":"publish","type":"post","link":"https:\/\/elfuerte.cl\/web\/2026\/03\/11\/asumen-nuevos-delegados-presidenciales-en-el-sur-tras-cambio-de-mando-pero-gabinetes-regionales-siguen-pendientes\/","title":{"rendered":"Asumen nuevos delegados presidenciales en el sur tras cambio de mando, pero gabinetes regionales siguen pendientes"},"content":{"rendered":"\t\t<div data-elementor-type=\"wp-post\" data-elementor-id=\"5029\" class=\"elementor elementor-5029\">\n\t\t\t\t\t\t<section class=\"elementor-section elementor-top-section elementor-element elementor-element-464cea7 elementor-section-boxed elementor-section-height-default elementor-section-height-default\" data-id=\"464cea7\" data-element_type=\"section\">\r\n\t\t\t\t\t\t<div class=\"elementor-container elementor-column-gap-thegem\"><div class=\"elementor-row\">\r\n\t\t\t\t\t<div class=\"elementor-column elementor-col-66 elementor-top-column elementor-element elementor-element-2f44c54\" data-id=\"2f44c54\" data-element_type=\"column\">\n\t\t\t<div class=\"elementor-widget-wrap elementor-element-populated\">\n\t\t\t\t\t\t<div class=\"elementor-element elementor-element-ab386a6 flex-horizontal-align-default flex-horizontal-align-tablet-default flex-horizontal-align-mobile-default flex-vertical-align-default flex-vertical-align-tablet-default flex-vertical-align-mobile-default elementor-widget elementor-widget-heading\" data-id=\"ab386a6\" data-element_type=\"widget\" data-widget_type=\"heading.default\">\n\t\t\t\t\t<div class=\"title-h1 elementor-heading-title elementor-size-default\">Asumen nuevos delegados presidenciales en el sur tras cambio de mando, pero gabinetes regionales siguen pendientes<\/div>\t\t\t\t<\/div>\n\t\t\t\t<div class=\"elementor-element elementor-element-8427bf3 flex-horizontal-align-default flex-horizontal-align-tablet-default flex-horizontal-align-mobile-default flex-vertical-align-default flex-vertical-align-tablet-default flex-vertical-align-mobile-default elementor-widget elementor-widget-text-editor\" data-id=\"8427bf3\" data-element_type=\"widget\" data-widget_type=\"text-editor.default\">\n\t\t\t\t\t\t\t\t\t\t\t\t<div class=\"elementor-text-editor elementor-clearfix\">\r\n\t\t\t\t\t\t<p><strong><b>Autoridades se instalaron en Biob\u00edo, Araucan\u00eda, Los R\u00edos y Los Lagos tras la asunci\u00f3n del presidente Jos\u00e9 Antonio Kast. Nombramientos de seremis y jefes de servicio se conocer\u00edan durante las pr\u00f3ximas semanas<\/b><\/strong><strong><b>.<\/b><\/strong><\/p><p>Este mi\u00e9rcoles 11 de marzo\u00a0se realiz\u00f3 en el Congreso Nacional en Valpara\u00edso\u00a0la ceremonia de cambio de mando presidencial, instancia en la que el ahora exmandatario Gabriel Boric\u00a0hizo entrega de la banda presidencial y la Piocha de O\u2019Higgins\u00a0al presidente electo Jos\u00e9 Antonio Kast, quien asumi\u00f3 oficialmente como Presidente de la Rep\u00fablica de Chile.<\/p><p>La ceremonia republicana se desarroll\u00f3 en un ambiente de respeto institucional y marc\u00f3 el inicio de un nuevo ciclo pol\u00edtico en el pa\u00eds con la instalaci\u00f3n del nuevo gobierno a nivel nacional.<\/p><p>En paralelo al cambio de mando presidencial comenzaron tambi\u00e9n a asumir las autoridades que representar\u00e1n al Ejecutivo en las regiones. En el \u00e1rea de cobertura de El Fuerte Noticias \u2014Biob\u00edo, Araucan\u00eda, Los R\u00edos y Los Lagos\u2014\u00a0se instalaron los nuevos delegados presidenciales regionales, encargados de coordinar la acci\u00f3n del gobierno central en cada territorio y liderar el trabajo de los gabinetes regionales.<\/p><p><strong>Biob\u00edo: Julio Anativia<\/strong><\/p><p>En la Regi\u00f3n del Biob\u00edo\u00a0asumi\u00f3 como delegado presidencial Julio Anativia, abogado con trayectoria en el \u00e1mbito jur\u00eddico y pol\u00edtico regional.<\/p><p>La regi\u00f3n del Biob\u00edo es una de las m\u00e1s relevantes del pa\u00eds desde el punto de vista econ\u00f3mico e industrial, por lo que su gesti\u00f3n estar\u00e1 marcada por desaf\u00edos vinculados a seguridad p\u00fablica, reactivaci\u00f3n econ\u00f3mica, reconstrucci\u00f3n tras incendios forestales y fortalecimiento de la actividad portuaria e industrial.<\/p><p>Como representante directo del Ejecutivo en la regi\u00f3n, Anativia tendr\u00e1 adem\u00e1s la responsabilidad de coordinar el trabajo de los distintos servicios p\u00fablicos y ministerios en uno de los territorios m\u00e1s complejos desde el punto de vista pol\u00edtico y administrativo del sur del pa\u00eds.<\/p><p><strong>La Araucan\u00eda; Francisco Ljubetic<\/strong><\/p><p>En la Regi\u00f3n de La Araucan\u00eda\u00a0asumi\u00f3 como delegado presidencial el abogado Francisco Ljubetic, quien anteriormente se desempe\u00f1\u00f3 como fiscal regional del Ministerio P\u00fablico.<\/p><p>Su trayectoria profesional ha estado fuertemente vinculada al \u00e1mbito judicial y a la persecuci\u00f3n penal, experiencia que resulta particularmente relevante considerando que la Araucan\u00eda enfrenta desde hace a\u00f1os una compleja agenda en materia de seguridad rural, conflictividad territorial y violencia en zonas agr\u00edcolas.<\/p><p>En ese contexto, su designaci\u00f3n ha sido interpretada como una se\u00f1al de que el nuevo gobierno buscar\u00e1 reforzar el enfoque en materias de seguridad p\u00fablica y coordinaci\u00f3n institucional en la regi\u00f3n.<\/p><p><strong>Los R\u00edos: Vicky Carrasco<\/strong><\/p><p>En la Regi\u00f3n de Los R\u00edos\u00a0asumi\u00f3 como delegada presidencial Vicky Carrasco Silva, trabajadora social y exconcejala de Valdivia.<\/p><p>Carrasco desarroll\u00f3 parte importante de su trayectoria en el \u00e1mbito social y comunitario, participando activamente en organizaciones locales y en la pol\u00edtica municipal de la capital regional.<\/p><p>Entre los desaf\u00edos de su gesti\u00f3n estar\u00e1n la coordinaci\u00f3n del aparato p\u00fablico regional, la articulaci\u00f3n con el Gobierno Regional y los municipios, adem\u00e1s de impulsar iniciativas vinculadas al desarrollo productivo, turismo, conectividad territorial y fortalecimiento de la seguridad p\u00fablica en la regi\u00f3n.<\/p><p><strong>Los Lagos: Cristi\u00e1n Palma<\/strong><\/p><p>Finalmente, en la Regi\u00f3n de Los Lagos\u00a0asumi\u00f3 como delegado presidencial Cristi\u00e1n Palma Vald\u00e9s, m\u00e9dico psiquiatra y dirigente pol\u00edtico regional.<\/p><p>Palma cuenta con experiencia en el \u00e1mbito de la salud y la pol\u00edtica local, y deber\u00e1 coordinar la acci\u00f3n del gobierno en una regi\u00f3n caracterizada por una econom\u00eda fuertemente vinculada a la industria salmonera, la actividad tur\u00edstica y la conectividad de zonas insulares y australes, especialmente en territorios como Chilo\u00e9 y la provincia de Palena.<\/p><p>Su gesti\u00f3n estar\u00e1 marcada tambi\u00e9n por desaf\u00edos en materia de infraestructura, desarrollo regional y articulaci\u00f3n con el sector productivo.<\/p><p><strong>Gabinetes regionales a\u00fan no han sido nombrados<\/strong><\/p><p>Al igual que en cambios de mando anteriores, las autoridades de los gabinetes regionales a\u00fan no han sido nombradas. Se espera que durante las pr\u00f3ximas semanas se den a conocer los nombres de los delegados presidenciales provinciales, los seremis y directores de servicio.<\/p><p>De esta manera, en las regiones de la macrozona sur ser\u00e1 necesario esperar algunas semanas para conocer qui\u00e9nes finalmente conformar\u00e1n los gabinetes regionales que acompa\u00f1ar\u00e1n la gesti\u00f3n de los nuevos delegados presidenciales\u00a0en la implementaci\u00f3n de las pol\u00edticas p\u00fablicas del Ejecutivo.<\/p><p><strong><b>Marcelo Patroni, director de El Fuerte Noticias<\/b><\/strong><\/p><p>\u00a0<\/p><p>\u00a0<\/p><p>\u00a0<\/p>\t\t\t\t\t\t\t<\/div>\r\n\t\t\t\t\t\t\t\t\t\t<\/div>\n\t\t\t\t<div class=\"elementor-element elementor-element-5ac3e4a flex-horizontal-align-default flex-horizontal-align-tablet-default flex-horizontal-align-mobile-default flex-vertical-align-default flex-vertical-align-tablet-default flex-vertical-align-mobile-default elementor-widget elementor-widget-thegem-styledimage\" data-id=\"5ac3e4a\" data-element_type=\"widget\" data-settings=\"{&quot;thegem_elementor_preset&quot;:&quot;style-2&quot;,&quot;image&quot;:{&quot;url&quot;:&quot;https:\\\/\\\/elfuerte.cl\\\/web\\\/wp-content\\\/uploads\\\/2025\\\/10\\\/bannerefdelsur.jpg&quot;,&quot;id&quot;:1540,&quot;size&quot;:&quot;&quot;,&quot;alt&quot;:&quot;&quot;,&quot;source&quot;:&quot;library&quot;},&quot;image_position&quot;:&quot;left&quot;}\" data-widget_type=\"thegem-styledimage.default\">\n\t\t\t\t<div class=\"elementor-widget-container\">\n\t\t\t\t\t\n<div class=\"styled-image-wrapper\">\n\t\t\t<div class=\"gem-image gem-wrapbox gem-wrapbox-style-2 gem-wrapbox-position-left lazy-loading \">\n\t\t\t<div class=\"gem-wrapbox-inner  lazy-loading-item\"  data-ll-effect=\"move-up\">\n\t\t\t\t\t\t\t\t<a href=\"#\">\n\t\t\t\t\t\t\t\t\t\t<img class=\"gem-wrapbox-element img-responsive \"\n\t\t\t\t\t\t src=\"https:\/\/elfuerte.cl\/web\/wp-content\/uploads\/2025\/10\/bannerefdelsur.jpg\"\n\t\t\t\t\t\t alt=\"bannerefdelsur\">\n\t\t\t\t\t\t\t\t\t\t\t\t\t\t<\/a>\n\t\t\t\t\t\t<\/div>\n\t\t<\/div>\n\t\t<\/div>\n\n\n\t\n\t\t\t\t\t\t<\/div>\n\t\t\t\t<\/div>\n\t\t\t\t\t<\/div>\n\t\t<\/div>\n\t\t\t\t<div class=\"elementor-column elementor-col-33 elementor-top-column elementor-element elementor-element-dfac7b7\" data-id=\"dfac7b7\" data-element_type=\"column\">\n\t\t\t<div class=\"elementor-widget-wrap elementor-element-populated\">\n\t\t\t\t\t\t<div class=\"elementor-element elementor-element-af7077d flex-horizontal-align-default flex-horizontal-align-tablet-default flex-horizontal-align-mobile-default flex-vertical-align-default flex-vertical-align-tablet-default flex-vertical-align-mobile-default elementor-widget elementor-widget-sidebar\" data-id=\"af7077d\" data-element_type=\"widget\" data-settings=\"{&quot;thegem_custom_css&quot;:&quot;.gem-pp-posts-image {\\r\\n    width: 72px;\\r\\n}\\r\\n.gem-pp-posts-image img {\\r\\n    border-radius: 50%;\\r\\n}\\r\\nselector h4 {\\r\\n    padding-top: 40px;\\r\\n}&quot;}\" data-widget_type=\"sidebar.default\">\n\t\t\t\t\t<aside id=\"media_image-3\" class=\"widget widget_media_image\"><img width=\"750\" height=\"750\" src=\"https:\/\/elfuerte.cl\/web\/wp-content\/uploads\/2025\/10\/bannerrojook.jpg\" class=\"image wp-image-1681  attachment-full size-full\" alt=\"\" style=\"max-width: 100%; height: auto;\" title=\"Banner\" srcset=\"https:\/\/elfuerte.cl\/web\/wp-content\/uploads\/2025\/10\/bannerrojook.jpg 750w, https:\/\/elfuerte.cl\/web\/wp-content\/uploads\/2025\/10\/bannerrojook-300x300.jpg 300w, https:\/\/elfuerte.cl\/web\/wp-content\/uploads\/2025\/10\/bannerrojook-150x150.jpg 150w, https:\/\/elfuerte.cl\/web\/wp-content\/uploads\/2025\/10\/bannerrojook-256x256.jpg 256w\" sizes=\"(max-width: 750px) 100vw, 750px\" \/><\/aside><aside id=\"categories-2\" class=\"widget widget_categories\"><h4 class=\"widget-title\">Secciones<\/h4>\n\t\t\t<ul>\n\t\t\t\t\t<li class=\"cat-item cat-item-21\"><a href=\"https:\/\/elfuerte.cl\/web\/category\/actualidad\/\" title=\"View all posts filed under Actualidad\">Actualidad<\/a>\n<\/li>\n\t<li class=\"cat-item cat-item-100\"><a href=\"https:\/\/elfuerte.cl\/web\/category\/destacados\/\" title=\"View all posts filed under Destacados\">Destacados<\/a>\n<\/li>\n\t<li class=\"cat-item cat-item-101\"><a href=\"https:\/\/elfuerte.cl\/web\/category\/region-ludica\/\" title=\"View all posts filed under Regi\u00f3n L\u00fadica\">Regi\u00f3n L\u00fadica<\/a>\n<\/li>\n\t<li class=\"cat-item cat-item-157\"><a href=\"https:\/\/elfuerte.cl\/web\/category\/sala-de-redaccion\/\" title=\"View all posts filed under Sala de Redacci\u00f3n\">Sala de Redacci\u00f3n<\/a>\n<\/li>\n\t\t\t<\/ul>\n\n\t\t\t<\/aside><aside id=\"custom_popular_posts-2\" class=\"widget Custom_Popular_Posts\"><h4 class=\"widget-title\">Populares<\/h4><ul class=\"posts  styled\"><li class=\"clearfix gem-pp-posts\"><div class=\"gem-pp-posts-image\"><a href=\"https:\/\/elfuerte.cl\/web\/2026\/04\/28\/teleton-2026-ya-tiene-fecha-se-realizara-el-6-y-7-de-noviembre\/\"><img src=\"https:\/\/elfuerte.cl\/web\/wp-content\/uploads\/2026\/04\/tbanner-thegem-post-thumb-large.webp\" srcset=\"https:\/\/elfuerte.cl\/web\/wp-content\/uploads\/2026\/04\/tbanner-thegem-post-thumb-small.webp 1x, https:\/\/elfuerte.cl\/web\/wp-content\/uploads\/2026\/04\/tbanner-thegem-post-thumb-large.webp 2x\" alt=\"\"\/><\/a><\/div><div class=\"gem-pp-posts-text\"> <div class=\"gem-pp-posts-item\"><a href=\"https:\/\/elfuerte.cl\/web\/2026\/04\/28\/teleton-2026-ya-tiene-fecha-se-realizara-el-6-y-7-de-noviembre\/\">Telet\u00f3n 2026 ya tiene fecha: se realizar\u00e1 el 6 y 7 de noviembre<\/a><\/div><div class=\"gem-pp-posts-date\">28\/04\/2026<\/div><\/div><\/li><li class=\"clearfix gem-pp-posts\"><div class=\"gem-pp-posts-image\"><a href=\"https:\/\/elfuerte.cl\/web\/2025\/10\/11\/recuperar-una-casa-y-un-icono-de-la-historia-lotina\/\"><img src=\"https:\/\/elfuerte.cl\/web\/wp-content\/uploads\/2025\/10\/actualidad003-copia-thegem-post-thumb-large.jpg\" srcset=\"https:\/\/elfuerte.cl\/web\/wp-content\/uploads\/2025\/10\/actualidad003-copia-thegem-post-thumb-small.jpg 1x, https:\/\/elfuerte.cl\/web\/wp-content\/uploads\/2025\/10\/actualidad003-copia-thegem-post-thumb-large.jpg 2x\" alt=\"\"\/><\/a><\/div><div class=\"gem-pp-posts-text\"> <div class=\"gem-pp-posts-item\"><a href=\"https:\/\/elfuerte.cl\/web\/2025\/10\/11\/recuperar-una-casa-y-un-icono-de-la-historia-lotina\/\">Recuperar una casa y un \u00edcono de la historia lotina<\/a><\/div><div class=\"gem-pp-posts-date\">11\/10\/2025<\/div><\/div><\/li><li class=\"clearfix gem-pp-posts\"><div class=\"gem-pp-posts-image\"><a href=\"https:\/\/elfuerte.cl\/web\/2025\/10\/08\/indap-impulsa-acceso-a-tierras-y-emprendimiento-para-juventudes-rurales-con-nuevo-programa-tierra-joven\/\"><img src=\"https:\/\/elfuerte.cl\/web\/wp-content\/uploads\/2025\/10\/actualidad001-copia-thegem-post-thumb-large.jpg\" srcset=\"https:\/\/elfuerte.cl\/web\/wp-content\/uploads\/2025\/10\/actualidad001-copia-thegem-post-thumb-small.jpg 1x, https:\/\/elfuerte.cl\/web\/wp-content\/uploads\/2025\/10\/actualidad001-copia-thegem-post-thumb-large.jpg 2x\" alt=\"\"\/><\/a><\/div><div class=\"gem-pp-posts-text\"> <div class=\"gem-pp-posts-item\"><a href=\"https:\/\/elfuerte.cl\/web\/2025\/10\/08\/indap-impulsa-acceso-a-tierras-y-emprendimiento-para-juventudes-rurales-con-nuevo-programa-tierra-joven\/\">INDAP impulsa acceso a tierras y emprendimiento para juventudes rurales con nuevo programa \u201cTierra Joven\u201d<\/a><\/div><div class=\"gem-pp-posts-date\">08\/10\/2025<\/div><\/div><\/li><li class=\"clearfix gem-pp-posts\"><div class=\"gem-pp-posts-image\"><a href=\"https:\/\/elfuerte.cl\/web\/2025\/09\/05\/la-derrota-que-dejo-al-gobierno-sin-brujula\/\"><img src=\"https:\/\/elfuerte.cl\/web\/wp-content\/uploads\/2025\/09\/actualidad004-thegem-post-thumb-large.jpg\" srcset=\"https:\/\/elfuerte.cl\/web\/wp-content\/uploads\/2025\/09\/actualidad004-thegem-post-thumb-small.jpg 1x, https:\/\/elfuerte.cl\/web\/wp-content\/uploads\/2025\/09\/actualidad004-thegem-post-thumb-large.jpg 2x\" alt=\"\"\/><\/a><\/div><div class=\"gem-pp-posts-text\"> <div class=\"gem-pp-posts-item\"><a href=\"https:\/\/elfuerte.cl\/web\/2025\/09\/05\/la-derrota-que-dejo-al-gobierno-sin-brujula\/\">La derrota que dej\u00f3 al gobierno sin br\u00fajula<\/a><\/div><div class=\"gem-pp-posts-date\">05\/09\/2025<\/div><\/div><\/li><\/ul><\/aside>\t\t\t\t<\/div>\n\t\t\t\t\t<\/div>\n\t\t<\/div>\n\t\t\t\t\t<\/div><\/div>\r\n\t\t<\/section>\r\n\t\t<div class=\"elementor-element elementor-element-42cea05 thegem-e-con-layout-thegem e-flex e-con-boxed e-con e-parent\" data-id=\"42cea05\" data-element_type=\"container\" data-settings=\"{&quot;thegem_container_layout&quot;:&quot;thegem&quot;}\">\r\n\t\t\t\t\t<div class=\"e-con-inner\">\r\n\t\t\t\t\t<\/div>\n\t\t\t\t<\/div>\n\t\t<div class=\"elementor-element elementor-element-64921a5 thegem-e-con-layout-thegem e-flex e-con-boxed e-con e-parent\" data-id=\"64921a5\" data-element_type=\"container\" data-settings=\"{&quot;thegem_container_layout&quot;:&quot;thegem&quot;}\">\r\n\t\t\t\t\t<div class=\"e-con-inner\">\r\n\t\t\t\t\t<\/div>\n\t\t\t\t<\/div>\n\t\t<div class=\"elementor-element elementor-element-81e3172 thegem-e-con-layout-thegem e-flex e-con-boxed e-con e-parent\" data-id=\"81e3172\" data-element_type=\"container\" data-settings=\"{&quot;thegem_container_layout&quot;:&quot;thegem&quot;}\">\r\n\t\t\t\t\t<div class=\"e-con-inner\">\r\n\t\t\t\t\t<\/div>\n\t\t\t\t<\/div>\n\t\t\t\t<\/div>\n\t\t","protected":false},"excerpt":{"rendered":"<p>Autoridades se instalaron en Biob\u00edo, Araucan\u00eda, Los R\u00edos y Los Lagos tras la asunci\u00f3n del presidente Jos\u00e9 Antonio Kast. Nombramientos de seremis y jefes de servicio se conocer\u00edan durante las pr\u00f3ximas semanas.<\/p>\n","protected":false},"author":1,"featured_media":5031,"comment_status":"closed","ping_status":"closed","sticky":false,"template":"single-fullwidth.php","format":"standard","meta":{"footnotes":""},"categories":[21,100],"tags":[549,566,424,498],"class_list":{"0":"post-5029","1":"post","2":"type-post","3":"status-publish","4":"format-standard","5":"has-post-thumbnail","7":"category-actualidad","8":"category-destacados","9":"tag-cambio-de-mando","10":"tag-delegados-presidenciales","11":"tag-macrozona","12":"tag-politica"},"menu_order":0,"_links":{"self":[{"href":"https:\/\/elfuerte.cl\/web\/wp-json\/wp\/v2\/posts\/5029","targetHints":{"allow":["GET"]}}],"collection":[{"href":"https:\/\/elfuerte.cl\/web\/wp-json\/wp\/v2\/posts"}],"about":[{"href":"https:\/\/elfuerte.cl\/web\/wp-json\/wp\/v2\/types\/post"}],"author":[{"embeddable":true,"href":"https:\/\/elfuerte.cl\/web\/wp-json\/wp\/v2\/users\/1"}],"replies":[{"embeddable":true,"href":"https:\/\/elfuerte.cl\/web\/wp-json\/wp\/v2\/comments?post=5029"}],"version-history":[{"count":4,"href":"https:\/\/elfuerte.cl\/web\/wp-json\/wp\/v2\/posts\/5029\/revisions"}],"predecessor-version":[{"id":5038,"href":"https:\/\/elfuerte.cl\/web\/wp-json\/wp\/v2\/posts\/5029\/revisions\/5038"}],"wp:featuredmedia":[{"embeddable":true,"href":"https:\/\/elfuerte.cl\/web\/wp-json\/wp\/v2\/media\/5031"}],"wp:attachment":[{"href":"https:\/\/elfuerte.cl\/web\/wp-json\/wp\/v2\/media?parent=5029"}],"wp:term":[{"taxonomy":"category","embeddable":true,"href":"https:\/\/elfuerte.cl\/web\/wp-json\/wp\/v2\/categories?post=5029"},{"taxonomy":"post_tag","embeddable":true,"href":"https:\/\/elfuerte.cl\/web\/wp-json\/wp\/v2\/tags?post=5029"}],"curies":[{"name":"wp","href":"https:\/\/api.w.org\/{rel}","templated":true}]}}