{"id":5042,"date":"2026-03-13T09:59:23","date_gmt":"2026-03-13T12:59:23","guid":{"rendered":"https:\/\/elfuerte.cl\/web\/?p=5042"},"modified":"2026-03-13T10:03:59","modified_gmt":"2026-03-13T13:03:59","slug":"osorno-celebra-sus-468-anos-de-historia-junto-a-los-tres-tenores-chilenos-y-un-nutrido-programa-de-actividades","status":"publish","type":"post","link":"https:\/\/elfuerte.cl\/web\/2026\/03\/13\/osorno-celebra-sus-468-anos-de-historia-junto-a-los-tres-tenores-chilenos-y-un-nutrido-programa-de-actividades\/","title":{"rendered":"Osorno celebra sus 468 a\u00f1os de historia junto a los \u201ctres tenores chilenos\u201d y un nutrido programa de actividades"},"content":{"rendered":"\t\t<div data-elementor-type=\"wp-post\" data-elementor-id=\"5042\" class=\"elementor elementor-5042\">\n\t\t\t\t\t\t<section class=\"elementor-section elementor-top-section elementor-element elementor-element-464cea7 elementor-section-boxed elementor-section-height-default elementor-section-height-default\" data-id=\"464cea7\" data-element_type=\"section\">\r\n\t\t\t\t\t\t<div class=\"elementor-container elementor-column-gap-thegem\"><div class=\"elementor-row\">\r\n\t\t\t\t\t<div class=\"elementor-column elementor-col-66 elementor-top-column elementor-element elementor-element-2f44c54\" data-id=\"2f44c54\" data-element_type=\"column\">\n\t\t\t<div class=\"elementor-widget-wrap elementor-element-populated\">\n\t\t\t\t\t\t<div class=\"elementor-element elementor-element-ab386a6 flex-horizontal-align-default flex-horizontal-align-tablet-default flex-horizontal-align-mobile-default flex-vertical-align-default flex-vertical-align-tablet-default flex-vertical-align-mobile-default elementor-widget elementor-widget-heading\" data-id=\"ab386a6\" data-element_type=\"widget\" data-widget_type=\"heading.default\">\n\t\t\t\t\t<div class=\"title-h1 elementor-heading-title elementor-size-default\">Osorno celebra sus 468 a\u00f1os de historia junto a los \u201ctres tenores chilenos\u201d y un nutrido programa de actividades<\/div>\t\t\t\t<\/div>\n\t\t\t\t<div class=\"elementor-element elementor-element-8427bf3 flex-horizontal-align-default flex-horizontal-align-tablet-default flex-horizontal-align-mobile-default flex-vertical-align-default flex-vertical-align-tablet-default flex-vertical-align-mobile-default elementor-widget elementor-widget-text-editor\" data-id=\"8427bf3\" data-element_type=\"widget\" data-widget_type=\"text-editor.default\">\n\t\t\t\t\t\t\t\t\t\t\t\t<div class=\"elementor-text-editor elementor-clearfix\">\r\n\t\t\t\t\t\t<p><strong>Municipio present\u00f3 un amplio programa de m\u00e1s de veinte actividades culturales, deportivas y familiares que se desarrollar\u00e1n entre marzo y abril, destacando el concierto de los Tres Tenores Chilenos, la media marat\u00f3n Reinaldo Martin y diversas iniciativas abiertas a toda la comunidad.<\/strong><\/p><p>Osorno se prepara para conmemorar sus 468 a\u00f1os de historia con un amplio programa de actividades culturales, deportivas y sociales abiertas a toda la comunidad. El alcalde Jaime Bert\u00edn, junto a los concejales Arturo Buschmann, Juan Carlos Vel\u00e1squez, Francisco Razazi y Mar\u00eda Teresa, presentaron oficialmente la programaci\u00f3n del aniversario de la ciudad en un encuentro con la prensa local realizado en la Sala de Sesiones del municipio osornino.<\/p><p>Durante la presentaci\u00f3n se inform\u00f3 que ser\u00e1n m\u00e1s de una veintena de actividades, todas con acceso gratuito y orientadas a la participaci\u00f3n familiar, buscando generar espacios de encuentro y celebraci\u00f3n para los habitantes de la comuna.<\/p><p>Dentro de las iniciativas destacadas se encuentra el retorno de la tradicional \u201cMedia Marat\u00f3n Reinaldo Martin\u201d, evento deportivo que convoca a corredores de distintas ciudades del sur de Chile. A ello se suma \u201cOsorno Sunset\u201d, una cita social pensada para disfrutar al aire libre en el Parque Cuarto Centenario, donde un DJ mezclar\u00e1 m\u00fasica en vivo para acompa\u00f1ar una jornada recreativa y de encuentro ciudadano.<\/p><p>Uno de los hitos centrales de la programaci\u00f3n ser\u00e1 el Concierto Aniversario \u201cLos Tres Tenores Chilenos\u201d, espect\u00e1culo que reunir\u00e1 a los destacados artistas l\u00edricos Jos\u00e9 Az\u00f3car, Gonzalo Tomckowiak y Leonardo Pohl. Seg\u00fan se\u00f1al\u00f3 la autoridad comunal, se trata de una propuesta art\u00edstica que combina excelencia vocal con m\u00fasica docta y popular de la historia universal.<\/p><p>Durante el acto de lanzamiento del programa aniversario, el alcalde Jaime Bertin record\u00f3 que la fundaci\u00f3n de Osorno se remonta al 27 de marzo de 1558, fecha que constituye la efem\u00e9ride m\u00e1s relevante para la ciudad. En ese contexto, destac\u00f3 que la parrilla program\u00e1tica contempla una serie de eventos sociales, culturales y deportivos que buscan abrir espacios de convivencia para los habitantes de la comuna.<\/p><p><strong>Programa aniversario de Osorno 2026<\/strong><\/p><p>Las celebraciones comenzaron ayer\u00a0jueves 12 de marzo con la Fiesta de Bailes Coloniales en la Plaza de Armas a las 16:00 horas, recreando el Osorno del siglo XVIII junto al grupo de danza de Caritas y usuarios del Departamento de Patrimonio Cultural.<\/p><p>Ma\u00f1ana\u00a0s\u00e1bado 14 de marzo se realizar\u00e1 el concierto \u201cMi Osito Regal\u00f3n\u201d, encabezado por la cantautora local Hilda Cristi, en el Paseo Patrimonial de calle Manuel Antonio Matta #809, a las 15:30 horas.<\/p><p>Durante marzo tambi\u00e9n se desarrollar\u00e1 \u201cOsorno Sunset\u201d, que parti\u00f3 ayer y contin\u00faa hoy viernes; las pr\u00f3ximas fechas son el 19, 20 y 26 de marzo, entre las 17:00 y 21:00 horas en el Parque Cuarto Centenario.<\/p><p>El mi\u00e9rcoles 18 de marzo, en el Museo Hist\u00f3rico de Osorno, se presentar\u00e1 el libro \u201cSexualidad, Familia y Matrimonio: Chile Austral, Osorno Siglos XVIII y XIX\u201d, de la autora Roswitha Hipp Troncoso.<\/p><p>Entre el jueves 19 y s\u00e1bado 21 de marzo se realizar\u00e1 la feria \u201cOsorno en Colores\u201d, en la Plazuela Yungay, con emprendedores con discapacidad.<\/p><p>El viernes 20 de marzo se efectuar\u00e1 la jornada de concientizaci\u00f3n sobre s\u00edndrome de Down \u201cExperiencias Extraordinarias\u201d en el Auditorio del Edificio CAV, mientras que ese mismo d\u00eda se realizar\u00e1 el encuentro social \u201cReconociendo a mujeres que contribuyen a la cultura local\u201d en la Biblioteca de Rahue Alto.<\/p><p>El domingo 22 de marzo se desarrollar\u00e1 la d\u00e9cimo tercera Corrida Familiar \u201cMarcia Ojeda D\u00edaz\u201d, con distancias de 3 y 6 kil\u00f3metros, con largada desde el Cesfam Ovejer\u00eda.<\/p><p>Entre el 23 y el 27 de marzo el Museo Hist\u00f3rico realizar\u00e1 el taller infantil \u201cColoreando Nuestra Historia\u201d, dirigido a jardines infantiles de la comuna.<\/p><p>El mi\u00e9rcoles 25 de marzo se realizar\u00e1n las charlas \u201cHistoria Colonial, Historia de Osorno\u201d, dirigida a estudiantes de ense\u00f1anza media, y \u201cOsorno Im\u00e1genes con Historia\u201d, del relator Ricardo Becerra Inostroza.<\/p><p>El jueves 26 de marzo se efectuar\u00e1 el lanzamiento del libro \u201cHernando de Moraga y su descendencia al sur del Maule, historia de una familia\u201d, de Julio Retamal y Rodrigo Moraga.<\/p><p>El viernes 27 de marzo se realizar\u00e1 el Desfile del 468\u00b0 aniversario de Osorno en el Parque Chuyaca a las 11:00 horas, mientras que a las 20:00 horas tendr\u00e1 lugar la Cuenta P\u00fablica de la gesti\u00f3n municipal 2025 en el Hotel Sonesta.<\/p><p>El s\u00e1bado 28 de marzo el Teatro Municipal recibir\u00e1 el concierto infantil \u201cBin y Daggy\u201d, espect\u00e1culo familiar gratuito.<\/p><p>Durante ese mismo fin de semana el Parque Chuyaca ser\u00e1 escenario de la Fiesta Folcl\u00f3rica Celebraci\u00f3n de Osorno, con m\u00fasica en vivo y gastronom\u00eda t\u00edpica.<\/p><p>El domingo 29 de marzo se realizar\u00e1 el Concierto Aniversario \u201cOsorno Cl\u00e1sico: Los Tres Tenores Chilenos\u201d en el Hotel Sonesta.<\/p><p>El lunes 30 de marzo se efectuar\u00e1 el concurso gastron\u00f3mico \u201cDulces Ra\u00edces\u201d, dirigido a adultos mayores.<\/p><p>El jueves 2 de abril se realizar\u00e1 la jornada de concientizaci\u00f3n \u201cDiversisas en Autismo\u201d en el Edificio CAV.<\/p><p>El viernes 10 de abril se desarrollar\u00e1 el conversatorio de las infancias \u201cMujeres que inspiran\u201d.<\/p><p>El s\u00e1bado 11 de abril tendr\u00e1 lugar la fiesta musical y gastron\u00f3mica \u201cRural\u00edsima\u201d en la Plaza de Armas.<\/p><p>Finalmente, el domingo 19 de abril se desarrollar\u00e1 la Media Marat\u00f3n Reinaldo Martin, con largadas desde la Plaza de Armas.<\/p><p><strong><b>Redacci\u00f3n El Fuerte Noticias<\/b><\/strong><\/p><p>\u00a0<\/p>\t\t\t\t\t\t\t<\/div>\r\n\t\t\t\t\t\t\t\t\t\t<\/div>\n\t\t\t\t<div class=\"elementor-element elementor-element-5ac3e4a flex-horizontal-align-default flex-horizontal-align-tablet-default flex-horizontal-align-mobile-default flex-vertical-align-default flex-vertical-align-tablet-default flex-vertical-align-mobile-default elementor-widget elementor-widget-thegem-styledimage\" data-id=\"5ac3e4a\" data-element_type=\"widget\" data-settings=\"{&quot;thegem_elementor_preset&quot;:&quot;style-2&quot;,&quot;image&quot;:{&quot;url&quot;:&quot;https:\\\/\\\/elfuerte.cl\\\/web\\\/wp-content\\\/uploads\\\/2025\\\/10\\\/bannerefdelsur.jpg&quot;,&quot;id&quot;:1540,&quot;size&quot;:&quot;&quot;,&quot;alt&quot;:&quot;&quot;,&quot;source&quot;:&quot;library&quot;},&quot;image_position&quot;:&quot;left&quot;}\" data-widget_type=\"thegem-styledimage.default\">\n\t\t\t\t<div class=\"elementor-widget-container\">\n\t\t\t\t\t\n<div class=\"styled-image-wrapper\">\n\t\t\t<div class=\"gem-image gem-wrapbox gem-wrapbox-style-2 gem-wrapbox-position-left lazy-loading \">\n\t\t\t<div class=\"gem-wrapbox-inner  lazy-loading-item\"  data-ll-effect=\"move-up\">\n\t\t\t\t\t\t\t\t<a href=\"#\">\n\t\t\t\t\t\t\t\t\t\t<img class=\"gem-wrapbox-element img-responsive \"\n\t\t\t\t\t\t src=\"https:\/\/elfuerte.cl\/web\/wp-content\/uploads\/2025\/10\/bannerefdelsur.jpg\"\n\t\t\t\t\t\t alt=\"bannerefdelsur\">\n\t\t\t\t\t\t\t\t\t\t\t\t\t\t<\/a>\n\t\t\t\t\t\t<\/div>\n\t\t<\/div>\n\t\t<\/div>\n\n\n\t\n\t\t\t\t\t\t<\/div>\n\t\t\t\t<\/div>\n\t\t\t\t\t<\/div>\n\t\t<\/div>\n\t\t\t\t<div class=\"elementor-column elementor-col-33 elementor-top-column elementor-element elementor-element-dfac7b7\" data-id=\"dfac7b7\" data-element_type=\"column\">\n\t\t\t<div class=\"elementor-widget-wrap elementor-element-populated\">\n\t\t\t\t\t\t<div class=\"elementor-element elementor-element-af7077d flex-horizontal-align-default flex-horizontal-align-tablet-default flex-horizontal-align-mobile-default flex-vertical-align-default flex-vertical-align-tablet-default flex-vertical-align-mobile-default elementor-widget elementor-widget-sidebar\" data-id=\"af7077d\" data-element_type=\"widget\" data-settings=\"{&quot;thegem_custom_css&quot;:&quot;.gem-pp-posts-image {\\r\\n    width: 72px;\\r\\n}\\r\\n.gem-pp-posts-image img {\\r\\n    border-radius: 50%;\\r\\n}\\r\\nselector h4 {\\r\\n    padding-top: 40px;\\r\\n}&quot;}\" data-widget_type=\"sidebar.default\">\n\t\t\t\t\t<aside id=\"media_image-3\" class=\"widget widget_media_image\"><img width=\"750\" height=\"750\" src=\"https:\/\/elfuerte.cl\/web\/wp-content\/uploads\/2025\/10\/bannerrojook.jpg\" class=\"image wp-image-1681  attachment-full size-full\" alt=\"\" style=\"max-width: 100%; height: auto;\" title=\"Banner\" srcset=\"https:\/\/elfuerte.cl\/web\/wp-content\/uploads\/2025\/10\/bannerrojook.jpg 750w, https:\/\/elfuerte.cl\/web\/wp-content\/uploads\/2025\/10\/bannerrojook-300x300.jpg 300w, https:\/\/elfuerte.cl\/web\/wp-content\/uploads\/2025\/10\/bannerrojook-150x150.jpg 150w, https:\/\/elfuerte.cl\/web\/wp-content\/uploads\/2025\/10\/bannerrojook-256x256.jpg 256w\" sizes=\"(max-width: 750px) 100vw, 750px\" \/><\/aside><aside id=\"categories-2\" class=\"widget widget_categories\"><h4 class=\"widget-title\">Secciones<\/h4>\n\t\t\t<ul>\n\t\t\t\t\t<li class=\"cat-item cat-item-21\"><a href=\"https:\/\/elfuerte.cl\/web\/category\/actualidad\/\" title=\"View all posts filed under Actualidad\">Actualidad<\/a>\n<\/li>\n\t<li class=\"cat-item cat-item-100\"><a href=\"https:\/\/elfuerte.cl\/web\/category\/destacados\/\" title=\"View all posts filed under Destacados\">Destacados<\/a>\n<\/li>\n\t<li class=\"cat-item cat-item-101\"><a href=\"https:\/\/elfuerte.cl\/web\/category\/region-ludica\/\" title=\"View all posts filed under Regi\u00f3n L\u00fadica\">Regi\u00f3n L\u00fadica<\/a>\n<\/li>\n\t<li class=\"cat-item cat-item-157\"><a href=\"https:\/\/elfuerte.cl\/web\/category\/sala-de-redaccion\/\" title=\"View all posts filed under Sala de Redacci\u00f3n\">Sala de Redacci\u00f3n<\/a>\n<\/li>\n\t\t\t<\/ul>\n\n\t\t\t<\/aside><aside id=\"custom_popular_posts-2\" class=\"widget Custom_Popular_Posts\"><h4 class=\"widget-title\">Populares<\/h4><ul class=\"posts  styled\"><li class=\"clearfix gem-pp-posts\"><div class=\"gem-pp-posts-image\"><a href=\"https:\/\/elfuerte.cl\/web\/2026\/04\/27\/intercambio-de-semillas-y-experiencias-conecta-comunidades-del-pais-en-torno-a-la-restauracion-del-bosque-nativo-en-los-rios\/\"><img src=\"https:\/\/elfuerte.cl\/web\/wp-content\/uploads\/2026\/04\/portada-2026-04-27T102238.493-thegem-post-thumb-large.jpg\" srcset=\"https:\/\/elfuerte.cl\/web\/wp-content\/uploads\/2026\/04\/portada-2026-04-27T102238.493-thegem-post-thumb-small.jpg 1x, https:\/\/elfuerte.cl\/web\/wp-content\/uploads\/2026\/04\/portada-2026-04-27T102238.493-thegem-post-thumb-large.jpg 2x\" alt=\"\"\/><\/a><\/div><div class=\"gem-pp-posts-text\"> <div class=\"gem-pp-posts-item\"><a href=\"https:\/\/elfuerte.cl\/web\/2026\/04\/27\/intercambio-de-semillas-y-experiencias-conecta-comunidades-del-pais-en-torno-a-la-restauracion-del-bosque-nativo-en-los-rios\/\">Intercambio de semillas y experiencias conecta comunidades del pa\u00eds en torno a la restauraci\u00f3n del bosque nativo en Los R\u00edos<\/a><\/div><div class=\"gem-pp-posts-date\">27\/04\/2026<\/div><\/div><\/li><li class=\"clearfix gem-pp-posts\"><div class=\"gem-pp-posts-image\"><a href=\"https:\/\/elfuerte.cl\/web\/2025\/10\/11\/recuperar-una-casa-y-un-icono-de-la-historia-lotina\/\"><img src=\"https:\/\/elfuerte.cl\/web\/wp-content\/uploads\/2025\/10\/actualidad003-copia-thegem-post-thumb-large.jpg\" srcset=\"https:\/\/elfuerte.cl\/web\/wp-content\/uploads\/2025\/10\/actualidad003-copia-thegem-post-thumb-small.jpg 1x, https:\/\/elfuerte.cl\/web\/wp-content\/uploads\/2025\/10\/actualidad003-copia-thegem-post-thumb-large.jpg 2x\" alt=\"\"\/><\/a><\/div><div class=\"gem-pp-posts-text\"> <div class=\"gem-pp-posts-item\"><a href=\"https:\/\/elfuerte.cl\/web\/2025\/10\/11\/recuperar-una-casa-y-un-icono-de-la-historia-lotina\/\">Recuperar una casa y un \u00edcono de la historia lotina<\/a><\/div><div class=\"gem-pp-posts-date\">11\/10\/2025<\/div><\/div><\/li><li class=\"clearfix gem-pp-posts\"><div class=\"gem-pp-posts-image\"><a href=\"https:\/\/elfuerte.cl\/web\/2025\/10\/08\/indap-impulsa-acceso-a-tierras-y-emprendimiento-para-juventudes-rurales-con-nuevo-programa-tierra-joven\/\"><img src=\"https:\/\/elfuerte.cl\/web\/wp-content\/uploads\/2025\/10\/actualidad001-copia-thegem-post-thumb-large.jpg\" srcset=\"https:\/\/elfuerte.cl\/web\/wp-content\/uploads\/2025\/10\/actualidad001-copia-thegem-post-thumb-small.jpg 1x, https:\/\/elfuerte.cl\/web\/wp-content\/uploads\/2025\/10\/actualidad001-copia-thegem-post-thumb-large.jpg 2x\" alt=\"\"\/><\/a><\/div><div class=\"gem-pp-posts-text\"> <div class=\"gem-pp-posts-item\"><a href=\"https:\/\/elfuerte.cl\/web\/2025\/10\/08\/indap-impulsa-acceso-a-tierras-y-emprendimiento-para-juventudes-rurales-con-nuevo-programa-tierra-joven\/\">INDAP impulsa acceso a tierras y emprendimiento para juventudes rurales con nuevo programa \u201cTierra Joven\u201d<\/a><\/div><div class=\"gem-pp-posts-date\">08\/10\/2025<\/div><\/div><\/li><li class=\"clearfix gem-pp-posts\"><div class=\"gem-pp-posts-image\"><a href=\"https:\/\/elfuerte.cl\/web\/2025\/09\/05\/la-derrota-que-dejo-al-gobierno-sin-brujula\/\"><img src=\"https:\/\/elfuerte.cl\/web\/wp-content\/uploads\/2025\/09\/actualidad004-thegem-post-thumb-large.jpg\" srcset=\"https:\/\/elfuerte.cl\/web\/wp-content\/uploads\/2025\/09\/actualidad004-thegem-post-thumb-small.jpg 1x, https:\/\/elfuerte.cl\/web\/wp-content\/uploads\/2025\/09\/actualidad004-thegem-post-thumb-large.jpg 2x\" alt=\"\"\/><\/a><\/div><div class=\"gem-pp-posts-text\"> <div class=\"gem-pp-posts-item\"><a href=\"https:\/\/elfuerte.cl\/web\/2025\/09\/05\/la-derrota-que-dejo-al-gobierno-sin-brujula\/\">La derrota que dej\u00f3 al gobierno sin br\u00fajula<\/a><\/div><div class=\"gem-pp-posts-date\">05\/09\/2025<\/div><\/div><\/li><\/ul><\/aside>\t\t\t\t<\/div>\n\t\t\t\t\t<\/div>\n\t\t<\/div>\n\t\t\t\t\t<\/div><\/div>\r\n\t\t<\/section>\r\n\t\t<div class=\"elementor-element elementor-element-42cea05 thegem-e-con-layout-thegem e-flex e-con-boxed e-con e-parent\" data-id=\"42cea05\" data-element_type=\"container\" data-settings=\"{&quot;thegem_container_layout&quot;:&quot;thegem&quot;}\">\r\n\t\t\t\t\t<div class=\"e-con-inner\">\r\n\t\t\t\t\t<\/div>\n\t\t\t\t<\/div>\n\t\t<div class=\"elementor-element elementor-element-64921a5 thegem-e-con-layout-thegem e-flex e-con-boxed e-con e-parent\" data-id=\"64921a5\" data-element_type=\"container\" data-settings=\"{&quot;thegem_container_layout&quot;:&quot;thegem&quot;}\">\r\n\t\t\t\t\t<div class=\"e-con-inner\">\r\n\t\t\t\t\t<\/div>\n\t\t\t\t<\/div>\n\t\t<div class=\"elementor-element elementor-element-81e3172 thegem-e-con-layout-thegem e-flex e-con-boxed e-con e-parent\" data-id=\"81e3172\" data-element_type=\"container\" data-settings=\"{&quot;thegem_container_layout&quot;:&quot;thegem&quot;}\">\r\n\t\t\t\t\t<div class=\"e-con-inner\">\r\n\t\t\t\t\t<\/div>\n\t\t\t\t<\/div>\n\t\t\t\t<\/div>\n\t\t","protected":false},"excerpt":{"rendered":"<p>Autoridades se instalaron en Biob\u00edo, Araucan\u00eda, Los R\u00edos y Los Lagos tras la asunci\u00f3n del presidente Jos\u00e9 Antonio Kast. Nombramientos de seremis y jefes de servicio se conocer\u00edan durante las pr\u00f3ximas semanas.<\/p>\n","protected":false},"author":1,"featured_media":5044,"comment_status":"closed","ping_status":"closed","sticky":false,"template":"single-fullwidth.php","format":"standard","meta":{"footnotes":""},"categories":[21,100],"tags":[272,567,194,568],"class_list":{"0":"post-5042","1":"post","2":"type-post","3":"status-publish","4":"format-standard","5":"has-post-thumbnail","7":"category-actualidad","8":"category-destacados","9":"tag-aniversario","10":"tag-festividades","11":"tag-osorno","12":"tag-programa"},"menu_order":0,"_links":{"self":[{"href":"https:\/\/elfuerte.cl\/web\/wp-json\/wp\/v2\/posts\/5042","targetHints":{"allow":["GET"]}}],"collection":[{"href":"https:\/\/elfuerte.cl\/web\/wp-json\/wp\/v2\/posts"}],"about":[{"href":"https:\/\/elfuerte.cl\/web\/wp-json\/wp\/v2\/types\/post"}],"author":[{"embeddable":true,"href":"https:\/\/elfuerte.cl\/web\/wp-json\/wp\/v2\/users\/1"}],"replies":[{"embeddable":true,"href":"https:\/\/elfuerte.cl\/web\/wp-json\/wp\/v2\/comments?post=5042"}],"version-history":[{"count":4,"href":"https:\/\/elfuerte.cl\/web\/wp-json\/wp\/v2\/posts\/5042\/revisions"}],"predecessor-version":[{"id":5048,"href":"https:\/\/elfuerte.cl\/web\/wp-json\/wp\/v2\/posts\/5042\/revisions\/5048"}],"wp:featuredmedia":[{"embeddable":true,"href":"https:\/\/elfuerte.cl\/web\/wp-json\/wp\/v2\/media\/5044"}],"wp:attachment":[{"href":"https:\/\/elfuerte.cl\/web\/wp-json\/wp\/v2\/media?parent=5042"}],"wp:term":[{"taxonomy":"category","embeddable":true,"href":"https:\/\/elfuerte.cl\/web\/wp-json\/wp\/v2\/categories?post=5042"},{"taxonomy":"post_tag","embeddable":true,"href":"https:\/\/elfuerte.cl\/web\/wp-json\/wp\/v2\/tags?post=5042"}],"curies":[{"name":"wp","href":"https:\/\/api.w.org\/{rel}","templated":true}]}}