{"id":5057,"date":"2026-03-13T16:54:20","date_gmt":"2026-03-13T19:54:20","guid":{"rendered":"https:\/\/elfuerte.cl\/web\/?p=5057"},"modified":"2026-03-13T17:13:36","modified_gmt":"2026-03-13T20:13:36","slug":"cuenca-del-lago-ranco-alcanza-el-segundo-lugar-nacional-en-ocupacion-turistica-y-queda-a-una-decima-del-primer-puesto","status":"publish","type":"post","link":"https:\/\/elfuerte.cl\/web\/2026\/03\/13\/cuenca-del-lago-ranco-alcanza-el-segundo-lugar-nacional-en-ocupacion-turistica-y-queda-a-una-decima-del-primer-puesto\/","title":{"rendered":"Cuenca del Lago Ranco alcanza el segundo lugar nacional en ocupaci\u00f3n tur\u00edstica y queda a una d\u00e9cima del primer puesto"},"content":{"rendered":"\t\t<div data-elementor-type=\"wp-post\" data-elementor-id=\"5057\" class=\"elementor elementor-5057\">\n\t\t\t\t\t\t<section class=\"elementor-section elementor-top-section elementor-element elementor-element-464cea7 elementor-section-boxed elementor-section-height-default elementor-section-height-default\" data-id=\"464cea7\" data-element_type=\"section\">\r\n\t\t\t\t\t\t<div class=\"elementor-container elementor-column-gap-thegem\"><div class=\"elementor-row\">\r\n\t\t\t\t\t<div class=\"elementor-column elementor-col-66 elementor-top-column elementor-element elementor-element-2f44c54\" data-id=\"2f44c54\" data-element_type=\"column\">\n\t\t\t<div class=\"elementor-widget-wrap elementor-element-populated\">\n\t\t\t\t\t\t<div class=\"elementor-element elementor-element-ab386a6 flex-horizontal-align-default flex-horizontal-align-tablet-default flex-horizontal-align-mobile-default flex-vertical-align-default flex-vertical-align-tablet-default flex-vertical-align-mobile-default elementor-widget elementor-widget-heading\" data-id=\"ab386a6\" data-element_type=\"widget\" data-widget_type=\"heading.default\">\n\t\t\t\t\t<div class=\"title-h1 elementor-heading-title elementor-size-default\">Cuenca del Lago Ranco alcanza el segundo lugar nacional en ocupaci\u00f3n tur\u00edstica y queda a una d\u00e9cima del primer puesto<\/div>\t\t\t\t<\/div>\n\t\t\t\t<div class=\"elementor-element elementor-element-8427bf3 flex-horizontal-align-default flex-horizontal-align-tablet-default flex-horizontal-align-mobile-default flex-vertical-align-default flex-vertical-align-tablet-default flex-vertical-align-mobile-default elementor-widget elementor-widget-text-editor\" data-id=\"8427bf3\" data-element_type=\"widget\" data-widget_type=\"text-editor.default\">\n\t\t\t\t\t\t\t\t\t\t\t\t<div class=\"elementor-text-editor elementor-clearfix\">\r\n\t\t\t\t\t\t<p><strong>El destino del sur de la Regi\u00f3n de Los R\u00edos registr\u00f3 un 89,8% de ocupaci\u00f3n durante la semana de medici\u00f3n de febrero del informe de Sernatur, quedando apenas por debajo de Coyhaique y Puerto Ays\u00e9n y superando ampliamente el promedio nacional.<\/strong><\/p><p>Ahora que la temporada tur\u00edstica ha llegado a su final, es la hora de los balances para determinar cu\u00e1n efectiva fue la campa\u00f1a de difusi\u00f3n de los diferentes destinos tur\u00edsticos de la regi\u00f3n de Los R\u00edos.<\/p><p>Y al revisar informaci\u00f3n del Servicio Nacional de Turismo (Sernatur), pudimos comprobar que la temporada arroj\u00f3 muy buenos resultados, ya que el destino Cuenca del Lago Ranco obtuvo el segundo lugar a nivel nacional en ocupaci\u00f3n hotelera de acuerdo con el informe &#8216;Tasa de Ocupabilidad en Establecimientos de Alojamiento Tur\u00edstico\u201d.<\/p><p>El estudio \u2014que analiz\u00f3 54 destinos tur\u00edsticos del pa\u00eds entre el 9 y el 14 de febrero\u2014 estableci\u00f3 que la zona alcanz\u00f3 una ocupaci\u00f3n de 89,8%, quedando apenas a una d\u00e9cima del primer lugar nacional, obtenido por el destino Coyhaique y Puerto Ays\u00e9n con 89,9%.<\/p><p>El resultado posiciona a la cuenca lacustre de la Regi\u00f3n de Los R\u00edos como uno de los destinos tur\u00edsticos con mayor dinamismo del pa\u00eds durante la temporada estival, consolidando la preferencia de los visitantes por un territorio que combina naturaleza, gastronom\u00eda local, turismo rural y actividades lacustres.<\/p><p>El informe tambi\u00e9n muestra que otros destinos de la Regi\u00f3n de Los R\u00edos\u00a0registraron cifras muy por sobre el promedio nacional de ocupaci\u00f3n tur\u00edstica, que en la medici\u00f3n alcanz\u00f3 67,1%. En ese contexto, destacan Valdivia\u2013Corral con 82,6%\u00a0y Panguipulli\u2013Siete Lagos con 81,5%, lo que confirma el buen desempe\u00f1o del conjunto de los destinos tur\u00edsticos regionales durante la temporada estival. Estos resultados evidencian que no solo la Cuenca del Lago Ranco, que alcanz\u00f3 89,8%, sino tambi\u00e9n otros territorios de la regi\u00f3n lograron niveles de ocupaci\u00f3n significativamente superiores a la media nacional, consolidando a Los R\u00edos como uno de los territorios con mayor dinamismo tur\u00edstico del pa\u00eds.<\/p><p><strong><b>Reacci\u00f3n de Sernatur Los R\u00edos<\/b><\/strong><\/p><p>El director regional de Sernatur, Juan Pablo Leiva, valor\u00f3 el resultado alcanzado por el destino lacustre y destac\u00f3 el trabajo conjunto entre empresarios tur\u00edsticos, municipios y organismos p\u00fablicos.<\/p><p>\u201cEl lago Ranco ocup\u00f3 el segundo lugar de ocupaci\u00f3n tur\u00edstica en el mes de febrero esta temporada estival. Eso nos alienta mucho, nos alegra por todos los empresarios, por los municipios de la cuenca del Ranco y es un aliciente para seguir trabajando.\u00bb<\/p><p>Sin embargo, advirti\u00f3 que la cuenca tiene un gran desaf\u00edo, que es la baja temporada. \u00abEn contrapunto, tenemos una temporada baja, donde las comunas de la cuenca ocupan un lugar m\u00e1s complejo en ocupaci\u00f3n tur\u00edstica, con desocupaciones muy altas, por lo tanto, vamos a seguir trabajando en conjunto, tanto Sernatur como con los servicios regionales y el gobierno regional, para que la temporada baja tenga cada vez m\u00e1s ocasiones de consumo, m\u00e1s diversificada y as\u00ed tener un turismo de mejor calidad y que tenga beneficios para todos en la regi\u00f3n\u201d.<\/p><p><strong>Diversidad de atractivos tur\u00edsticos<\/strong><\/p><p>El buen desempe\u00f1o del destino Cuenca del Lago Ranco durante la temporada estival se explica en parte por la diversidad de atractivos naturales y culturales que ofrece el territorio, considerado uno de los polos tur\u00edsticos emergentes del sur de Chile.<\/p><p>El lago Ranco, uno de los lagos m\u00e1s extensos del pa\u00eds, constituye el principal eje del destino. Sus playas, aguas tranquilas y paisajes cordilleranos permiten actividades como navegaci\u00f3n, kayak, pesca recreativa y deportes n\u00e1uticos.<\/p><p>En la ribera sur del lago se encuentra la comuna de Lago Ranco, tradicional balneario del sur de Chile que cada verano recibe a miles de visitantes atra\u00eddos por sus playas lacustres, gastronom\u00eda local y paisajes naturales.\u00a0Otro de los puntos destacados del territorio es Ri\u00f1inahue, localidad ubicada en la ruta hacia la cordillera que conecta con diversos paisajes de monta\u00f1a y rutas tur\u00edsticas del interior.\u00a0Entre los atractivos naturales m\u00e1s visitados destacan tambi\u00e9n los Saltos del Nilahue, conjunto de cascadas del r\u00edo Nilahue que forman uno de los paisajes m\u00e1s impresionantes de la cuenca.\u00a0<\/p><p>M\u00e1s hacia la cordillera se encuentra Puerto Lapi, peque\u00f1o poblado ubicado en la ribera del lago Ranco, conocido por su entorno natural y por ser un punto de acceso a actividades de turismo rural y navegaci\u00f3n lacustre.<\/p><p>A pocos kil\u00f3metros se ubica el Parque Futangue, reserva privada de bosques nativos y senderos cordilleranos que se ha posicionado como uno de los destinos de naturaleza m\u00e1s destacados del sur de Chile.<\/p><p>Uno de los polos tur\u00edsticos m\u00e1s consolidados del territorio es Futrono, ciudad que se ha transformado en un importante centro tur\u00edstico de la cuenca gracias a su costanera, oferta gastron\u00f3mica y actividades recreativas vinculadas al lago, al igual que el sector de Llif\u00e9n, con su playa y su oferta termal.<\/p><p><strong><b>Plan de Desarrollo Tur\u00edstico<\/b><\/strong><\/p><p>En el \u00e1mbito estrat\u00e9gico, estos resultados tambi\u00e9n se vinculan con el trabajo que actualmente se desarrolla en la regi\u00f3n para fortalecer el sector tur\u00edstico. La Corporaci\u00f3n Regional de Desarrollo Productivo de Los R\u00edos, con financiamiento del Gobierno Regional y apoyo t\u00e9cnico de Sernatur, se encuentra elaborando el Plan Regional de Desarrollo Tur\u00edstico.<\/p><p>Aunque el plan a\u00fan se encuentra en preparaci\u00f3n, los buenos resultados registrados por la regi\u00f3n en los \u00faltimos veranos \u2014como el primer lugar nacional obtenido por el destino Valdivia\u2013Corral el a\u00f1o pasado y el segundo lugar alcanzado este verano por la Cuenca del Lago Ranco\u2014 permiten proyectar un escenario favorable para la consolidaci\u00f3n del turismo regional.<\/p><p>La implementaci\u00f3n de este instrumento estrat\u00e9gico deber\u00eda contribuir a fortalecer\u00a0a\u00fan m\u00e1s\u00a0la posici\u00f3n de la Regi\u00f3n de Los R\u00edos como territorio l\u00edder en desarrollo tur\u00edstico, fomentando la inversi\u00f3n, diversificando la oferta de experiencias y ampliando la promoci\u00f3n del destino en mercados nacionales e internacionales.<\/p><p>Entre los desaf\u00edos que aparecen en el horizonte se encuentran iniciativas como impulsar la recalada de cruceros en el puerto de Corral, fortalecer la llegada de visitantes de larga distancia y potenciar mercados internacionales emergentes, particularmente el mercado brasile\u00f1o., y la promoci\u00f3n de los destinos de la regi\u00f3n durante el per\u00edodo de temporada baja.<\/p><p><strong><b>Marcelo Patroni, Director de El Fuerte Noticias<\/b><\/strong><\/p><p>\u00a0<\/p>\t\t\t\t\t\t\t<\/div>\r\n\t\t\t\t\t\t\t\t\t\t<\/div>\n\t\t\t\t<div class=\"elementor-element elementor-element-5ac3e4a flex-horizontal-align-default flex-horizontal-align-tablet-default flex-horizontal-align-mobile-default flex-vertical-align-default flex-vertical-align-tablet-default flex-vertical-align-mobile-default elementor-widget elementor-widget-thegem-styledimage\" data-id=\"5ac3e4a\" data-element_type=\"widget\" data-settings=\"{&quot;thegem_elementor_preset&quot;:&quot;style-2&quot;,&quot;image&quot;:{&quot;url&quot;:&quot;https:\\\/\\\/elfuerte.cl\\\/web\\\/wp-content\\\/uploads\\\/2025\\\/10\\\/bannerefdelsur.jpg&quot;,&quot;id&quot;:1540,&quot;size&quot;:&quot;&quot;,&quot;alt&quot;:&quot;&quot;,&quot;source&quot;:&quot;library&quot;},&quot;image_position&quot;:&quot;left&quot;}\" data-widget_type=\"thegem-styledimage.default\">\n\t\t\t\t<div class=\"elementor-widget-container\">\n\t\t\t\t\t\n<div class=\"styled-image-wrapper\">\n\t\t\t<div class=\"gem-image gem-wrapbox gem-wrapbox-style-2 gem-wrapbox-position-left lazy-loading \">\n\t\t\t<div class=\"gem-wrapbox-inner  lazy-loading-item\"  data-ll-effect=\"move-up\">\n\t\t\t\t\t\t\t\t<a href=\"#\">\n\t\t\t\t\t\t\t\t\t\t<img class=\"gem-wrapbox-element img-responsive \"\n\t\t\t\t\t\t src=\"https:\/\/elfuerte.cl\/web\/wp-content\/uploads\/2025\/10\/bannerefdelsur.jpg\"\n\t\t\t\t\t\t alt=\"bannerefdelsur\">\n\t\t\t\t\t\t\t\t\t\t\t\t\t\t<\/a>\n\t\t\t\t\t\t<\/div>\n\t\t<\/div>\n\t\t<\/div>\n\n\n\t\n\t\t\t\t\t\t<\/div>\n\t\t\t\t<\/div>\n\t\t\t\t\t<\/div>\n\t\t<\/div>\n\t\t\t\t<div class=\"elementor-column elementor-col-33 elementor-top-column elementor-element elementor-element-dfac7b7\" data-id=\"dfac7b7\" data-element_type=\"column\">\n\t\t\t<div class=\"elementor-widget-wrap elementor-element-populated\">\n\t\t\t\t\t\t<div class=\"elementor-element elementor-element-af7077d flex-horizontal-align-default flex-horizontal-align-tablet-default flex-horizontal-align-mobile-default flex-vertical-align-default flex-vertical-align-tablet-default flex-vertical-align-mobile-default elementor-widget elementor-widget-sidebar\" data-id=\"af7077d\" data-element_type=\"widget\" data-settings=\"{&quot;thegem_custom_css&quot;:&quot;.gem-pp-posts-image {\\r\\n    width: 72px;\\r\\n}\\r\\n.gem-pp-posts-image img {\\r\\n    border-radius: 50%;\\r\\n}\\r\\nselector h4 {\\r\\n    padding-top: 40px;\\r\\n}&quot;}\" data-widget_type=\"sidebar.default\">\n\t\t\t\t\t<aside id=\"media_image-3\" class=\"widget widget_media_image\"><img width=\"750\" height=\"750\" src=\"https:\/\/elfuerte.cl\/web\/wp-content\/uploads\/2025\/10\/bannerrojook.jpg\" class=\"image wp-image-1681  attachment-full size-full\" alt=\"\" style=\"max-width: 100%; height: auto;\" title=\"Banner\" srcset=\"https:\/\/elfuerte.cl\/web\/wp-content\/uploads\/2025\/10\/bannerrojook.jpg 750w, https:\/\/elfuerte.cl\/web\/wp-content\/uploads\/2025\/10\/bannerrojook-300x300.jpg 300w, https:\/\/elfuerte.cl\/web\/wp-content\/uploads\/2025\/10\/bannerrojook-150x150.jpg 150w, https:\/\/elfuerte.cl\/web\/wp-content\/uploads\/2025\/10\/bannerrojook-256x256.jpg 256w\" sizes=\"(max-width: 750px) 100vw, 750px\" \/><\/aside><aside id=\"categories-2\" class=\"widget widget_categories\"><h4 class=\"widget-title\">Secciones<\/h4>\n\t\t\t<ul>\n\t\t\t\t\t<li class=\"cat-item cat-item-21\"><a href=\"https:\/\/elfuerte.cl\/web\/category\/actualidad\/\" title=\"View all posts filed under Actualidad\">Actualidad<\/a>\n<\/li>\n\t<li class=\"cat-item cat-item-100\"><a href=\"https:\/\/elfuerte.cl\/web\/category\/destacados\/\" title=\"View all posts filed under Destacados\">Destacados<\/a>\n<\/li>\n\t<li class=\"cat-item cat-item-101\"><a href=\"https:\/\/elfuerte.cl\/web\/category\/region-ludica\/\" title=\"View all posts filed under Regi\u00f3n L\u00fadica\">Regi\u00f3n L\u00fadica<\/a>\n<\/li>\n\t<li class=\"cat-item cat-item-157\"><a href=\"https:\/\/elfuerte.cl\/web\/category\/sala-de-redaccion\/\" title=\"View all posts filed under Sala de Redacci\u00f3n\">Sala de Redacci\u00f3n<\/a>\n<\/li>\n\t\t\t<\/ul>\n\n\t\t\t<\/aside><aside id=\"custom_popular_posts-2\" class=\"widget Custom_Popular_Posts\"><h4 class=\"widget-title\">Populares<\/h4><ul class=\"posts  styled\"><li class=\"clearfix gem-pp-posts\"><div class=\"gem-pp-posts-image\"><a href=\"https:\/\/elfuerte.cl\/web\/2026\/04\/27\/intercambio-de-semillas-y-experiencias-conecta-comunidades-del-pais-en-torno-a-la-restauracion-del-bosque-nativo-en-los-rios\/\"><img src=\"https:\/\/elfuerte.cl\/web\/wp-content\/uploads\/2026\/04\/portada-2026-04-27T102238.493-thegem-post-thumb-large.jpg\" srcset=\"https:\/\/elfuerte.cl\/web\/wp-content\/uploads\/2026\/04\/portada-2026-04-27T102238.493-thegem-post-thumb-small.jpg 1x, https:\/\/elfuerte.cl\/web\/wp-content\/uploads\/2026\/04\/portada-2026-04-27T102238.493-thegem-post-thumb-large.jpg 2x\" alt=\"\"\/><\/a><\/div><div class=\"gem-pp-posts-text\"> <div class=\"gem-pp-posts-item\"><a href=\"https:\/\/elfuerte.cl\/web\/2026\/04\/27\/intercambio-de-semillas-y-experiencias-conecta-comunidades-del-pais-en-torno-a-la-restauracion-del-bosque-nativo-en-los-rios\/\">Intercambio de semillas y experiencias conecta comunidades del pa\u00eds en torno a la restauraci\u00f3n del bosque nativo en Los R\u00edos<\/a><\/div><div class=\"gem-pp-posts-date\">27\/04\/2026<\/div><\/div><\/li><li class=\"clearfix gem-pp-posts\"><div class=\"gem-pp-posts-image\"><a href=\"https:\/\/elfuerte.cl\/web\/2025\/10\/11\/recuperar-una-casa-y-un-icono-de-la-historia-lotina\/\"><img src=\"https:\/\/elfuerte.cl\/web\/wp-content\/uploads\/2025\/10\/actualidad003-copia-thegem-post-thumb-large.jpg\" srcset=\"https:\/\/elfuerte.cl\/web\/wp-content\/uploads\/2025\/10\/actualidad003-copia-thegem-post-thumb-small.jpg 1x, https:\/\/elfuerte.cl\/web\/wp-content\/uploads\/2025\/10\/actualidad003-copia-thegem-post-thumb-large.jpg 2x\" alt=\"\"\/><\/a><\/div><div class=\"gem-pp-posts-text\"> <div class=\"gem-pp-posts-item\"><a href=\"https:\/\/elfuerte.cl\/web\/2025\/10\/11\/recuperar-una-casa-y-un-icono-de-la-historia-lotina\/\">Recuperar una casa y un \u00edcono de la historia lotina<\/a><\/div><div class=\"gem-pp-posts-date\">11\/10\/2025<\/div><\/div><\/li><li class=\"clearfix gem-pp-posts\"><div class=\"gem-pp-posts-image\"><a href=\"https:\/\/elfuerte.cl\/web\/2025\/10\/08\/indap-impulsa-acceso-a-tierras-y-emprendimiento-para-juventudes-rurales-con-nuevo-programa-tierra-joven\/\"><img src=\"https:\/\/elfuerte.cl\/web\/wp-content\/uploads\/2025\/10\/actualidad001-copia-thegem-post-thumb-large.jpg\" srcset=\"https:\/\/elfuerte.cl\/web\/wp-content\/uploads\/2025\/10\/actualidad001-copia-thegem-post-thumb-small.jpg 1x, https:\/\/elfuerte.cl\/web\/wp-content\/uploads\/2025\/10\/actualidad001-copia-thegem-post-thumb-large.jpg 2x\" alt=\"\"\/><\/a><\/div><div class=\"gem-pp-posts-text\"> <div class=\"gem-pp-posts-item\"><a href=\"https:\/\/elfuerte.cl\/web\/2025\/10\/08\/indap-impulsa-acceso-a-tierras-y-emprendimiento-para-juventudes-rurales-con-nuevo-programa-tierra-joven\/\">INDAP impulsa acceso a tierras y emprendimiento para juventudes rurales con nuevo programa \u201cTierra Joven\u201d<\/a><\/div><div class=\"gem-pp-posts-date\">08\/10\/2025<\/div><\/div><\/li><li class=\"clearfix gem-pp-posts\"><div class=\"gem-pp-posts-image\"><a href=\"https:\/\/elfuerte.cl\/web\/2025\/09\/05\/la-derrota-que-dejo-al-gobierno-sin-brujula\/\"><img src=\"https:\/\/elfuerte.cl\/web\/wp-content\/uploads\/2025\/09\/actualidad004-thegem-post-thumb-large.jpg\" srcset=\"https:\/\/elfuerte.cl\/web\/wp-content\/uploads\/2025\/09\/actualidad004-thegem-post-thumb-small.jpg 1x, https:\/\/elfuerte.cl\/web\/wp-content\/uploads\/2025\/09\/actualidad004-thegem-post-thumb-large.jpg 2x\" alt=\"\"\/><\/a><\/div><div class=\"gem-pp-posts-text\"> <div class=\"gem-pp-posts-item\"><a href=\"https:\/\/elfuerte.cl\/web\/2025\/09\/05\/la-derrota-que-dejo-al-gobierno-sin-brujula\/\">La derrota que dej\u00f3 al gobierno sin br\u00fajula<\/a><\/div><div class=\"gem-pp-posts-date\">05\/09\/2025<\/div><\/div><\/li><\/ul><\/aside>\t\t\t\t<\/div>\n\t\t\t\t\t<\/div>\n\t\t<\/div>\n\t\t\t\t\t<\/div><\/div>\r\n\t\t<\/section>\r\n\t\t<div class=\"elementor-element elementor-element-42cea05 thegem-e-con-layout-thegem e-flex e-con-boxed e-con e-parent\" data-id=\"42cea05\" data-element_type=\"container\" data-settings=\"{&quot;thegem_container_layout&quot;:&quot;thegem&quot;}\">\r\n\t\t\t\t\t<div class=\"e-con-inner\">\r\n\t\t\t\t\t<\/div>\n\t\t\t\t<\/div>\n\t\t<div class=\"elementor-element elementor-element-64921a5 thegem-e-con-layout-thegem e-flex e-con-boxed e-con e-parent\" data-id=\"64921a5\" data-element_type=\"container\" data-settings=\"{&quot;thegem_container_layout&quot;:&quot;thegem&quot;}\">\r\n\t\t\t\t\t<div class=\"e-con-inner\">\r\n\t\t\t\t\t<\/div>\n\t\t\t\t<\/div>\n\t\t<div class=\"elementor-element elementor-element-81e3172 thegem-e-con-layout-thegem e-flex e-con-boxed e-con e-parent\" data-id=\"81e3172\" data-element_type=\"container\" data-settings=\"{&quot;thegem_container_layout&quot;:&quot;thegem&quot;}\">\r\n\t\t\t\t\t<div class=\"e-con-inner\">\r\n\t\t\t\t\t<\/div>\n\t\t\t\t<\/div>\n\t\t\t\t<\/div>\n\t\t","protected":false},"excerpt":{"rendered":"<p>El destino del sur de la Regi\u00f3n de Los R\u00edos registr\u00f3 un 89,8% de ocupaci\u00f3n durante la semana de medici\u00f3n de febrero del informe de Sernatur, quedando apenas por debajo de Coyhaique y Puerto Ays\u00e9n y superando ampliamente el promedio nacional.<\/p>\n","protected":false},"author":1,"featured_media":5059,"comment_status":"closed","ping_status":"closed","sticky":false,"template":"single-fullwidth.php","format":"standard","meta":{"footnotes":""},"categories":[21,100],"tags":[572,574,573,179],"class_list":{"0":"post-5057","1":"post","2":"type-post","3":"status-publish","4":"format-standard","5":"has-post-thumbnail","7":"category-actualidad","8":"category-destacados","9":"tag-lago-ranco","10":"tag-ranking","11":"tag-segundo-lugar","12":"tag-turismo"},"menu_order":0,"_links":{"self":[{"href":"https:\/\/elfuerte.cl\/web\/wp-json\/wp\/v2\/posts\/5057","targetHints":{"allow":["GET"]}}],"collection":[{"href":"https:\/\/elfuerte.cl\/web\/wp-json\/wp\/v2\/posts"}],"about":[{"href":"https:\/\/elfuerte.cl\/web\/wp-json\/wp\/v2\/types\/post"}],"author":[{"embeddable":true,"href":"https:\/\/elfuerte.cl\/web\/wp-json\/wp\/v2\/users\/1"}],"replies":[{"embeddable":true,"href":"https:\/\/elfuerte.cl\/web\/wp-json\/wp\/v2\/comments?post=5057"}],"version-history":[{"count":4,"href":"https:\/\/elfuerte.cl\/web\/wp-json\/wp\/v2\/posts\/5057\/revisions"}],"predecessor-version":[{"id":5063,"href":"https:\/\/elfuerte.cl\/web\/wp-json\/wp\/v2\/posts\/5057\/revisions\/5063"}],"wp:featuredmedia":[{"embeddable":true,"href":"https:\/\/elfuerte.cl\/web\/wp-json\/wp\/v2\/media\/5059"}],"wp:attachment":[{"href":"https:\/\/elfuerte.cl\/web\/wp-json\/wp\/v2\/media?parent=5057"}],"wp:term":[{"taxonomy":"category","embeddable":true,"href":"https:\/\/elfuerte.cl\/web\/wp-json\/wp\/v2\/categories?post=5057"},{"taxonomy":"post_tag","embeddable":true,"href":"https:\/\/elfuerte.cl\/web\/wp-json\/wp\/v2\/tags?post=5057"}],"curies":[{"name":"wp","href":"https:\/\/api.w.org\/{rel}","templated":true}]}}