{"id":5064,"date":"2026-03-13T18:33:53","date_gmt":"2026-03-13T21:33:53","guid":{"rendered":"https:\/\/elfuerte.cl\/web\/?p=5064"},"modified":"2026-03-13T18:44:13","modified_gmt":"2026-03-13T21:44:13","slug":"delegados-presidenciales-del-sur-despliegan-primeras-gestiones-mientras-siguen-pendientes-las-autoridades-regionales","status":"publish","type":"post","link":"https:\/\/elfuerte.cl\/web\/2026\/03\/13\/delegados-presidenciales-del-sur-despliegan-primeras-gestiones-mientras-siguen-pendientes-las-autoridades-regionales\/","title":{"rendered":"Delegados presidenciales del sur despliegan primeras gestiones mientras siguen pendientes las autoridades regionales"},"content":{"rendered":"\t\t<div data-elementor-type=\"wp-post\" data-elementor-id=\"5064\" class=\"elementor elementor-5064\">\n\t\t\t\t\t\t<section class=\"elementor-section elementor-top-section elementor-element elementor-element-464cea7 elementor-section-boxed elementor-section-height-default elementor-section-height-default\" data-id=\"464cea7\" data-element_type=\"section\">\r\n\t\t\t\t\t\t<div class=\"elementor-container elementor-column-gap-thegem\"><div class=\"elementor-row\">\r\n\t\t\t\t\t<div class=\"elementor-column elementor-col-66 elementor-top-column elementor-element elementor-element-2f44c54\" data-id=\"2f44c54\" data-element_type=\"column\">\n\t\t\t<div class=\"elementor-widget-wrap elementor-element-populated\">\n\t\t\t\t\t\t<div class=\"elementor-element elementor-element-ab386a6 flex-horizontal-align-default flex-horizontal-align-tablet-default flex-horizontal-align-mobile-default flex-vertical-align-default flex-vertical-align-tablet-default flex-vertical-align-mobile-default elementor-widget elementor-widget-heading\" data-id=\"ab386a6\" data-element_type=\"widget\" data-widget_type=\"heading.default\">\n\t\t\t\t\t<div class=\"title-h1 elementor-heading-title elementor-size-default\">Delegados presidenciales del sur despliegan primeras gestiones mientras siguen pendientes las autoridades regionales<\/div>\t\t\t\t<\/div>\n\t\t\t\t<div class=\"elementor-element elementor-element-8427bf3 flex-horizontal-align-default flex-horizontal-align-tablet-default flex-horizontal-align-mobile-default flex-vertical-align-default flex-vertical-align-tablet-default flex-vertical-align-mobile-default elementor-widget elementor-widget-text-editor\" data-id=\"8427bf3\" data-element_type=\"widget\" data-widget_type=\"text-editor.default\">\n\t\t\t\t\t\t\t\t\t\t\t\t<div class=\"elementor-text-editor elementor-clearfix\">\r\n\t\t\t\t\t\t<p><strong>Representantes del gobierno<\/strong><strong> han sostenido reuniones con servicios p\u00fablicos, coordinaciones en materia de emergencias, seguridad y programas sociales, mientras a\u00fan se encuentran pendientes los nombramientos de secretarios regionales ministeriales.<\/strong><\/p>\n<p>Tras haber sumido sus funciones el pasado mi\u00e9rcoles como representantes en los territorios del gobierno del presidente Jos\u00e9 Antonio Kast, los delegados presidenciales han realizado una intensa agenda de actividades, en las regiones del \u00e1rea de influencia de El Fuerte Noticias, que abarca desde el Biob\u00edo hasta Los Lagos.<\/p>\n<p>Sin embargo, y a pesar del entusiasmo que han mostrado en sus primeros d\u00edas de labor, todav\u00eda se mantiene pendiente la confirmaci\u00f3n de los secretarios regionales ministeriales que integrar\u00e1n los gabinetes regionales, lo que ha llevado a que muchas de las primeras gestiones se realicen principalmente con seremis subrogantes y equipos t\u00e9cnicos de los distintos servicios p\u00fablicos.<\/p>\n<p>Mientras se concretan estos nombramientos, las autoridades han sostenido reuniones de coordinaci\u00f3n, visitas a reparticiones p\u00fablicas y actividades institucionales destinadas a conocer el estado de cada servicio y preparar la futura instalaci\u00f3n de las autoridades sectoriales.<\/p>\n<p><strong>Biob\u00edo<\/strong><\/p>\n<p>En la Regi\u00f3n del Biob\u00edo, el delegado presidencial Julio Anativia Zamora encabez\u00f3 una mesa t\u00e9cnica de coordinaci\u00f3n junto a organismos del sistema de prevenci\u00f3n y respuesta ante desastres para enfrentar el sistema frontal que afectar\u00eda a la zona durante el fin de semana.<\/p>\n<p>La instancia reuni\u00f3 a autoridades regionales y equipos de Senapred con el objetivo de reforzar las medidas preventivas y la coordinaci\u00f3n institucional ante eventuales emergencias asociadas a lluvias intensas y fuertes vientos.<\/p>\n<p>De acuerdo con la informaci\u00f3n entregada por las autoridades, el fen\u00f3meno meteorol\u00f3gico podr\u00eda generar precipitaciones importantes y rachas de viento que alcanzar\u00edan los 60 kil\u00f3metros por hora, especialmente en sectores cordilleranos de la regi\u00f3n.<\/p>\n<p><strong>La Araucan\u00eda<\/strong><\/p>\n<p>En la Regi\u00f3n de La Araucan\u00eda, el delegado presidencial Francisco Ljubetic sostuvo una reuni\u00f3n de coordinaci\u00f3n con seremis subrogantes y representantes de distintos servicios p\u00fablicos para revisar el estado de cada cartera mientras se concretan los nombramientos oficiales del gabinete regional.<\/p>\n<p>Durante el encuentro, la autoridad solicit\u00f3 a cada servicio levantar un diagn\u00f3stico actualizado de sus respectivas \u00e1reas con el objetivo de contar con informaci\u00f3n que permita facilitar el proceso de instalaci\u00f3n de los futuros secretarios regionales ministeriales.<\/p>\n<p>En paralelo, Ljubetic visit\u00f3 las dependencias regionales de Senapred, donde sostuvo una reuni\u00f3n con el director del organismo para revisar el estado del sistema regional de prevenci\u00f3n y respuesta ante emergencias. En la instancia indic\u00f3 que el sistema regional se encuentra preparado para responder ante eventuales situaciones de emergencia y destac\u00f3 el trabajo coordinado entre las distintas instituciones p\u00fablicas.<\/p>\n<p><strong>Los R\u00edos<\/strong><\/p>\n<p>En la Regi\u00f3n de Los R\u00edos, la delegada presidencial Vicky Carrasco Silva encabez\u00f3 el lanzamiento del proceso 2026 del Fondo Social Presidente de la Rep\u00fablica, instrumento destinado a financiar proyectos impulsados por organizaciones sociales orientados al fortalecimiento del trabajo comunitario y el desarrollo territorial.<\/p>\n<p>La convocatoria est\u00e1 dirigida a organizaciones p\u00fablicas o privadas sin fines de lucro con personalidad jur\u00eddica vigente y al menos dos a\u00f1os de antig\u00fcedad, las que podr\u00e1n presentar iniciativas vinculadas a equipamiento comunitario, implementaci\u00f3n social e infraestructura comunitaria.<\/p>\n<p>En paralelo, la autoridad regional particip\u00f3 junto a Carabineros y el Ministerio P\u00fablico en un operativo que permiti\u00f3 la incautaci\u00f3n de cerca de mil dosis de droga, entre coca\u00edna y marihuana, en la comuna de Corral.<\/p>\n<p><strong>Los Lagos<\/strong><\/p>\n<p>En la Regi\u00f3n de Los Lagos, el delegado presidencial regional Cristian Palma Vald\u00e9s present\u00f3 oficialmente a las nuevas autoridades que asumir\u00e1n como delegados presidenciales provinciales en Osorno, Chilo\u00e9 y Palena.<\/p>\n<p>En la provincia de Osorno el cargo ser\u00e1 asumido por el abogado Alejandro Rehbein, mientras que en Chilo\u00e9 asumir\u00e1 el exdiputado y exgobernador provincial Fernando B\u00f3rquez.<\/p>\n<p>Por su parte, el periodista Marcelo Cifuentes Gallegos asumir\u00e1 como delegado presidencial provincial en la provincia de Palena.<\/p>\n<p><strong><b>Demora en nombramiento de autoridades<\/b><\/strong><\/p>\n<p>La ausencia de nombramientos de secretarios regionales ministeriales y directores de servicios p\u00fablicos es una situaci\u00f3n que se ha repetido en los \u00faltimos cambios de gobierno y que suele dificultar la puesta en marcha de las nuevas administraciones, especialmente en las regiones.&nbsp;<\/p>\n<p>En ese contexto, se espera que en las pr\u00f3ximas semanas se confirmen las nuevas autoridades regionales, de manera que los distintos organismos del Estado puedan operar con normalidad y avanzar en la ejecuci\u00f3n de las prioridades definidas por la actual administraci\u00f3n.&nbsp;<\/p>\n<p>Una demora mayor no ser\u00eda coincidente con la narrativa de las nuevas autoridades que han manifestado que \u00e9ste es un gobierno, supuestamente, \u00abde emergencia\u201d.<\/p>\n<p><strong><b>Marcelo Patroni, director de El Fuerte Noticias<\/b><\/strong><\/p><p><strong><b><br><\/b><\/strong><\/p>\t\t\t\t\t\t\t<\/div>\r\n\t\t\t\t\t\t\t\t\t\t<\/div>\n\t\t\t\t<div class=\"elementor-element elementor-element-5ac3e4a flex-horizontal-align-default flex-horizontal-align-tablet-default flex-horizontal-align-mobile-default flex-vertical-align-default flex-vertical-align-tablet-default flex-vertical-align-mobile-default elementor-widget elementor-widget-thegem-styledimage\" data-id=\"5ac3e4a\" data-element_type=\"widget\" data-settings=\"{&quot;thegem_elementor_preset&quot;:&quot;style-2&quot;,&quot;image&quot;:{&quot;url&quot;:&quot;https:\\\/\\\/elfuerte.cl\\\/web\\\/wp-content\\\/uploads\\\/2025\\\/10\\\/bannerefdelsur.jpg&quot;,&quot;id&quot;:1540,&quot;size&quot;:&quot;&quot;,&quot;alt&quot;:&quot;&quot;,&quot;source&quot;:&quot;library&quot;},&quot;image_position&quot;:&quot;left&quot;}\" data-widget_type=\"thegem-styledimage.default\">\n\t\t\t\t<div class=\"elementor-widget-container\">\n\t\t\t\t\t\n<div class=\"styled-image-wrapper\">\n\t\t\t<div class=\"gem-image gem-wrapbox gem-wrapbox-style-2 gem-wrapbox-position-left lazy-loading \">\n\t\t\t<div class=\"gem-wrapbox-inner  lazy-loading-item\"  data-ll-effect=\"move-up\">\n\t\t\t\t\t\t\t\t<a href=\"#\">\n\t\t\t\t\t\t\t\t\t\t<img class=\"gem-wrapbox-element img-responsive \"\n\t\t\t\t\t\t src=\"https:\/\/elfuerte.cl\/web\/wp-content\/uploads\/2025\/10\/bannerefdelsur.jpg\"\n\t\t\t\t\t\t alt=\"bannerefdelsur\">\n\t\t\t\t\t\t\t\t\t\t\t\t\t\t<\/a>\n\t\t\t\t\t\t<\/div>\n\t\t<\/div>\n\t\t<\/div>\n\n\n\t\n\t\t\t\t\t\t<\/div>\n\t\t\t\t<\/div>\n\t\t\t\t\t<\/div>\n\t\t<\/div>\n\t\t\t\t<div class=\"elementor-column elementor-col-33 elementor-top-column elementor-element elementor-element-dfac7b7\" data-id=\"dfac7b7\" data-element_type=\"column\">\n\t\t\t<div class=\"elementor-widget-wrap elementor-element-populated\">\n\t\t\t\t\t\t<div class=\"elementor-element elementor-element-af7077d flex-horizontal-align-default flex-horizontal-align-tablet-default flex-horizontal-align-mobile-default flex-vertical-align-default flex-vertical-align-tablet-default flex-vertical-align-mobile-default elementor-widget elementor-widget-sidebar\" data-id=\"af7077d\" data-element_type=\"widget\" data-settings=\"{&quot;thegem_custom_css&quot;:&quot;.gem-pp-posts-image {\\r\\n    width: 72px;\\r\\n}\\r\\n.gem-pp-posts-image img {\\r\\n    border-radius: 50%;\\r\\n}\\r\\nselector h4 {\\r\\n    padding-top: 40px;\\r\\n}&quot;}\" data-widget_type=\"sidebar.default\">\n\t\t\t\t\t<aside id=\"media_image-3\" class=\"widget widget_media_image\"><img width=\"750\" height=\"750\" src=\"https:\/\/elfuerte.cl\/web\/wp-content\/uploads\/2025\/10\/bannerrojook.jpg\" class=\"image wp-image-1681  attachment-full size-full\" alt=\"\" style=\"max-width: 100%; height: auto;\" title=\"Banner\" srcset=\"https:\/\/elfuerte.cl\/web\/wp-content\/uploads\/2025\/10\/bannerrojook.jpg 750w, https:\/\/elfuerte.cl\/web\/wp-content\/uploads\/2025\/10\/bannerrojook-300x300.jpg 300w, https:\/\/elfuerte.cl\/web\/wp-content\/uploads\/2025\/10\/bannerrojook-150x150.jpg 150w, https:\/\/elfuerte.cl\/web\/wp-content\/uploads\/2025\/10\/bannerrojook-256x256.jpg 256w\" sizes=\"(max-width: 750px) 100vw, 750px\" \/><\/aside><aside id=\"categories-2\" class=\"widget widget_categories\"><h4 class=\"widget-title\">Secciones<\/h4>\n\t\t\t<ul>\n\t\t\t\t\t<li class=\"cat-item cat-item-21\"><a href=\"https:\/\/elfuerte.cl\/web\/category\/actualidad\/\" title=\"View all posts filed under Actualidad\">Actualidad<\/a>\n<\/li>\n\t<li class=\"cat-item cat-item-100\"><a href=\"https:\/\/elfuerte.cl\/web\/category\/destacados\/\" title=\"View all posts filed under Destacados\">Destacados<\/a>\n<\/li>\n\t<li class=\"cat-item cat-item-101\"><a href=\"https:\/\/elfuerte.cl\/web\/category\/region-ludica\/\" title=\"View all posts filed under Regi\u00f3n L\u00fadica\">Regi\u00f3n L\u00fadica<\/a>\n<\/li>\n\t<li class=\"cat-item cat-item-157\"><a href=\"https:\/\/elfuerte.cl\/web\/category\/sala-de-redaccion\/\" title=\"View all posts filed under Sala de Redacci\u00f3n\">Sala de Redacci\u00f3n<\/a>\n<\/li>\n\t\t\t<\/ul>\n\n\t\t\t<\/aside><aside id=\"custom_popular_posts-2\" class=\"widget Custom_Popular_Posts\"><h4 class=\"widget-title\">Populares<\/h4><ul class=\"posts  styled\"><li class=\"clearfix gem-pp-posts\"><div class=\"gem-pp-posts-image\"><a href=\"https:\/\/elfuerte.cl\/web\/2026\/04\/27\/intercambio-de-semillas-y-experiencias-conecta-comunidades-del-pais-en-torno-a-la-restauracion-del-bosque-nativo-en-los-rios\/\"><img src=\"https:\/\/elfuerte.cl\/web\/wp-content\/uploads\/2026\/04\/portada-2026-04-27T102238.493-thegem-post-thumb-large.jpg\" srcset=\"https:\/\/elfuerte.cl\/web\/wp-content\/uploads\/2026\/04\/portada-2026-04-27T102238.493-thegem-post-thumb-small.jpg 1x, https:\/\/elfuerte.cl\/web\/wp-content\/uploads\/2026\/04\/portada-2026-04-27T102238.493-thegem-post-thumb-large.jpg 2x\" alt=\"\"\/><\/a><\/div><div class=\"gem-pp-posts-text\"> <div class=\"gem-pp-posts-item\"><a href=\"https:\/\/elfuerte.cl\/web\/2026\/04\/27\/intercambio-de-semillas-y-experiencias-conecta-comunidades-del-pais-en-torno-a-la-restauracion-del-bosque-nativo-en-los-rios\/\">Intercambio de semillas y experiencias conecta comunidades del pa\u00eds en torno a la restauraci\u00f3n del bosque nativo en Los R\u00edos<\/a><\/div><div class=\"gem-pp-posts-date\">27\/04\/2026<\/div><\/div><\/li><li class=\"clearfix gem-pp-posts\"><div class=\"gem-pp-posts-image\"><a href=\"https:\/\/elfuerte.cl\/web\/2025\/10\/11\/recuperar-una-casa-y-un-icono-de-la-historia-lotina\/\"><img src=\"https:\/\/elfuerte.cl\/web\/wp-content\/uploads\/2025\/10\/actualidad003-copia-thegem-post-thumb-large.jpg\" srcset=\"https:\/\/elfuerte.cl\/web\/wp-content\/uploads\/2025\/10\/actualidad003-copia-thegem-post-thumb-small.jpg 1x, https:\/\/elfuerte.cl\/web\/wp-content\/uploads\/2025\/10\/actualidad003-copia-thegem-post-thumb-large.jpg 2x\" alt=\"\"\/><\/a><\/div><div class=\"gem-pp-posts-text\"> <div class=\"gem-pp-posts-item\"><a href=\"https:\/\/elfuerte.cl\/web\/2025\/10\/11\/recuperar-una-casa-y-un-icono-de-la-historia-lotina\/\">Recuperar una casa y un \u00edcono de la historia lotina<\/a><\/div><div class=\"gem-pp-posts-date\">11\/10\/2025<\/div><\/div><\/li><li class=\"clearfix gem-pp-posts\"><div class=\"gem-pp-posts-image\"><a href=\"https:\/\/elfuerte.cl\/web\/2025\/10\/08\/indap-impulsa-acceso-a-tierras-y-emprendimiento-para-juventudes-rurales-con-nuevo-programa-tierra-joven\/\"><img src=\"https:\/\/elfuerte.cl\/web\/wp-content\/uploads\/2025\/10\/actualidad001-copia-thegem-post-thumb-large.jpg\" srcset=\"https:\/\/elfuerte.cl\/web\/wp-content\/uploads\/2025\/10\/actualidad001-copia-thegem-post-thumb-small.jpg 1x, https:\/\/elfuerte.cl\/web\/wp-content\/uploads\/2025\/10\/actualidad001-copia-thegem-post-thumb-large.jpg 2x\" alt=\"\"\/><\/a><\/div><div class=\"gem-pp-posts-text\"> <div class=\"gem-pp-posts-item\"><a href=\"https:\/\/elfuerte.cl\/web\/2025\/10\/08\/indap-impulsa-acceso-a-tierras-y-emprendimiento-para-juventudes-rurales-con-nuevo-programa-tierra-joven\/\">INDAP impulsa acceso a tierras y emprendimiento para juventudes rurales con nuevo programa \u201cTierra Joven\u201d<\/a><\/div><div class=\"gem-pp-posts-date\">08\/10\/2025<\/div><\/div><\/li><li class=\"clearfix gem-pp-posts\"><div class=\"gem-pp-posts-image\"><a href=\"https:\/\/elfuerte.cl\/web\/2025\/09\/05\/la-derrota-que-dejo-al-gobierno-sin-brujula\/\"><img src=\"https:\/\/elfuerte.cl\/web\/wp-content\/uploads\/2025\/09\/actualidad004-thegem-post-thumb-large.jpg\" srcset=\"https:\/\/elfuerte.cl\/web\/wp-content\/uploads\/2025\/09\/actualidad004-thegem-post-thumb-small.jpg 1x, https:\/\/elfuerte.cl\/web\/wp-content\/uploads\/2025\/09\/actualidad004-thegem-post-thumb-large.jpg 2x\" alt=\"\"\/><\/a><\/div><div class=\"gem-pp-posts-text\"> <div class=\"gem-pp-posts-item\"><a href=\"https:\/\/elfuerte.cl\/web\/2025\/09\/05\/la-derrota-que-dejo-al-gobierno-sin-brujula\/\">La derrota que dej\u00f3 al gobierno sin br\u00fajula<\/a><\/div><div class=\"gem-pp-posts-date\">05\/09\/2025<\/div><\/div><\/li><\/ul><\/aside>\t\t\t\t<\/div>\n\t\t\t\t\t<\/div>\n\t\t<\/div>\n\t\t\t\t\t<\/div><\/div>\r\n\t\t<\/section>\r\n\t\t<div class=\"elementor-element elementor-element-42cea05 thegem-e-con-layout-thegem e-flex e-con-boxed e-con e-parent\" data-id=\"42cea05\" data-element_type=\"container\" data-settings=\"{&quot;thegem_container_layout&quot;:&quot;thegem&quot;}\">\r\n\t\t\t\t\t<div class=\"e-con-inner\">\r\n\t\t\t\t\t<\/div>\n\t\t\t\t<\/div>\n\t\t<div class=\"elementor-element elementor-element-64921a5 thegem-e-con-layout-thegem e-flex e-con-boxed e-con e-parent\" data-id=\"64921a5\" data-element_type=\"container\" data-settings=\"{&quot;thegem_container_layout&quot;:&quot;thegem&quot;}\">\r\n\t\t\t\t\t<div class=\"e-con-inner\">\r\n\t\t\t\t\t<\/div>\n\t\t\t\t<\/div>\n\t\t<div class=\"elementor-element elementor-element-81e3172 thegem-e-con-layout-thegem e-flex e-con-boxed e-con e-parent\" data-id=\"81e3172\" data-element_type=\"container\" data-settings=\"{&quot;thegem_container_layout&quot;:&quot;thegem&quot;}\">\r\n\t\t\t\t\t<div class=\"e-con-inner\">\r\n\t\t\t\t<div class=\"elementor-element elementor-element-2c81c66 elementor-arrows-position-inside elementor-pagination-position-outside flex-horizontal-align-default flex-horizontal-align-tablet-default flex-horizontal-align-mobile-default flex-vertical-align-default flex-vertical-align-tablet-default flex-vertical-align-mobile-default elementor-widget elementor-widget-image-carousel\" data-id=\"2c81c66\" data-element_type=\"widget\" data-settings=\"{&quot;slides_to_show&quot;:&quot;1&quot;,&quot;navigation&quot;:&quot;both&quot;,&quot;autoplay&quot;:&quot;yes&quot;,&quot;pause_on_hover&quot;:&quot;yes&quot;,&quot;pause_on_interaction&quot;:&quot;yes&quot;,&quot;autoplay_speed&quot;:5000,&quot;infinite&quot;:&quot;yes&quot;,&quot;effect&quot;:&quot;slide&quot;,&quot;speed&quot;:500}\" data-widget_type=\"image-carousel.default\">\n\t\t\t\t\t\t\t<div class=\"elementor-image-carousel-wrapper swiper\" role=\"region\" aria-roledescription=\"carousel\" aria-label=\"Carrusel de im\u00e1genes\" dir=\"ltr\">\n\t\t\t<div class=\"elementor-image-carousel swiper-wrapper\" aria-live=\"off\">\n\t\t\t\t\t\t\t\t<div class=\"swiper-slide\" role=\"group\" aria-roledescription=\"slide\" aria-label=\"1 de 4\"><figure class=\"swiper-slide-inner\"><img class=\"swiper-slide-image\" src=\"https:\/\/elfuerte.cl\/web\/wp-content\/uploads\/2026\/03\/Biobio.jpeg\" alt=\"Biobio\" \/><\/figure><\/div><div class=\"swiper-slide\" role=\"group\" aria-roledescription=\"slide\" aria-label=\"2 de 4\"><figure class=\"swiper-slide-inner\"><img class=\"swiper-slide-image\" src=\"https:\/\/elfuerte.cl\/web\/wp-content\/uploads\/2026\/03\/Primeras-1.jpeg\" alt=\"Primeras 1\" \/><\/figure><\/div><div class=\"swiper-slide\" role=\"group\" aria-roledescription=\"slide\" aria-label=\"3 de 4\"><figure class=\"swiper-slide-inner\"><img class=\"swiper-slide-image\" src=\"https:\/\/elfuerte.cl\/web\/wp-content\/uploads\/2026\/03\/Reuniones-1.jpg\" alt=\"Reuniones 1\" \/><\/figure><\/div><div class=\"swiper-slide\" role=\"group\" aria-roledescription=\"slide\" aria-label=\"4 de 4\"><figure class=\"swiper-slide-inner\"><img class=\"swiper-slide-image\" src=\"https:\/\/elfuerte.cl\/web\/wp-content\/uploads\/2026\/03\/Reuniones-2.jpg\" alt=\"Reuniones 2\" \/><\/figure><\/div>\t\t\t<\/div>\n\t\t\t\t\t\t\t\t\t\t\t\t<div class=\"elementor-swiper-button elementor-swiper-button-prev\" role=\"button\" tabindex=\"0\">\n\t\t\t\t\t\t<svg aria-hidden=\"true\" class=\"e-font-icon-svg e-eicon-chevron-left\" viewBox=\"0 0 1000 1000\" xmlns=\"http:\/\/www.w3.org\/2000\/svg\"><path d=\"M646 125C629 125 613 133 604 142L308 442C296 454 292 471 292 487 292 504 296 521 308 533L604 854C617 867 629 875 646 875 663 875 679 871 692 858 704 846 713 829 713 812 713 796 708 779 692 767L438 487 692 225C700 217 708 204 708 187 708 171 704 154 692 142 675 129 663 125 646 125Z\"><\/path><\/svg>\t\t\t\t\t<\/div>\n\t\t\t\t\t<div class=\"elementor-swiper-button elementor-swiper-button-next\" role=\"button\" tabindex=\"0\">\n\t\t\t\t\t\t<svg aria-hidden=\"true\" class=\"e-font-icon-svg e-eicon-chevron-right\" viewBox=\"0 0 1000 1000\" xmlns=\"http:\/\/www.w3.org\/2000\/svg\"><path d=\"M696 533C708 521 713 504 713 487 713 471 708 454 696 446L400 146C388 133 375 125 354 125 338 125 325 129 313 142 300 154 292 171 292 187 292 204 296 221 308 233L563 492 304 771C292 783 288 800 288 817 288 833 296 850 308 863 321 871 338 875 354 875 371 875 388 867 400 854L696 533Z\"><\/path><\/svg>\t\t\t\t\t<\/div>\n\t\t\t\t\n\t\t\t\t\t\t\t\t\t<div class=\"swiper-pagination\"><\/div>\n\t\t\t\t\t\t\t\t\t<\/div>\n\t\t\t\t\t\t<\/div>\n\t\t\t\t\t<\/div>\n\t\t\t\t<\/div>\n\t\t\t\t<\/div>\n\t\t","protected":false},"excerpt":{"rendered":"<p>Representantes del gobierno han sostenido reuniones con servicios p\u00fablicos, coordinaciones en materia de emergencias, seguridad y programas sociales, mientras a\u00fan se encuentran pendientes los nombramientos de secretarios regionales ministeriales en varias regiones del pa\u00eds.<\/p>\n","protected":false},"author":1,"featured_media":5066,"comment_status":"closed","ping_status":"closed","sticky":false,"template":"single-fullwidth.php","format":"standard","meta":{"footnotes":""},"categories":[21,100],"tags":[566,576,577,575],"class_list":{"0":"post-5064","1":"post","2":"type-post","3":"status-publish","4":"format-standard","5":"has-post-thumbnail","7":"category-actualidad","8":"category-destacados","9":"tag-delegados-presidenciales","10":"tag-gabinete","11":"tag-nombramientos","12":"tag-nuevo-gobierno"},"menu_order":0,"_links":{"self":[{"href":"https:\/\/elfuerte.cl\/web\/wp-json\/wp\/v2\/posts\/5064","targetHints":{"allow":["GET"]}}],"collection":[{"href":"https:\/\/elfuerte.cl\/web\/wp-json\/wp\/v2\/posts"}],"about":[{"href":"https:\/\/elfuerte.cl\/web\/wp-json\/wp\/v2\/types\/post"}],"author":[{"embeddable":true,"href":"https:\/\/elfuerte.cl\/web\/wp-json\/wp\/v2\/users\/1"}],"replies":[{"embeddable":true,"href":"https:\/\/elfuerte.cl\/web\/wp-json\/wp\/v2\/comments?post=5064"}],"version-history":[{"count":4,"href":"https:\/\/elfuerte.cl\/web\/wp-json\/wp\/v2\/posts\/5064\/revisions"}],"predecessor-version":[{"id":5073,"href":"https:\/\/elfuerte.cl\/web\/wp-json\/wp\/v2\/posts\/5064\/revisions\/5073"}],"wp:featuredmedia":[{"embeddable":true,"href":"https:\/\/elfuerte.cl\/web\/wp-json\/wp\/v2\/media\/5066"}],"wp:attachment":[{"href":"https:\/\/elfuerte.cl\/web\/wp-json\/wp\/v2\/media?parent=5064"}],"wp:term":[{"taxonomy":"category","embeddable":true,"href":"https:\/\/elfuerte.cl\/web\/wp-json\/wp\/v2\/categories?post=5064"},{"taxonomy":"post_tag","embeddable":true,"href":"https:\/\/elfuerte.cl\/web\/wp-json\/wp\/v2\/tags?post=5064"}],"curies":[{"name":"wp","href":"https:\/\/api.w.org\/{rel}","templated":true}]}}