{"id":5126,"date":"2026-03-17T18:32:10","date_gmt":"2026-03-17T21:32:10","guid":{"rendered":"https:\/\/elfuerte.cl\/web\/?p=5126"},"modified":"2026-03-17T18:35:43","modified_gmt":"2026-03-17T21:35:43","slug":"gore-araucania-aprueba-inversion-de-mas-de-2-mil-millones-para-fortalecer-empresas-lideradas-por-mujeres","status":"publish","type":"post","link":"https:\/\/elfuerte.cl\/web\/2026\/03\/17\/gore-araucania-aprueba-inversion-de-mas-de-2-mil-millones-para-fortalecer-empresas-lideradas-por-mujeres\/","title":{"rendered":"Gore Araucan\u00eda aprueba inversi\u00f3n de m\u00e1s de $2 mil millones para fortalecer empresas lideradas por mujeres"},"content":{"rendered":"\t\t<div data-elementor-type=\"wp-post\" data-elementor-id=\"5126\" class=\"elementor elementor-5126\">\n\t\t\t\t\t\t<section class=\"elementor-section elementor-top-section elementor-element elementor-element-464cea7 elementor-section-boxed elementor-section-height-default elementor-section-height-default\" data-id=\"464cea7\" data-element_type=\"section\">\r\n\t\t\t\t\t\t<div class=\"elementor-container elementor-column-gap-thegem\"><div class=\"elementor-row\">\r\n\t\t\t\t\t<div class=\"elementor-column elementor-col-66 elementor-top-column elementor-element elementor-element-2f44c54\" data-id=\"2f44c54\" data-element_type=\"column\">\n\t\t\t<div class=\"elementor-widget-wrap elementor-element-populated\">\n\t\t\t\t\t\t<div class=\"elementor-element elementor-element-ab386a6 flex-horizontal-align-default flex-horizontal-align-tablet-default flex-horizontal-align-mobile-default flex-vertical-align-default flex-vertical-align-tablet-default flex-vertical-align-mobile-default elementor-widget elementor-widget-heading\" data-id=\"ab386a6\" data-element_type=\"widget\" data-widget_type=\"heading.default\">\n\t\t\t\t\t<div class=\"title-h1 elementor-heading-title elementor-size-default\">Gore Araucan\u00eda aprueba inversi\u00f3n de m\u00e1s de $2 mil millones para fortalecer empresas lideradas por mujeres<\/div>\t\t\t\t<\/div>\n\t\t\t\t<div class=\"elementor-element elementor-element-8427bf3 flex-horizontal-align-default flex-horizontal-align-tablet-default flex-horizontal-align-mobile-default flex-vertical-align-default flex-vertical-align-tablet-default flex-vertical-align-mobile-default elementor-widget elementor-widget-text-editor\" data-id=\"8427bf3\" data-element_type=\"widget\" data-widget_type=\"text-editor.default\">\n\t\t\t\t\t\t\t\t\t\t\t\t<div class=\"elementor-text-editor elementor-clearfix\">\r\n\t\t\t\t\t\t<p><strong>Programa<\/strong><strong>\u00a0ser\u00e1<\/strong><strong>\u00a0ejecutado por Corfo<\/strong><strong>\u00a0y<\/strong><strong>\u00a0beneficiar\u00e1 a m\u00e1s de mil emprendedoras en 32 comunas.<\/strong><strong>\u00a0<\/strong><strong>La iniciativa busca reducir brechas de g\u00e9nero en el acceso a financiamiento, redes y formaci\u00f3n empresarial.<\/strong><strong>\u00a0<\/strong><strong>El foco estar\u00e1 en fortalecer la competitividad y aumentar la participaci\u00f3n femenina en sectores estrat\u00e9gicos.<\/strong><\/p><p>Emprender no es f\u00e1cil. Y en regiones como La Araucan\u00eda, donde se combinan factores territoriales, sociales y culturales, el desaf\u00edo puede ser a\u00fan mayor. Para muchas mujeres \u2014especialmente en contextos rurales o con pertenencia a pueblos originarios\u2014 el acceso a financiamiento, redes y oportunidades de crecimiento sigue siendo limitado.<\/p><p>En este escenario, el Consejo Regional de La Araucan\u00eda aprob\u00f3 el financiamiento de un programa orientado a fortalecer empresas lideradas por mujeres, iniciativa ejecutada por Corfo que contempla una inversi\u00f3n superior a los $2.072 millones durante los pr\u00f3ximos tres a\u00f1os.<\/p><p>La iniciativa, denominada \u201cEmpresas de mujeres: participaci\u00f3n y crecimiento en La Araucan\u00eda\u201d, busca beneficiar directamente a 1.034 emprendedoras de las 32 comunas de la regi\u00f3n mediante subsidios para inversi\u00f3n, fortalecimiento de la competitividad y acceso a instancias de formaci\u00f3n y redes de colaboraci\u00f3n.<\/p><p>En la regi\u00f3n, el emprendimiento femenino se concentra principalmente en rubros como el comercio, turismo, servicios personales, artesan\u00eda y actividades silvoagropecuarias, muchos de ellos vinculados a econom\u00edas locales, trabajo independiente y producci\u00f3n a peque\u00f1a escala, especialmente en zonas rurales. Sin embargo, la participaci\u00f3n de mujeres en sectores de mayor valor agregado, como la tecnolog\u00eda, la innovaci\u00f3n y el desarrollo de soluciones basadas en inteligencia artificial, sigue siendo significativamente menor.<\/p><p><strong><b>Fortalecimiento de la competitividad<\/b><\/strong><\/p><p>De acuerdo con datos de Corfo, los proyectos liderados por mujeres en programas de innovaci\u00f3n representan cerca de un 24% del total, evidenciando una brecha a\u00fan m\u00e1s profunda en estos \u00e1mbitos estrat\u00e9gicos para el desarrollo productivo. En la pr\u00e1ctica, esto implica que solo una de cada cuatro iniciativas en el \u00e1mbito tecnol\u00f3gico es liderada por una mujer, un indicador que da cuenta de las dificultades persistentes para acceder a oportunidades en estos sectores, as\u00ed como de barreras estructurales que siguen limitando su participaci\u00f3n.<\/p><p>El programa considera dos l\u00edneas principales de intervenci\u00f3n. Por un lado, el fortalecimiento de la competitividad, a trav\u00e9s de instrumentos como Activa Inversi\u00f3n, PAR, Semilla Inicia y S\u00famate a Innovar, que permitir\u00e1n financiar adquisici\u00f3n de maquinaria, infraestructura y procesos de validaci\u00f3n comercial. Por otro, un componente de formaci\u00f3n y redes, mediante programas orientados a potenciar habilidades empresariales, liderazgo y adopci\u00f3n de tecnolog\u00edas.<\/p><p>La iniciativa priorizar\u00e1 sectores estrat\u00e9gicos definidos a nivel regional, entre ellos turismo, silvoagropecuario, construcci\u00f3n, acu\u00edcola-pesquero, manufactura e industrias emergentes, como tecnolog\u00edas de la informaci\u00f3n, industrias creativas y energ\u00edas renovables.<\/p><p>El gobernador regional, Ren\u00e9 Saffirio, valor\u00f3 la aprobaci\u00f3n de los recursos y se\u00f1al\u00f3 que el programa busca fortalecer el desarrollo de emprendimientos liderados por mujeres y ampliar sus oportunidades de crecimiento en la regi\u00f3n.<\/p><p><strong><b>Brechas del emprendimiento femenino<\/b><\/strong><\/p><p>El programa se enmarca en un diagn\u00f3stico que evidencia diferencias significativas en la participaci\u00f3n econ\u00f3mica de las mujeres en La Araucan\u00eda. Seg\u00fan datos oficiales, solo el 33% de las empresas en la regi\u00f3n son lideradas por mujeres, mientras que su participaci\u00f3n en ventas alcanza cerca del 28% y en la generaci\u00f3n de empleo dependiente bordea el 25%.<\/p><p>Iniciativas de este tipo buscan reducir brechas estructurales en el acceso a oportunidades, en una regi\u00f3n donde factores como la ruralidad, la descentralizaci\u00f3n y las condiciones socioecon\u00f3micas profundizan las desigualdades en el desarrollo productivo.<\/p><p>En este contexto, la decisi\u00f3n del Gobierno Regional adquiere un car\u00e1cter estrat\u00e9gico para fomentar el emprendimiento femenino y estimular una mayor participaci\u00f3n de mujeres, especialmente en sectores de mayor valor agregado como la tecnolog\u00eda, donde el rezago es a\u00fan m\u00e1s evidente. En adelante, ser\u00e1 clave la implementaci\u00f3n del programa por parte de Corfo, a trav\u00e9s de la apertura de convocatorias y la ejecuci\u00f3n de los distintos instrumentos comprometidos. Por ello, las emprendedoras de La Araucan\u00eda deber\u00e1n mantenerse atentas a los canales oficiales de la instituci\u00f3n, tanto en su sitio web como en sus plataformas digitales, para acceder oportunamente a los fondos y programas que se desplegar\u00e1n en el marco de esta iniciativa.<\/p><p><strong><b>Marcelo Patroni, director de El Fuerte Noticias<\/b><\/strong><\/p><p>\u00a0<\/p>\t\t\t\t\t\t\t<\/div>\r\n\t\t\t\t\t\t\t\t\t\t<\/div>\n\t\t\t\t<div class=\"elementor-element elementor-element-5ac3e4a flex-horizontal-align-default flex-horizontal-align-tablet-default flex-horizontal-align-mobile-default flex-vertical-align-default flex-vertical-align-tablet-default flex-vertical-align-mobile-default elementor-widget elementor-widget-thegem-styledimage\" data-id=\"5ac3e4a\" data-element_type=\"widget\" data-settings=\"{&quot;thegem_elementor_preset&quot;:&quot;style-2&quot;,&quot;image&quot;:{&quot;url&quot;:&quot;https:\\\/\\\/elfuerte.cl\\\/web\\\/wp-content\\\/uploads\\\/2025\\\/10\\\/bannerefdelsur.jpg&quot;,&quot;id&quot;:1540,&quot;size&quot;:&quot;&quot;,&quot;alt&quot;:&quot;&quot;,&quot;source&quot;:&quot;library&quot;},&quot;image_position&quot;:&quot;left&quot;}\" data-widget_type=\"thegem-styledimage.default\">\n\t\t\t\t<div class=\"elementor-widget-container\">\n\t\t\t\t\t\n<div class=\"styled-image-wrapper\">\n\t\t\t<div class=\"gem-image gem-wrapbox gem-wrapbox-style-2 gem-wrapbox-position-left lazy-loading \">\n\t\t\t<div class=\"gem-wrapbox-inner  lazy-loading-item\"  data-ll-effect=\"move-up\">\n\t\t\t\t\t\t\t\t<a href=\"#\">\n\t\t\t\t\t\t\t\t\t\t<img class=\"gem-wrapbox-element img-responsive \"\n\t\t\t\t\t\t src=\"https:\/\/elfuerte.cl\/web\/wp-content\/uploads\/2025\/10\/bannerefdelsur.jpg\"\n\t\t\t\t\t\t alt=\"bannerefdelsur\">\n\t\t\t\t\t\t\t\t\t\t\t\t\t\t<\/a>\n\t\t\t\t\t\t<\/div>\n\t\t<\/div>\n\t\t<\/div>\n\n\n\t\n\t\t\t\t\t\t<\/div>\n\t\t\t\t<\/div>\n\t\t\t\t\t<\/div>\n\t\t<\/div>\n\t\t\t\t<div class=\"elementor-column elementor-col-33 elementor-top-column elementor-element elementor-element-dfac7b7\" data-id=\"dfac7b7\" data-element_type=\"column\">\n\t\t\t<div class=\"elementor-widget-wrap elementor-element-populated\">\n\t\t\t\t\t\t<div class=\"elementor-element elementor-element-af7077d flex-horizontal-align-default flex-horizontal-align-tablet-default flex-horizontal-align-mobile-default flex-vertical-align-default flex-vertical-align-tablet-default flex-vertical-align-mobile-default elementor-widget elementor-widget-sidebar\" data-id=\"af7077d\" data-element_type=\"widget\" data-settings=\"{&quot;thegem_custom_css&quot;:&quot;.gem-pp-posts-image {\\r\\n    width: 72px;\\r\\n}\\r\\n.gem-pp-posts-image img {\\r\\n    border-radius: 50%;\\r\\n}\\r\\nselector h4 {\\r\\n    padding-top: 40px;\\r\\n}&quot;}\" data-widget_type=\"sidebar.default\">\n\t\t\t\t\t<aside id=\"media_image-3\" class=\"widget widget_media_image\"><img width=\"750\" height=\"750\" src=\"https:\/\/elfuerte.cl\/web\/wp-content\/uploads\/2025\/10\/bannerrojook.jpg\" class=\"image wp-image-1681  attachment-full size-full\" alt=\"\" style=\"max-width: 100%; height: auto;\" title=\"Banner\" srcset=\"https:\/\/elfuerte.cl\/web\/wp-content\/uploads\/2025\/10\/bannerrojook.jpg 750w, https:\/\/elfuerte.cl\/web\/wp-content\/uploads\/2025\/10\/bannerrojook-300x300.jpg 300w, https:\/\/elfuerte.cl\/web\/wp-content\/uploads\/2025\/10\/bannerrojook-150x150.jpg 150w, https:\/\/elfuerte.cl\/web\/wp-content\/uploads\/2025\/10\/bannerrojook-256x256.jpg 256w\" sizes=\"(max-width: 750px) 100vw, 750px\" \/><\/aside><aside id=\"categories-2\" class=\"widget widget_categories\"><h4 class=\"widget-title\">Secciones<\/h4>\n\t\t\t<ul>\n\t\t\t\t\t<li class=\"cat-item cat-item-21\"><a href=\"https:\/\/elfuerte.cl\/web\/category\/actualidad\/\" title=\"View all posts filed under Actualidad\">Actualidad<\/a>\n<\/li>\n\t<li class=\"cat-item cat-item-100\"><a href=\"https:\/\/elfuerte.cl\/web\/category\/destacados\/\" title=\"View all posts filed under Destacados\">Destacados<\/a>\n<\/li>\n\t<li class=\"cat-item cat-item-101\"><a href=\"https:\/\/elfuerte.cl\/web\/category\/region-ludica\/\" title=\"View all posts filed under Regi\u00f3n L\u00fadica\">Regi\u00f3n L\u00fadica<\/a>\n<\/li>\n\t<li class=\"cat-item cat-item-157\"><a href=\"https:\/\/elfuerte.cl\/web\/category\/sala-de-redaccion\/\" title=\"View all posts filed under Sala de Redacci\u00f3n\">Sala de Redacci\u00f3n<\/a>\n<\/li>\n\t\t\t<\/ul>\n\n\t\t\t<\/aside><aside id=\"custom_popular_posts-2\" class=\"widget Custom_Popular_Posts\"><h4 class=\"widget-title\">Populares<\/h4><ul class=\"posts  styled\"><li class=\"clearfix gem-pp-posts\"><div class=\"gem-pp-posts-image\"><a href=\"https:\/\/elfuerte.cl\/web\/2026\/04\/30\/inversion-de-1-873-millones-permitira-modernizar-cuartel-de-bomberos-en-las-animas\/\"><img src=\"https:\/\/elfuerte.cl\/web\/wp-content\/uploads\/2026\/04\/portada-2026-04-30T164042.773-thegem-post-thumb-large.jpg\" srcset=\"https:\/\/elfuerte.cl\/web\/wp-content\/uploads\/2026\/04\/portada-2026-04-30T164042.773-thegem-post-thumb-small.jpg 1x, https:\/\/elfuerte.cl\/web\/wp-content\/uploads\/2026\/04\/portada-2026-04-30T164042.773-thegem-post-thumb-large.jpg 2x\" alt=\"\"\/><\/a><\/div><div class=\"gem-pp-posts-text\"> <div class=\"gem-pp-posts-item\"><a href=\"https:\/\/elfuerte.cl\/web\/2026\/04\/30\/inversion-de-1-873-millones-permitira-modernizar-cuartel-de-bomberos-en-las-animas\/\">Inversi\u00f3n de $1.873 millones permitir\u00e1 modernizar cuartel de Bomberos en Las \u00c1nimas<\/a><\/div><div class=\"gem-pp-posts-date\">30\/04\/2026<\/div><\/div><\/li><li class=\"clearfix gem-pp-posts\"><div class=\"gem-pp-posts-image\"><a href=\"https:\/\/elfuerte.cl\/web\/2025\/10\/11\/recuperar-una-casa-y-un-icono-de-la-historia-lotina\/\"><img src=\"https:\/\/elfuerte.cl\/web\/wp-content\/uploads\/2025\/10\/actualidad003-copia-thegem-post-thumb-large.jpg\" srcset=\"https:\/\/elfuerte.cl\/web\/wp-content\/uploads\/2025\/10\/actualidad003-copia-thegem-post-thumb-small.jpg 1x, https:\/\/elfuerte.cl\/web\/wp-content\/uploads\/2025\/10\/actualidad003-copia-thegem-post-thumb-large.jpg 2x\" alt=\"\"\/><\/a><\/div><div class=\"gem-pp-posts-text\"> <div class=\"gem-pp-posts-item\"><a href=\"https:\/\/elfuerte.cl\/web\/2025\/10\/11\/recuperar-una-casa-y-un-icono-de-la-historia-lotina\/\">Recuperar una casa y un \u00edcono de la historia lotina<\/a><\/div><div class=\"gem-pp-posts-date\">11\/10\/2025<\/div><\/div><\/li><li class=\"clearfix gem-pp-posts\"><div class=\"gem-pp-posts-image\"><a href=\"https:\/\/elfuerte.cl\/web\/2025\/10\/08\/indap-impulsa-acceso-a-tierras-y-emprendimiento-para-juventudes-rurales-con-nuevo-programa-tierra-joven\/\"><img src=\"https:\/\/elfuerte.cl\/web\/wp-content\/uploads\/2025\/10\/actualidad001-copia-thegem-post-thumb-large.jpg\" srcset=\"https:\/\/elfuerte.cl\/web\/wp-content\/uploads\/2025\/10\/actualidad001-copia-thegem-post-thumb-small.jpg 1x, https:\/\/elfuerte.cl\/web\/wp-content\/uploads\/2025\/10\/actualidad001-copia-thegem-post-thumb-large.jpg 2x\" alt=\"\"\/><\/a><\/div><div class=\"gem-pp-posts-text\"> <div class=\"gem-pp-posts-item\"><a href=\"https:\/\/elfuerte.cl\/web\/2025\/10\/08\/indap-impulsa-acceso-a-tierras-y-emprendimiento-para-juventudes-rurales-con-nuevo-programa-tierra-joven\/\">INDAP impulsa acceso a tierras y emprendimiento para juventudes rurales con nuevo programa \u201cTierra Joven\u201d<\/a><\/div><div class=\"gem-pp-posts-date\">08\/10\/2025<\/div><\/div><\/li><li class=\"clearfix gem-pp-posts\"><div class=\"gem-pp-posts-image\"><a href=\"https:\/\/elfuerte.cl\/web\/2025\/09\/05\/la-derrota-que-dejo-al-gobierno-sin-brujula\/\"><img src=\"https:\/\/elfuerte.cl\/web\/wp-content\/uploads\/2025\/09\/actualidad004-thegem-post-thumb-large.jpg\" srcset=\"https:\/\/elfuerte.cl\/web\/wp-content\/uploads\/2025\/09\/actualidad004-thegem-post-thumb-small.jpg 1x, https:\/\/elfuerte.cl\/web\/wp-content\/uploads\/2025\/09\/actualidad004-thegem-post-thumb-large.jpg 2x\" alt=\"\"\/><\/a><\/div><div class=\"gem-pp-posts-text\"> <div class=\"gem-pp-posts-item\"><a href=\"https:\/\/elfuerte.cl\/web\/2025\/09\/05\/la-derrota-que-dejo-al-gobierno-sin-brujula\/\">La derrota que dej\u00f3 al gobierno sin br\u00fajula<\/a><\/div><div class=\"gem-pp-posts-date\">05\/09\/2025<\/div><\/div><\/li><\/ul><\/aside>\t\t\t\t<\/div>\n\t\t\t\t\t<\/div>\n\t\t<\/div>\n\t\t\t\t\t<\/div><\/div>\r\n\t\t<\/section>\r\n\t\t<div class=\"elementor-element elementor-element-42cea05 thegem-e-con-layout-thegem e-flex e-con-boxed e-con e-parent\" data-id=\"42cea05\" data-element_type=\"container\" data-settings=\"{&quot;thegem_container_layout&quot;:&quot;thegem&quot;}\">\r\n\t\t\t\t\t<div class=\"e-con-inner\">\r\n\t\t\t\t\t<\/div>\n\t\t\t\t<\/div>\n\t\t<div class=\"elementor-element elementor-element-64921a5 thegem-e-con-layout-thegem e-flex e-con-boxed e-con e-parent\" data-id=\"64921a5\" data-element_type=\"container\" data-settings=\"{&quot;thegem_container_layout&quot;:&quot;thegem&quot;}\">\r\n\t\t\t\t\t<div class=\"e-con-inner\">\r\n\t\t\t\t\t<\/div>\n\t\t\t\t<\/div>\n\t\t<div class=\"elementor-element elementor-element-81e3172 thegem-e-con-layout-thegem e-flex e-con-boxed e-con e-parent\" data-id=\"81e3172\" data-element_type=\"container\" data-settings=\"{&quot;thegem_container_layout&quot;:&quot;thegem&quot;}\">\r\n\t\t\t\t\t<div class=\"e-con-inner\">\r\n\t\t\t\t\t<\/div>\n\t\t\t\t<\/div>\n\t\t\t\t<\/div>\n\t\t","protected":false},"excerpt":{"rendered":"<p>Programa ser\u00e1 ejecutado por Corfo y beneficiar\u00e1 a m\u00e1s de mil emprendedoras en 32 comunas. La iniciativa busca reducir brechas de g\u00e9nero en el acceso a financiamiento, redes y formaci\u00f3n empresarial. El foco estar\u00e1 en fortalecer la competitividad y aumentar la participaci\u00f3n femenina en sectores estrat\u00e9gicos.<\/p>\n","protected":false},"author":1,"featured_media":5128,"comment_status":"closed","ping_status":"closed","sticky":false,"template":"single-fullwidth.php","format":"standard","meta":{"footnotes":""},"categories":[21,100],"tags":[215,330,509,592],"class_list":{"0":"post-5126","1":"post","2":"type-post","3":"status-publish","4":"format-standard","5":"has-post-thumbnail","7":"category-actualidad","8":"category-destacados","9":"tag-corfo","10":"tag-emprendimiento","11":"tag-gore-araucania","12":"tag-mujeres"},"menu_order":0,"_links":{"self":[{"href":"https:\/\/elfuerte.cl\/web\/wp-json\/wp\/v2\/posts\/5126","targetHints":{"allow":["GET"]}}],"collection":[{"href":"https:\/\/elfuerte.cl\/web\/wp-json\/wp\/v2\/posts"}],"about":[{"href":"https:\/\/elfuerte.cl\/web\/wp-json\/wp\/v2\/types\/post"}],"author":[{"embeddable":true,"href":"https:\/\/elfuerte.cl\/web\/wp-json\/wp\/v2\/users\/1"}],"replies":[{"embeddable":true,"href":"https:\/\/elfuerte.cl\/web\/wp-json\/wp\/v2\/comments?post=5126"}],"version-history":[{"count":4,"href":"https:\/\/elfuerte.cl\/web\/wp-json\/wp\/v2\/posts\/5126\/revisions"}],"predecessor-version":[{"id":5131,"href":"https:\/\/elfuerte.cl\/web\/wp-json\/wp\/v2\/posts\/5126\/revisions\/5131"}],"wp:featuredmedia":[{"embeddable":true,"href":"https:\/\/elfuerte.cl\/web\/wp-json\/wp\/v2\/media\/5128"}],"wp:attachment":[{"href":"https:\/\/elfuerte.cl\/web\/wp-json\/wp\/v2\/media?parent=5126"}],"wp:term":[{"taxonomy":"category","embeddable":true,"href":"https:\/\/elfuerte.cl\/web\/wp-json\/wp\/v2\/categories?post=5126"},{"taxonomy":"post_tag","embeddable":true,"href":"https:\/\/elfuerte.cl\/web\/wp-json\/wp\/v2\/tags?post=5126"}],"curies":[{"name":"wp","href":"https:\/\/api.w.org\/{rel}","templated":true}]}}