{"id":6152,"date":"2026-04-23T18:48:45","date_gmt":"2026-04-23T22:48:45","guid":{"rendered":"https:\/\/elfuerte.cl\/web\/?p=6152"},"modified":"2026-04-23T20:04:53","modified_gmt":"2026-04-24T00:04:53","slug":"puerto-montt-inicia-plan-piloto-que-incorpora-la-merluza-austral-en-dietas-escolares","status":"publish","type":"post","link":"https:\/\/elfuerte.cl\/web\/2026\/04\/23\/puerto-montt-inicia-plan-piloto-que-incorpora-la-merluza-austral-en-dietas-escolares\/","title":{"rendered":"Puerto Montt inicia plan piloto que incorpora la merluza austral en dietas escolares"},"content":{"rendered":"\t\t<div data-elementor-type=\"wp-post\" data-elementor-id=\"6152\" class=\"elementor elementor-6152\">\n\t\t\t\t\t\t<section class=\"elementor-section elementor-top-section elementor-element elementor-element-464cea7 elementor-section-boxed elementor-section-height-default elementor-section-height-default\" data-id=\"464cea7\" data-element_type=\"section\">\r\n\t\t\t\t\t\t<div class=\"elementor-container elementor-column-gap-thegem\"><div class=\"elementor-row\">\r\n\t\t\t\t\t<div class=\"elementor-column elementor-col-66 elementor-top-column elementor-element elementor-element-2f44c54\" data-id=\"2f44c54\" data-element_type=\"column\">\n\t\t\t<div class=\"elementor-widget-wrap elementor-element-populated\">\n\t\t\t\t\t\t<div class=\"elementor-element elementor-element-ab386a6 flex-horizontal-align-default flex-horizontal-align-tablet-default flex-horizontal-align-mobile-default flex-vertical-align-default flex-vertical-align-tablet-default flex-vertical-align-mobile-default elementor-widget elementor-widget-heading\" data-id=\"ab386a6\" data-element_type=\"widget\" data-widget_type=\"heading.default\">\n\t\t\t\t\t<div class=\"title-h1 elementor-heading-title elementor-size-default\">Puerto Montt inicia plan piloto que incorpora la merluza austral en dietas escolares<\/div>\t\t\t\t<\/div>\n\t\t\t\t<div class=\"elementor-element elementor-element-8427bf3 elementor-widget__width-initial flex-horizontal-align-default flex-horizontal-align-tablet-default flex-horizontal-align-mobile-default flex-vertical-align-default flex-vertical-align-tablet-default flex-vertical-align-mobile-default elementor-widget elementor-widget-text-editor\" data-id=\"8427bf3\" data-element_type=\"widget\" data-widget_type=\"text-editor.default\">\n\t\t\t\t\t\t\t\t\t\t\t\t<div class=\"elementor-text-editor elementor-clearfix\">\r\n\t\t\t\t\t\t<p><strong>Gracias a un trabajo conjunto con la Junta Nacional de Auxilio Escolar y Becas (Junaeb), el Sindicato de Pescadores Artesanales de la Caleta Anahuac y la Municipalidad, Puerto Montt dio inicio a un proyecto piloto que incorpora la merluza austral en la dieta de estudiantes.<\/strong><\/p><p>La iniciativa empezar\u00e1 con la intervenci\u00f3n en los men\u00fas de cuatro establecimientos de la comuna: el Liceo de Hombres Manuel Montt, el Colegio Santo Tom\u00e1s, el Colegio Bosque Nativo y la Escuela Anahuac. El objetivo es que el plan se extienda a 36 escuelas, liceos y colegios para llegar a beneficiar a 8.800 estudiantes.<\/p><p>Adem\u00e1s, las autoridades trabajan para expandirlo a 69 recintos en la Provincia de Llanquihue, con alcance para unos 75 mil alumnos.<\/p><p>El alcalde de Puerto Montt, Rodrigo Wainraihgt Galilea, record\u00f3 las conversaciones con el director regional de la Junaeb, V\u00edctor Nail, que dieron origen a este plan que apunta a mejorar las condiciones de salud de los escolares.<\/p><p>\u201cEstamos muy contentos de esta iniciativa que naci\u00f3 como un sue\u00f1o en 2025 junto al director regional de Junaeb, para incorporar la merluza en el men\u00fa de los ni\u00f1os. Los objetivos son mejorar la calidad de vida de los j\u00f3venes, ya que en el sur de Chile 3 de cada 5 ni\u00f1os tienen un problema de obesidad, y apoyar a nuestros pescadores artesanales que capturan la merluza\u201d, expres\u00f3.<\/p><p>El jefe comunal resalt\u00f3 que en este plan se hizo presente la estrategia de la Cu\u00e1druple H\u00e9lice que, adem\u00e1s del sector p\u00fablico representado por el municipio, la Junaeb y la seremi de Educaci\u00f3n, suma al mundo privado con la caleta de pescadores, a la academia con los chefs de la Universidad Santo Tom\u00e1s, y a la comunidad escolar.<\/p><p>Iniciativa pionera replicable<\/p><p>El director nacional de la Junaeb, Fernando Pe\u00f1a, destac\u00f3 que \u201cel trabajo de nuestra instituci\u00f3n de aportar valor nutricional en las conductas alimentarias de los menores en edad escolar es clave para ayudar a las familias en el cuidado de sus hijos. Por eso agradezco al municipio, a los pescadores y a otros actores que est\u00e1n detr\u00e1s de esta iniciativa que es pionera, y esperemos se pueda replicar en otras ciudades\u201d.<\/p><p>El seremi de Educaci\u00f3n, Dalmiro Y\u00e1\u00f1ez, remarc\u00f3 que \u201cdesde el Ministerio nos han pedido reforzar este plan, que es una hermosa gesti\u00f3n que se inicia desde el municipio con la Junaeb, nos dieron el pase para apoyar esta gesti\u00f3n y creemos que va a ser muy positivo\u201d.<\/p><p>Al incorporar productos de la pesca artesanal a los comedores escolares, no s\u00f3lo se asegura alimentos frescos y de calidad para los ni\u00f1os. Tambi\u00e9n se activa una cadena de valor local que fortalece econom\u00edas familiares desde los proveedores, en este caso el Sindicato de Pescadores de Anahuac.<\/p><p>El presidente del Sindicato, Juan Garc\u00eda, resalt\u00f3 que \u201cEs un anhelo que la pesca artesanal ten\u00eda hace muchos a\u00f1os, que de una vez por todas se le entregue un producto de calidad a los estudiantes. Ten\u00edamos este tal\u00f3n de Aquiles que era la resoluci\u00f3n sanitaria, que logramos sacar adelante hace dos meses, y aqu\u00ed el alcalde fue clave en poner a disposici\u00f3n todo el aparato que \u00e9l tiene para poder sacar esta resoluci\u00f3n. Y agradecer a la seremi de Salud tambi\u00e9n\u201d.<\/p><p>En el lanzamiento tambi\u00e9n participaron los concejales Valeria Baza y Jos\u00e9 Segura, el rector de la Universidad Santo Tom\u00e1s, Eugenio Larra\u00edn, sindicatos de manipuladoras de alimentos, la comunidad educativa y empresas proveedoras.<\/p><p><strong>El Fuerte Noticias, con informaci\u00f3n Municipalidad de Puerto Montt<\/strong><\/p>\t\t\t\t\t\t\t<\/div>\r\n\t\t\t\t\t\t\t\t\t\t<\/div>\n\t\t\t\t<div class=\"elementor-element elementor-element-5ac3e4a flex-horizontal-align-default flex-horizontal-align-tablet-default flex-horizontal-align-mobile-default flex-vertical-align-default flex-vertical-align-tablet-default flex-vertical-align-mobile-default elementor-widget elementor-widget-thegem-styledimage\" data-id=\"5ac3e4a\" data-element_type=\"widget\" data-settings=\"{&quot;thegem_elementor_preset&quot;:&quot;style-2&quot;,&quot;image&quot;:{&quot;url&quot;:&quot;https:\\\/\\\/elfuerte.cl\\\/web\\\/wp-content\\\/uploads\\\/2025\\\/10\\\/bannerefdelsur.jpg&quot;,&quot;id&quot;:1540,&quot;size&quot;:&quot;&quot;,&quot;alt&quot;:&quot;&quot;,&quot;source&quot;:&quot;library&quot;},&quot;image_position&quot;:&quot;left&quot;}\" data-widget_type=\"thegem-styledimage.default\">\n\t\t\t\t<div class=\"elementor-widget-container\">\n\t\t\t\t\t\n<div class=\"styled-image-wrapper\">\n\t\t\t<div class=\"gem-image gem-wrapbox gem-wrapbox-style-2 gem-wrapbox-position-left lazy-loading \">\n\t\t\t<div class=\"gem-wrapbox-inner  lazy-loading-item\"  data-ll-effect=\"move-up\">\n\t\t\t\t\t\t\t\t<a href=\"#\">\n\t\t\t\t\t\t\t\t\t\t<img class=\"gem-wrapbox-element img-responsive \"\n\t\t\t\t\t\t src=\"https:\/\/elfuerte.cl\/web\/wp-content\/uploads\/2025\/10\/bannerefdelsur.jpg\"\n\t\t\t\t\t\t alt=\"bannerefdelsur\">\n\t\t\t\t\t\t\t\t\t\t\t\t\t\t<\/a>\n\t\t\t\t\t\t<\/div>\n\t\t<\/div>\n\t\t<\/div>\n\n\n\t\n\t\t\t\t\t\t<\/div>\n\t\t\t\t<\/div>\n\t\t\t\t\t<\/div>\n\t\t<\/div>\n\t\t\t\t<div class=\"elementor-column elementor-col-33 elementor-top-column elementor-element elementor-element-dfac7b7\" data-id=\"dfac7b7\" data-element_type=\"column\">\n\t\t\t<div class=\"elementor-widget-wrap elementor-element-populated\">\n\t\t\t\t\t\t<div class=\"elementor-element elementor-element-af7077d flex-horizontal-align-default flex-horizontal-align-tablet-default flex-horizontal-align-mobile-default flex-vertical-align-default flex-vertical-align-tablet-default flex-vertical-align-mobile-default elementor-widget elementor-widget-sidebar\" data-id=\"af7077d\" data-element_type=\"widget\" data-settings=\"{&quot;thegem_custom_css&quot;:&quot;.gem-pp-posts-image {\\r\\n    width: 72px;\\r\\n}\\r\\n.gem-pp-posts-image img {\\r\\n    border-radius: 50%;\\r\\n}\\r\\nselector h4 {\\r\\n    padding-top: 40px;\\r\\n}&quot;}\" data-widget_type=\"sidebar.default\">\n\t\t\t\t\t<aside id=\"media_image-3\" class=\"widget widget_media_image\"><img width=\"750\" height=\"750\" src=\"https:\/\/elfuerte.cl\/web\/wp-content\/uploads\/2025\/10\/bannerrojook.jpg\" class=\"image wp-image-1681  attachment-full size-full\" alt=\"\" style=\"max-width: 100%; height: auto;\" title=\"Banner\" srcset=\"https:\/\/elfuerte.cl\/web\/wp-content\/uploads\/2025\/10\/bannerrojook.jpg 750w, https:\/\/elfuerte.cl\/web\/wp-content\/uploads\/2025\/10\/bannerrojook-300x300.jpg 300w, https:\/\/elfuerte.cl\/web\/wp-content\/uploads\/2025\/10\/bannerrojook-150x150.jpg 150w, https:\/\/elfuerte.cl\/web\/wp-content\/uploads\/2025\/10\/bannerrojook-256x256.jpg 256w\" sizes=\"(max-width: 750px) 100vw, 750px\" \/><\/aside><aside id=\"categories-2\" class=\"widget widget_categories\"><h4 class=\"widget-title\">Secciones<\/h4>\n\t\t\t<ul>\n\t\t\t\t\t<li class=\"cat-item cat-item-21\"><a href=\"https:\/\/elfuerte.cl\/web\/category\/actualidad\/\" title=\"View all posts filed under Actualidad\">Actualidad<\/a>\n<\/li>\n\t<li class=\"cat-item cat-item-100\"><a href=\"https:\/\/elfuerte.cl\/web\/category\/destacados\/\" title=\"View all posts filed under Destacados\">Destacados<\/a>\n<\/li>\n\t<li class=\"cat-item cat-item-101\"><a href=\"https:\/\/elfuerte.cl\/web\/category\/region-ludica\/\" title=\"View all posts filed under Regi\u00f3n L\u00fadica\">Regi\u00f3n L\u00fadica<\/a>\n<\/li>\n\t<li class=\"cat-item cat-item-157\"><a href=\"https:\/\/elfuerte.cl\/web\/category\/sala-de-redaccion\/\" title=\"View all posts filed under Sala de Redacci\u00f3n\">Sala de Redacci\u00f3n<\/a>\n<\/li>\n\t\t\t<\/ul>\n\n\t\t\t<\/aside><aside id=\"custom_popular_posts-2\" class=\"widget Custom_Popular_Posts\"><h4 class=\"widget-title\">Populares<\/h4><ul class=\"posts  styled\"><li class=\"clearfix gem-pp-posts\"><div class=\"gem-pp-posts-image\"><a href=\"https:\/\/elfuerte.cl\/web\/2026\/04\/25\/como-la-computacion-cuantica-empieza-a-acelerar-el-desarrollo-de-medicamentos\/\"><img src=\"https:\/\/elfuerte.cl\/web\/wp-content\/uploads\/2026\/04\/biomed-thegem-post-thumb-large.webp\" srcset=\"https:\/\/elfuerte.cl\/web\/wp-content\/uploads\/2026\/04\/biomed-thegem-post-thumb-small.webp 1x, https:\/\/elfuerte.cl\/web\/wp-content\/uploads\/2026\/04\/biomed-thegem-post-thumb-large.webp 2x\" alt=\"\"\/><\/a><\/div><div class=\"gem-pp-posts-text\"> <div class=\"gem-pp-posts-item\"><a href=\"https:\/\/elfuerte.cl\/web\/2026\/04\/25\/como-la-computacion-cuantica-empieza-a-acelerar-el-desarrollo-de-medicamentos\/\">C\u00f3mo la computaci\u00f3n cu\u00e1ntica empieza a acelerar el desarrollo de medicamentos<\/a><\/div><div class=\"gem-pp-posts-date\">25\/04\/2026<\/div><\/div><\/li><li class=\"clearfix gem-pp-posts\"><div class=\"gem-pp-posts-image\"><a href=\"https:\/\/elfuerte.cl\/web\/2025\/10\/11\/recuperar-una-casa-y-un-icono-de-la-historia-lotina\/\"><img src=\"https:\/\/elfuerte.cl\/web\/wp-content\/uploads\/2025\/10\/actualidad003-copia-thegem-post-thumb-large.jpg\" srcset=\"https:\/\/elfuerte.cl\/web\/wp-content\/uploads\/2025\/10\/actualidad003-copia-thegem-post-thumb-small.jpg 1x, https:\/\/elfuerte.cl\/web\/wp-content\/uploads\/2025\/10\/actualidad003-copia-thegem-post-thumb-large.jpg 2x\" alt=\"\"\/><\/a><\/div><div class=\"gem-pp-posts-text\"> <div class=\"gem-pp-posts-item\"><a href=\"https:\/\/elfuerte.cl\/web\/2025\/10\/11\/recuperar-una-casa-y-un-icono-de-la-historia-lotina\/\">Recuperar una casa y un \u00edcono de la historia lotina<\/a><\/div><div class=\"gem-pp-posts-date\">11\/10\/2025<\/div><\/div><\/li><li class=\"clearfix gem-pp-posts\"><div class=\"gem-pp-posts-image\"><a href=\"https:\/\/elfuerte.cl\/web\/2025\/10\/08\/indap-impulsa-acceso-a-tierras-y-emprendimiento-para-juventudes-rurales-con-nuevo-programa-tierra-joven\/\"><img src=\"https:\/\/elfuerte.cl\/web\/wp-content\/uploads\/2025\/10\/actualidad001-copia-thegem-post-thumb-large.jpg\" srcset=\"https:\/\/elfuerte.cl\/web\/wp-content\/uploads\/2025\/10\/actualidad001-copia-thegem-post-thumb-small.jpg 1x, https:\/\/elfuerte.cl\/web\/wp-content\/uploads\/2025\/10\/actualidad001-copia-thegem-post-thumb-large.jpg 2x\" alt=\"\"\/><\/a><\/div><div class=\"gem-pp-posts-text\"> <div class=\"gem-pp-posts-item\"><a href=\"https:\/\/elfuerte.cl\/web\/2025\/10\/08\/indap-impulsa-acceso-a-tierras-y-emprendimiento-para-juventudes-rurales-con-nuevo-programa-tierra-joven\/\">INDAP impulsa acceso a tierras y emprendimiento para juventudes rurales con nuevo programa \u201cTierra Joven\u201d<\/a><\/div><div class=\"gem-pp-posts-date\">08\/10\/2025<\/div><\/div><\/li><li class=\"clearfix gem-pp-posts\"><div class=\"gem-pp-posts-image\"><a href=\"https:\/\/elfuerte.cl\/web\/2025\/09\/05\/la-derrota-que-dejo-al-gobierno-sin-brujula\/\"><img src=\"https:\/\/elfuerte.cl\/web\/wp-content\/uploads\/2025\/09\/actualidad004-thegem-post-thumb-large.jpg\" srcset=\"https:\/\/elfuerte.cl\/web\/wp-content\/uploads\/2025\/09\/actualidad004-thegem-post-thumb-small.jpg 1x, https:\/\/elfuerte.cl\/web\/wp-content\/uploads\/2025\/09\/actualidad004-thegem-post-thumb-large.jpg 2x\" alt=\"\"\/><\/a><\/div><div class=\"gem-pp-posts-text\"> <div class=\"gem-pp-posts-item\"><a href=\"https:\/\/elfuerte.cl\/web\/2025\/09\/05\/la-derrota-que-dejo-al-gobierno-sin-brujula\/\">La derrota que dej\u00f3 al gobierno sin br\u00fajula<\/a><\/div><div class=\"gem-pp-posts-date\">05\/09\/2025<\/div><\/div><\/li><\/ul><\/aside>\t\t\t\t<\/div>\n\t\t\t\t\t<\/div>\n\t\t<\/div>\n\t\t\t\t\t<\/div><\/div>\r\n\t\t<\/section>\r\n\t\t\t\t<\/div>\n\t\t","protected":false},"excerpt":{"rendered":"<p>Gracias a un trabajo conjunto con la Junta Nacional de Auxilio Escolar y Becas (Junaeb), el Sindicato de Pescadores Artesanales de la Caleta Anahuac y la Municipalidad, Puerto Montt dio inicio a un proyecto piloto que incorpora la merluza austral en la dieta de estudiantes.<\/p>\n","protected":false},"author":1,"featured_media":6155,"comment_status":"closed","ping_status":"closed","sticky":false,"template":"single-fullwidth.php","format":"standard","meta":{"footnotes":""},"categories":[21,100],"tags":[794,199],"class_list":{"0":"post-6152","1":"post","2":"type-post","3":"status-publish","4":"format-standard","5":"has-post-thumbnail","7":"category-actualidad","8":"category-destacados","9":"tag-merluza","10":"tag-puerto-montt"},"menu_order":1,"_links":{"self":[{"href":"https:\/\/elfuerte.cl\/web\/wp-json\/wp\/v2\/posts\/6152","targetHints":{"allow":["GET"]}}],"collection":[{"href":"https:\/\/elfuerte.cl\/web\/wp-json\/wp\/v2\/posts"}],"about":[{"href":"https:\/\/elfuerte.cl\/web\/wp-json\/wp\/v2\/types\/post"}],"author":[{"embeddable":true,"href":"https:\/\/elfuerte.cl\/web\/wp-json\/wp\/v2\/users\/1"}],"replies":[{"embeddable":true,"href":"https:\/\/elfuerte.cl\/web\/wp-json\/wp\/v2\/comments?post=6152"}],"version-history":[{"count":14,"href":"https:\/\/elfuerte.cl\/web\/wp-json\/wp\/v2\/posts\/6152\/revisions"}],"predecessor-version":[{"id":6168,"href":"https:\/\/elfuerte.cl\/web\/wp-json\/wp\/v2\/posts\/6152\/revisions\/6168"}],"wp:featuredmedia":[{"embeddable":true,"href":"https:\/\/elfuerte.cl\/web\/wp-json\/wp\/v2\/media\/6155"}],"wp:attachment":[{"href":"https:\/\/elfuerte.cl\/web\/wp-json\/wp\/v2\/media?parent=6152"}],"wp:term":[{"taxonomy":"category","embeddable":true,"href":"https:\/\/elfuerte.cl\/web\/wp-json\/wp\/v2\/categories?post=6152"},{"taxonomy":"post_tag","embeddable":true,"href":"https:\/\/elfuerte.cl\/web\/wp-json\/wp\/v2\/tags?post=6152"}],"curies":[{"name":"wp","href":"https:\/\/api.w.org\/{rel}","templated":true}]}}