{"id":6294,"date":"2026-04-28T14:45:04","date_gmt":"2026-04-28T18:45:04","guid":{"rendered":"https:\/\/elfuerte.cl\/web\/?p=6294"},"modified":"2026-04-28T14:52:02","modified_gmt":"2026-04-28T18:52:02","slug":"teleton-2026-ya-tiene-fecha-se-realizara-el-6-y-7-de-noviembre","status":"publish","type":"post","link":"https:\/\/elfuerte.cl\/web\/2026\/04\/28\/teleton-2026-ya-tiene-fecha-se-realizara-el-6-y-7-de-noviembre\/","title":{"rendered":"Telet\u00f3n 2026 ya tiene fecha: se realizar\u00e1 el 6 y 7 de noviembre"},"content":{"rendered":"\t\t<div data-elementor-type=\"wp-post\" data-elementor-id=\"6294\" class=\"elementor elementor-6294\">\n\t\t\t\t\t\t<section class=\"elementor-section elementor-top-section elementor-element elementor-element-464cea7 elementor-section-boxed elementor-section-height-default elementor-section-height-default\" data-id=\"464cea7\" data-element_type=\"section\">\r\n\t\t\t\t\t\t<div class=\"elementor-container elementor-column-gap-thegem\"><div class=\"elementor-row\">\r\n\t\t\t\t\t<div class=\"elementor-column elementor-col-66 elementor-top-column elementor-element elementor-element-2f44c54\" data-id=\"2f44c54\" data-element_type=\"column\">\n\t\t\t<div class=\"elementor-widget-wrap elementor-element-populated\">\n\t\t\t\t\t\t<div class=\"elementor-element elementor-element-ab386a6 flex-horizontal-align-default flex-horizontal-align-tablet-default flex-horizontal-align-mobile-default flex-vertical-align-default flex-vertical-align-tablet-default flex-vertical-align-mobile-default elementor-widget elementor-widget-heading\" data-id=\"ab386a6\" data-element_type=\"widget\" data-widget_type=\"heading.default\">\n\t\t\t\t\t<div class=\"title-h1 elementor-heading-title elementor-size-default\">Telet\u00f3n 2026 ya tiene fecha: se realizar\u00e1 el 6 y 7 de noviembre<\/div>\t\t\t\t<\/div>\n\t\t\t\t<div class=\"elementor-element elementor-element-8427bf3 elementor-widget__width-initial flex-horizontal-align-default flex-horizontal-align-tablet-default flex-horizontal-align-mobile-default flex-vertical-align-default flex-vertical-align-tablet-default flex-vertical-align-mobile-default elementor-widget elementor-widget-text-editor\" data-id=\"8427bf3\" data-element_type=\"widget\" data-widget_type=\"text-editor.default\">\n\t\t\t\t\t\t\t\t\t\t\t\t<div class=\"elementor-text-editor elementor-clearfix\">\r\n\t\t\t\t\t\t<p><em><strong>El anuncio se realiz\u00f3 en el Instituto Telet\u00f3n de O\u2019Higgins, que cumple sus primeros 100 d\u00edas en funcionamiento. En la instancia, el Presidente de la Rep\u00fablica anunci\u00f3 el env\u00edo de un proyecto de ley para establecer el D\u00eda Nacional de la Telet\u00f3n y el D\u00eda del Encuentro Familiar.<\/strong><\/em><\/p><p>Telet\u00f3n anunci\u00f3 la fecha de su campa\u00f1a de recaudaci\u00f3n 2026, a\u00f1o en que cumple 48 a\u00f1os de historia, la que se llevar\u00e1 a cabo el<strong> viernes 6 y s\u00e1bado 7 de noviembre<\/strong> pr\u00f3ximos.<\/p><p>La revelaci\u00f3n se hizo en una actividad especial en el Instituto Telet\u00f3n de O\u2019Higgins, que ya cumple sus primeros 100 d\u00edas en funcionamiento, y que cont\u00f3 con la presencia del Presidente de la Rep\u00fablica, <strong>Jos\u00e9 Antonio Kast<\/strong>; ministros de Estado; parlamentarios de la zona; el gobernador y consejeros regionales; alcaldes; representantes de instituciones locales y empresas; organizaciones sociales; adem\u00e1s de familias y pacientes Telet\u00f3n. Tambi\u00e9n participaron<strong> Mario Kreutzberger<\/strong>, cofundador y director honorario de Telet\u00f3n; <strong>Guillermo Tagle<\/strong>, presidente del directorio; y <strong>Mar\u00eda Jos\u00e9 Zald\u00edvar<\/strong>, directora general de Fundaci\u00f3n Telet\u00f3n.<\/p><p>La fecha fue acordada con los canales de la televisi\u00f3n chilena que transmiten las tradicionales 27 horas de campa\u00f1a, que desde 1978 han permitido convocar a todo el pa\u00eds en torno a esta causa solidaria, apoyando la rehabilitaci\u00f3n e inclusi\u00f3n a cerca de 32 mil ni\u00f1os, ni\u00f1as y j\u00f3venes con discapacidad en Chile.<\/p><p><strong>Guillermo Tagle destac\u00f3 el impacto del nuevo centro en la regi\u00f3n:<\/strong> \u201cEste instituto no es solo un edificio, es una muestra viva de que Telet\u00f3n ocurre todos los d\u00edas. Hace poco m\u00e1s de tres meses comenz\u00f3 a funcionar, acercando la rehabilitaci\u00f3n a cientos de familias que antes deb\u00edan recorrer largas distancias. Lo que vemos hoy es profundamente esperanzador: un equipo comprometido, familias iniciando sus procesos y una comunidad que ya siente este espacio como propio\u201d.<\/p><p>En la misma l\u00ednea, <strong>Mario Kreutzberger<\/strong>, director honorario de la obra solidaria, relev\u00f3 el valor del proyecto y su significado para el pa\u00eds: \u201cEstar hoy aqu\u00ed no es casualidad, porque este instituto representa de manera muy concreta lo que somos capaces de hacer cuando nos unimos detr\u00e1s de un prop\u00f3sito com\u00fan. Si en sus inicios Chile se uni\u00f3 para apoyar a los ni\u00f1os con discapacidad, hoy hemos llegado a un punto en que son los propios ni\u00f1os, ni\u00f1as y sus familias quienes nos regalan la oportunidad de encontrarnos cada a\u00f1o en torno a la Telet\u00f3n\u201d.<\/p><p>Asimismo, abord\u00f3 los desaf\u00edos futuros y el llamado a la pr\u00f3xima campa\u00f1a: \u201cA pesar de los avances, seguimos enfrentando desaf\u00edos importantes, como la construcci\u00f3n de un nuevo centro en Valpara\u00edso, avanzar en un centro de apoyo en Chilo\u00e9 y ampliar la cobertura. Los d\u00edas 6 y 7 de noviembre volveremos a encontrarnos como pa\u00eds en una nueva Telet\u00f3n, una oportunidad para unirnos en un solo coraz\u00f3n y sacar adelante esta gran obra solidaria\u201d.<br \/>Durante la actividad, adem\u00e1s, se dio a conocer un importante anuncio. El Presidente de la Rep\u00fablica inform\u00f3 el env\u00edo de un proyecto de ley que busca establecer el primer s\u00e1bado de noviembre de cada a\u00f1o como el <strong>D\u00eda Nacional de la Telet\u00f3n<\/strong>, junto con declarar el domingo siguiente como el <strong>D\u00eda Nacional del Encuentro Familiar<\/strong>.<\/p><p>\u201cM\u00e1s all\u00e1 de las diferencias leg\u00edtimas que podamos tener, hay causas que nos unen, y la Telet\u00f3n es una de ellas. Por eso vamos a presentar un proyecto de ley para establecer el D\u00eda Nacional de la Telet\u00f3n y el D\u00eda del Encuentro Familiar, reconociendo una obra que es m\u00e9rito de todo su equipo y de un pa\u00eds que se une por un prop\u00f3sito com\u00fan\u201d, coment\u00f3 e<strong>l Presidente Jos\u00e9 Antonio Kast<\/strong>.<\/p><p>La jornada cont\u00f3 tambi\u00e9n con la participaci\u00f3n de embajadoras y embajadores televisivos de la campa\u00f1a Telet\u00f3n, como <strong>Ang\u00e9lica Castro, Millaray Viera <\/strong>y<strong> Juan Pablo Queralt\u00f3<\/strong>, quien ofici\u00f3 como animador del encuentro, destacando su v\u00ednculo con la regi\u00f3n de O\u2019Higgins.<\/p><p>La planificaci\u00f3n de la campa\u00f1a 2026 ya est\u00e1 en marcha, tomando como referencia los <strong>$44.253.268.546<\/strong> alcanzados en el c\u00f3mputo final del programa televisivo 2025.<\/p><p>Con esta nueva campa\u00f1a, Telet\u00f3n busca renovar el compromiso solidario del pa\u00eds con la rehabilitaci\u00f3n e inclusi\u00f3n, convocando una vez m\u00e1s a millones de personas a sumarse a esta causa, que permite dar continuidad a los tratamientos de cerca de 32 mil ni\u00f1as, ni\u00f1os y j\u00f3venes con discapacidad que se atienden en los 15 institutos Telet\u00f3n a lo largo de Chile.<\/p><p><strong><b>Redacci\u00f3n El Fuerte Noticias<\/b><\/strong><\/p>\t\t\t\t\t\t\t<\/div>\r\n\t\t\t\t\t\t\t\t\t\t<\/div>\n\t\t\t\t<div class=\"elementor-element elementor-element-300128b elementor-arrows-position-inside elementor-pagination-position-outside flex-horizontal-align-default flex-horizontal-align-tablet-default flex-horizontal-align-mobile-default flex-vertical-align-default flex-vertical-align-tablet-default flex-vertical-align-mobile-default elementor-widget elementor-widget-image-carousel\" data-id=\"300128b\" data-element_type=\"widget\" data-settings=\"{&quot;slides_to_show&quot;:&quot;1&quot;,&quot;navigation&quot;:&quot;both&quot;,&quot;autoplay&quot;:&quot;yes&quot;,&quot;pause_on_hover&quot;:&quot;yes&quot;,&quot;pause_on_interaction&quot;:&quot;yes&quot;,&quot;autoplay_speed&quot;:5000,&quot;infinite&quot;:&quot;yes&quot;,&quot;effect&quot;:&quot;slide&quot;,&quot;speed&quot;:500}\" data-widget_type=\"image-carousel.default\">\n\t\t\t\t\t\t\t<div class=\"elementor-image-carousel-wrapper swiper\" role=\"region\" aria-roledescription=\"carousel\" aria-label=\"Carrusel de im\u00e1genes\" dir=\"ltr\">\n\t\t\t<div class=\"elementor-image-carousel swiper-wrapper\" aria-live=\"off\">\n\t\t\t\t\t\t\t\t<div class=\"swiper-slide\" role=\"group\" aria-roledescription=\"slide\" aria-label=\"1 de 6\"><figure class=\"swiper-slide-inner\"><img class=\"swiper-slide-image\" src=\"https:\/\/elfuerte.cl\/web\/wp-content\/uploads\/2026\/04\/t1.webp\" alt=\"t1\" \/><\/figure><\/div><div class=\"swiper-slide\" role=\"group\" aria-roledescription=\"slide\" aria-label=\"2 de 6\"><figure class=\"swiper-slide-inner\"><img class=\"swiper-slide-image\" src=\"https:\/\/elfuerte.cl\/web\/wp-content\/uploads\/2026\/04\/t2.webp\" alt=\"t2\" \/><\/figure><\/div><div class=\"swiper-slide\" role=\"group\" aria-roledescription=\"slide\" aria-label=\"3 de 6\"><figure class=\"swiper-slide-inner\"><img class=\"swiper-slide-image\" src=\"https:\/\/elfuerte.cl\/web\/wp-content\/uploads\/2026\/04\/t3.webp\" alt=\"t3\" \/><\/figure><\/div><div class=\"swiper-slide\" role=\"group\" aria-roledescription=\"slide\" aria-label=\"4 de 6\"><figure class=\"swiper-slide-inner\"><img class=\"swiper-slide-image\" src=\"https:\/\/elfuerte.cl\/web\/wp-content\/uploads\/2026\/04\/t4.webp\" alt=\"t4\" \/><\/figure><\/div><div class=\"swiper-slide\" role=\"group\" aria-roledescription=\"slide\" aria-label=\"5 de 6\"><figure class=\"swiper-slide-inner\"><img class=\"swiper-slide-image\" src=\"https:\/\/elfuerte.cl\/web\/wp-content\/uploads\/2026\/04\/t5.webp\" alt=\"t5\" \/><\/figure><\/div><div class=\"swiper-slide\" role=\"group\" aria-roledescription=\"slide\" aria-label=\"6 de 6\"><figure class=\"swiper-slide-inner\"><img class=\"swiper-slide-image\" src=\"https:\/\/elfuerte.cl\/web\/wp-content\/uploads\/2026\/04\/t6.webp\" alt=\"t6\" \/><\/figure><\/div>\t\t\t<\/div>\n\t\t\t\t\t\t\t\t\t\t\t\t<div class=\"elementor-swiper-button elementor-swiper-button-prev\" role=\"button\" tabindex=\"0\">\n\t\t\t\t\t\t<svg aria-hidden=\"true\" class=\"e-font-icon-svg e-eicon-chevron-left\" viewBox=\"0 0 1000 1000\" xmlns=\"http:\/\/www.w3.org\/2000\/svg\"><path d=\"M646 125C629 125 613 133 604 142L308 442C296 454 292 471 292 487 292 504 296 521 308 533L604 854C617 867 629 875 646 875 663 875 679 871 692 858 704 846 713 829 713 812 713 796 708 779 692 767L438 487 692 225C700 217 708 204 708 187 708 171 704 154 692 142 675 129 663 125 646 125Z\"><\/path><\/svg>\t\t\t\t\t<\/div>\n\t\t\t\t\t<div class=\"elementor-swiper-button elementor-swiper-button-next\" role=\"button\" tabindex=\"0\">\n\t\t\t\t\t\t<svg aria-hidden=\"true\" class=\"e-font-icon-svg e-eicon-chevron-right\" viewBox=\"0 0 1000 1000\" xmlns=\"http:\/\/www.w3.org\/2000\/svg\"><path d=\"M696 533C708 521 713 504 713 487 713 471 708 454 696 446L400 146C388 133 375 125 354 125 338 125 325 129 313 142 300 154 292 171 292 187 292 204 296 221 308 233L563 492 304 771C292 783 288 800 288 817 288 833 296 850 308 863 321 871 338 875 354 875 371 875 388 867 400 854L696 533Z\"><\/path><\/svg>\t\t\t\t\t<\/div>\n\t\t\t\t\n\t\t\t\t\t\t\t\t\t<div class=\"swiper-pagination\"><\/div>\n\t\t\t\t\t\t\t\t\t<\/div>\n\t\t\t\t\t\t<\/div>\n\t\t\t\t<div class=\"elementor-element elementor-element-5ac3e4a flex-horizontal-align-default flex-horizontal-align-tablet-default flex-horizontal-align-mobile-default flex-vertical-align-default flex-vertical-align-tablet-default flex-vertical-align-mobile-default elementor-widget elementor-widget-thegem-styledimage\" data-id=\"5ac3e4a\" data-element_type=\"widget\" data-settings=\"{&quot;thegem_elementor_preset&quot;:&quot;style-2&quot;,&quot;image&quot;:{&quot;url&quot;:&quot;https:\\\/\\\/elfuerte.cl\\\/web\\\/wp-content\\\/uploads\\\/2025\\\/10\\\/bannerefdelsur.jpg&quot;,&quot;id&quot;:1540,&quot;size&quot;:&quot;&quot;,&quot;alt&quot;:&quot;&quot;,&quot;source&quot;:&quot;library&quot;},&quot;image_position&quot;:&quot;left&quot;}\" data-widget_type=\"thegem-styledimage.default\">\n\t\t\t\t<div class=\"elementor-widget-container\">\n\t\t\t\t\t\n<div class=\"styled-image-wrapper\">\n\t\t\t<div class=\"gem-image gem-wrapbox gem-wrapbox-style-2 gem-wrapbox-position-left lazy-loading \">\n\t\t\t<div class=\"gem-wrapbox-inner  lazy-loading-item\"  data-ll-effect=\"move-up\">\n\t\t\t\t\t\t\t\t<a href=\"#\">\n\t\t\t\t\t\t\t\t\t\t<img class=\"gem-wrapbox-element img-responsive \"\n\t\t\t\t\t\t src=\"https:\/\/elfuerte.cl\/web\/wp-content\/uploads\/2025\/10\/bannerefdelsur.jpg\"\n\t\t\t\t\t\t alt=\"bannerefdelsur\">\n\t\t\t\t\t\t\t\t\t\t\t\t\t\t<\/a>\n\t\t\t\t\t\t<\/div>\n\t\t<\/div>\n\t\t<\/div>\n\n\n\t\n\t\t\t\t\t\t<\/div>\n\t\t\t\t<\/div>\n\t\t\t\t\t<\/div>\n\t\t<\/div>\n\t\t\t\t<div class=\"elementor-column elementor-col-33 elementor-top-column elementor-element elementor-element-dfac7b7\" data-id=\"dfac7b7\" data-element_type=\"column\">\n\t\t\t<div class=\"elementor-widget-wrap elementor-element-populated\">\n\t\t\t\t\t\t<div class=\"elementor-element elementor-element-af7077d flex-horizontal-align-default flex-horizontal-align-tablet-default flex-horizontal-align-mobile-default flex-vertical-align-default flex-vertical-align-tablet-default flex-vertical-align-mobile-default elementor-widget elementor-widget-sidebar\" data-id=\"af7077d\" data-element_type=\"widget\" data-settings=\"{&quot;thegem_custom_css&quot;:&quot;.gem-pp-posts-image {\\r\\n    width: 72px;\\r\\n}\\r\\n.gem-pp-posts-image img {\\r\\n    border-radius: 50%;\\r\\n}\\r\\nselector h4 {\\r\\n    padding-top: 40px;\\r\\n}&quot;}\" data-widget_type=\"sidebar.default\">\n\t\t\t\t\t<aside id=\"media_image-3\" class=\"widget widget_media_image\"><img width=\"750\" height=\"750\" src=\"https:\/\/elfuerte.cl\/web\/wp-content\/uploads\/2025\/10\/bannerrojook.jpg\" class=\"image wp-image-1681  attachment-full size-full\" alt=\"\" style=\"max-width: 100%; height: auto;\" title=\"Banner\" srcset=\"https:\/\/elfuerte.cl\/web\/wp-content\/uploads\/2025\/10\/bannerrojook.jpg 750w, https:\/\/elfuerte.cl\/web\/wp-content\/uploads\/2025\/10\/bannerrojook-300x300.jpg 300w, https:\/\/elfuerte.cl\/web\/wp-content\/uploads\/2025\/10\/bannerrojook-150x150.jpg 150w, https:\/\/elfuerte.cl\/web\/wp-content\/uploads\/2025\/10\/bannerrojook-256x256.jpg 256w\" sizes=\"(max-width: 750px) 100vw, 750px\" \/><\/aside><aside id=\"categories-2\" class=\"widget widget_categories\"><h4 class=\"widget-title\">Secciones<\/h4>\n\t\t\t<ul>\n\t\t\t\t\t<li class=\"cat-item cat-item-21\"><a href=\"https:\/\/elfuerte.cl\/web\/category\/actualidad\/\" title=\"View all posts filed under Actualidad\">Actualidad<\/a>\n<\/li>\n\t<li class=\"cat-item cat-item-100\"><a href=\"https:\/\/elfuerte.cl\/web\/category\/destacados\/\" title=\"View all posts filed under Destacados\">Destacados<\/a>\n<\/li>\n\t<li class=\"cat-item cat-item-101\"><a href=\"https:\/\/elfuerte.cl\/web\/category\/region-ludica\/\" title=\"View all posts filed under Regi\u00f3n L\u00fadica\">Regi\u00f3n L\u00fadica<\/a>\n<\/li>\n\t<li class=\"cat-item cat-item-157\"><a href=\"https:\/\/elfuerte.cl\/web\/category\/sala-de-redaccion\/\" title=\"View all posts filed under Sala de Redacci\u00f3n\">Sala de Redacci\u00f3n<\/a>\n<\/li>\n\t\t\t<\/ul>\n\n\t\t\t<\/aside><aside id=\"custom_popular_posts-2\" class=\"widget Custom_Popular_Posts\"><h4 class=\"widget-title\">Populares<\/h4><ul class=\"posts  styled\"><li class=\"clearfix gem-pp-posts\"><div class=\"gem-pp-posts-image\"><a href=\"https:\/\/elfuerte.cl\/web\/2026\/04\/28\/teleton-2026-ya-tiene-fecha-se-realizara-el-6-y-7-de-noviembre\/\"><img src=\"https:\/\/elfuerte.cl\/web\/wp-content\/uploads\/2026\/04\/tbanner-thegem-post-thumb-large.webp\" srcset=\"https:\/\/elfuerte.cl\/web\/wp-content\/uploads\/2026\/04\/tbanner-thegem-post-thumb-small.webp 1x, https:\/\/elfuerte.cl\/web\/wp-content\/uploads\/2026\/04\/tbanner-thegem-post-thumb-large.webp 2x\" alt=\"\"\/><\/a><\/div><div class=\"gem-pp-posts-text\"> <div class=\"gem-pp-posts-item\"><a href=\"https:\/\/elfuerte.cl\/web\/2026\/04\/28\/teleton-2026-ya-tiene-fecha-se-realizara-el-6-y-7-de-noviembre\/\">Telet\u00f3n 2026 ya tiene fecha: se realizar\u00e1 el 6 y 7 de noviembre<\/a><\/div><div class=\"gem-pp-posts-date\">28\/04\/2026<\/div><\/div><\/li><li class=\"clearfix gem-pp-posts\"><div class=\"gem-pp-posts-image\"><a href=\"https:\/\/elfuerte.cl\/web\/2025\/10\/11\/recuperar-una-casa-y-un-icono-de-la-historia-lotina\/\"><img src=\"https:\/\/elfuerte.cl\/web\/wp-content\/uploads\/2025\/10\/actualidad003-copia-thegem-post-thumb-large.jpg\" srcset=\"https:\/\/elfuerte.cl\/web\/wp-content\/uploads\/2025\/10\/actualidad003-copia-thegem-post-thumb-small.jpg 1x, https:\/\/elfuerte.cl\/web\/wp-content\/uploads\/2025\/10\/actualidad003-copia-thegem-post-thumb-large.jpg 2x\" alt=\"\"\/><\/a><\/div><div class=\"gem-pp-posts-text\"> <div class=\"gem-pp-posts-item\"><a href=\"https:\/\/elfuerte.cl\/web\/2025\/10\/11\/recuperar-una-casa-y-un-icono-de-la-historia-lotina\/\">Recuperar una casa y un \u00edcono de la historia lotina<\/a><\/div><div class=\"gem-pp-posts-date\">11\/10\/2025<\/div><\/div><\/li><li class=\"clearfix gem-pp-posts\"><div class=\"gem-pp-posts-image\"><a href=\"https:\/\/elfuerte.cl\/web\/2025\/10\/08\/indap-impulsa-acceso-a-tierras-y-emprendimiento-para-juventudes-rurales-con-nuevo-programa-tierra-joven\/\"><img src=\"https:\/\/elfuerte.cl\/web\/wp-content\/uploads\/2025\/10\/actualidad001-copia-thegem-post-thumb-large.jpg\" srcset=\"https:\/\/elfuerte.cl\/web\/wp-content\/uploads\/2025\/10\/actualidad001-copia-thegem-post-thumb-small.jpg 1x, https:\/\/elfuerte.cl\/web\/wp-content\/uploads\/2025\/10\/actualidad001-copia-thegem-post-thumb-large.jpg 2x\" alt=\"\"\/><\/a><\/div><div class=\"gem-pp-posts-text\"> <div class=\"gem-pp-posts-item\"><a href=\"https:\/\/elfuerte.cl\/web\/2025\/10\/08\/indap-impulsa-acceso-a-tierras-y-emprendimiento-para-juventudes-rurales-con-nuevo-programa-tierra-joven\/\">INDAP impulsa acceso a tierras y emprendimiento para juventudes rurales con nuevo programa \u201cTierra Joven\u201d<\/a><\/div><div class=\"gem-pp-posts-date\">08\/10\/2025<\/div><\/div><\/li><li class=\"clearfix gem-pp-posts\"><div class=\"gem-pp-posts-image\"><a href=\"https:\/\/elfuerte.cl\/web\/2025\/09\/05\/la-derrota-que-dejo-al-gobierno-sin-brujula\/\"><img src=\"https:\/\/elfuerte.cl\/web\/wp-content\/uploads\/2025\/09\/actualidad004-thegem-post-thumb-large.jpg\" srcset=\"https:\/\/elfuerte.cl\/web\/wp-content\/uploads\/2025\/09\/actualidad004-thegem-post-thumb-small.jpg 1x, https:\/\/elfuerte.cl\/web\/wp-content\/uploads\/2025\/09\/actualidad004-thegem-post-thumb-large.jpg 2x\" alt=\"\"\/><\/a><\/div><div class=\"gem-pp-posts-text\"> <div class=\"gem-pp-posts-item\"><a href=\"https:\/\/elfuerte.cl\/web\/2025\/09\/05\/la-derrota-que-dejo-al-gobierno-sin-brujula\/\">La derrota que dej\u00f3 al gobierno sin br\u00fajula<\/a><\/div><div class=\"gem-pp-posts-date\">05\/09\/2025<\/div><\/div><\/li><\/ul><\/aside>\t\t\t\t<\/div>\n\t\t\t\t\t<\/div>\n\t\t<\/div>\n\t\t\t\t\t<\/div><\/div>\r\n\t\t<\/section>\r\n\t\t\t\t<\/div>\n\t\t","protected":false},"excerpt":{"rendered":"<p>El anuncio se realiz\u00f3 en el Instituto Telet\u00f3n de O\u2019Higgins, que cumple sus primeros 100 d\u00edas en funcionamiento. En la instancia, el Presidente de la Rep\u00fablica anunci\u00f3 el env\u00edo de un proyecto de ley para establecer el D\u00eda Nacional de la Telet\u00f3n y el D\u00eda del Encuentro Familiar.<\/p>\n","protected":false},"author":1,"featured_media":6296,"comment_status":"closed","ping_status":"closed","sticky":false,"template":"single-fullwidth.php","format":"standard","meta":{"footnotes":""},"categories":[21,100],"tags":[65,169,402],"class_list":{"0":"post-6294","1":"post","2":"type-post","3":"status-publish","4":"format-standard","5":"has-post-thumbnail","7":"category-actualidad","8":"category-destacados","9":"tag-actualidad","10":"tag-inclusion","11":"tag-teleton"},"menu_order":1,"_links":{"self":[{"href":"https:\/\/elfuerte.cl\/web\/wp-json\/wp\/v2\/posts\/6294","targetHints":{"allow":["GET"]}}],"collection":[{"href":"https:\/\/elfuerte.cl\/web\/wp-json\/wp\/v2\/posts"}],"about":[{"href":"https:\/\/elfuerte.cl\/web\/wp-json\/wp\/v2\/types\/post"}],"author":[{"embeddable":true,"href":"https:\/\/elfuerte.cl\/web\/wp-json\/wp\/v2\/users\/1"}],"replies":[{"embeddable":true,"href":"https:\/\/elfuerte.cl\/web\/wp-json\/wp\/v2\/comments?post=6294"}],"version-history":[{"count":4,"href":"https:\/\/elfuerte.cl\/web\/wp-json\/wp\/v2\/posts\/6294\/revisions"}],"predecessor-version":[{"id":6305,"href":"https:\/\/elfuerte.cl\/web\/wp-json\/wp\/v2\/posts\/6294\/revisions\/6305"}],"wp:featuredmedia":[{"embeddable":true,"href":"https:\/\/elfuerte.cl\/web\/wp-json\/wp\/v2\/media\/6296"}],"wp:attachment":[{"href":"https:\/\/elfuerte.cl\/web\/wp-json\/wp\/v2\/media?parent=6294"}],"wp:term":[{"taxonomy":"category","embeddable":true,"href":"https:\/\/elfuerte.cl\/web\/wp-json\/wp\/v2\/categories?post=6294"},{"taxonomy":"post_tag","embeddable":true,"href":"https:\/\/elfuerte.cl\/web\/wp-json\/wp\/v2\/tags?post=6294"}],"curies":[{"name":"wp","href":"https:\/\/api.w.org\/{rel}","templated":true}]}}