{"id":6349,"date":"2026-05-02T16:51:41","date_gmt":"2026-05-02T20:51:41","guid":{"rendered":"https:\/\/elfuerte.cl\/web\/?p=6349"},"modified":"2026-05-02T16:53:32","modified_gmt":"2026-05-02T20:53:32","slug":"ferias-libres-de-frutillar-se-consolidan-como-eje-de-desarrollo-local-y-rescate-de-identidad-productiva","status":"publish","type":"post","link":"https:\/\/elfuerte.cl\/web\/2026\/05\/02\/ferias-libres-de-frutillar-se-consolidan-como-eje-de-desarrollo-local-y-rescate-de-identidad-productiva\/","title":{"rendered":"Ferias libres de Frutillar se consolidan como eje de desarrollo local y rescate de identidad productiva"},"content":{"rendered":"\t\t<div data-elementor-type=\"wp-post\" data-elementor-id=\"6349\" class=\"elementor elementor-6349\">\n\t\t\t\t\t\t<section class=\"elementor-section elementor-top-section elementor-element elementor-element-464cea7 elementor-section-boxed elementor-section-height-default elementor-section-height-default\" data-id=\"464cea7\" data-element_type=\"section\">\r\n\t\t\t\t\t\t<div class=\"elementor-container elementor-column-gap-thegem\"><div class=\"elementor-row\">\r\n\t\t\t\t\t<div class=\"elementor-column elementor-col-66 elementor-top-column elementor-element elementor-element-2f44c54\" data-id=\"2f44c54\" data-element_type=\"column\">\n\t\t\t<div class=\"elementor-widget-wrap elementor-element-populated\">\n\t\t\t\t\t\t<div class=\"elementor-element elementor-element-ab386a6 flex-horizontal-align-default flex-horizontal-align-tablet-default flex-horizontal-align-mobile-default flex-vertical-align-default flex-vertical-align-tablet-default flex-vertical-align-mobile-default elementor-widget elementor-widget-heading\" data-id=\"ab386a6\" data-element_type=\"widget\" data-widget_type=\"heading.default\">\n\t\t\t\t\t<div class=\"title-h1 elementor-heading-title elementor-size-default\">Ferias libres de Frutillar se consolidan como eje \nde desarrollo local y rescate de identidad productiva<\/div>\t\t\t\t<\/div>\n\t\t\t\t<div class=\"elementor-element elementor-element-8427bf3 elementor-widget__width-initial flex-horizontal-align-default flex-horizontal-align-tablet-default flex-horizontal-align-mobile-default flex-vertical-align-default flex-vertical-align-tablet-default flex-vertical-align-mobile-default elementor-widget elementor-widget-text-editor\" data-id=\"8427bf3\" data-element_type=\"widget\" data-widget_type=\"text-editor.default\">\n\t\t\t\t\t\t\t\t\t\t\t\t<div class=\"elementor-text-editor elementor-clearfix\">\r\n\t\t\t\t\t\t<p><strong><b>Proyecto impulsado con apoyo de Sercotec fortalece el trabajo de m\u00e1s de 100 emprendedores y mejora las condiciones para su funcionamiento durante todo el a\u00f1o.<\/b><\/strong><\/p><p>Las ferias libres de Frutillar est\u00e1n dando un paso importante en su consolidaci\u00f3n como espacios permanentes de desarrollo econ\u00f3mico y expresi\u00f3n de la identidad local, tras el cierre del proyecto \u201cFerias Libres Sercotec para Carpa Municipal\u201d, iniciativa que permiti\u00f3 fortalecer el trabajo de m\u00e1s de un centenar de emprendedores de la comuna.<\/p><p>La actividad reuni\u00f3 a autoridades locales, representantes de Sercotec, dirigentes sociales y vecinos, en una instancia que permiti\u00f3 visibilizar el trabajo colaborativo entre el municipio, las organizaciones y los propios feriantes, quienes han sido protagonistas en la construcci\u00f3n de este espacio.<\/p><p>El proyecto, desarrollado por la Oficina de Fomento Productivo de la Municipalidad de Frutillar y ejecutado por la Agrupaci\u00f3n ACAF junto a diversas organizaciones, se enfoc\u00f3 en mejorar las condiciones de funcionamiento de las ferias, fortalecer su organizaci\u00f3n interna y potenciar la comercializaci\u00f3n de productos elaborados en el territorio.<\/p><p><strong><b>U<\/b><\/strong><strong><b>n trabajo con identidad<\/b><\/strong><\/p><p>Entre los avances alcanzados se encuentra la incorporaci\u00f3n de equipamiento para la exhibici\u00f3n de productos, sillas, sistemas de iluminaci\u00f3n y sonido, aire acondicionado e infraestructura que permite evitar el traslado permanente de materiales, facilitando el trabajo diario de las feriantes.<\/p><p>A ello se suman medidas de seguridad como cierre perimetral, luminarias inteligentes y c\u00e1maras de vigilancia, generando condiciones m\u00e1s adecuadas tanto para quienes trabajan en el espacio como para quienes lo visitan.<\/p><p>En paralelo, el proyecto incorpor\u00f3 instancias de capacitaci\u00f3n en gesti\u00f3n de ferias, liderazgo femenino y redes de negocio, fortaleciendo las capacidades de las agrupaciones y promoviendo formas de organizaci\u00f3n que permitan proyectar su desarrollo en el tiempo.<\/p><p>El alcalde de la comuna, Javier Arismendi, coment\u00f3 que \u201cestamos felices de apoyar a nuestros emprendedores a trav\u00e9s de estos proyectos que son importantes porque mejoran de manera significativa las condiciones para trabajar y como municipio estamos trabajando para seguir generando los espacios para ellos\u201d.<\/p><p>Por su parte, Carolina Poblete, presidenta de la Agrupaci\u00f3n Comunal de Artesanos de Frutillar y representante del proyecto, se\u00f1al\u00f3 que \u201cfue un esfuerzo de seis meses con todas las agrupaciones para poder sacar adelante esta iniciativa que beneficia a m\u00e1s de cien emprendedores y estamos felices porque nos mejora las condiciones para trabajar\u201d.<\/p><p>Las ferias libres se han transformado en un punto de encuentro donde convergen el trabajo artesanal, la producci\u00f3n campesina y el emprendimiento local, configurando un circuito econ\u00f3mico que se construye desde el territorio.<\/p><p>En estos espacios no solo se intercambian productos, sino tambi\u00e9n conocimientos, pr\u00e1cticas y formas de hacer que han sido transmitidas por generaciones, permitiendo sostener una identidad productiva que caracteriza a la comuna de Frutillar.<\/p><p>El fortalecimiento de estas ferias contribuye a dar continuidad a ese proceso, generando condiciones m\u00e1s estables para los emprendedores y consolidando un espacio que forma parte de la vida cotidiana de la comunidad.<\/p><p>Las agrupaciones que forman parte de este proyecto son la Agrupaci\u00f3n Comunal de Artesanos, Creando Ra\u00edces, Kumei Chun Mai, Feriantes de Casma, Feria Rural Loma de la Piedra, Lulpadnguen, Cultivando Sue\u00f1os, Quell\u00e9n, El Esfuerzo, Los Bajos, Feria Estaci\u00f3n, Creaciones a Mano y Feria Campesina.\u00a0<\/p><p><strong><b>Redacci\u00f3n El Fuerte Noticias<\/b><\/strong><\/p>\t\t\t\t\t\t\t<\/div>\r\n\t\t\t\t\t\t\t\t\t\t<\/div>\n\t\t\t\t<div class=\"elementor-element elementor-element-5ac3e4a flex-horizontal-align-default flex-horizontal-align-tablet-default flex-horizontal-align-mobile-default flex-vertical-align-default flex-vertical-align-tablet-default flex-vertical-align-mobile-default elementor-widget elementor-widget-thegem-styledimage\" data-id=\"5ac3e4a\" data-element_type=\"widget\" data-settings=\"{&quot;thegem_elementor_preset&quot;:&quot;style-2&quot;,&quot;image&quot;:{&quot;url&quot;:&quot;https:\\\/\\\/elfuerte.cl\\\/web\\\/wp-content\\\/uploads\\\/2025\\\/10\\\/bannerefdelsur.jpg&quot;,&quot;id&quot;:1540,&quot;size&quot;:&quot;&quot;,&quot;alt&quot;:&quot;&quot;,&quot;source&quot;:&quot;library&quot;},&quot;image_position&quot;:&quot;left&quot;}\" data-widget_type=\"thegem-styledimage.default\">\n\t\t\t\t<div class=\"elementor-widget-container\">\n\t\t\t\t\t\n<div class=\"styled-image-wrapper\">\n\t\t\t<div class=\"gem-image gem-wrapbox gem-wrapbox-style-2 gem-wrapbox-position-left lazy-loading \">\n\t\t\t<div class=\"gem-wrapbox-inner  lazy-loading-item\"  data-ll-effect=\"move-up\">\n\t\t\t\t\t\t\t\t<a href=\"#\">\n\t\t\t\t\t\t\t\t\t\t<img class=\"gem-wrapbox-element img-responsive \"\n\t\t\t\t\t\t src=\"https:\/\/elfuerte.cl\/web\/wp-content\/uploads\/2025\/10\/bannerefdelsur.jpg\"\n\t\t\t\t\t\t alt=\"bannerefdelsur\">\n\t\t\t\t\t\t\t\t\t\t\t\t\t\t<\/a>\n\t\t\t\t\t\t<\/div>\n\t\t<\/div>\n\t\t<\/div>\n\n\n\t\n\t\t\t\t\t\t<\/div>\n\t\t\t\t<\/div>\n\t\t\t\t\t<\/div>\n\t\t<\/div>\n\t\t\t\t<div class=\"elementor-column elementor-col-33 elementor-top-column elementor-element elementor-element-dfac7b7\" data-id=\"dfac7b7\" data-element_type=\"column\">\n\t\t\t<div class=\"elementor-widget-wrap elementor-element-populated\">\n\t\t\t\t\t\t<div class=\"elementor-element elementor-element-af7077d flex-horizontal-align-default flex-horizontal-align-tablet-default flex-horizontal-align-mobile-default flex-vertical-align-default flex-vertical-align-tablet-default flex-vertical-align-mobile-default elementor-widget elementor-widget-sidebar\" data-id=\"af7077d\" data-element_type=\"widget\" data-settings=\"{&quot;thegem_custom_css&quot;:&quot;.gem-pp-posts-image {\\r\\n    width: 72px;\\r\\n}\\r\\n.gem-pp-posts-image img {\\r\\n    border-radius: 50%;\\r\\n}\\r\\nselector h4 {\\r\\n    padding-top: 40px;\\r\\n}&quot;}\" data-widget_type=\"sidebar.default\">\n\t\t\t\t\t<aside id=\"media_image-3\" class=\"widget widget_media_image\"><img width=\"750\" height=\"750\" src=\"https:\/\/elfuerte.cl\/web\/wp-content\/uploads\/2025\/10\/bannerrojook.jpg\" class=\"image wp-image-1681  attachment-full size-full\" alt=\"\" style=\"max-width: 100%; height: auto;\" title=\"Banner\" srcset=\"https:\/\/elfuerte.cl\/web\/wp-content\/uploads\/2025\/10\/bannerrojook.jpg 750w, https:\/\/elfuerte.cl\/web\/wp-content\/uploads\/2025\/10\/bannerrojook-300x300.jpg 300w, https:\/\/elfuerte.cl\/web\/wp-content\/uploads\/2025\/10\/bannerrojook-150x150.jpg 150w, https:\/\/elfuerte.cl\/web\/wp-content\/uploads\/2025\/10\/bannerrojook-256x256.jpg 256w\" sizes=\"(max-width: 750px) 100vw, 750px\" \/><\/aside><aside id=\"categories-2\" class=\"widget widget_categories\"><h4 class=\"widget-title\">Secciones<\/h4>\n\t\t\t<ul>\n\t\t\t\t\t<li class=\"cat-item cat-item-21\"><a href=\"https:\/\/elfuerte.cl\/web\/category\/actualidad\/\" title=\"View all posts filed under Actualidad\">Actualidad<\/a>\n<\/li>\n\t<li class=\"cat-item cat-item-100\"><a href=\"https:\/\/elfuerte.cl\/web\/category\/destacados\/\" title=\"View all posts filed under Destacados\">Destacados<\/a>\n<\/li>\n\t<li class=\"cat-item cat-item-101\"><a href=\"https:\/\/elfuerte.cl\/web\/category\/region-ludica\/\" title=\"View all posts filed under Regi\u00f3n L\u00fadica\">Regi\u00f3n L\u00fadica<\/a>\n<\/li>\n\t<li class=\"cat-item cat-item-157\"><a href=\"https:\/\/elfuerte.cl\/web\/category\/sala-de-redaccion\/\" title=\"View all posts filed under Sala de Redacci\u00f3n\">Sala de Redacci\u00f3n<\/a>\n<\/li>\n\t\t\t<\/ul>\n\n\t\t\t<\/aside><aside id=\"custom_popular_posts-2\" class=\"widget Custom_Popular_Posts\"><h4 class=\"widget-title\">Populares<\/h4><ul class=\"posts  styled\"><li class=\"clearfix gem-pp-posts\"><div class=\"gem-pp-posts-image\"><a href=\"https:\/\/elfuerte.cl\/web\/2026\/05\/02\/cuenta-publica-pone-el-acento-en-planificacion-y-cartera-de-mas-de-200-proyectos-al-2030\/\"><img src=\"https:\/\/elfuerte.cl\/web\/wp-content\/uploads\/2026\/05\/portada-2026-05-02T211815.426-thegem-post-thumb-large.jpg\" srcset=\"https:\/\/elfuerte.cl\/web\/wp-content\/uploads\/2026\/05\/portada-2026-05-02T211815.426-thegem-post-thumb-small.jpg 1x, https:\/\/elfuerte.cl\/web\/wp-content\/uploads\/2026\/05\/portada-2026-05-02T211815.426-thegem-post-thumb-large.jpg 2x\" alt=\"\"\/><\/a><\/div><div class=\"gem-pp-posts-text\"> <div class=\"gem-pp-posts-item\"><a href=\"https:\/\/elfuerte.cl\/web\/2026\/05\/02\/cuenta-publica-pone-el-acento-en-planificacion-y-cartera-de-mas-de-200-proyectos-al-2030\/\">Cuenta p\u00fablica pone el acento en planificaci\u00f3n y cartera de m\u00e1s de 200 proyectos al 2030<\/a><\/div><div class=\"gem-pp-posts-date\">02\/05\/2026<\/div><\/div><\/li><li class=\"clearfix gem-pp-posts\"><div class=\"gem-pp-posts-image\"><a href=\"https:\/\/elfuerte.cl\/web\/2025\/10\/11\/recuperar-una-casa-y-un-icono-de-la-historia-lotina\/\"><img src=\"https:\/\/elfuerte.cl\/web\/wp-content\/uploads\/2025\/10\/actualidad003-copia-thegem-post-thumb-large.jpg\" srcset=\"https:\/\/elfuerte.cl\/web\/wp-content\/uploads\/2025\/10\/actualidad003-copia-thegem-post-thumb-small.jpg 1x, https:\/\/elfuerte.cl\/web\/wp-content\/uploads\/2025\/10\/actualidad003-copia-thegem-post-thumb-large.jpg 2x\" alt=\"\"\/><\/a><\/div><div class=\"gem-pp-posts-text\"> <div class=\"gem-pp-posts-item\"><a href=\"https:\/\/elfuerte.cl\/web\/2025\/10\/11\/recuperar-una-casa-y-un-icono-de-la-historia-lotina\/\">Recuperar una casa y un \u00edcono de la historia lotina<\/a><\/div><div class=\"gem-pp-posts-date\">11\/10\/2025<\/div><\/div><\/li><li class=\"clearfix gem-pp-posts\"><div class=\"gem-pp-posts-image\"><a href=\"https:\/\/elfuerte.cl\/web\/2025\/10\/08\/indap-impulsa-acceso-a-tierras-y-emprendimiento-para-juventudes-rurales-con-nuevo-programa-tierra-joven\/\"><img src=\"https:\/\/elfuerte.cl\/web\/wp-content\/uploads\/2025\/10\/actualidad001-copia-thegem-post-thumb-large.jpg\" srcset=\"https:\/\/elfuerte.cl\/web\/wp-content\/uploads\/2025\/10\/actualidad001-copia-thegem-post-thumb-small.jpg 1x, https:\/\/elfuerte.cl\/web\/wp-content\/uploads\/2025\/10\/actualidad001-copia-thegem-post-thumb-large.jpg 2x\" alt=\"\"\/><\/a><\/div><div class=\"gem-pp-posts-text\"> <div class=\"gem-pp-posts-item\"><a href=\"https:\/\/elfuerte.cl\/web\/2025\/10\/08\/indap-impulsa-acceso-a-tierras-y-emprendimiento-para-juventudes-rurales-con-nuevo-programa-tierra-joven\/\">INDAP impulsa acceso a tierras y emprendimiento para juventudes rurales con nuevo programa \u201cTierra Joven\u201d<\/a><\/div><div class=\"gem-pp-posts-date\">08\/10\/2025<\/div><\/div><\/li><li class=\"clearfix gem-pp-posts\"><div class=\"gem-pp-posts-image\"><a href=\"https:\/\/elfuerte.cl\/web\/2025\/09\/05\/la-derrota-que-dejo-al-gobierno-sin-brujula\/\"><img src=\"https:\/\/elfuerte.cl\/web\/wp-content\/uploads\/2025\/09\/actualidad004-thegem-post-thumb-large.jpg\" srcset=\"https:\/\/elfuerte.cl\/web\/wp-content\/uploads\/2025\/09\/actualidad004-thegem-post-thumb-small.jpg 1x, https:\/\/elfuerte.cl\/web\/wp-content\/uploads\/2025\/09\/actualidad004-thegem-post-thumb-large.jpg 2x\" alt=\"\"\/><\/a><\/div><div class=\"gem-pp-posts-text\"> <div class=\"gem-pp-posts-item\"><a href=\"https:\/\/elfuerte.cl\/web\/2025\/09\/05\/la-derrota-que-dejo-al-gobierno-sin-brujula\/\">La derrota que dej\u00f3 al gobierno sin br\u00fajula<\/a><\/div><div class=\"gem-pp-posts-date\">05\/09\/2025<\/div><\/div><\/li><\/ul><\/aside>\t\t\t\t<\/div>\n\t\t\t\t\t<\/div>\n\t\t<\/div>\n\t\t\t\t\t<\/div><\/div>\r\n\t\t<\/section>\r\n\t\t\t\t<\/div>\n\t\t","protected":false},"excerpt":{"rendered":"<p>Proyecto impulsado con apoyo de Sercotec fortalece el trabajo de m\u00e1s de 100 emprendedores y mejora las condiciones para su funcionamiento durante todo el a\u00f1o.<\/p>\n","protected":false},"author":1,"featured_media":6351,"comment_status":"closed","ping_status":"closed","sticky":false,"template":"single-fullwidth.php","format":"standard","meta":{"footnotes":""},"categories":[21,100],"tags":[400,814,328,345],"class_list":{"0":"post-6349","1":"post","2":"type-post","3":"status-publish","4":"format-standard","5":"has-post-thumbnail","7":"category-actualidad","8":"category-destacados","9":"tag-desarrollo","10":"tag-ferias-libres","11":"tag-frutillar","12":"tag-identidad"},"menu_order":1,"_links":{"self":[{"href":"https:\/\/elfuerte.cl\/web\/wp-json\/wp\/v2\/posts\/6349","targetHints":{"allow":["GET"]}}],"collection":[{"href":"https:\/\/elfuerte.cl\/web\/wp-json\/wp\/v2\/posts"}],"about":[{"href":"https:\/\/elfuerte.cl\/web\/wp-json\/wp\/v2\/types\/post"}],"author":[{"embeddable":true,"href":"https:\/\/elfuerte.cl\/web\/wp-json\/wp\/v2\/users\/1"}],"replies":[{"embeddable":true,"href":"https:\/\/elfuerte.cl\/web\/wp-json\/wp\/v2\/comments?post=6349"}],"version-history":[{"count":4,"href":"https:\/\/elfuerte.cl\/web\/wp-json\/wp\/v2\/posts\/6349\/revisions"}],"predecessor-version":[{"id":6354,"href":"https:\/\/elfuerte.cl\/web\/wp-json\/wp\/v2\/posts\/6349\/revisions\/6354"}],"wp:featuredmedia":[{"embeddable":true,"href":"https:\/\/elfuerte.cl\/web\/wp-json\/wp\/v2\/media\/6351"}],"wp:attachment":[{"href":"https:\/\/elfuerte.cl\/web\/wp-json\/wp\/v2\/media?parent=6349"}],"wp:term":[{"taxonomy":"category","embeddable":true,"href":"https:\/\/elfuerte.cl\/web\/wp-json\/wp\/v2\/categories?post=6349"},{"taxonomy":"post_tag","embeddable":true,"href":"https:\/\/elfuerte.cl\/web\/wp-json\/wp\/v2\/tags?post=6349"}],"curies":[{"name":"wp","href":"https:\/\/api.w.org\/{rel}","templated":true}]}}