{"id":95,"count":1,"description":"","link":"https:\/\/elfuerte.cl\/web\/tag\/internacionalizacion-region-de-los-rios\/","name":"internacionalizaci\u00f3n regi\u00f3n de los r\u00edos","slug":"internacionalizacion-region-de-los-rios","taxonomy":"post_tag","meta":[],"_links":{"self":[{"href":"https:\/\/elfuerte.cl\/web\/wp-json\/wp\/v2\/tags\/95","targetHints":{"allow":["GET"]}}],"collection":[{"href":"https:\/\/elfuerte.cl\/web\/wp-json\/wp\/v2\/tags"}],"about":[{"href":"https:\/\/elfuerte.cl\/web\/wp-json\/wp\/v2\/taxonomies\/post_tag"}],"wp:post_type":[{"href":"https:\/\/elfuerte.cl\/web\/wp-json\/wp\/v2\/posts?tags=95"}],"curies":[{"name":"wp","href":"https:\/\/api.w.org\/{rel}","templated":true}]}}